{"id":9997,"date":"2024-01-29T13:31:59","date_gmt":"2024-01-29T16:31:59","guid":{"rendered":"https:\/\/www.visiteobrasil.com.br\/news\/?p=9997"},"modified":"2024-01-29T13:31:59","modified_gmt":"2024-01-29T16:31:59","slug":"revolucao-ferroviaria-a-volta-do-transporte-de-passageiros-no-brasil","status":"publish","type":"post","link":"https:\/\/www.visiteobrasil.com.br\/news\/revolucao-ferroviaria-a-volta-do-transporte-de-passageiros-no-brasil\/","title":{"rendered":"Revolu\u00e7\u00e3o ferrovi\u00e1ria: A volta do transporte de passageiros no Brasil"},"content":{"rendered":"<div class=\"flex-1 overflow-hidden\">\n<div class=\"react-scroll-to-bottom--css-ckgmb-79elbk h-full\">\n<div class=\"react-scroll-to-bottom--css-ckgmb-1n7m0yu\">\n<div class=\"flex flex-col pb-9 text-sm\">\n<div class=\"w-full text-token-text-primary\" data-testid=\"conversation-turn-5\">\n<div class=\"px-4 py-2 justify-center text-base md:gap-6 m-auto\">\n<div class=\"flex flex-1 text-base mx-auto gap-3 md:px-5 lg:px-1 xl:px-5 md:max-w-3xl lg:max-w-[40rem] xl:max-w-[48rem] group final-completion\">\n<div class=\"relative flex w-full flex-col lg:w-[calc(100%-115px)] agent-turn\">\n<div class=\"flex-col gap-1 md:gap-3\">\n<div class=\"flex flex-grow flex-col max-w-full\">\n<div class=\"min-h-[20px] text-message flex flex-col items-start gap-3 whitespace-pre-wrap break-words [.text-message+&amp;]:mt-5 overflow-x-auto\" data-message-author-role=\"assistant\" data-message-id=\"2ccb2504-6519-44f7-a9d0-da5233e3671e\">\n<div class=\"markdown prose w-full break-words dark:prose-invert light\">\n<h2><em>Explorando o Potencial Ferrovi\u00e1rio<\/em><\/h2>\n<p>O Brasil est\u00e1 vislumbrando um poss\u00edvel retorno das <a href=\"https:\/\/www.visiteobrasil.com.br\/news\/como-planejar-uma-viagem-em-familia-que-agrade-a-todos\/\">viagens<\/a> de trem para transporte de passageiros, impulsionado por<a href=\"https:\/\/www.gov.br\/transportes\/pt-br\/assuntos\/noticias\/ultimas-noticias\/conheca-as-rotas-de-trem-de-passageiros-no-brasil\" target=\"_blank\" rel=\"noopener\"> iniciativas do governo federal<\/a>. Um projeto em andamento busca concess\u00f5es para a constru\u00e7\u00e3o e opera\u00e7\u00e3o de ferrovias dedicadas exclusivamente ao transporte de pessoas, sinalizando uma nova era para a mobilidade ferrovi\u00e1ria no pa\u00eds.<\/p>\n<figure id=\"attachment_10152\" aria-describedby=\"caption-attachment-10152\" style=\"width: 550px\" class=\"wp-caption aligncenter\"><img data-recalc-dims=\"1\" fetchpriority=\"high\" decoding=\"async\" class=\"wp-image-10152\" src=\"https:\/\/i0.wp.com\/www.visiteobrasil.com.br\/news\/wp-content\/uploads\/2024\/01\/tremvitoriaminas2-Foto-Vale-do-Rio-Doce.jpg?resize=550%2C367&#038;ssl=1\" alt=\"Trem de passageiros - Interior do trem da Vale do Rio Doce\" width=\"550\" height=\"367\" title=\"\" srcset=\"https:\/\/i0.wp.com\/www.visiteobrasil.com.br\/news\/wp-content\/uploads\/2024\/01\/tremvitoriaminas2-Foto-Vale-do-Rio-Doce.jpg?resize=300%2C200&amp;ssl=1 300w, https:\/\/i0.wp.com\/www.visiteobrasil.com.br\/news\/wp-content\/uploads\/2024\/01\/tremvitoriaminas2-Foto-Vale-do-Rio-Doce.jpg?resize=768%2C512&amp;ssl=1 768w, https:\/\/i0.wp.com\/www.visiteobrasil.com.br\/news\/wp-content\/uploads\/2024\/01\/tremvitoriaminas2-Foto-Vale-do-Rio-Doce.jpg?w=900&amp;ssl=1 900w\" sizes=\"(max-width: 550px) 100vw, 550px\" \/><figcaption id=\"caption-attachment-10152\" class=\"wp-caption-text\">Interior do trem da Vale do Rio doce &#8211; Foto-divulga\u00e7\u00e3o Vale<\/figcaption><\/figure>\n<h3><strong>Rotas em Destaque dos trens de passageiros<\/strong><\/h3>\n<p>Dentre os diversos projetos de <a href=\"https:\/\/visiteobrasil.com.br\/noticia\/trem-turistico-que-liga-curitiba-a-morretes-voltou-a-operar-neste-sabado\">trem de passageiros<\/a> em fase de estudo de viabilidade, destaca-se um grupo de sete rotas em est\u00e1gio avan\u00e7ado. Todos esses projetos compartilham uma caracter\u00edstica comum: trechos com extens\u00e3o m\u00e9dia de 100 km, conectando grandes centros urbanos a regi\u00f5es metropolitanas.<\/p>\n<h4><strong>As rotas planejadas incluem:<\/strong><\/h4>\n<ul>\n<li>Fortaleza \u2013 Sobral<\/li>\n<li>Salvador \u2013 Feira de Santana<\/li>\n<li>Bras\u00edlia \u2013 Luzi\u00e2nia<\/li>\n<li>Duque de Caxias \u2013 Niter\u00f3i<\/li>\n<li>Londrina \u2013 Maring\u00e1<\/li>\n<li>Pelotas \u2013 Rio Grande<\/li>\n<li>S\u00e3o Lu\u00eds \u2013 Itapecuru<\/li>\n<\/ul>\n<figure id=\"attachment_10164\" aria-describedby=\"caption-attachment-10164\" style=\"width: 550px\" class=\"wp-caption aligncenter\"><img data-recalc-dims=\"1\" decoding=\"async\" class=\"wp-image-10164\" src=\"https:\/\/i0.wp.com\/www.visiteobrasil.com.br\/news\/wp-content\/uploads\/2024\/01\/tremvitoriaminas-Foto-Vale-do-Rio-Doce.jpeg?resize=550%2C367&#038;ssl=1\" alt=\"Trem de passageiros, da Vale da Rio Doce trilhando pelo viaduto f\u00e9rreo- Foto-divulga\u00e7\u00e3o Vale \" width=\"550\" height=\"367\" title=\"\" srcset=\"https:\/\/i0.wp.com\/www.visiteobrasil.com.br\/news\/wp-content\/uploads\/2024\/01\/tremvitoriaminas-Foto-Vale-do-Rio-Doce.jpeg?resize=300%2C200&amp;ssl=1 300w, https:\/\/i0.wp.com\/www.visiteobrasil.com.br\/news\/wp-content\/uploads\/2024\/01\/tremvitoriaminas-Foto-Vale-do-Rio-Doce.jpeg?resize=768%2C512&amp;ssl=1 768w, https:\/\/i0.wp.com\/www.visiteobrasil.com.br\/news\/wp-content\/uploads\/2024\/01\/tremvitoriaminas-Foto-Vale-do-Rio-Doce.jpeg?w=900&amp;ssl=1 900w\" sizes=\"(max-width: 550px) 100vw, 550px\" \/><figcaption id=\"caption-attachment-10164\" class=\"wp-caption-text\">Trem de passageiros da Vale do Rio Doce trilhando pelo viaduto f\u00e9rreo- Foto-divulga\u00e7\u00e3o Vale<\/figcaption><\/figure>\n<h3><strong>Perspectivas e Desafios<\/strong><\/h3>\n<p>O destaque fica para a rota entre Fortaleza e Sobral, com mais de 200 km de extens\u00e3o, indicando a ambi\u00e7\u00e3o de conectividade em longa dist\u00e2ncia. Atualmente, o Brasil possui poucas <a href=\"https:\/\/visiteobrasil.com.br\/noticia\/trem-turistico-vai-ligar-minas-gerais-e-rio-de-janeiro\">linhas regulares<\/a> de passageiros, como a Estrada de Ferro Vit\u00f3ria-Minas, que liga Belo Horizonte \u00e0 capital do Esp\u00edrito Santo, e a Estrada de Ferro Caraj\u00e1s, de S\u00e3o Lu\u00eds (MA) a Parauapebas (PA).<\/p>\n<h3><strong>Pol\u00edticas e Regulamenta\u00e7\u00f5es<\/strong><\/h3>\n<p>O Minist\u00e9rio do Trabalho elaborou a Pol\u00edtica do Transporte Ferrovi\u00e1rio de Passageiros, recentemente submetida \u00e0 consulta p\u00fablica at\u00e9 o \u00faltimo m\u00eas, com o objetivo de oferecer alternativas de transporte, melhorando a conectividade e acessibilidade em todo o territ\u00f3rio nacional. A <a href=\"https:\/\/visiteobrasil.com.br\/noticia\/mtur-realiza-reunies-para-viabilizar-implantao-de-trem-turstico-em-minas\">regulamenta\u00e7\u00e3o<\/a> prevista funcionar\u00e1 como um complemento ao Marco das Ferrovias e contempla n\u00e3o apenas concess\u00f5es, mas tamb\u00e9m outras formas de implementa\u00e7\u00e3o do transporte de passageiros por trilhos.<\/p>\n<figure id=\"attachment_10177\" aria-describedby=\"caption-attachment-10177\" style=\"width: 550px\" class=\"wp-caption aligncenter\"><img data-recalc-dims=\"1\" decoding=\"async\" class=\"wp-image-10177\" src=\"https:\/\/i0.wp.com\/www.visiteobrasil.com.br\/news\/wp-content\/uploads\/2024\/01\/pexels-jalitha-hewage-2547183.jpg?resize=550%2C367&#038;ssl=1\" alt=\"Trem de passageiros, trilhando pelo sobre as montanhas\" width=\"550\" height=\"367\" title=\"\" srcset=\"https:\/\/i0.wp.com\/www.visiteobrasil.com.br\/news\/wp-content\/uploads\/2024\/01\/pexels-jalitha-hewage-2547183.jpg?resize=300%2C200&amp;ssl=1 300w, https:\/\/i0.wp.com\/www.visiteobrasil.com.br\/news\/wp-content\/uploads\/2024\/01\/pexels-jalitha-hewage-2547183.jpg?resize=768%2C512&amp;ssl=1 768w, https:\/\/i0.wp.com\/www.visiteobrasil.com.br\/news\/wp-content\/uploads\/2024\/01\/pexels-jalitha-hewage-2547183.jpg?w=900&amp;ssl=1 900w\" sizes=\"(max-width: 550px) 100vw, 550px\" \/><figcaption id=\"caption-attachment-10177\" class=\"wp-caption-text\">Trem de passageiros, trilhando pelas montanhas. Foto: Jalitha Hewage (Pexels)<\/figcaption><\/figure>\n<h3><strong>Al\u00e9m dos Trilhos: Projetos em Andamento<\/strong><\/h3>\n<p>Al\u00e9m do projeto de concess\u00e3o de ferrovias, outras iniciativas est\u00e3o em curso para expandir as op\u00e7\u00f5es de transporte ferrovi\u00e1rio de passageiros no Brasil. No ano anterior, o governo federal, atrav\u00e9s da Ag\u00eancia Nacional de Transportes Terrestres (ANTT), aprovou o projeto para a constru\u00e7\u00e3o e opera\u00e7\u00e3o de um trem de alta velocidade entre S\u00e3o Paulo e Rio de Janeiro, com um investimento estimado em mais de R$ 50 bilh\u00f5es. Outro projeto em desenvolvimento \u00e9 o Trem Intercidades (TIC), proposto pelo governo de S\u00e3o Paulo.<\/p>\n<figure id=\"attachment_10191\" aria-describedby=\"caption-attachment-10191\" style=\"width: 550px\" class=\"wp-caption aligncenter\"><img data-recalc-dims=\"1\" loading=\"lazy\" decoding=\"async\" class=\"wp-image-10191\" src=\"https:\/\/i0.wp.com\/www.visiteobrasil.com.br\/news\/wp-content\/uploads\/2024\/01\/pexels-jj-jordan-3058928.jpg?resize=550%2C367&#038;ssl=1\" alt=\"Trem de passageiros, moderno pronto para embarque. Foto:  Jalitha Hewage (Pexels)\" width=\"550\" height=\"367\" title=\"\" srcset=\"https:\/\/i0.wp.com\/www.visiteobrasil.com.br\/news\/wp-content\/uploads\/2024\/01\/pexels-jj-jordan-3058928.jpg?resize=300%2C200&amp;ssl=1 300w, https:\/\/i0.wp.com\/www.visiteobrasil.com.br\/news\/wp-content\/uploads\/2024\/01\/pexels-jj-jordan-3058928.jpg?resize=768%2C512&amp;ssl=1 768w, https:\/\/i0.wp.com\/www.visiteobrasil.com.br\/news\/wp-content\/uploads\/2024\/01\/pexels-jj-jordan-3058928.jpg?w=900&amp;ssl=1 900w\" sizes=\"(max-width: 550px) 100vw, 550px\" \/><figcaption id=\"caption-attachment-10191\" class=\"wp-caption-text\">Trem de passageiros, moderno e pronto para embarque. Foto: JJ-Jordan (Pexels)<\/figcaption><\/figure>\n<h3><strong>Incentivos para Investimentos Ferrovi\u00e1rios<\/strong><\/h3>\n<p>Al\u00e9m das concess\u00f5es, o governo est\u00e1 estudando outras formas de viabilizar o transporte de passageiros por meio ferrovi\u00e1rio. Uma estrat\u00e9gia em an\u00e1lise \u00e9 o aproveitamento dos investimentos j\u00e1 realizados por empresas de carga, utilizando-os como contrapartida para o transporte de passageiros. Nesse modelo de concess\u00e3o, as operadoras teriam a oportunidade de explorar comercialmente pontos das esta\u00e7\u00f5es e controlar a venda de naming rights dos espa\u00e7os, o que poderia gerar receitas adicionais para o setor ferrovi\u00e1rio.<\/p>\n<figure id=\"attachment_10201\" aria-describedby=\"caption-attachment-10201\" style=\"width: 550px\" class=\"wp-caption aligncenter\"><img data-recalc-dims=\"1\" loading=\"lazy\" decoding=\"async\" class=\"wp-image-10201\" src=\"https:\/\/i0.wp.com\/www.visiteobrasil.com.br\/news\/wp-content\/uploads\/2024\/01\/pexels-liliana-drew-8554621.jpg?resize=550%2C367&#038;ssl=1\" alt=\"Trem de passageiros, casal se dirigindo  para embarque. Foto:  JJ-Jordan (Pexels)\" width=\"550\" height=\"367\" title=\"\" srcset=\"https:\/\/i0.wp.com\/www.visiteobrasil.com.br\/news\/wp-content\/uploads\/2024\/01\/pexels-liliana-drew-8554621.jpg?resize=300%2C200&amp;ssl=1 300w, https:\/\/i0.wp.com\/www.visiteobrasil.com.br\/news\/wp-content\/uploads\/2024\/01\/pexels-liliana-drew-8554621.jpg?resize=768%2C512&amp;ssl=1 768w, https:\/\/i0.wp.com\/www.visiteobrasil.com.br\/news\/wp-content\/uploads\/2024\/01\/pexels-liliana-drew-8554621.jpg?w=900&amp;ssl=1 900w\" sizes=\"(max-width: 550px) 100vw, 550px\" \/><figcaption id=\"caption-attachment-10201\" class=\"wp-caption-text\">Casal se dirigindo para embarque em trem de passageiros. Foto: Liliana Drew (Pexels)<\/figcaption><\/figure>\n<h3><strong>Desafios e Oportunidades<\/strong><\/h3>\n<p>No entanto, o processo de revitaliza\u00e7\u00e3o do transporte ferrovi\u00e1rio de passageiros enfrenta desafios significativos, incluindo a necessidade de moderniza\u00e7\u00e3o da infraestrutura existente, a supera\u00e7\u00e3o de entraves burocr\u00e1ticos e a garantia de seguran\u00e7a e efici\u00eancia operacional. Superar esses obst\u00e1culos exigir\u00e1 uma colabora\u00e7\u00e3o estreita entre o setor p\u00fablico e privado, bem como investimentos substanciais em tecnologia e capacita\u00e7\u00e3o de recursos humanos.<\/p>\n<figure id=\"attachment_10204\" aria-describedby=\"caption-attachment-10204\" style=\"width: 550px\" class=\"wp-caption aligncenter\"><img data-recalc-dims=\"1\" loading=\"lazy\" decoding=\"async\" class=\"wp-image-10204\" src=\"https:\/\/i0.wp.com\/www.visiteobrasil.com.br\/news\/wp-content\/uploads\/2024\/01\/pexels-marcos-araujo-1824169.jpg?resize=550%2C367&#038;ssl=1\" alt=\"Trem de passageiros, Esta\u00e7\u00e3o ferrociaria. Foto:  Liliana Drew (Pexels)\" width=\"550\" height=\"367\" title=\"\" srcset=\"https:\/\/i0.wp.com\/www.visiteobrasil.com.br\/news\/wp-content\/uploads\/2024\/01\/pexels-marcos-araujo-1824169.jpg?resize=300%2C200&amp;ssl=1 300w, https:\/\/i0.wp.com\/www.visiteobrasil.com.br\/news\/wp-content\/uploads\/2024\/01\/pexels-marcos-araujo-1824169.jpg?resize=768%2C512&amp;ssl=1 768w, https:\/\/i0.wp.com\/www.visiteobrasil.com.br\/news\/wp-content\/uploads\/2024\/01\/pexels-marcos-araujo-1824169.jpg?w=900&amp;ssl=1 900w\" sizes=\"(max-width: 550px) 100vw, 550px\" \/><figcaption id=\"caption-attachment-10204\" class=\"wp-caption-text\">Esta\u00e7\u00e3o ferroviaria europ\u00e9ia. Foto: Marcos Ara\u00fajo (Pexels)<\/figcaption><\/figure>\n<h3><strong>Impactos Socioecon\u00f4micos<\/strong><\/h3>\n<p>A expans\u00e3o do transporte ferrovi\u00e1rio de passageiros tamb\u00e9m pode ter impactos positivos significativos do ponto de vista socioecon\u00f4mico. Al\u00e9m de oferecer uma op\u00e7\u00e3o de transporte mais acess\u00edvel e sustent\u00e1vel, a cria\u00e7\u00e3o de novas rotas ferrovi\u00e1rias pode impulsionar o desenvolvimento regional, gerar empregos e estimular o <a href=\"https:\/\/www.visiteobrasil.com.br\/news\/dicas-essenciais-para-viajar-com-gatos\/\">turismo<\/a> em \u00e1reas antes pouco exploradas. Isso pode contribuir para a redu\u00e7\u00e3o das desigualdades regionais e para o crescimento econ\u00f4mico mais equilibrado em todo o pa\u00eds.<\/p>\n<figure id=\"attachment_10205\" aria-describedby=\"caption-attachment-10205\" style=\"width: 550px\" class=\"wp-caption aligncenter\"><img data-recalc-dims=\"1\" loading=\"lazy\" decoding=\"async\" class=\"wp-image-10205\" src=\"https:\/\/i0.wp.com\/www.visiteobrasil.com.br\/news\/wp-content\/uploads\/2024\/01\/pexels-markus-spiske-3671139.jpg?resize=550%2C367&#038;ssl=1\" alt=\"Trem de passageiros - Interior de um trem da India\" width=\"550\" height=\"367\" title=\"\" srcset=\"https:\/\/i0.wp.com\/www.visiteobrasil.com.br\/news\/wp-content\/uploads\/2024\/01\/pexels-markus-spiske-3671139.jpg?resize=300%2C200&amp;ssl=1 300w, https:\/\/i0.wp.com\/www.visiteobrasil.com.br\/news\/wp-content\/uploads\/2024\/01\/pexels-markus-spiske-3671139.jpg?resize=768%2C512&amp;ssl=1 768w, https:\/\/i0.wp.com\/www.visiteobrasil.com.br\/news\/wp-content\/uploads\/2024\/01\/pexels-markus-spiske-3671139.jpg?w=900&amp;ssl=1 900w\" sizes=\"(max-width: 550px) 100vw, 550px\" \/><figcaption id=\"caption-attachment-10205\" class=\"wp-caption-text\">Interior de um trem da India. Foto: Markus Spiske (Pexels)<\/figcaption><\/figure>\n<h3><strong>Sustentabilidade e Meio Ambiente<\/strong><\/h3>\n<p>Do ponto de vista ambiental, o transporte ferrovi\u00e1rio de passageiros \u00e9 geralmente mais eficiente e menos poluente do que outras formas de transporte, como o transporte rodovi\u00e1rio ou a\u00e9reo. Ao priorizar o uso de trens para deslocamentos de m\u00e9dia e longa dist\u00e2ncia, o Brasil pode reduzir significativamente suas emiss\u00f5es de gases de efeito estufa e promover uma mobilidade mais sustent\u00e1vel no longo prazo.<\/p>\n<figure id=\"attachment_10207\" aria-describedby=\"caption-attachment-10207\" style=\"width: 550px\" class=\"wp-caption aligncenter\"><img data-recalc-dims=\"1\" loading=\"lazy\" decoding=\"async\" class=\"wp-image-10207\" src=\"https:\/\/i0.wp.com\/www.visiteobrasil.com.br\/news\/wp-content\/uploads\/2024\/01\/Por-do-Sol-Morretes-de-Trem-Mtur.jpg?resize=550%2C366&#038;ssl=1\" alt=\"Trem de passageiros - Por do sol visto de um trem trilhando por Morretes\" width=\"550\" height=\"366\" title=\"\" srcset=\"https:\/\/i0.wp.com\/www.visiteobrasil.com.br\/news\/wp-content\/uploads\/2024\/01\/Por-do-Sol-Morretes-de-Trem-Mtur.jpg?resize=300%2C200&amp;ssl=1 300w, https:\/\/i0.wp.com\/www.visiteobrasil.com.br\/news\/wp-content\/uploads\/2024\/01\/Por-do-Sol-Morretes-de-Trem-Mtur.jpg?resize=768%2C511&amp;ssl=1 768w, https:\/\/i0.wp.com\/www.visiteobrasil.com.br\/news\/wp-content\/uploads\/2024\/01\/Por-do-Sol-Morretes-de-Trem-Mtur.jpg?w=900&amp;ssl=1 900w\" sizes=\"(max-width: 550px) 100vw, 550px\" \/><figcaption id=\"caption-attachment-10207\" class=\"wp-caption-text\">Por do sol visto de um trem trilhando por Morretes &#8211; Foto: Arquivo Mtur<\/figcaption><\/figure>\n<h3><strong>Perspectivas Futuras<\/strong><\/h3>\n<p>Diante desses desafios e oportunidades, o futuro do transporte ferrovi\u00e1rio de passageiros no Brasil parece promissor. Com o apoio do governo, investimentos estrat\u00e9gicos e uma abordagem integrada entre os diversos atores envolvidos, o pa\u00eds tem o potencial de construir uma rede ferrovi\u00e1ria moderna e eficiente, capaz de atender \u00e0s crescentes demandas de mobilidade da popula\u00e7\u00e3o e impulsionar o desenvolvimento socioecon\u00f4mico em todo o territ\u00f3rio nacional.<\/p>\n<figure id=\"attachment_10206\" aria-describedby=\"caption-attachment-10206\" style=\"width: 550px\" class=\"wp-caption aligncenter\"><img data-recalc-dims=\"1\" loading=\"lazy\" decoding=\"async\" class=\"wp-image-10206\" src=\"https:\/\/i0.wp.com\/www.visiteobrasil.com.br\/news\/wp-content\/uploads\/2024\/01\/not-trem-de-minas-Mtur.jpg?resize=550%2C367&#038;ssl=1\" alt=\"Trem de passageiros - Antiga Maria fuma\u00e7a em Tiradentes-MG\" width=\"550\" height=\"367\" title=\"\" srcset=\"https:\/\/i0.wp.com\/www.visiteobrasil.com.br\/news\/wp-content\/uploads\/2024\/01\/not-trem-de-minas-Mtur.jpg?resize=300%2C200&amp;ssl=1 300w, https:\/\/i0.wp.com\/www.visiteobrasil.com.br\/news\/wp-content\/uploads\/2024\/01\/not-trem-de-minas-Mtur.jpg?resize=768%2C512&amp;ssl=1 768w, https:\/\/i0.wp.com\/www.visiteobrasil.com.br\/news\/wp-content\/uploads\/2024\/01\/not-trem-de-minas-Mtur.jpg?w=900&amp;ssl=1 900w\" sizes=\"(max-width: 550px) 100vw, 550px\" \/><figcaption id=\"caption-attachment-10206\" class=\"wp-caption-text\">Trem de passageiros &#8211; Antiga Maria fuma\u00e7a em Tiradentes-MG &#8211; Foto arquivo: Mtur<\/figcaption><\/figure>\n<h3><strong>Conclus\u00e3o: Um Futuro sobre Trilhos<\/strong><\/h3>\n<p>Esses esfor\u00e7os refletem uma tend\u00eancia positiva em dire\u00e7\u00e3o \u00e0 revitaliza\u00e7\u00e3o do transporte ferrovi\u00e1rio de passageiros no Brasil, oferecendo n\u00e3o apenas alternativas de mobilidade, mas tamb\u00e9m contribuindo para a sustentabilidade e desenvolvimento econ\u00f4mico das regi\u00f5es atendidas.<\/p>\n<\/div>\n<\/div>\n<\/div>\n<\/div>\n<\/div>\n<\/div>\n<\/div>\n<\/div>\n<\/div>\n<\/div>\n<\/div>\n<\/div>\n","protected":false},"excerpt":{"rendered":"<p>Explorando o Potencial Ferrovi\u00e1rio O Brasil est\u00e1 vislumbrando um poss\u00edvel retorno das viagens de trem para transporte de passageiros, impulsionado por iniciativas do governo federal. Um projeto em andamento busca concess\u00f5es para a constru\u00e7\u00e3o e opera\u00e7\u00e3o de ferrovias dedicadas exclusivamente ao transporte de pessoas, sinalizando uma nova era para a mobilidade ferrovi\u00e1ria no pa\u00eds. Rotas [&hellip;]<\/p>\n","protected":false},"author":2,"featured_media":10138,"comment_status":"open","ping_status":"open","sticky":false,"template":"","format":"standard","meta":{"_jetpack_memberships_contains_paid_content":false,"footnotes":"","jetpack_publicize_message":"","jetpack_publicize_feature_enabled":true,"jetpack_social_post_already_shared":true,"jetpack_social_options":{"image_generator_settings":{"template":"highway","default_image_id":0,"font":"","enabled":false},"version":2}},"categories":[750],"tags":[864,863,866,865,867],"class_list":["post-9997","post","type-post","status-publish","format-standard","has-post-thumbnail","hentry","category-materias-especiais","tag-como-sera-o-futuro-dos-trens-no-brasil","tag-o-transporte-ferroviario-esta-voltando","tag-os-trilhos-estao-retornando-a-mobilidade-brasileira","tag-quais-rotas-novas-para-trens-de-passageiros","tag-qual-o-papel-dos-trens-no-desenvolvimento-regional"],"jetpack_publicize_connections":[],"jetpack_featured_media_url":"https:\/\/i0.wp.com\/www.visiteobrasil.com.br\/news\/wp-content\/uploads\/2024\/01\/pexels-veerasak-piyawatanakul-1170184.jpg?fit=900%2C600&ssl=1","jetpack-related-posts":[{"id":13589,"url":"https:\/\/www.visiteobrasil.com.br\/news\/trens-no-brasil\/","url_meta":{"origin":9997,"position":0},"title":"Trens no Brasil ganham novos trajetos e impulsionam turismo nacional","author":"Ramon","date":"16 de novembro de 2025","format":false,"excerpt":"Os Trens no Brasil voltaram a ocupar um lugar de destaque no debate sobre mobilidade, turismo e integra\u00e7\u00e3o entre estados. Nos \u00faltimos anos, projetos estrat\u00e9gicos v\u00eam fortalecendo um setor que, por d\u00e9cadas, permaneceu quase esquecido na malha nacional. Agora, iniciativas robustas \u2014 tanto do governo quanto de concession\u00e1rias \u2014 reacendem\u2026","rel":"","context":"Em &quot;Mat\u00e9rias especiais&quot;","block_context":{"text":"Mat\u00e9rias especiais","link":"https:\/\/www.visiteobrasil.com.br\/news\/materias-especiais\/"},"img":{"alt_text":"Trens no Brasil : Imagem panoramica dos vag\u00f5es da Vale","src":"https:\/\/i0.wp.com\/www.visiteobrasil.com.br\/news\/wp-content\/uploads\/2025\/11\/trem-vale-3.jpg?fit=900%2C600&ssl=1&resize=350%2C200","width":350,"height":200,"srcset":"https:\/\/i0.wp.com\/www.visiteobrasil.com.br\/news\/wp-content\/uploads\/2025\/11\/trem-vale-3.jpg?fit=900%2C600&ssl=1&resize=350%2C200 1x, https:\/\/i0.wp.com\/www.visiteobrasil.com.br\/news\/wp-content\/uploads\/2025\/11\/trem-vale-3.jpg?fit=900%2C600&ssl=1&resize=525%2C300 1.5x, https:\/\/i0.wp.com\/www.visiteobrasil.com.br\/news\/wp-content\/uploads\/2025\/11\/trem-vale-3.jpg?fit=900%2C600&ssl=1&resize=700%2C400 2x"},"classes":[]},{"id":13595,"url":"https:\/\/www.visiteobrasil.com.br\/news\/trens-no-nordeste\/","url_meta":{"origin":9997,"position":1},"title":"Trens no Nordeste t\u00eam estudo para unir capitais e transformar o turismo","author":"Ramon","date":"16 de novembro de 2025","format":false,"excerpt":"Os trens no Nordeste voltam ao centro das discuss\u00f5es sobre mobilidade e integra\u00e7\u00e3o tur\u00edstica. A regi\u00e3o, historicamente marcada por deslocamentos rodovi\u00e1rios extensos e por uma din\u00e2mica de turismo muito concentrada em capitais litor\u00e2neas, pode viver um novo cap\u00edtulo com o avan\u00e7o dos estudos para implantar a primeira liga\u00e7\u00e3o ferrovi\u00e1ria moderna\u2026","rel":"","context":"Em &quot;Noticias&quot;","block_context":{"text":"Noticias","link":"https:\/\/www.visiteobrasil.com.br\/news\/noticias\/"},"img":{"alt_text":"Trens no nordeste - Imagem em perpectiva IA","src":"https:\/\/i0.wp.com\/www.visiteobrasil.com.br\/news\/wp-content\/uploads\/2025\/11\/trem-no-nordeste.jpeg?fit=900%2C600&ssl=1&resize=350%2C200","width":350,"height":200,"srcset":"https:\/\/i0.wp.com\/www.visiteobrasil.com.br\/news\/wp-content\/uploads\/2025\/11\/trem-no-nordeste.jpeg?fit=900%2C600&ssl=1&resize=350%2C200 1x, https:\/\/i0.wp.com\/www.visiteobrasil.com.br\/news\/wp-content\/uploads\/2025\/11\/trem-no-nordeste.jpeg?fit=900%2C600&ssl=1&resize=525%2C300 1.5x, https:\/\/i0.wp.com\/www.visiteobrasil.com.br\/news\/wp-content\/uploads\/2025\/11\/trem-no-nordeste.jpeg?fit=900%2C600&ssl=1&resize=700%2C400 2x"},"classes":[]},{"id":13223,"url":"https:\/\/www.visiteobrasil.com.br\/news\/uma-fascinante-viagem-inedita-de-trem-pelo-brasil\/","url_meta":{"origin":9997,"position":2},"title":"Uma fascinante viagem in\u00e9dita de trem pelo Brasil","author":"Ramon","date":"5 de janeiro de 2025","format":false,"excerpt":"Poucos imaginam que, em meio \u00e0s vastid\u00f5es do territ\u00f3rio brasileiro, encontra-se uma das viagens ferrovi\u00e1rias mais impressionantes do mundo. Operada pela Vale, a Estrada de Ferro Caraj\u00e1s oferece uma jornada \u00fanica que une conforto, cultura e paisagens deslumbrantes. O trajeto de 900 quil\u00f4metros, ligando a hist\u00f3rica cidade de S\u00e3o Lu\u00eds,\u2026","rel":"","context":"Em &quot;Mat\u00e9rias especiais&quot;","block_context":{"text":"Mat\u00e9rias especiais","link":"https:\/\/www.visiteobrasil.com.br\/news\/materias-especiais\/"},"img":{"alt_text":"Imagem-ilustrativa-Trem-Externa-em-trilhos.jpg","src":"https:\/\/i0.wp.com\/www.visiteobrasil.com.br\/news\/wp-content\/uploads\/2025\/01\/Imagem-ilustrativa-Trem-Externa-em-trilhos.jpg?fit=900%2C600&ssl=1&resize=350%2C200","width":350,"height":200,"srcset":"https:\/\/i0.wp.com\/www.visiteobrasil.com.br\/news\/wp-content\/uploads\/2025\/01\/Imagem-ilustrativa-Trem-Externa-em-trilhos.jpg?fit=900%2C600&ssl=1&resize=350%2C200 1x, https:\/\/i0.wp.com\/www.visiteobrasil.com.br\/news\/wp-content\/uploads\/2025\/01\/Imagem-ilustrativa-Trem-Externa-em-trilhos.jpg?fit=900%2C600&ssl=1&resize=525%2C300 1.5x, https:\/\/i0.wp.com\/www.visiteobrasil.com.br\/news\/wp-content\/uploads\/2025\/01\/Imagem-ilustrativa-Trem-Externa-em-trilhos.jpg?fit=900%2C600&ssl=1&resize=700%2C400 2x"},"classes":[]},{"id":13438,"url":"https:\/\/www.visiteobrasil.com.br\/news\/aeroportos-brasileiros\/","url_meta":{"origin":9997,"position":3},"title":"Aeroportos brasileiros recebem mais de 8 milh\u00f5es de viajantes em junho","author":"Ramon","date":"27 de julho de 2025","format":false,"excerpt":"O setor a\u00e9reo brasileiro segue em plena recupera\u00e7\u00e3o e expans\u00e3o. Segundo dados recentes da Ag\u00eancia Nacional de Avia\u00e7\u00e3o Civil (ANAC), mais de 8 milh\u00f5es de passageiros passaram pelos aeroportos brasileiros durante o m\u00eas de junho de 2025. O n\u00famero expressivo reflete a retomada da confian\u00e7a dos viajantes, o crescimento do\u2026","rel":"","context":"Em &quot;Noticias&quot;","block_context":{"text":"Noticias","link":"https:\/\/www.visiteobrasil.com.br\/news\/noticias\/"},"img":{"alt_text":"movimento intenso de passageiros, nos aeroportos brasileiros","src":"https:\/\/i0.wp.com\/www.visiteobrasil.com.br\/news\/wp-content\/uploads\/2025\/07\/aeroportos-brasileiros-Foto-Freepik.png?fit=900%2C600&ssl=1&resize=350%2C200","width":350,"height":200,"srcset":"https:\/\/i0.wp.com\/www.visiteobrasil.com.br\/news\/wp-content\/uploads\/2025\/07\/aeroportos-brasileiros-Foto-Freepik.png?fit=900%2C600&ssl=1&resize=350%2C200 1x, https:\/\/i0.wp.com\/www.visiteobrasil.com.br\/news\/wp-content\/uploads\/2025\/07\/aeroportos-brasileiros-Foto-Freepik.png?fit=900%2C600&ssl=1&resize=525%2C300 1.5x, https:\/\/i0.wp.com\/www.visiteobrasil.com.br\/news\/wp-content\/uploads\/2025\/07\/aeroportos-brasileiros-Foto-Freepik.png?fit=900%2C600&ssl=1&resize=700%2C400 2x"},"classes":[]},{"id":13168,"url":"https:\/\/www.visiteobrasil.com.br\/news\/inicio-da-temporada-de-cruzeiros-2024-2025-no-brasil\/","url_meta":{"origin":9997,"position":4},"title":"In\u00edcio da temporada de cruzeiros 2024\/2025 no Brasil","author":"Ramon","date":"3 de novembro de 2024","format":false,"excerpt":"**In\u00edcio da Temporada de Cruzeiros 2024\/2025 no Brasil** A temporada de cruzeiros no Brasil come\u00e7ou oficialmente no dia 4 de novembro, marcando o in\u00edcio de 170 dias de viagens mar\u00edtimas pela costa brasileira. Com nove navios operando e uma oferta de 862 mil leitos, s\u00e3o esperados mais de 200 roteiros\u2026","rel":"","context":"Em &quot;Noticias&quot;","block_context":{"text":"Noticias","link":"https:\/\/www.visiteobrasil.com.br\/news\/noticias\/"},"img":{"alt_text":"Temporada de cruzeiros","src":"https:\/\/i0.wp.com\/www.visiteobrasil.com.br\/news\/wp-content\/uploads\/2024\/11\/Costa-Mediterranea.jpg?fit=900%2C600&ssl=1&resize=350%2C200","width":350,"height":200,"srcset":"https:\/\/i0.wp.com\/www.visiteobrasil.com.br\/news\/wp-content\/uploads\/2024\/11\/Costa-Mediterranea.jpg?fit=900%2C600&ssl=1&resize=350%2C200 1x, https:\/\/i0.wp.com\/www.visiteobrasil.com.br\/news\/wp-content\/uploads\/2024\/11\/Costa-Mediterranea.jpg?fit=900%2C600&ssl=1&resize=525%2C300 1.5x, https:\/\/i0.wp.com\/www.visiteobrasil.com.br\/news\/wp-content\/uploads\/2024\/11\/Costa-Mediterranea.jpg?fit=900%2C600&ssl=1&resize=700%2C400 2x"},"classes":[]},{"id":13628,"url":"https:\/\/www.visiteobrasil.com.br\/news\/turismo-de-negocios-azul-galeao\/","url_meta":{"origin":9997,"position":5},"title":"Turismo de neg\u00f3cios impulsiona 9,3 milh\u00f5es no Gale\u00e3o","author":"Ramon","date":"22 de fevereiro de 2026","format":false,"excerpt":"O Turismo de neg\u00f3cios tem sido um dos motores silenciosos da avia\u00e7\u00e3o brasileira \u2014 e poucos n\u00fameros traduzem isso t\u00e3o bem quanto o marco alcan\u00e7ado pela companhia a\u00e9rea Azul Linhas A\u00e9reas no Aeroporto Internacional do Gale\u00e3o. Em 15 anos de opera\u00e7\u00f5es no terminal carioca, a empresa movimentou 9,3 milh\u00f5es de\u2026","rel":"","context":"Em &quot;Noticias&quot;","block_context":{"text":"Noticias","link":"https:\/\/www.visiteobrasil.com.br\/news\/noticias\/"},"img":{"alt_text":"Turismo de neg\u00f3cios : Avi\u00e3o da Azul no Gale\u00e3o representando o crescimento do Turismo de neg\u00f3cios no Rio de Janeiro","src":"https:\/\/i0.wp.com\/www.visiteobrasil.com.br\/news\/wp-content\/uploads\/2026\/02\/azul-embraer-divulgacao.jpg?fit=900%2C600&ssl=1&resize=350%2C200","width":350,"height":200,"srcset":"https:\/\/i0.wp.com\/www.visiteobrasil.com.br\/news\/wp-content\/uploads\/2026\/02\/azul-embraer-divulgacao.jpg?fit=900%2C600&ssl=1&resize=350%2C200 1x, https:\/\/i0.wp.com\/www.visiteobrasil.com.br\/news\/wp-content\/uploads\/2026\/02\/azul-embraer-divulgacao.jpg?fit=900%2C600&ssl=1&resize=525%2C300 1.5x, https:\/\/i0.wp.com\/www.visiteobrasil.com.br\/news\/wp-content\/uploads\/2026\/02\/azul-embraer-divulgacao.jpg?fit=900%2C600&ssl=1&resize=700%2C400 2x"},"classes":[]}],"jetpack_sharing_enabled":true,"jetpack_likes_enabled":true,"_links":{"self":[{"href":"https:\/\/www.visiteobrasil.com.br\/news\/wp-json\/wp\/v2\/posts\/9997","targetHints":{"allow":["GET"]}}],"collection":[{"href":"https:\/\/www.visiteobrasil.com.br\/news\/wp-json\/wp\/v2\/posts"}],"about":[{"href":"https:\/\/www.visiteobrasil.com.br\/news\/wp-json\/wp\/v2\/types\/post"}],"author":[{"embeddable":true,"href":"https:\/\/www.visiteobrasil.com.br\/news\/wp-json\/wp\/v2\/users\/2"}],"replies":[{"embeddable":true,"href":"https:\/\/www.visiteobrasil.com.br\/news\/wp-json\/wp\/v2\/comments?post=9997"}],"version-history":[{"count":2,"href":"https:\/\/www.visiteobrasil.com.br\/news\/wp-json\/wp\/v2\/posts\/9997\/revisions"}],"predecessor-version":[{"id":10208,"href":"https:\/\/www.visiteobrasil.com.br\/news\/wp-json\/wp\/v2\/posts\/9997\/revisions\/10208"}],"wp:featuredmedia":[{"embeddable":true,"href":"https:\/\/www.visiteobrasil.com.br\/news\/wp-json\/wp\/v2\/media\/10138"}],"wp:attachment":[{"href":"https:\/\/www.visiteobrasil.com.br\/news\/wp-json\/wp\/v2\/media?parent=9997"}],"wp:term":[{"taxonomy":"category","embeddable":true,"href":"https:\/\/www.visiteobrasil.com.br\/news\/wp-json\/wp\/v2\/categories?post=9997"},{"taxonomy":"post_tag","embeddable":true,"href":"https:\/\/www.visiteobrasil.com.br\/news\/wp-json\/wp\/v2\/tags?post=9997"}],"curies":[{"name":"wp","href":"https:\/\/api.w.org\/{rel}","templated":true}]}}