{"id":9505,"date":"2024-01-15T13:34:19","date_gmt":"2024-01-15T16:34:19","guid":{"rendered":"https:\/\/www.visiteobrasil.com.br\/news\/?p=9505"},"modified":"2024-01-15T13:34:19","modified_gmt":"2024-01-15T16:34:19","slug":"saiba-como-aproveitar-o-carnaval-em-trancoso","status":"publish","type":"post","link":"https:\/\/www.visiteobrasil.com.br\/news\/saiba-como-aproveitar-o-carnaval-em-trancoso\/","title":{"rendered":"Saiba como aproveitar o Carnaval em Trancoso"},"content":{"rendered":"<p>Comece os preparativos para o Carnaval com uma <a href=\"https:\/\/www.visiteobrasil.com.br\/news\/o-que-nao-pode-faltar-na-mala-de-viagem-para-qualquer-destino\/\">viagem<\/a> incr\u00edvel para a Bahia.<\/p>\n<p>O Carnaval no Brasil \u00e9 conhecido pela alegria contagiante, ritmos envolventes e festividades vibrantes, e Trancoso, na Bahia, oferece uma abordagem singular para essa celebra\u00e7\u00e3o t\u00e3o aguardada. Este pequeno para\u00edso no litoral sul do pa\u00eds se destaca n\u00e3o apenas pela beleza de suas praias paradis\u00edacas e ruas de paralelep\u00edpedos, mas tamb\u00e9m pela autenticidade de suas tradi\u00e7\u00f5es culturais.<\/p>\n<p>Em meio \u00e0s festas e aos coloridos desfiles, Trancoso mant\u00e9m viva a ess\u00eancia do Carnaval, proporcionando uma experi\u00eancia memor\u00e1vel para todos que buscam algo al\u00e9m do comum durante essa temporada festiva.<\/p>\n<h2>Resort em Trancoso: o ref\u00fagio de luxo para o seu Carnaval inesquec\u00edvel<\/h2>\n<p>Enquanto Trancoso cativa os visitantes com sua autenticidade, a op\u00e7\u00e3o de hospedagem pode elevar ainda mais a experi\u00eancia. Imagine-se imerso em um ambiente de luxo e conforto, em que o Carnaval encontra sofistica\u00e7\u00e3o. Um <a href=\"https:\/\/www.clubmed.com.br\/r\/trancoso\/y\" target=\"_blank\" rel=\"noopener\">resort em Trancoso<\/a> oferece n\u00e3o apenas acomoda\u00e7\u00f5es de classe mundial, mas tamb\u00e9m uma oportunidade \u00fanica para aqueles que desejam combinar a energia contagiante do Carnaval com o requinte e os servi\u00e7os exclusivos que esses estabelecimentos disponibilizam.<\/p>\n<p>Escolher um resort em Trancoso para o seu ref\u00fagio carnavalesco \u00e9 garantia de momentos inesquec\u00edveis, em que a festa se entrela\u00e7a harmoniosamente com o luxo tropical.<\/p>\n<h2>Conhe\u00e7a a hist\u00f3ria e cultura de Trancoso<\/h2>\n<p>Antes de mergulhar nas festividades carnavalescas, \u00e9 interessante conhecer um pouco sobre a <a href=\"https:\/\/visiteobrasil.com.br\/nordeste\/bahia\/costa-do-descobrimento\/historia\/trancoso\">hist\u00f3ria<\/a> e a cultura local. Trancoso, situado no litoral sul da Bahia, \u00e9 famoso por suas praias paradis\u00edacas, suas ruas de paralelep\u00edpedos e a famosa Quadrado, uma pra\u00e7a central cercada por casinhas coloridas. A atmosfera descontra\u00edda e o charme r\u00fastico tornam este lugar um destino \u00fanico para se celebrar o Carnaval.<\/p>\n<h2>Escolha a hospedagem certa<\/h2>\n<p>Para garantir uma experi\u00eancia agrad\u00e1vel durante o Carnaval em Trancoso, escolha uma hospedagem que atenda \u00e0s suas prefer\u00eancias. Desde pousadas aconchegantes at\u00e9 resorts de luxo, a cidade oferece uma variedade de op\u00e7\u00f5es. Ainda, \u00e9 recomend\u00e1vel fazer reservas antecipadas, especialmente durante a temporada de Carnaval, para garantir o melhor local para se hospedar.<\/p>\n<h2>Explore as praias deslumbrantes<\/h2>\n<p>Al\u00e9m das festividades carnavalescas, aproveite as suas deslumbrantes praias. <a href=\"https:\/\/visiteobrasil.com.br\/nordeste\/bahia\/atrativos\/trancoso\">Praias<\/a> como a Praia dos Nativos e Praia dos Coqueiros oferecem cen\u00e1rios incr\u00edveis, \u00e1guas cristalinas e s\u00e3o ideais para relaxar ap\u00f3s a agita\u00e7\u00e3o das festas. Leve seu traje de banho, protetor solar e desfrute de momentos inesquec\u00edveis \u00e0 beira-mar.<\/p>\n<h2>Participe dos blocos de Carnaval<\/h2>\n<p>Assim como em outras partes do Brasil, Trancoso tem seus pr\u00f3prios blocos de Carnaval. A anima\u00e7\u00e3o toma conta das ruas enquanto moradores e visitantes se re\u00fanem para dan\u00e7ar ao som de ritmos locais. Ent\u00e3o, certifique-se de verificar a programa\u00e7\u00e3o local para n\u00e3o perder a oportunidade de participar dessas festividades aut\u00eanticas.<\/p>\n<h2>Descubra a gastronomia local<\/h2>\n<p>A culin\u00e1ria baiana \u00e9 famosa por suas del\u00edcias saborosas e \u00fanicas, e Trancoso n\u00e3o decepciona nesse aspecto. Aproveite a oportunidade para explorar os restaurantes locais e experimentar pratos t\u00edpicos, como acaraj\u00e9, moqueca e outras iguarias. A gastronomia \u00e9 parte essencial da cultura desse local e contribuir\u00e1 para uma experi\u00eancia gastron\u00f4mica completa durante o Carnaval.<\/p>\n<h2>Participe dos eventos culturais<\/h2>\n<p>Al\u00e9m dos blocos de rua, o seu Carnaval conta com <a href=\"https:\/\/www.visiteobrasil.com.br\/news\/turismo-de-inverno-no-sul-do-brasil\/\">eventos<\/a> culturais, como apresenta\u00e7\u00f5es de m\u00fasica ao vivo, dan\u00e7a e manifesta\u00e7\u00f5es art\u00edsticas. Consulte a programa\u00e7\u00e3o local para descobrir as diversas atividades culturais que acontecer\u00e3o durante o per\u00edodo do Carnaval e participe para vivenciar a riqueza da cultura local.<\/p>\n<p>Celebrar o Carnaval em Trancoso proporciona uma experi\u00eancia \u00fanica, combinando as festividades tradicionais com o encanto natural e cultural da regi\u00e3o. Ao seguir essas dicas, voc\u00ea estar\u00e1 preparado para aproveitar ao m\u00e1ximo essa celebra\u00e7\u00e3o festiva em um dos destinos mais encantadores do Brasil. Ent\u00e3o, vista-se com as cores vibrantes do Carnaval e embarque em uma jornada inesquec\u00edvel em Trancoso!<\/p>\n","protected":false},"excerpt":{"rendered":"<p>Comece os preparativos para o Carnaval com uma viagem incr\u00edvel para a Bahia. O Carnaval no Brasil \u00e9 conhecido pela alegria contagiante, ritmos envolventes e festividades vibrantes, e Trancoso, na Bahia, oferece uma abordagem singular para essa celebra\u00e7\u00e3o t\u00e3o aguardada. Este pequeno para\u00edso no litoral sul do pa\u00eds se destaca n\u00e3o apenas pela beleza de [&hellip;]<\/p>\n","protected":false},"author":2,"featured_media":9507,"comment_status":"open","ping_status":"open","sticky":false,"template":"","format":"standard","meta":{"_jetpack_memberships_contains_paid_content":false,"footnotes":"","jetpack_publicize_message":"","jetpack_publicize_feature_enabled":true,"jetpack_social_post_already_shared":true,"jetpack_social_options":{"image_generator_settings":{"template":"highway","default_image_id":0,"font":"","enabled":false},"version":2}},"categories":[702],"tags":[],"class_list":["post-9505","post","type-post","status-publish","format-standard","has-post-thumbnail","hentry","category-dicas-legais"],"jetpack_publicize_connections":[],"jetpack_featured_media_url":"https:\/\/i0.wp.com\/www.visiteobrasil.com.br\/news\/wp-content\/uploads\/2024\/01\/Trancoso.jpg?fit=900%2C600&ssl=1","jetpack-related-posts":[{"id":13250,"url":"https:\/\/www.visiteobrasil.com.br\/news\/carnaval-2025-preparativos-e-festas-antecipadas-pelo-brasil\/","url_meta":{"origin":9505,"position":0},"title":"Carnaval 2025: Preparativos e festas antecipadas pelo Brasil","author":"Ramon","date":"2 de fevereiro de 2025","format":false,"excerpt":"O m\u00eas de fevereiro marca o in\u00edcio dos preparativos para um dos per\u00edodos mais esperados do ano: o Carnaval. Em 2025, a festa oficial acontece no dia 4 de mar\u00e7o, mas diversas cidades pelo pa\u00eds j\u00e1 come\u00e7am a movimentar suas ruas com festividades antecipadas, garantindo muita anima\u00e7\u00e3o para foli\u00f5es de\u2026","rel":"","context":"Em &quot;Artigos&quot;","block_context":{"text":"Artigos","link":"https:\/\/www.visiteobrasil.com.br\/news\/artigos\/"},"img":{"alt_text":"Carnaval - Foto Olodum","src":"https:\/\/i0.wp.com\/www.visiteobrasil.com.br\/news\/wp-content\/uploads\/2025\/02\/carnaval-da-bahia-axe-music-olodum-foto-divulgacao-olodum.jpg?fit=850%2C566&ssl=1&resize=350%2C200","width":350,"height":200,"srcset":"https:\/\/i0.wp.com\/www.visiteobrasil.com.br\/news\/wp-content\/uploads\/2025\/02\/carnaval-da-bahia-axe-music-olodum-foto-divulgacao-olodum.jpg?fit=850%2C566&ssl=1&resize=350%2C200 1x, https:\/\/i0.wp.com\/www.visiteobrasil.com.br\/news\/wp-content\/uploads\/2025\/02\/carnaval-da-bahia-axe-music-olodum-foto-divulgacao-olodum.jpg?fit=850%2C566&ssl=1&resize=525%2C300 1.5x, https:\/\/i0.wp.com\/www.visiteobrasil.com.br\/news\/wp-content\/uploads\/2025\/02\/carnaval-da-bahia-axe-music-olodum-foto-divulgacao-olodum.jpg?fit=850%2C566&ssl=1&resize=700%2C400 2x"},"classes":[]},{"id":5802,"url":"https:\/\/www.visiteobrasil.com.br\/news\/viajar-sozinho-destinos-seguros-e-beneficios-da-experiencia\/","url_meta":{"origin":9505,"position":1},"title":"Viajar sozinho: Destinos seguros e benef\u00edcios da experi\u00eancia","author":"Ramon","date":"14 de novembro de 2023","format":false,"excerpt":"Descubra os benef\u00edcios da viagem solo e destinos seguros para uma aventura inesquec\u00edvel. Sua jornada de autodescoberta come\u00e7a aqui. Quando se pensa em viajar sozinho, al\u00e9m da expectativa de liberdade e de viver novas experi\u00eancias, existe tamb\u00e9m um grande receio, afinal, estar em um lugar desconhecido pode ser assustador e\u2026","rel":"","context":"Em &quot;Dicas legais&quot;","block_context":{"text":"Dicas legais","link":"https:\/\/www.visiteobrasil.com.br\/news\/dicas-legais\/"},"img":{"alt_text":"Viajar sozinho: Mulher inclinada ao lado de veiculo- Foto: Pexels-Oleksandr","src":"https:\/\/i0.wp.com\/www.visiteobrasil.com.br\/news\/wp-content\/uploads\/2023\/11\/Mulher-inclinada-ao-lado-de-veiculo-pexels-oleksandr-p-2680937.jpg?fit=900%2C600&ssl=1&resize=350%2C200","width":350,"height":200,"srcset":"https:\/\/i0.wp.com\/www.visiteobrasil.com.br\/news\/wp-content\/uploads\/2023\/11\/Mulher-inclinada-ao-lado-de-veiculo-pexels-oleksandr-p-2680937.jpg?fit=900%2C600&ssl=1&resize=350%2C200 1x, https:\/\/i0.wp.com\/www.visiteobrasil.com.br\/news\/wp-content\/uploads\/2023\/11\/Mulher-inclinada-ao-lado-de-veiculo-pexels-oleksandr-p-2680937.jpg?fit=900%2C600&ssl=1&resize=525%2C300 1.5x, https:\/\/i0.wp.com\/www.visiteobrasil.com.br\/news\/wp-content\/uploads\/2023\/11\/Mulher-inclinada-ao-lado-de-veiculo-pexels-oleksandr-p-2680937.jpg?fit=900%2C600&ssl=1&resize=700%2C400 2x"},"classes":[]},{"id":13663,"url":"https:\/\/www.visiteobrasil.com.br\/news\/festas-juninas-nordeste\/","url_meta":{"origin":9505,"position":2},"title":"Festas juninas: Nordeste transforma tradi\u00e7\u00e3o em motor econ\u00f4mico","author":"Ramon","date":"12 de abril de 2026","format":false,"excerpt":"As festas juninas j\u00e1 come\u00e7aram a tomar conta do Nordeste \u2014 e, como acontece todos os anos, n\u00e3o se trata apenas de celebra\u00e7\u00e3o cultural. O que muitos chamam de \u201csegundo carnaval do Brasil\u201d movimenta milh\u00f5es, aquece economias locais e reafirma a for\u00e7a de uma tradi\u00e7\u00e3o que atravessa gera\u00e7\u00f5es. Em cidades\u2026","rel":"","context":"Em &quot;Cultura&quot;","block_context":{"text":"Cultura","link":"https:\/\/www.visiteobrasil.com.br\/news\/cultura\/"},"img":{"alt_text":"Festas junias no nordeste: FOTO: Deivid Menezes\/Jackson Gusm\u00e3o","src":"https:\/\/i0.wp.com\/www.visiteobrasil.com.br\/news\/wp-content\/uploads\/2026\/04\/festas-juninas-FOTO-Deivid-Menezes-Jackson-Gusmao.jpeg?fit=900%2C600&ssl=1&resize=350%2C200","width":350,"height":200,"srcset":"https:\/\/i0.wp.com\/www.visiteobrasil.com.br\/news\/wp-content\/uploads\/2026\/04\/festas-juninas-FOTO-Deivid-Menezes-Jackson-Gusmao.jpeg?fit=900%2C600&ssl=1&resize=350%2C200 1x, https:\/\/i0.wp.com\/www.visiteobrasil.com.br\/news\/wp-content\/uploads\/2026\/04\/festas-juninas-FOTO-Deivid-Menezes-Jackson-Gusmao.jpeg?fit=900%2C600&ssl=1&resize=525%2C300 1.5x, https:\/\/i0.wp.com\/www.visiteobrasil.com.br\/news\/wp-content\/uploads\/2026\/04\/festas-juninas-FOTO-Deivid-Menezes-Jackson-Gusmao.jpeg?fit=900%2C600&ssl=1&resize=700%2C400 2x"},"classes":[]},{"id":13191,"url":"https:\/\/www.visiteobrasil.com.br\/news\/brasil-tem-melhor-outubro-no-turismo-internacional-em-35-anos\/","url_meta":{"origin":9505,"position":3},"title":"Brasil tem melhor outubro no turismo internacional em 35 anos","author":"Ramon","date":"24 de novembro de 2024","format":false,"excerpt":"O Brasil celebrou um marco hist\u00f3rico em outubro de 2024, ao receber mais de meio milh\u00e3o de turistas internacionais, o maior n\u00famero registrado para o m\u00eas nos \u00faltimos 35 anos. Este desempenho refor\u00e7a o pa\u00eds como um destino atrativo e coloca o turismo como pe\u00e7a-chave na economia nacional. Com um\u2026","rel":"","context":"Em &quot;Noticias&quot;","block_context":{"text":"Noticias","link":"https:\/\/www.visiteobrasil.com.br\/news\/noticias\/"},"img":{"alt_text":"Onibus-Turismo - Cristo Redentor Rio- Credito: Heibe - Pixabay","src":"https:\/\/i0.wp.com\/www.visiteobrasil.com.br\/news\/wp-content\/uploads\/2024\/11\/Cristo-REdentor-Rio-Credito-Heibe-rio-1303951_1280.jpg?fit=900%2C600&ssl=1&resize=350%2C200","width":350,"height":200,"srcset":"https:\/\/i0.wp.com\/www.visiteobrasil.com.br\/news\/wp-content\/uploads\/2024\/11\/Cristo-REdentor-Rio-Credito-Heibe-rio-1303951_1280.jpg?fit=900%2C600&ssl=1&resize=350%2C200 1x, https:\/\/i0.wp.com\/www.visiteobrasil.com.br\/news\/wp-content\/uploads\/2024\/11\/Cristo-REdentor-Rio-Credito-Heibe-rio-1303951_1280.jpg?fit=900%2C600&ssl=1&resize=525%2C300 1.5x, https:\/\/i0.wp.com\/www.visiteobrasil.com.br\/news\/wp-content\/uploads\/2024\/11\/Cristo-REdentor-Rio-Credito-Heibe-rio-1303951_1280.jpg?fit=900%2C600&ssl=1&resize=700%2C400 2x"},"classes":[]},{"id":8691,"url":"https:\/\/www.visiteobrasil.com.br\/news\/planeje-suas-viagens-para-os-feriados-em-2024\/","url_meta":{"origin":9505,"position":4},"title":"Planeje suas viagens para os feriados em 2024","author":"Ramon","date":"31 de dezembro de 2023","format":false,"excerpt":"Feriados Nacionais e Oportunidades de Pausa em 2024 O esp\u00edrito brasileiro, caracterizado por uma antecipa\u00e7\u00e3o constante ao pr\u00f3ximo momento de descanso, nos feriados em 2024 j\u00e1 est\u00e1 direcionado para as possibilidades que esse ano oferece. Com\u00a0 lista robusta de feriados nacionais, o pr\u00f3ximo ano se revela como uma excelente oportunidade\u2026","rel":"","context":"Em &quot;Dicas legais&quot;","block_context":{"text":"Dicas legais","link":"https:\/\/www.visiteobrasil.com.br\/news\/dicas-legais\/"},"img":{"alt_text":"Feriados prolongados em 2024 - Morro-de-S\u00e3o-Paulo-Foto: Renato Trentin-Unsplash","src":"https:\/\/i0.wp.com\/www.visiteobrasil.com.br\/news\/wp-content\/uploads\/2023\/12\/Morro-de-Sao-Paulo-renato-trentin-YIYS2ZnRM20-unsplash.jpg?fit=900%2C675&ssl=1&resize=350%2C200","width":350,"height":200,"srcset":"https:\/\/i0.wp.com\/www.visiteobrasil.com.br\/news\/wp-content\/uploads\/2023\/12\/Morro-de-Sao-Paulo-renato-trentin-YIYS2ZnRM20-unsplash.jpg?fit=900%2C675&ssl=1&resize=350%2C200 1x, https:\/\/i0.wp.com\/www.visiteobrasil.com.br\/news\/wp-content\/uploads\/2023\/12\/Morro-de-Sao-Paulo-renato-trentin-YIYS2ZnRM20-unsplash.jpg?fit=900%2C675&ssl=1&resize=525%2C300 1.5x, https:\/\/i0.wp.com\/www.visiteobrasil.com.br\/news\/wp-content\/uploads\/2023\/12\/Morro-de-Sao-Paulo-renato-trentin-YIYS2ZnRM20-unsplash.jpg?fit=900%2C675&ssl=1&resize=700%2C400 2x"},"classes":[]},{"id":13129,"url":"https:\/\/www.visiteobrasil.com.br\/news\/destinos-perfeitos-para-curtir-o-dia-das-criancas-em-familia\/","url_meta":{"origin":9505,"position":5},"title":"Destinos perfeitos para curtir o dia das crian\u00e7as em fam\u00edlia","author":"Ramon","date":"6 de outubro de 2024","format":false,"excerpt":"Com a chegada de outubro, as comemora\u00e7\u00f5es do Dia das Crian\u00e7as se aproximam, e muitos pais aproveitam essa oportunidade para planejar uma viagem especial com os pequenos. Nada melhor do que reunir a fam\u00edlia e embarcar em uma aventura repleta de divers\u00e3o, aprendizado e mem\u00f3rias inesquec\u00edveis! O Brasil oferece uma\u2026","rel":"","context":"Em &quot;Dicas legais&quot;","block_context":{"text":"Dicas legais","link":"https:\/\/www.visiteobrasil.com.br\/news\/dicas-legais\/"},"img":{"alt_text":"Dia das crian\u00e7as - Pixabay","src":"https:\/\/i0.wp.com\/www.visiteobrasil.com.br\/news\/wp-content\/uploads\/2024\/10\/Dia-das-criancas-airport-2373727_1280.jpg?fit=900%2C599&ssl=1&resize=350%2C200","width":350,"height":200,"srcset":"https:\/\/i0.wp.com\/www.visiteobrasil.com.br\/news\/wp-content\/uploads\/2024\/10\/Dia-das-criancas-airport-2373727_1280.jpg?fit=900%2C599&ssl=1&resize=350%2C200 1x, https:\/\/i0.wp.com\/www.visiteobrasil.com.br\/news\/wp-content\/uploads\/2024\/10\/Dia-das-criancas-airport-2373727_1280.jpg?fit=900%2C599&ssl=1&resize=525%2C300 1.5x, https:\/\/i0.wp.com\/www.visiteobrasil.com.br\/news\/wp-content\/uploads\/2024\/10\/Dia-das-criancas-airport-2373727_1280.jpg?fit=900%2C599&ssl=1&resize=700%2C400 2x"},"classes":[]}],"jetpack_sharing_enabled":true,"jetpack_likes_enabled":true,"_links":{"self":[{"href":"https:\/\/www.visiteobrasil.com.br\/news\/wp-json\/wp\/v2\/posts\/9505","targetHints":{"allow":["GET"]}}],"collection":[{"href":"https:\/\/www.visiteobrasil.com.br\/news\/wp-json\/wp\/v2\/posts"}],"about":[{"href":"https:\/\/www.visiteobrasil.com.br\/news\/wp-json\/wp\/v2\/types\/post"}],"author":[{"embeddable":true,"href":"https:\/\/www.visiteobrasil.com.br\/news\/wp-json\/wp\/v2\/users\/2"}],"replies":[{"embeddable":true,"href":"https:\/\/www.visiteobrasil.com.br\/news\/wp-json\/wp\/v2\/comments?post=9505"}],"version-history":[{"count":1,"href":"https:\/\/www.visiteobrasil.com.br\/news\/wp-json\/wp\/v2\/posts\/9505\/revisions"}],"predecessor-version":[{"id":9508,"href":"https:\/\/www.visiteobrasil.com.br\/news\/wp-json\/wp\/v2\/posts\/9505\/revisions\/9508"}],"wp:featuredmedia":[{"embeddable":true,"href":"https:\/\/www.visiteobrasil.com.br\/news\/wp-json\/wp\/v2\/media\/9507"}],"wp:attachment":[{"href":"https:\/\/www.visiteobrasil.com.br\/news\/wp-json\/wp\/v2\/media?parent=9505"}],"wp:term":[{"taxonomy":"category","embeddable":true,"href":"https:\/\/www.visiteobrasil.com.br\/news\/wp-json\/wp\/v2\/categories?post=9505"},{"taxonomy":"post_tag","embeddable":true,"href":"https:\/\/www.visiteobrasil.com.br\/news\/wp-json\/wp\/v2\/tags?post=9505"}],"curies":[{"name":"wp","href":"https:\/\/api.w.org\/{rel}","templated":true}]}}