{"id":8691,"date":"2023-12-31T12:29:36","date_gmt":"2023-12-31T15:29:36","guid":{"rendered":"https:\/\/www.visiteobrasil.com.br\/news\/?p=8691"},"modified":"2023-12-31T12:29:36","modified_gmt":"2023-12-31T15:29:36","slug":"planeje-suas-viagens-para-os-feriados-em-2024","status":"publish","type":"post","link":"https:\/\/www.visiteobrasil.com.br\/news\/planeje-suas-viagens-para-os-feriados-em-2024\/","title":{"rendered":"Planeje suas viagens para os feriados em 2024"},"content":{"rendered":"<h2><strong>Feriados Nacionais e Oportunidades de Pausa em 2024<\/strong><\/h2>\n<p>O esp\u00edrito brasileiro, caracterizado por uma antecipa\u00e7\u00e3o constante ao pr\u00f3ximo momento de descanso, nos feriados em 2024 j\u00e1 est\u00e1 direcionado para as possibilidades que esse ano oferece. Com\u00a0 lista robusta de feriados nacionais, o pr\u00f3ximo ano se revela como uma excelente oportunidade para finalmente concretizar aquela <a href=\"https:\/\/www.visiteobrasil.com.br\/news\/passagens-aereas-limitadas-a-r19900-em-novo-cenario-brasileiro\/\">viagem t\u00e3o sonhada pelo Brasil<\/a>. O Minist\u00e9rio da Gest\u00e3o e da Inova\u00e7\u00e3o em Servi\u00e7os P\u00fablicos (MGI) divulgou uma portaria, em 28 de dezembro, delineando 18 feriados e pontos facultativos para o pr\u00f3ximo ano. Dentre esses, 14 ocorrer\u00e3o durante os dias \u00fateis, proporcionando per\u00edodos prolongados de folga.<\/p>\n<h3><strong>Destaques do calend\u00e1rio de feriados em 2024<\/strong><\/h3>\n<ol>\n<li>\n<h4><strong>Corpus Christi: Uma extens\u00e3o para desfrutar &#8211; 30 de Maio (Quinta-feira)<\/strong><\/h4>\n<ul>\n<li>A tradicional data de Corpus Christi oferece um feriad\u00e3o estendido em 2024, com a quinta-feira marcada como o dia oficial e a sexta-feira estabelecida como ponto facultativo.<\/li>\n<\/ul>\n<\/li>\n<li>\n<h4><strong>Proclama\u00e7\u00e3o da Rep\u00fablica: Sexta-Feira de liberdade &#8211; 15 de Novembro (Sexta-feira)<\/strong><\/h4>\n<ul>\n<li>O feriado da Proclama\u00e7\u00e3o da Rep\u00fablica, em 15 de novembro, coincidir\u00e1 com uma sexta-feira, proporcionando uma excelente oportunidade para uma pausa prolongada nesses feriados em 2024.<\/li>\n<\/ul>\n<\/li>\n<li>\n<h4><strong>Dia do Servidor P\u00fablico Federal: In\u00edcio da semana &#8211; 28 de Outubro (Segunda-feira)<\/strong><\/h4>\n<ul>\n<li>O Dia do Servidor P\u00fablico Federal, em 28 de outubro, cair\u00e1 em uma segunda-feira, oferecendo um in\u00edcio de semana com possibilidade de descanso.<\/li>\n<\/ul>\n<\/li>\n<li>\n<h4><strong>Meio de semana em festa: Destaque para o Natal e dia da Consci\u00eancia Negra<\/strong><\/h4>\n<ul>\n<li>O Natal (25 de dezembro), o Dia Mundial do Trabalho (1\u00ba de maio) e o feriado recente de 20 de novembro, Dia Nacional de <a href=\"https:\/\/visiteobrasil.com.br\/nordeste\/pernambuco\/ecoturismo\/conheca\/mata-do-zumbi-ipojuca\">Zumbi<\/a> e da <a href=\"https:\/\/www.visiteobrasil.com.br\/news\/novembro-negro-a-celebracao-das-raizes-afro-brasileiras\/\">Consci\u00eancia Negra<\/a>, ser\u00e3o celebrados no meio da semana, na quarta-feira, prometendo movimentar o <a href=\"https:\/\/www.visiteobrasil.com.br\/news\/o-que-levar-em-consideracao-ao-fazer-uma-viagem-de-carro-longa\/\">turismo<\/a> mesmo em dias intermedi\u00e1rios durante os feriados em 2024.<\/li>\n<\/ul>\n<\/li>\n<li>\n<h4><strong>Tradi\u00e7\u00e3o e Religi\u00e3o: Carnaval e Paix\u00e3o de Cristo<\/strong><\/h4>\n<ul>\n<li>O per\u00edodo de <a href=\"https:\/\/visiteobrasil.com.br\/nordeste\/bahia\/carnaval\/conheca\/o-carnaval-da-bahia\">Carnaval<\/a>, com tr\u00eas dias na semana, e a celebra\u00e7\u00e3o da <a href=\"https:\/\/visiteobrasil.com.br\/nordeste\/pernambuco\/festas-populares\/conheca\/paixao-de-cristo\">Paix\u00e3o de Cristo<\/a> em 29 de mar\u00e7o, sempre nas sextas-feiras, tamb\u00e9m marcam momentos estrat\u00e9gicos para uma pausa e celebra\u00e7\u00e3o nos feriados em 2024.<\/li>\n<\/ul>\n<\/li>\n<\/ol>\n<figure id=\"attachment_6357\" aria-describedby=\"caption-attachment-6357\" style=\"width: 550px\" class=\"wp-caption aligncenter\"><img data-recalc-dims=\"1\" fetchpriority=\"high\" decoding=\"async\" class=\"wp-image-6357\" src=\"https:\/\/i0.wp.com\/www.visiteobrasil.com.br\/news\/wp-content\/uploads\/2023\/12\/Reveillon-2023-Farol-da-barra-ssa-foto-joao-ramos-bahiatursa.jpg?resize=550%2C366&#038;ssl=1\" alt=\"Virada do ano: Reveillon 2023 - Salvador-Ba: Farol da Barra \u00e0 noite - Foto: Jo\u00e3o Ramos (Bahiatursa)\" width=\"550\" height=\"366\" title=\"\" srcset=\"https:\/\/i0.wp.com\/www.visiteobrasil.com.br\/news\/wp-content\/uploads\/2023\/12\/Reveillon-2023-Farol-da-barra-ssa-foto-joao-ramos-bahiatursa.jpg?resize=300%2C200&amp;ssl=1 300w, https:\/\/i0.wp.com\/www.visiteobrasil.com.br\/news\/wp-content\/uploads\/2023\/12\/Reveillon-2023-Farol-da-barra-ssa-foto-joao-ramos-bahiatursa.jpg?resize=768%2C511&amp;ssl=1 768w, https:\/\/i0.wp.com\/www.visiteobrasil.com.br\/news\/wp-content\/uploads\/2023\/12\/Reveillon-2023-Farol-da-barra-ssa-foto-joao-ramos-bahiatursa.jpg?w=900&amp;ssl=1 900w\" sizes=\"(max-width: 550px) 100vw, 550px\" \/><figcaption id=\"caption-attachment-6357\" class=\"wp-caption-text\">Salvador-Ba: Farol da Barra \u00e0 noite &#8211; Foto: Jo\u00e3o Ramos (Bahiatursa)<\/figcaption><\/figure>\n<h3><strong>Calend\u00e1rio completo de Feriados Nacionais em 2024:<\/strong><\/h3>\n<ul>\n<li>1\u00ba de Janeiro (Segunda-feira) &#8211; Confraterniza\u00e7\u00e3o Universal (Feriado Nacional)<\/li>\n<li>12 de Fevereiro (Segunda-feira) &#8211; Carnaval (Ponto Facultativo)<\/li>\n<li>13 de Fevereiro (Ter\u00e7a-feira) &#8211; Carnaval (Ponto Facultativo)<\/li>\n<li>14 de Fevereiro (Quarta-feira) &#8211; Quarta-Feira de Cinzas (Ponto Facultativo at\u00e9 as 14 horas)<\/li>\n<li>29 de Mar\u00e7o (Sexta-feira) &#8211; Paix\u00e3o de Cristo (Feriado Nacional)<\/li>\n<li>21 de Abril (Domingo) &#8211; Tiradentes (Feriado Nacional)<\/li>\n<li>1\u00ba de Maio (Quarta-feira) &#8211; Dia Mundial do Trabalho (Feriado Nacional)<\/li>\n<li>30 de Maio (Quinta-feira) &#8211; Corpus Christi (Ponto Facultativo)<\/li>\n<li>31 de Maio (Sexta-feira) &#8211; Ponto Facultativo<\/li>\n<li>7 de Setembro (S\u00e1bado) &#8211; Independ\u00eancia do Brasil (Feriado Nacional)<\/li>\n<li>12 de Outubro (S\u00e1bado) &#8211; Nossa Senhora Aparecida (Feriado Nacional)<\/li>\n<li>28 de Outubro (Segunda-feira) &#8211; Dia do Servidor P\u00fablico Federal (Ponto Facultativo)<\/li>\n<li>2 de Novembro (S\u00e1bado) &#8211; Finados (Feriado Nacional)<\/li>\n<li>15 de Novembro (Sexta-feira) &#8211; Proclama\u00e7\u00e3o da Rep\u00fablica (Feriado Nacional)<\/li>\n<li>20 de Novembro (Quarta-feira) &#8211; Dia Nacional de Zumbi e da Consci\u00eancia Negra (Feriado Nacional)<\/li>\n<li>24 de Dezembro (Ter\u00e7a-feira) &#8211; V\u00e9spera de Natal (Ponto Facultativo ap\u00f3s as 14 horas)<\/li>\n<li>25 de Dezembro (Quarta-feira) &#8211; Natal (Feriado Nacional)<\/li>\n<li>31 de Dezembro (Ter\u00e7a-feira) &#8211; V\u00e9spera do Ano Novo (Ponto Facultativo ap\u00f3s as 14 horas)<\/li>\n<\/ul>\n<p>Para ver a a portaria do MGI publicada no DOU clique <strong><a class=\"external-link\" title=\"\" href=\"https:\/\/www.in.gov.br\/en\/web\/dou\/-\/portaria-mgi-n-8.617-de-26-de-dezembro-de-2023-533937211\" target=\"_blank\" rel=\"noopener\" data-tippreview-enabled=\"false\" data-tippreview-image=\"\" data-tippreview-title=\"\" data-tippreview->aqui<\/a><\/strong> .<\/p>\n<figure id=\"attachment_8225\" aria-describedby=\"caption-attachment-8225\" style=\"width: 550px\" class=\"wp-caption aligncenter\"><img data-recalc-dims=\"1\" decoding=\"async\" class=\"wp-image-8225\" src=\"https:\/\/i0.wp.com\/www.visiteobrasil.com.br\/news\/wp-content\/uploads\/2023\/12\/Ponta-Negra-pedro-menezes-Ej5PnJ4AhJU-unsplash.jpg?resize=550%2C367&#038;ssl=1\" alt=\"crescimento no turismo brasileiro -Ponta Negra\" width=\"550\" height=\"367\" title=\"\" srcset=\"https:\/\/i0.wp.com\/www.visiteobrasil.com.br\/news\/wp-content\/uploads\/2023\/12\/Ponta-Negra-pedro-menezes-Ej5PnJ4AhJU-unsplash.jpg?resize=300%2C200&amp;ssl=1 300w, https:\/\/i0.wp.com\/www.visiteobrasil.com.br\/news\/wp-content\/uploads\/2023\/12\/Ponta-Negra-pedro-menezes-Ej5PnJ4AhJU-unsplash.jpg?resize=768%2C512&amp;ssl=1 768w, https:\/\/i0.wp.com\/www.visiteobrasil.com.br\/news\/wp-content\/uploads\/2023\/12\/Ponta-Negra-pedro-menezes-Ej5PnJ4AhJU-unsplash.jpg?w=900&amp;ssl=1 900w\" sizes=\"(max-width: 550px) 100vw, 550px\" \/><figcaption id=\"caption-attachment-8225\" class=\"wp-caption-text\">crescimento no <a href=\"https:\/\/www.visiteobrasil.com.br\/news\/dicas-essenciais-para-viajar-com-gatos\/\">turismo brasileiro<\/a> -Ponta Negra &#8211; Foto: Pedro Menezes<\/figcaption><\/figure>\n<h2><strong>Oportunidades para explorar as viagens durante os feriados<\/strong><\/h2>\n<p>A diversidade cultural e geogr\u00e1fica do Brasil oferece in\u00fameras op\u00e7\u00f5es para explorar durante os feriados de 2024. Desde destinos litor\u00e2neos paradis\u00edacos at\u00e9 <a href=\"https:\/\/visiteobrasil.com.br\/noticia\/trem-turistico-centenario-volta-a-ligar-cidades-historicas-no-litoral-paranaense\">cidades hist\u00f3ricas<\/a> ricas em patrim\u00f4nio, o pa\u00eds proporciona experi\u00eancias para todos os gostos. Durante o Carnaval, por exemplo, muitas cidades celebram a festa de maneiras \u00fanicas, sendo uma excelente oportunidade para vivenciar a alegria e as tradi\u00e7\u00f5es locais.<\/p>\n<h3><strong>Roteiros alternativos: Dicas para viajar com tranquilidade<\/strong><\/h3>\n<p>Considerando o potencial aumento no turismo durante os feriados em 2024, \u00e9 interessante explorar roteiros alternativos para escapar das multid\u00f5es. Destinos menos convencionais podem revelar tesouros escondidos e oferecer experi\u00eancias aut\u00eanticas. Al\u00e9m disso, reservar hospedagens e <a href=\"https:\/\/www.visiteobrasil.com.br\/news\/passeio-ilha-dos-frades-e-itaparica-como-funciona\/\">passeios com anteced\u00eancia<\/a> pode garantir uma <a href=\"https:\/\/www.visiteobrasil.com.br\/news\/o-que-nao-pode-faltar-na-mala-de-viagem-para-qualquer-destino\/\">viagem<\/a> mais tranquila e sem contratempos.<\/p>\n<figure id=\"attachment_6541\" aria-describedby=\"caption-attachment-6541\" style=\"width: 550px\" class=\"wp-caption aligncenter\"><img data-recalc-dims=\"1\" decoding=\"async\" class=\"wp-image-6541\" src=\"https:\/\/i0.wp.com\/www.visiteobrasil.com.br\/news\/wp-content\/uploads\/2023\/12\/Cristo-redendor-Credito-Luciola-Vilella-MTUR.jpg?resize=550%2C367&#038;ssl=1\" alt=\"Escrit\u00f3rio regional da OMT - Cristo Redentor com vista a\u00e9rea - Rio de Janeiro,\" width=\"550\" height=\"367\" title=\"\" srcset=\"https:\/\/i0.wp.com\/www.visiteobrasil.com.br\/news\/wp-content\/uploads\/2023\/12\/Cristo-redendor-Credito-Luciola-Vilella-MTUR.jpg?resize=300%2C200&amp;ssl=1 300w, https:\/\/i0.wp.com\/www.visiteobrasil.com.br\/news\/wp-content\/uploads\/2023\/12\/Cristo-redendor-Credito-Luciola-Vilella-MTUR.jpg?resize=768%2C512&amp;ssl=1 768w, https:\/\/i0.wp.com\/www.visiteobrasil.com.br\/news\/wp-content\/uploads\/2023\/12\/Cristo-redendor-Credito-Luciola-Vilella-MTUR.jpg?w=900&amp;ssl=1 900w\" sizes=\"(max-width: 550px) 100vw, 550px\" \/><figcaption id=\"caption-attachment-6541\" class=\"wp-caption-text\">Escrit\u00f3rio regional da OMT &#8211; Cristo Redentor com vista a\u00e9rea &#8211; Rio de Janeiro,<\/figcaption><\/figure>\n<h3><strong>Planejando momentos de relaxamento<\/strong><\/h3>\n<p>Aproveitar os feriados em 2024 n\u00e3o apenas como oportunidades para explorar novos lugares, mas tamb\u00e9m como momentos de descanso \u00e9 crucial para o bem-estar. Seja optando por destinos serenos para relaxar ou simplesmente desfrutando do tempo em casa, planejar momentos de tranquilidade durante essas pausas ao longo do ano contribui para o equil\u00edbrio e a recupera\u00e7\u00e3o de energias. O calend\u00e1rio de 2024 oferece uma variedade de per\u00edodos prop\u00edcios para esse tipo de planejamento, incentivando uma abordagem hol\u00edstica para o cuidado pessoal.<\/p>\n","protected":false},"excerpt":{"rendered":"<p>Feriados Nacionais e Oportunidades de Pausa em 2024 O esp\u00edrito brasileiro, caracterizado por uma antecipa\u00e7\u00e3o constante ao pr\u00f3ximo momento de descanso, nos feriados em 2024 j\u00e1 est\u00e1 direcionado para as possibilidades que esse ano oferece. Com\u00a0 lista robusta de feriados nacionais, o pr\u00f3ximo ano se revela como uma excelente oportunidade para finalmente concretizar aquela viagem [&hellip;]<\/p>\n","protected":false},"author":2,"featured_media":8695,"comment_status":"open","ping_status":"open","sticky":false,"template":"","format":"standard","meta":{"_jetpack_memberships_contains_paid_content":false,"footnotes":"","jetpack_publicize_message":"","jetpack_publicize_feature_enabled":true,"jetpack_social_post_already_shared":true,"jetpack_social_options":{"image_generator_settings":{"template":"highway","default_image_id":0,"font":"","enabled":false},"version":2}},"categories":[702],"tags":[],"class_list":["post-8691","post","type-post","status-publish","format-standard","has-post-thumbnail","hentry","category-dicas-legais"],"jetpack_publicize_connections":[],"jetpack_featured_media_url":"https:\/\/i0.wp.com\/www.visiteobrasil.com.br\/news\/wp-content\/uploads\/2023\/12\/Morro-de-Sao-Paulo-renato-trentin-YIYS2ZnRM20-unsplash.jpg?fit=900%2C675&ssl=1","jetpack-related-posts":[{"id":12517,"url":"https:\/\/www.visiteobrasil.com.br\/news\/prepare-as-malas-para-os-proximos-feriados-prolongados\/","url_meta":{"origin":8691,"position":0},"title":"Prepare as malas para os pr\u00f3ximos feriados prolongados","author":"Ramon","date":"11 de mar\u00e7o de 2024","format":false,"excerpt":"Planos para os feriados prolongados:\u00a0 Com a virada do ano, chegam tamb\u00e9m as oportunidades de desfrutar de alguns per\u00edodos prolongados para relaxar e viajar. Ap\u00f3s o frenesi do carnaval em fevereiro de 2024, o primeiro semestre reserva duas datas especiais para quem deseja fazer uma pausa e aproveitar os feriados\u2026","rel":"","context":"Em &quot;Artigos&quot;","block_context":{"text":"Artigos","link":"https:\/\/www.visiteobrasil.com.br\/news\/artigos\/"},"img":{"alt_text":"Feriados prolongados em 2024 - Morro-de-S\u00e3o-Paulo-Foto: Renato Trentin-Unsplash","src":"https:\/\/i0.wp.com\/www.visiteobrasil.com.br\/news\/wp-content\/uploads\/2023\/12\/Morro-de-Sao-Paulo-renato-trentin-YIYS2ZnRM20-unsplash.jpg?fit=900%2C675&ssl=1&resize=350%2C200","width":350,"height":200,"srcset":"https:\/\/i0.wp.com\/www.visiteobrasil.com.br\/news\/wp-content\/uploads\/2023\/12\/Morro-de-Sao-Paulo-renato-trentin-YIYS2ZnRM20-unsplash.jpg?fit=900%2C675&ssl=1&resize=350%2C200 1x, https:\/\/i0.wp.com\/www.visiteobrasil.com.br\/news\/wp-content\/uploads\/2023\/12\/Morro-de-Sao-Paulo-renato-trentin-YIYS2ZnRM20-unsplash.jpg?fit=900%2C675&ssl=1&resize=525%2C300 1.5x, https:\/\/i0.wp.com\/www.visiteobrasil.com.br\/news\/wp-content\/uploads\/2023\/12\/Morro-de-Sao-Paulo-renato-trentin-YIYS2ZnRM20-unsplash.jpg?fit=900%2C675&ssl=1&resize=700%2C400 2x"},"classes":[]},{"id":13298,"url":"https:\/\/www.visiteobrasil.com.br\/news\/abril-esta-chegando-com-opcoes-nos-feriados-prolongados\/","url_meta":{"origin":8691,"position":1},"title":"Abril est\u00e1 chegando com op\u00e7\u00f5es nos feriados prolongados","author":"Ramon","date":"23 de mar\u00e7o de 2025","format":false,"excerpt":"O m\u00eas de abril de 2025 promete ser um per\u00edodo excelente para quem busca viajar e aproveitar momentos de descanso. Com o feriado prolongado da Sexta-feira Santa (18\/4) e o feriado de Tiradentes (21\/4), abril oferece uma \u00f3tima oportunidade para quem quer escapar da rotina e explorar novos destinos no\u2026","rel":"","context":"Em &quot;Dicas legais&quot;","block_context":{"text":"Dicas legais","link":"https:\/\/www.visiteobrasil.com.br\/news\/dicas-legais\/"},"img":{"alt_text":"Feriado - Feriados prolongados em Anril. Foto: AI-Freepick","src":"https:\/\/i0.wp.com\/www.visiteobrasil.com.br\/news\/wp-content\/uploads\/2025\/03\/freepik__criar-uma-imagem-de-turismo-de-natureza-no-brasil__83330-2.jpg?fit=900%2C600&ssl=1&resize=350%2C200","width":350,"height":200,"srcset":"https:\/\/i0.wp.com\/www.visiteobrasil.com.br\/news\/wp-content\/uploads\/2025\/03\/freepik__criar-uma-imagem-de-turismo-de-natureza-no-brasil__83330-2.jpg?fit=900%2C600&ssl=1&resize=350%2C200 1x, https:\/\/i0.wp.com\/www.visiteobrasil.com.br\/news\/wp-content\/uploads\/2025\/03\/freepik__criar-uma-imagem-de-turismo-de-natureza-no-brasil__83330-2.jpg?fit=900%2C600&ssl=1&resize=525%2C300 1.5x, https:\/\/i0.wp.com\/www.visiteobrasil.com.br\/news\/wp-content\/uploads\/2025\/03\/freepik__criar-uma-imagem-de-turismo-de-natureza-no-brasil__83330-2.jpg?fit=900%2C600&ssl=1&resize=700%2C400 2x"},"classes":[]},{"id":13438,"url":"https:\/\/www.visiteobrasil.com.br\/news\/aeroportos-brasileiros\/","url_meta":{"origin":8691,"position":2},"title":"Aeroportos brasileiros recebem mais de 8 milh\u00f5es de viajantes em junho","author":"Ramon","date":"27 de julho de 2025","format":false,"excerpt":"O setor a\u00e9reo brasileiro segue em plena recupera\u00e7\u00e3o e expans\u00e3o. Segundo dados recentes da Ag\u00eancia Nacional de Avia\u00e7\u00e3o Civil (ANAC), mais de 8 milh\u00f5es de passageiros passaram pelos aeroportos brasileiros durante o m\u00eas de junho de 2025. O n\u00famero expressivo reflete a retomada da confian\u00e7a dos viajantes, o crescimento do\u2026","rel":"","context":"Em &quot;Noticias&quot;","block_context":{"text":"Noticias","link":"https:\/\/www.visiteobrasil.com.br\/news\/noticias\/"},"img":{"alt_text":"movimento intenso de passageiros, nos aeroportos brasileiros","src":"https:\/\/i0.wp.com\/www.visiteobrasil.com.br\/news\/wp-content\/uploads\/2025\/07\/aeroportos-brasileiros-Foto-Freepik.png?fit=900%2C600&ssl=1&resize=350%2C200","width":350,"height":200,"srcset":"https:\/\/i0.wp.com\/www.visiteobrasil.com.br\/news\/wp-content\/uploads\/2025\/07\/aeroportos-brasileiros-Foto-Freepik.png?fit=900%2C600&ssl=1&resize=350%2C200 1x, https:\/\/i0.wp.com\/www.visiteobrasil.com.br\/news\/wp-content\/uploads\/2025\/07\/aeroportos-brasileiros-Foto-Freepik.png?fit=900%2C600&ssl=1&resize=525%2C300 1.5x, https:\/\/i0.wp.com\/www.visiteobrasil.com.br\/news\/wp-content\/uploads\/2025\/07\/aeroportos-brasileiros-Foto-Freepik.png?fit=900%2C600&ssl=1&resize=700%2C400 2x"},"classes":[]},{"id":13343,"url":"https:\/\/www.visiteobrasil.com.br\/news\/turismo-impulsiona-mercado-de-trabalho-no-primeiro-trimestre-de-2025\/","url_meta":{"origin":8691,"position":3},"title":"Turismo impulsiona mercado de trabalho no primeiro trimestre de 2025","author":"Ramon","date":"11 de maio de 2025","format":false,"excerpt":"O turismo segue como um dos principais motores da economia brasileira, e os dados do primeiro trimestre deste ano refor\u00e7am essa tend\u00eancia. Segundo informa\u00e7\u00f5es recentes, o setor foi respons\u00e1vel pela cria\u00e7\u00e3o de mais de 62 mil vagas formais de emprego entre janeiro e mar\u00e7o, demonstrando sua for\u00e7a na recupera\u00e7\u00e3o econ\u00f4mica\u2026","rel":"","context":"Em &quot;Artigos&quot;","block_context":{"text":"Artigos","link":"https:\/\/www.visiteobrasil.com.br\/news\/artigos\/"},"img":{"alt_text":"Trabalho - Camareira de hotel","src":"https:\/\/i0.wp.com\/www.visiteobrasil.com.br\/news\/wp-content\/uploads\/2025\/05\/emprego-turismo-Freepick.png?fit=900%2C600&ssl=1&resize=350%2C200","width":350,"height":200,"srcset":"https:\/\/i0.wp.com\/www.visiteobrasil.com.br\/news\/wp-content\/uploads\/2025\/05\/emprego-turismo-Freepick.png?fit=900%2C600&ssl=1&resize=350%2C200 1x, https:\/\/i0.wp.com\/www.visiteobrasil.com.br\/news\/wp-content\/uploads\/2025\/05\/emprego-turismo-Freepick.png?fit=900%2C600&ssl=1&resize=525%2C300 1.5x, https:\/\/i0.wp.com\/www.visiteobrasil.com.br\/news\/wp-content\/uploads\/2025\/05\/emprego-turismo-Freepick.png?fit=900%2C600&ssl=1&resize=700%2C400 2x"},"classes":[]},{"id":13550,"url":"https:\/\/www.visiteobrasil.com.br\/news\/turismo-domestico-impulsiona-economia-brasileira\/","url_meta":{"origin":8691,"position":4},"title":"Turismo dom\u00e9stico impulsiona economia em R$ 22,8 bilh\u00f5es","author":"Ramon","date":"6 de outubro de 2025","format":false,"excerpt":"O turismo dom\u00e9stico brasileiro voltou a demonstrar sua for\u00e7a e relev\u00e2ncia para a economia nacional. Segundo dados recentes da PNAD Cont\u00ednua: Turismo, divulgada pelo Instituto Brasileiro de Geografia e Estat\u00edstica (IBGE) em parceria com o Minist\u00e9rio do Turismo, o setor movimentou R$ 22,8 bilh\u00f5es em 2024, impulsionado especialmente pelas viagens\u2026","rel":"","context":"Em &quot;Noticias&quot;","block_context":{"text":"Noticias","link":"https:\/\/www.visiteobrasil.com.br\/news\/noticias\/"},"img":{"alt_text":"Turismo dom\u00e9stico: Aeroporto- Foto Freepick","src":"https:\/\/i0.wp.com\/www.visiteobrasil.com.br\/news\/wp-content\/uploads\/2025\/10\/aeroporto-Freepick.jpg?fit=900%2C600&ssl=1&resize=350%2C200","width":350,"height":200,"srcset":"https:\/\/i0.wp.com\/www.visiteobrasil.com.br\/news\/wp-content\/uploads\/2025\/10\/aeroporto-Freepick.jpg?fit=900%2C600&ssl=1&resize=350%2C200 1x, https:\/\/i0.wp.com\/www.visiteobrasil.com.br\/news\/wp-content\/uploads\/2025\/10\/aeroporto-Freepick.jpg?fit=900%2C600&ssl=1&resize=525%2C300 1.5x, https:\/\/i0.wp.com\/www.visiteobrasil.com.br\/news\/wp-content\/uploads\/2025\/10\/aeroporto-Freepick.jpg?fit=900%2C600&ssl=1&resize=700%2C400 2x"},"classes":[]},{"id":13292,"url":"https:\/\/www.visiteobrasil.com.br\/news\/reserva-de-hospedagem-como-escolher-a-melhor-acomodacao\/","url_meta":{"origin":8691,"position":5},"title":"Reserva de hospedagem: como escolher a melhor acomoda\u00e7\u00e3o","author":"Ramon","date":"21 de mar\u00e7o de 2025","format":false,"excerpt":"Quando o assunto \u00e9 viajar, uma das decis\u00f5es mais importantes \u00e9 a escolha da hospedagem. Afinal, o lugar onde voc\u00ea vai ficar pode influenciar diretamente na sua experi\u00eancia.\u00a0 Se voc\u00ea est\u00e1 planejando a sua pr\u00f3xima viagem e n\u00e3o sabe por onde come\u00e7ar, este guia vai ajud\u00e1-lo a escolher a melhor\u2026","rel":"","context":"Em &quot;Dicas legais&quot;","block_context":{"text":"Dicas legais","link":"https:\/\/www.visiteobrasil.com.br\/news\/dicas-legais\/"},"img":{"alt_text":"Hospedagem - Hotel","src":"https:\/\/i0.wp.com\/www.visiteobrasil.com.br\/news\/wp-content\/uploads\/2025\/03\/freepik__the-style-is-candid-image-photography-with-natural__29045.jpeg?fit=900%2C600&ssl=1&resize=350%2C200","width":350,"height":200,"srcset":"https:\/\/i0.wp.com\/www.visiteobrasil.com.br\/news\/wp-content\/uploads\/2025\/03\/freepik__the-style-is-candid-image-photography-with-natural__29045.jpeg?fit=900%2C600&ssl=1&resize=350%2C200 1x, https:\/\/i0.wp.com\/www.visiteobrasil.com.br\/news\/wp-content\/uploads\/2025\/03\/freepik__the-style-is-candid-image-photography-with-natural__29045.jpeg?fit=900%2C600&ssl=1&resize=525%2C300 1.5x, https:\/\/i0.wp.com\/www.visiteobrasil.com.br\/news\/wp-content\/uploads\/2025\/03\/freepik__the-style-is-candid-image-photography-with-natural__29045.jpeg?fit=900%2C600&ssl=1&resize=700%2C400 2x"},"classes":[]}],"jetpack_sharing_enabled":true,"jetpack_likes_enabled":true,"_links":{"self":[{"href":"https:\/\/www.visiteobrasil.com.br\/news\/wp-json\/wp\/v2\/posts\/8691","targetHints":{"allow":["GET"]}}],"collection":[{"href":"https:\/\/www.visiteobrasil.com.br\/news\/wp-json\/wp\/v2\/posts"}],"about":[{"href":"https:\/\/www.visiteobrasil.com.br\/news\/wp-json\/wp\/v2\/types\/post"}],"author":[{"embeddable":true,"href":"https:\/\/www.visiteobrasil.com.br\/news\/wp-json\/wp\/v2\/users\/2"}],"replies":[{"embeddable":true,"href":"https:\/\/www.visiteobrasil.com.br\/news\/wp-json\/wp\/v2\/comments?post=8691"}],"version-history":[{"count":4,"href":"https:\/\/www.visiteobrasil.com.br\/news\/wp-json\/wp\/v2\/posts\/8691\/revisions"}],"predecessor-version":[{"id":8697,"href":"https:\/\/www.visiteobrasil.com.br\/news\/wp-json\/wp\/v2\/posts\/8691\/revisions\/8697"}],"wp:featuredmedia":[{"embeddable":true,"href":"https:\/\/www.visiteobrasil.com.br\/news\/wp-json\/wp\/v2\/media\/8695"}],"wp:attachment":[{"href":"https:\/\/www.visiteobrasil.com.br\/news\/wp-json\/wp\/v2\/media?parent=8691"}],"wp:term":[{"taxonomy":"category","embeddable":true,"href":"https:\/\/www.visiteobrasil.com.br\/news\/wp-json\/wp\/v2\/categories?post=8691"},{"taxonomy":"post_tag","embeddable":true,"href":"https:\/\/www.visiteobrasil.com.br\/news\/wp-json\/wp\/v2\/tags?post=8691"}],"curies":[{"name":"wp","href":"https:\/\/api.w.org\/{rel}","templated":true}]}}