{"id":8376,"date":"2023-12-30T13:51:54","date_gmt":"2023-12-30T16:51:54","guid":{"rendered":"https:\/\/www.visiteobrasil.com.br\/news\/?p=8376"},"modified":"2023-12-30T13:51:54","modified_gmt":"2023-12-30T16:51:54","slug":"a-virada-do-ano-conheca-seus-significados-suas-origens-e-tradicoes","status":"publish","type":"post","link":"https:\/\/www.visiteobrasil.com.br\/news\/a-virada-do-ano-conheca-seus-significados-suas-origens-e-tradicoes\/","title":{"rendered":"A Virada do Ano: Conhe\u00e7a seus significados, suas origens e tradi\u00e7\u00f5es"},"content":{"rendered":"<p>A <a href=\"https:\/\/pt.wikipedia.org\/wiki\/Ano-novo\" target=\"_blank\" rel=\"noopener\">virada do ano<\/a> \u00e9 uma celebra\u00e7\u00e3o global que une culturas diversas ao redor do mundo. Essa festividade, marcada por fogos de artif\u00edcio, festas animadas e rituais simb\u00f3licos, \u00e9 muito mais do que apenas a contagem regressiva para o rel\u00f3gio marcar meia-noite. Vamos explorar as origens dessa tradi\u00e7\u00e3o, entender por que ela \u00e9 t\u00e3o significativa e como ela se transformou em uma express\u00e3o universal de esperan\u00e7a e renova\u00e7\u00e3o.<\/p>\n<p><strong>Origens hist\u00f3ricas: Onde tudo come\u00e7ou?<\/strong><\/p>\n<p>A marca\u00e7\u00e3o do tempo atrav\u00e9s de calend\u00e1rios \u00e9 uma pr\u00e1tica milenar, e v\u00e1rias civiliza\u00e7\u00f5es antigas realizavam rituais para celebrar o in\u00edcio de um novo ano. A civiliza\u00e7\u00e3o babil\u00f4nica, por exemplo, realizava festivais na primavera para marcar o ano novo. Os romanos, mais tarde, introduziram o calend\u00e1rio juliano, e o m\u00eas de janeiro foi designado como o primeiro do ano em homenagem ao deus romano Jano, o deus das portas e passagens.<\/p>\n<p>No entanto, a virada do ano nem sempre foi associada a festas alegres. Em algumas culturas antigas, os rituais eram realizados para apaziguar divindades e garantir prote\u00e7\u00e3o contra maus esp\u00edritos durante o pr\u00f3ximo ciclo. Esses rituais muitas vezes envolviam oferendas, ora\u00e7\u00f5es e atos simb\u00f3licos para afastar as energias negativas.<\/p>\n<h3><strong>Comemora\u00e7\u00f5es modernas: Por que celebramos?<\/strong><\/h3>\n<p>As raz\u00f5es para a comemora\u00e7\u00e3o da virada do ano evolu\u00edram ao longo do tempo, refletindo as mudan\u00e7as nas cren\u00e7as e valores das sociedades. Em tempos modernos, a virada do ano \u00e9 frequentemente vista como uma oportunidade de deixar para tr\u00e1s o passado e abra\u00e7ar o futuro com otimismo. \u00c9 um momento para reflex\u00e3o pessoal, estabelecimento de metas e renova\u00e7\u00e3o de esperan\u00e7as.<\/p>\n<p>A celebra\u00e7\u00e3o \u00e9 tamb\u00e9m uma forma de reunir familiares e amigos, fortalecendo la\u00e7os afetivos e promovendo a comunh\u00e3o. As <a href=\"https:\/\/www.visiteobrasil.com.br\/news\/dicas-dos-10-melhores-destinos-para-a-virada-do-ano-2023\">festas de r\u00e9veillon<\/a>, com seus fogos de artif\u00edcio espetaculares, m\u00fasicas festivas e brindes, s\u00e3o manifesta\u00e7\u00f5es de alegria e uni\u00e3o que transcendem fronteiras culturais.<\/p>\n<figure id=\"attachment_8687\" aria-describedby=\"caption-attachment-8687\" style=\"width: 550px\" class=\"wp-caption aligncenter\"><img data-recalc-dims=\"1\" fetchpriority=\"high\" decoding=\"async\" class=\"wp-image-8687\" src=\"https:\/\/i0.wp.com\/www.visiteobrasil.com.br\/news\/wp-content\/uploads\/2023\/12\/White_bright_fireworks-dominio-publico.jpg?resize=550%2C413&#038;ssl=1\" alt=\"Fogos de artif\u00edcios na virada do ano - Foto: Dominio p\u00fablico\" width=\"550\" height=\"413\" title=\"\" srcset=\"https:\/\/i0.wp.com\/www.visiteobrasil.com.br\/news\/wp-content\/uploads\/2023\/12\/White_bright_fireworks-dominio-publico.jpg?resize=300%2C225&amp;ssl=1 300w, https:\/\/i0.wp.com\/www.visiteobrasil.com.br\/news\/wp-content\/uploads\/2023\/12\/White_bright_fireworks-dominio-publico.jpg?resize=768%2C576&amp;ssl=1 768w, https:\/\/i0.wp.com\/www.visiteobrasil.com.br\/news\/wp-content\/uploads\/2023\/12\/White_bright_fireworks-dominio-publico.jpg?w=900&amp;ssl=1 900w\" sizes=\"(max-width: 550px) 100vw, 550px\" \/><figcaption id=\"caption-attachment-8687\" class=\"wp-caption-text\">Fogos de artif\u00edcios na virada do ano &#8211; Foto: Dominio p\u00fablico<\/figcaption><\/figure>\n<h3><strong>Quando e onde come\u00e7ou a tradi\u00e7\u00e3o?<\/strong><\/h3>\n<p>A tradi\u00e7\u00e3o da virada do ano tem suas ra\u00edzes em diversas culturas e momentos hist\u00f3ricos, mas a data exata em que a pr\u00e1tica come\u00e7ou a ser difundida \u00e9 dif\u00edcil de determinar. A transi\u00e7\u00e3o do calend\u00e1rio juliano para o calend\u00e1rio gregoriano, em 1582, pelo Papa Greg\u00f3rio XIII, contribuiu para a padroniza\u00e7\u00e3o da comemora\u00e7\u00e3o do Ano Novo em 1\u00ba de janeiro em grande parte do mundo ocidental.<\/p>\n<p>A virada do ano \u00e9 celebrada em diferentes datas em v\u00e1rios calend\u00e1rios culturais. O Ano Novo chin\u00eas, por exemplo, ocorre no final de janeiro ou in\u00edcio de fevereiro, marcando o in\u00edcio do ano lunar. J\u00e1 o Rosh Hashan\u00e1, o Ano Novo judaico, acontece em setembro ou outubro, e \u00e9 um per\u00edodo de reflex\u00e3o e renova\u00e7\u00e3o espiritual.<\/p>\n<h3><strong>O Significado atual: Por que celebrar a Virada do Ano?<\/strong><\/h3>\n<p>Al\u00e9m de ser uma oportunidade para festividades e celebra\u00e7\u00f5es, a virada do ano desempenha um papel importante na psicologia humana. Ela simboliza a passagem do tempo e a oportunidade de recome\u00e7o. As pessoas aproveitam esse momento para fazer resolu\u00e7\u00f5es, definir metas e aspira\u00e7\u00f5es para o pr\u00f3ximo ano.<\/p>\n<p>A celebra\u00e7\u00e3o tamb\u00e9m \u00e9 um lembrete de que, apesar dos desafios enfrentados ao longo do ano, h\u00e1 sempre a possibilidade de um novo come\u00e7o. Essa perspectiva otimista \u00e9 incorporada nas tradi\u00e7\u00f5es de fogos de artif\u00edcio, que iluminam o c\u00e9u noturno, simbolizando a esperan\u00e7a e a renova\u00e7\u00e3o.<\/p>\n<div class=\"flex-1 overflow-hidden\">\n<div class=\"react-scroll-to-bottom--css-qyobo-79elbk h-full\">\n<div class=\"react-scroll-to-bottom--css-qyobo-1n7m0yu\">\n<div class=\"flex flex-col pb-9 text-sm\">\n<div class=\"w-full text-token-text-primary\" data-testid=\"conversation-turn-5\">\n<div class=\"px-4 py-2 justify-center text-base md:gap-6 m-auto\">\n<div class=\"flex flex-1 text-base mx-auto gap-3 md:px-5 lg:px-1 xl:px-5 md:max-w-3xl lg:max-w-[40rem] xl:max-w-[48rem] group final-completion\">\n<div class=\"relative flex w-full flex-col lg:w-[calc(100%-115px)] agent-turn\">\n<div class=\"flex-col gap-1 md:gap-3\">\n<div class=\"flex flex-grow flex-col max-w-full\">\n<div class=\"min-h-[20px] text-message flex flex-col items-start gap-3 whitespace-pre-wrap break-words [.text-message+&amp;]:mt-5 overflow-x-auto\" data-message-author-role=\"assistant\" data-message-id=\"a642d429-a763-472d-ab6e-fb49e0d9a7dc\">\n<div class=\"markdown prose w-full break-words dark:prose-invert light\">\n<h3><strong>Influ\u00eancias culturais na Virada do Ano: Diversidade e unidade<\/strong><\/h3>\n<p>A diversidade cultural ao redor do mundo \u00e9 evidente nas diferentes formas como a virada do ano \u00e9 celebrada. Em alguns lugares, as tradi\u00e7\u00f5es incluem vestimentas espec\u00edficas, alimentos simb\u00f3licos e rituais ancestrais. Na Esc\u00f3cia, a tradi\u00e7\u00e3o do &#8220;Hogmanay&#8221; envolve a primeira visita do ano, conhecida como &#8220;first-footing&#8221;, onde amigos e vizinhos trocam presentes e boas-vindas.<\/p>\n<figure id=\"attachment_8689\" aria-describedby=\"caption-attachment-8689\" style=\"width: 550px\" class=\"wp-caption aligncenter\"><img data-recalc-dims=\"1\" decoding=\"async\" class=\"wp-image-8689\" src=\"https:\/\/i0.wp.com\/www.visiteobrasil.com.br\/news\/wp-content\/uploads\/2023\/12\/Virada-do-ano-no-Japao-Osechi-Ryori-1-1-Sakura-Alimentos.jpg?resize=550%2C371&#038;ssl=1\" alt=\"Virada-do-ano-no-Japao-Osechi-Ryori-1-1-Sakura-Alimentos.jpg\" width=\"550\" height=\"371\" title=\"\" srcset=\"https:\/\/i0.wp.com\/www.visiteobrasil.com.br\/news\/wp-content\/uploads\/2023\/12\/Virada-do-ano-no-Japao-Osechi-Ryori-1-1-Sakura-Alimentos.jpg?resize=300%2C202&amp;ssl=1 300w, https:\/\/i0.wp.com\/www.visiteobrasil.com.br\/news\/wp-content\/uploads\/2023\/12\/Virada-do-ano-no-Japao-Osechi-Ryori-1-1-Sakura-Alimentos.jpg?resize=768%2C518&amp;ssl=1 768w, https:\/\/i0.wp.com\/www.visiteobrasil.com.br\/news\/wp-content\/uploads\/2023\/12\/Virada-do-ano-no-Japao-Osechi-Ryori-1-1-Sakura-Alimentos.jpg?w=1000&amp;ssl=1 1000w\" sizes=\"(max-width: 550px) 100vw, 550px\" \/><figcaption id=\"caption-attachment-8689\" class=\"wp-caption-text\">Virada do ano no Japao &#8211; Osechi Ryori-( Sakura Alimentos )<\/figcaption><\/figure>\n<p>J\u00e1 no Jap\u00e3o, a chegada do ano novo \u00e9 marcada pelo &#8220;Hatsumode&#8221;, a primeira visita ao templo para ora\u00e7\u00f5es e pedidos de boa sorte.<\/p>\n<h3><strong>A Virada do Ano como marco cultural e social<\/strong><\/h3>\n<p>Al\u00e9m do aspecto espiritual e simb\u00f3lico, a virada do ano tem implica\u00e7\u00f5es culturais e sociais significativas. \u00c9 um momento em que as pessoas se unem para celebrar suas identidades coletivas e compartilhar tradi\u00e7\u00f5es transmitidas de gera\u00e7\u00e3o em gera\u00e7\u00e3o. A festividade serve como um elo entre o passado e o presente, conectando as pessoas a suas ra\u00edzes culturais enquanto abra\u00e7am as mudan\u00e7as e inova\u00e7\u00f5es do futuro.<\/p>\n<h3><strong>Desafios e supersti\u00e7\u00e3o: Supera\u00e7\u00e3o e prote\u00e7\u00e3o no Ano Novo<\/strong><\/h3>\n<p>Em muitas culturas, a virada do ano \u00e9 vista como uma oportunidade de superar desafios do passado e se proteger contra adversidades futuras. Supersti\u00e7\u00f5es s\u00e3o comuns nesse contexto, como pular ondas no mar para afastar energias negativas, queimar pap\u00e9is com desejos escritos ou at\u00e9 mesmo vestir cores espec\u00edficas associadas a diferentes aspectos da vida, como amor, sa\u00fade e prosperidade. Essas pr\u00e1ticas refletem a busca cont\u00ednua por um futuro melhor, impulsionada pela cren\u00e7a na influ\u00eancia positiva das a\u00e7\u00f5es simb\u00f3licas.<\/p>\n<p><strong>A Globaliza\u00e7\u00e3o da celebra\u00e7\u00e3o: Como a virada do ano conecta o mundo<\/strong><\/p>\n<p>Com o avan\u00e7o da tecnologia e a globaliza\u00e7\u00e3o, a celebra\u00e7\u00e3o da virada do ano tornou-se um fen\u00f4meno verdadeiramente global. A transmiss\u00e3o ao vivo de <a href=\"https:\/\/www.visiteobrasil.com.br\/news\/turismo-de-inverno-no-sul-do-brasil\/\">eventos<\/a> emblem\u00e1ticos, como a queima de fogos na Times Square em <a href=\"https:\/\/visiteobrasil.com.br\/internacional\/america-do-norte\/estados-unidos\/nova-iorque\">Nova York,<\/a> une pessoas de diferentes partes do planeta em uma celebra\u00e7\u00e3o virtual.<\/p>\n<figure id=\"attachment_8688\" aria-describedby=\"caption-attachment-8688\" style=\"width: 550px\" class=\"wp-caption aligncenter\"><img data-recalc-dims=\"1\" decoding=\"async\" class=\"wp-image-8688\" src=\"https:\/\/i0.wp.com\/www.visiteobrasil.com.br\/news\/wp-content\/uploads\/2023\/12\/AnoNovo-TimeSquare-Foto-AgenciaBrasil.webp?resize=550%2C329&#038;ssl=1\" alt=\"Celebra\u00e7\u00e3o da virada do ano na -Time Square-EUA-Foto-Agencia Brasil\" width=\"550\" height=\"329\" title=\"\" srcset=\"https:\/\/i0.wp.com\/www.visiteobrasil.com.br\/news\/wp-content\/uploads\/2023\/12\/AnoNovo-TimeSquare-Foto-AgenciaBrasil.webp?resize=300%2C179&amp;ssl=1 300w, https:\/\/i0.wp.com\/www.visiteobrasil.com.br\/news\/wp-content\/uploads\/2023\/12\/AnoNovo-TimeSquare-Foto-AgenciaBrasil.webp?resize=1024%2C613&amp;ssl=1 1024w, https:\/\/i0.wp.com\/www.visiteobrasil.com.br\/news\/wp-content\/uploads\/2023\/12\/AnoNovo-TimeSquare-Foto-AgenciaBrasil.webp?resize=768%2C459&amp;ssl=1 768w, https:\/\/i0.wp.com\/www.visiteobrasil.com.br\/news\/wp-content\/uploads\/2023\/12\/AnoNovo-TimeSquare-Foto-AgenciaBrasil.webp?w=1170&amp;ssl=1 1170w\" sizes=\"(max-width: 550px) 100vw, 550px\" \/><figcaption id=\"caption-attachment-8688\" class=\"wp-caption-text\">Celebra\u00e7\u00e3o da virada do ano na -Time Square-EUA-Foto-Agencia Brasil<\/figcaption><\/figure>\n<p>A troca instant\u00e2nea de mensagens e votos de felicidade transcende fronteiras, criando uma sensa\u00e7\u00e3o de unidade global enquanto celebramos a chegada de um novo cap\u00edtulo.<\/p>\n<h3><strong>A Virada do ano em um mundo em constante mudan\u00e7a: Adapta\u00e7\u00f5es e inova\u00e7\u00f5es<\/strong><\/h3>\n<p>\u00c0 medida que enfrentamos desafios globais e mudan\u00e7as r\u00e1pidas, a virada do ano tamb\u00e9m se adapta e evolui. Novas tradi\u00e7\u00f5es emergem, refletindo as preocupa\u00e7\u00f5es contempor\u00e2neas, como a sustentabilidade e a inclus\u00e3o. A \u00eanfase na conex\u00e3o virtual, especialmente em tempos de distanciamento social, destaca a capacidade da humanidade de inovar e se adaptar, garantindo que a celebra\u00e7\u00e3o da virada do ano continue a ser uma express\u00e3o viva da resili\u00eancia e da esperan\u00e7a em face das incertezas. Em um mundo em constante transforma\u00e7\u00e3o, a virada do ano permanece como um farol de otimismo, guiando-nos em dire\u00e7\u00e3o a um futuro cheio de possibilidades.<\/p>\n<\/div>\n<\/div>\n<\/div>\n<\/div>\n<\/div>\n<\/div>\n<\/div>\n<\/div>\n<\/div>\n<\/div>\n<\/div>\n<\/div>\n<h3><strong>Conclus\u00e3o: Um ritual universal de esperan\u00e7a<\/strong><\/h3>\n<p>Em \u00faltima an\u00e1lise, a virada do ano \u00e9 mais do que uma simples transi\u00e7\u00e3o de um dia para o outro; \u00e9 um reflexo da constante busca da humanidade por significado e renova\u00e7\u00e3o. Ao longo da hist\u00f3ria, as celebra\u00e7\u00f5es evolu\u00edram, mas a ess\u00eancia de celebrar o in\u00edcio de um novo ciclo permanece. Independentemente de onde estejamos no mundo, a virada do ano \u00e9 um ritual universal que nos conecta, proporcionando um momento de reflex\u00e3o, celebra\u00e7\u00e3o e esperan\u00e7a para o futuro. Que cada virada do ano seja uma oportunidade para renovar nossos esp\u00edritos e fortalecer nossos la\u00e7os com aqueles ao nosso redor.<\/p>\n","protected":false},"excerpt":{"rendered":"<p>A virada do ano \u00e9 uma celebra\u00e7\u00e3o global que une culturas diversas ao redor do mundo. Essa festividade, marcada por fogos de artif\u00edcio, festas animadas e rituais simb\u00f3licos, \u00e9 muito mais do que apenas a contagem regressiva para o rel\u00f3gio marcar meia-noite. Vamos explorar as origens dessa tradi\u00e7\u00e3o, entender por que ela \u00e9 t\u00e3o significativa [&hellip;]<\/p>\n","protected":false},"author":2,"featured_media":8686,"comment_status":"open","ping_status":"open","sticky":false,"template":"","format":"standard","meta":{"_jetpack_memberships_contains_paid_content":false,"footnotes":"","jetpack_publicize_message":"","jetpack_publicize_feature_enabled":true,"jetpack_social_post_already_shared":true,"jetpack_social_options":{"image_generator_settings":{"template":"highway","default_image_id":0,"font":"","enabled":false},"version":2}},"categories":[750],"tags":[837,834,838,835,836],"class_list":["post-8376","post","type-post","status-publish","format-standard","has-post-thumbnail","hentry","category-materias-especiais","tag-como-a-virada-do-ano-conecta-pessoas-de-diferentes-partes-do-mundo-em-uma-celebracao-global","tag-como-as-antigas-civilizacoes-celebravam-a-passagem-do-tempo","tag-de-que-maneira-a-virada-do-ano-evolui-para-refletir-as-mudancas-sociais-e-tecnologicas-na-atualidade","tag-quais-influencias-culturais-moldam-as-tradicoes-da-virada-do-ano-ao-redor-do-mundo","tag-qual-e-o-simbolismo-por-tras-dos-rituais-e-supersticoes-associados-a-virada-do-ano"],"jetpack_publicize_connections":[],"jetpack_featured_media_url":"https:\/\/i0.wp.com\/www.visiteobrasil.com.br\/news\/wp-content\/uploads\/2023\/12\/Rio_New_Year_Fireworks-.jpg?fit=900%2C606&ssl=1","jetpack-related-posts":[{"id":6354,"url":"https:\/\/www.visiteobrasil.com.br\/news\/dicas-dos-10-melhores-destinos-para-a-virada-do-ano-2023\/","url_meta":{"origin":8376,"position":0},"title":"Dicas dos 10 melhores destinos para a virada do ano 2023","author":"Ramon","date":"3 de dezembro de 2023","format":false,"excerpt":"O final do ano se aproxima e, com ele, a expectativa de celebrar a virada de 2023 em destinos tur\u00edsticos inesquec\u00edveis ao redor do mundo. Seja em solo brasileiro ou al\u00e9m das fronteiras, h\u00e1 uma variedade de op\u00e7\u00f5es que prometem experi\u00eancias \u00fanicas para receber o novo ano com estilo. Neste\u2026","rel":"","context":"Em &quot;Mat\u00e9rias especiais&quot;","block_context":{"text":"Mat\u00e9rias especiais","link":"https:\/\/www.visiteobrasil.com.br\/news\/materias-especiais\/"},"img":{"alt_text":"Virada do ano: Reveillon 2023 - Salvador-Ba: Farol da Barra \u00e0 noite - Foto: Jo\u00e3o Ramos (Bahiatursa)","src":"https:\/\/i0.wp.com\/www.visiteobrasil.com.br\/news\/wp-content\/uploads\/2023\/12\/Reveillon-2023-Farol-da-barra-ssa-foto-joao-ramos-bahiatursa.jpg?fit=900%2C599&ssl=1&resize=350%2C200","width":350,"height":200,"srcset":"https:\/\/i0.wp.com\/www.visiteobrasil.com.br\/news\/wp-content\/uploads\/2023\/12\/Reveillon-2023-Farol-da-barra-ssa-foto-joao-ramos-bahiatursa.jpg?fit=900%2C599&ssl=1&resize=350%2C200 1x, https:\/\/i0.wp.com\/www.visiteobrasil.com.br\/news\/wp-content\/uploads\/2023\/12\/Reveillon-2023-Farol-da-barra-ssa-foto-joao-ramos-bahiatursa.jpg?fit=900%2C599&ssl=1&resize=525%2C300 1.5x, https:\/\/i0.wp.com\/www.visiteobrasil.com.br\/news\/wp-content\/uploads\/2023\/12\/Reveillon-2023-Farol-da-barra-ssa-foto-joao-ramos-bahiatursa.jpg?fit=900%2C599&ssl=1&resize=700%2C400 2x"},"classes":[]},{"id":5954,"url":"https:\/\/www.visiteobrasil.com.br\/news\/novembro-negro-a-celebracao-das-raizes-afro-brasileiras\/","url_meta":{"origin":8376,"position":1},"title":"Novembro Negro: A celebra\u00e7\u00e3o das ra\u00edzes Afro-brasileiras","author":"Ramon","date":"19 de novembro de 2023","format":false,"excerpt":"O m\u00eas de novembro, conhecido como Novembro Negro, assume um papel de destaque no Brastil, celebrando a cultura e a contribui\u00e7\u00e3o significativa da popula\u00e7\u00e3o afrodescendente para a forma\u00e7\u00e3o da identidade nacional. Al\u00e9m de ser um momento de reflex\u00e3o sobre a hist\u00f3ria e a luta contra o racismo, o Novembro Negro\u2026","rel":"","context":"Em &quot;Artigos&quot;","block_context":{"text":"Artigos","link":"https:\/\/www.visiteobrasil.com.br\/news\/artigos\/"},"img":{"alt_text":"Novembro negro - Largo do Pelourinho \u00e0 noite - Foto: Jota Freitas\/Setur","src":"https:\/\/i0.wp.com\/www.visiteobrasil.com.br\/news\/wp-content\/uploads\/2023\/11\/largo-do-pelourinho-foto-jota-freitas-seturgr.jpg?fit=900%2C597&ssl=1&resize=350%2C200","width":350,"height":200,"srcset":"https:\/\/i0.wp.com\/www.visiteobrasil.com.br\/news\/wp-content\/uploads\/2023\/11\/largo-do-pelourinho-foto-jota-freitas-seturgr.jpg?fit=900%2C597&ssl=1&resize=350%2C200 1x, https:\/\/i0.wp.com\/www.visiteobrasil.com.br\/news\/wp-content\/uploads\/2023\/11\/largo-do-pelourinho-foto-jota-freitas-seturgr.jpg?fit=900%2C597&ssl=1&resize=525%2C300 1.5x, https:\/\/i0.wp.com\/www.visiteobrasil.com.br\/news\/wp-content\/uploads\/2023\/11\/largo-do-pelourinho-foto-jota-freitas-seturgr.jpg?fit=900%2C597&ssl=1&resize=700%2C400 2x"},"classes":[]},{"id":8691,"url":"https:\/\/www.visiteobrasil.com.br\/news\/planeje-suas-viagens-para-os-feriados-em-2024\/","url_meta":{"origin":8376,"position":2},"title":"Planeje suas viagens para os feriados em 2024","author":"Ramon","date":"31 de dezembro de 2023","format":false,"excerpt":"Feriados Nacionais e Oportunidades de Pausa em 2024 O esp\u00edrito brasileiro, caracterizado por uma antecipa\u00e7\u00e3o constante ao pr\u00f3ximo momento de descanso, nos feriados em 2024 j\u00e1 est\u00e1 direcionado para as possibilidades que esse ano oferece. Com\u00a0 lista robusta de feriados nacionais, o pr\u00f3ximo ano se revela como uma excelente oportunidade\u2026","rel":"","context":"Em &quot;Dicas legais&quot;","block_context":{"text":"Dicas legais","link":"https:\/\/www.visiteobrasil.com.br\/news\/dicas-legais\/"},"img":{"alt_text":"Feriados prolongados em 2024 - Morro-de-S\u00e3o-Paulo-Foto: Renato Trentin-Unsplash","src":"https:\/\/i0.wp.com\/www.visiteobrasil.com.br\/news\/wp-content\/uploads\/2023\/12\/Morro-de-Sao-Paulo-renato-trentin-YIYS2ZnRM20-unsplash.jpg?fit=900%2C675&ssl=1&resize=350%2C200","width":350,"height":200,"srcset":"https:\/\/i0.wp.com\/www.visiteobrasil.com.br\/news\/wp-content\/uploads\/2023\/12\/Morro-de-Sao-Paulo-renato-trentin-YIYS2ZnRM20-unsplash.jpg?fit=900%2C675&ssl=1&resize=350%2C200 1x, https:\/\/i0.wp.com\/www.visiteobrasil.com.br\/news\/wp-content\/uploads\/2023\/12\/Morro-de-Sao-Paulo-renato-trentin-YIYS2ZnRM20-unsplash.jpg?fit=900%2C675&ssl=1&resize=525%2C300 1.5x, https:\/\/i0.wp.com\/www.visiteobrasil.com.br\/news\/wp-content\/uploads\/2023\/12\/Morro-de-Sao-Paulo-renato-trentin-YIYS2ZnRM20-unsplash.jpg?fit=900%2C675&ssl=1&resize=700%2C400 2x"},"classes":[]},{"id":13476,"url":"https:\/\/www.visiteobrasil.com.br\/news\/veja-dicas-de-viagens-pelo-brasil-em-setembro-2025\/","url_meta":{"origin":8376,"position":3},"title":"Veja dicas de viagens pelo Brasil em setembro-2025","author":"Ramon","date":"7 de setembro de 2025","format":false,"excerpt":"De manifesta\u00e7\u00f5es culturais enraizadas na hist\u00f3ria do Sul do pa\u00eds a festivais vibrantes no calor amaz\u00f4nico, passando por encontros po\u00e9ticos, celebra\u00e7\u00f5es religiosas e aventuras ao ar livre, o m\u00eas de setembro se mostra perfeito para quem quer explorar novos destinos e vivenciar experi\u00eancias \u00fanicas pelo Brasil. Para te ajudar a\u2026","rel":"","context":"Em &quot;Dicas legais&quot;","block_context":{"text":"Dicas legais","link":"https:\/\/www.visiteobrasil.com.br\/news\/dicas-legais\/"},"img":{"alt_text":"Setembro: Destinos amig\u00e1veis - Turista tirando fotos tur\u00edsticas","src":"https:\/\/i0.wp.com\/www.visiteobrasil.com.br\/news\/wp-content\/uploads\/2024\/04\/Viagens-sem-complicacoes-medium-shot-man-taking-photos-seaside.jpg?fit=900%2C601&ssl=1&resize=350%2C200","width":350,"height":200,"srcset":"https:\/\/i0.wp.com\/www.visiteobrasil.com.br\/news\/wp-content\/uploads\/2024\/04\/Viagens-sem-complicacoes-medium-shot-man-taking-photos-seaside.jpg?fit=900%2C601&ssl=1&resize=350%2C200 1x, https:\/\/i0.wp.com\/www.visiteobrasil.com.br\/news\/wp-content\/uploads\/2024\/04\/Viagens-sem-complicacoes-medium-shot-man-taking-photos-seaside.jpg?fit=900%2C601&ssl=1&resize=525%2C300 1.5x, https:\/\/i0.wp.com\/www.visiteobrasil.com.br\/news\/wp-content\/uploads\/2024\/04\/Viagens-sem-complicacoes-medium-shot-man-taking-photos-seaside.jpg?fit=900%2C601&ssl=1&resize=700%2C400 2x"},"classes":[]},{"id":5764,"url":"https:\/\/www.visiteobrasil.com.br\/news\/lavagem-do-bomfim-podera-nao-acontecer-em-2024\/","url_meta":{"origin":8376,"position":4},"title":"Lavagem do Bomfim poder\u00e1 n\u00e3o acontecer em 2024 ?","author":"Ramon","date":"14 de novembro de 2023","format":false,"excerpt":"Crise na maior Festa Religiosa da Bahia: Amea\u00e7as \u00e0 realiza\u00e7\u00e3o da Lavagem do Bomfim em 2024, diante de uma intensa batalha que est\u00e1 em curso entre uma pequena fac\u00e7\u00e3o devocional liderada pelo Juiz e a Igreja Cat\u00f3lica, colocando em risco o acontecimento da maior festa religiosa da Bahia. A seguir,\u2026","rel":"","context":"Em &quot;Noticias&quot;","block_context":{"text":"Noticias","link":"https:\/\/www.visiteobrasil.com.br\/news\/noticias\/"},"img":{"alt_text":"Lavagem do Bomfim - Baianas participando da festa tradicional da Bahia","src":"https:\/\/i0.wp.com\/www.visiteobrasil.com.br\/news\/wp-content\/uploads\/2023\/11\/lavagem-do-bomfim-foto-tatiana-azeviche-setur-ba.jpg?fit=900%2C599&ssl=1&resize=350%2C200","width":350,"height":200,"srcset":"https:\/\/i0.wp.com\/www.visiteobrasil.com.br\/news\/wp-content\/uploads\/2023\/11\/lavagem-do-bomfim-foto-tatiana-azeviche-setur-ba.jpg?fit=900%2C599&ssl=1&resize=350%2C200 1x, https:\/\/i0.wp.com\/www.visiteobrasil.com.br\/news\/wp-content\/uploads\/2023\/11\/lavagem-do-bomfim-foto-tatiana-azeviche-setur-ba.jpg?fit=900%2C599&ssl=1&resize=525%2C300 1.5x, https:\/\/i0.wp.com\/www.visiteobrasil.com.br\/news\/wp-content\/uploads\/2023\/11\/lavagem-do-bomfim-foto-tatiana-azeviche-setur-ba.jpg?fit=900%2C599&ssl=1&resize=700%2C400 2x"},"classes":[]},{"id":13176,"url":"https:\/\/www.visiteobrasil.com.br\/news\/brasil-se-destaca-em-tres-categorias-do-turismo-mundial\/","url_meta":{"origin":8376,"position":5},"title":"Brasil se destaca em tr\u00eas categorias do turismo mundial","author":"Ramon","date":"10 de novembro de 2024","format":false,"excerpt":"O Brasil foi destaque na prestigiada premia\u00e7\u00e3o Wanderlust Travel Awards 2024, organizada pela influente revista brit\u00e2nica de turismo Wanderlust. O pa\u00eds foi reconhecido em tr\u00eas importantes categorias, reafirmando seu apelo internacional e consolidando-se como um dos destinos mais cobi\u00e7ados para viajantes do mundo todo. Na classifica\u00e7\u00e3o geral dos \"Destinos Mais\u2026","rel":"","context":"Em &quot;Noticias&quot;","block_context":{"text":"Noticias","link":"https:\/\/www.visiteobrasil.com.br\/news\/noticias\/"},"img":{"alt_text":"Brasil - Amazonia - Foto : jeangc-28587130 Pexels","src":"https:\/\/i0.wp.com\/www.visiteobrasil.com.br\/news\/wp-content\/uploads\/2024\/11\/Amazonia-pexels-jeangc-28587130.jpg?fit=900%2C600&ssl=1&resize=350%2C200","width":350,"height":200,"srcset":"https:\/\/i0.wp.com\/www.visiteobrasil.com.br\/news\/wp-content\/uploads\/2024\/11\/Amazonia-pexels-jeangc-28587130.jpg?fit=900%2C600&ssl=1&resize=350%2C200 1x, https:\/\/i0.wp.com\/www.visiteobrasil.com.br\/news\/wp-content\/uploads\/2024\/11\/Amazonia-pexels-jeangc-28587130.jpg?fit=900%2C600&ssl=1&resize=525%2C300 1.5x, https:\/\/i0.wp.com\/www.visiteobrasil.com.br\/news\/wp-content\/uploads\/2024\/11\/Amazonia-pexels-jeangc-28587130.jpg?fit=900%2C600&ssl=1&resize=700%2C400 2x"},"classes":[]}],"jetpack_sharing_enabled":true,"jetpack_likes_enabled":true,"_links":{"self":[{"href":"https:\/\/www.visiteobrasil.com.br\/news\/wp-json\/wp\/v2\/posts\/8376","targetHints":{"allow":["GET"]}}],"collection":[{"href":"https:\/\/www.visiteobrasil.com.br\/news\/wp-json\/wp\/v2\/posts"}],"about":[{"href":"https:\/\/www.visiteobrasil.com.br\/news\/wp-json\/wp\/v2\/types\/post"}],"author":[{"embeddable":true,"href":"https:\/\/www.visiteobrasil.com.br\/news\/wp-json\/wp\/v2\/users\/2"}],"replies":[{"embeddable":true,"href":"https:\/\/www.visiteobrasil.com.br\/news\/wp-json\/wp\/v2\/comments?post=8376"}],"version-history":[{"count":2,"href":"https:\/\/www.visiteobrasil.com.br\/news\/wp-json\/wp\/v2\/posts\/8376\/revisions"}],"predecessor-version":[{"id":8690,"href":"https:\/\/www.visiteobrasil.com.br\/news\/wp-json\/wp\/v2\/posts\/8376\/revisions\/8690"}],"wp:featuredmedia":[{"embeddable":true,"href":"https:\/\/www.visiteobrasil.com.br\/news\/wp-json\/wp\/v2\/media\/8686"}],"wp:attachment":[{"href":"https:\/\/www.visiteobrasil.com.br\/news\/wp-json\/wp\/v2\/media?parent=8376"}],"wp:term":[{"taxonomy":"category","embeddable":true,"href":"https:\/\/www.visiteobrasil.com.br\/news\/wp-json\/wp\/v2\/categories?post=8376"},{"taxonomy":"post_tag","embeddable":true,"href":"https:\/\/www.visiteobrasil.com.br\/news\/wp-json\/wp\/v2\/tags?post=8376"}],"curies":[{"name":"wp","href":"https:\/\/api.w.org\/{rel}","templated":true}]}}