{"id":7346,"date":"2023-12-18T11:26:13","date_gmt":"2023-12-18T14:26:13","guid":{"rendered":"https:\/\/www.visiteobrasil.com.br\/news\/?p=7346"},"modified":"2023-12-18T11:27:13","modified_gmt":"2023-12-18T14:27:13","slug":"reflexoes-e-conquistas-no-ultimo-dia-do-salao-nacional-do-turismo","status":"publish","type":"post","link":"https:\/\/www.visiteobrasil.com.br\/news\/reflexoes-e-conquistas-no-ultimo-dia-do-salao-nacional-do-turismo\/","title":{"rendered":"Reflex\u00f5es e conquistas no \u00faltimo dia do Sal\u00e3o Nacional do Turismo"},"content":{"rendered":"<h2><strong>Encerramento da 7\u00aa Edi\u00e7\u00e3o de O Sal\u00e3o Nacional do Turismo<\/strong><\/h2>\n<p>Com uma rica variedade de manifesta\u00e7\u00f5es culturais, atra\u00e7\u00f5es art\u00edsticas e uma ampla gama de atividades destinadas a promover o <a href=\"https:\/\/www.visiteobrasil.com.br\/news\/dicas-essenciais-para-viajar-com-gatos\/\">turismo brasileiro<\/a>, <a href=\"https:\/\/www.gov.br\/turismo\/pt-br\/assuntos\/noticias\/encerramento-do-evento-comemora-a-retomada-do-crescimento-setor-no-pais\" target=\"_blank\" rel=\"noopener\">encerrou-se<\/a> a s\u00e9tima e marcante edi\u00e7\u00e3o do Sal\u00e3o Nacional do <a href=\"https:\/\/www.visiteobrasil.com.br\/news\/veja-dicas-de-viagens-pelo-brasil-em-setembro-2025\/\">Turismo<\/a>.<\/p>\n<p>Ao longo de tr\u00eas dias, o evento celebrou e reuniu profissionais de um setor que se destaca como o segundo maior gerador de empregos no pa\u00eds, sendo respons\u00e1vel por aproximadamente 8% do Produto Interno Bruto (PIB) nacional.<\/p>\n<h3><strong>Retorno triunfal: Ocupa\u00e7\u00e3o da arena BRB Man\u00e9 Garrincha em Bras\u00edlia (DF)<\/strong><\/h3>\n<p>Retornando ap\u00f3s um intervalo de 12 anos, o <a href=\"https:\/\/www.visiteobrasil.com.br\/news\/destinos-em-foco-o-renascimento-do-salao-nacional-do-turismo-em-brasilia\/\">Sal\u00e3o Nacional do Turismo<\/a> ocupou uma extensa \u00e1rea de 26 mil metros quadrados na Arena BRB Man\u00e9 Garrincha, localizada em Bras\u00edlia (DF). O evento proporcionou ao p\u00fablico uma abordagem abrangente, abordando cinco grandes vertentes do setor: Turismo de Natureza, Turismo Rural, Sol e Praia, Turismo Cultural e Turismo de Tend\u00eancias.<\/p>\n<h3><strong>Uni\u00e3o nacional: Participa\u00e7\u00e3o dos 26 estados e do Distrito Federal<\/strong><\/h3>\n<p>Com a participa\u00e7\u00e3o dos 26 estados brasileiros, al\u00e9m do Distrito Federal, o Sal\u00e3o Nacional do Turismo marcou o grandioso retorno da principal vitrine do turismo nacional, apresentando ao p\u00fablico as pol\u00edticas p\u00fablicas em desenvolvimento para impulsionar o setor.<\/p>\n<h3><strong>Vis\u00e3o sustent\u00e1vel: Turismo respons\u00e1vel e inclusivo<\/strong><\/h3>\n<p>O secret\u00e1rio Nacional de Planejamento, Sustentabilidade e Competitividade do Minist\u00e9rio do Turismo, Milton Zuanazzi, enfatizou a oportunidade que o pa\u00eds tem de se destacar como protagonista no cen\u00e1rio tur\u00edstico. Ele expressou o desejo por um turismo respons\u00e1vel, sustent\u00e1vel e inclusivo, com \u00eanfase na abordagem de base comunit\u00e1ria, refletindo os anseios de todo o Brasil.<\/p>\n<h3><strong>Destaque para a excel\u00eancia: Retorno do &#8216;Pr\u00eamio Nacional do Turismo&#8217;<\/strong><\/h3>\n<p>O evento tamb\u00e9m marcou o retorno do Pr\u00eamio Nacional do Turismo, que reconheceu pr\u00e1ticas exemplares em \u00e1reas como sustentabilidade, acessibilidade e interioriza\u00e7\u00e3o de <a href=\"https:\/\/www.visiteobrasil.com.br\/news\/o-que-levar-em-consideracao-ao-fazer-uma-viagem-de-carro-longa\/\">destinos tur\u00edsticos<\/a>, ao mesmo tempo em que apresentou as tend\u00eancias emergentes do setor.<\/p>\n<h3><strong>Contribui\u00e7\u00e3o essencial de todos os envolvidos<\/strong><\/h3>\n<p>A secret\u00e1ria Executiva do Minist\u00e9rio do Turismo, Ana Carla Lopes, expressou sua gratid\u00e3o a todos os presentes, destacando o empenho da equipe que trabalhou incansavelmente para realizar o Sal\u00e3o Nacional do Turismo. Ela ressaltou as in\u00fameras conquistas que puderam ser celebradas naquele dia, atribuindo o sucesso a cada pessoa envolvida, incluindo servidores, colaboradores, terceirizados e volunt\u00e1rios.<\/p>\n<p><strong>Parceria estrat\u00e9gica: Realiza\u00e7\u00e3o do evento em conjunto<\/strong><\/p>\n<p>Realizada pelo Minist\u00e9rio do Turismo em parceria com a Secretaria de Turismo do Distrito Federal, a Embratur, o Banco do Brasil, a Financiadora de Estudos e Projetos (FINEP), o SESC, o SENAC e o Sebrae Nacional, a s\u00e9tima edi\u00e7\u00e3o do Sal\u00e3o Nacional do Turismo representou uma oportunidade \u00fanica para o p\u00fablico interagir e explorar a diversidade do Brasil, aproximando-se da cultura, gastronomia, natureza e destinos variados do pa\u00eds.<\/p>\n<div class=\"flex-1 overflow-hidden\">\n<div class=\"react-scroll-to-bottom--css-dsbzr-79elbk h-full\">\n<div class=\"react-scroll-to-bottom--css-dsbzr-1n7m0yu\">\n<div class=\"flex flex-col pb-9 text-sm\">\n<div class=\"w-full text-token-text-primary\" data-testid=\"conversation-turn-7\">\n<div class=\"px-4 py-2 justify-center text-base md:gap-6 m-auto\">\n<div class=\"flex flex-1 text-base mx-auto gap-3 md:px-5 lg:px-1 xl:px-5 md:max-w-3xl lg:max-w-[40rem] xl:max-w-[48rem] group final-completion\">\n<div class=\"relative flex w-full flex-col lg:w-[calc(100%-115px)] agent-turn\">\n<div class=\"flex-col gap-1 md:gap-3\">\n<div class=\"flex flex-grow flex-col max-w-full\">\n<div class=\"min-h-[20px] text-message flex flex-col items-start gap-3 whitespace-pre-wrap break-words [.text-message+&amp;]:mt-5 overflow-x-auto\" data-message-author-role=\"assistant\" data-message-id=\"d4ad3ff1-784e-46dc-b6b5-c03f56be7fb6\">\n<div class=\"markdown prose w-full break-words dark:prose-invert light\">\n<p><strong>Despedida triunfal: \u00daltimo dia do Sal\u00e3o Nacional do Turismo em Bras\u00edlia (DF)<\/strong><\/p>\n<p>Em clima de despedida, o Sal\u00e3o Nacional do Turismo encerrou suas atividades no \u00faltimo domingo (17.12), deixando como legado uma celebra\u00e7\u00e3o das riquezas do Brasil e da paix\u00e3o incans\u00e1vel dos profissionais do setor. O evento, sediado em Bras\u00edlia (DF), foi marcado por uma atmosfera vibrante, atraindo um grande p\u00fablico \u00e1vido por explorar desde encantadoras paisagens naturais at\u00e9 os centros urbanos mais din\u00e2micos.<\/p>\n<p>A feira foi muito mais do que uma simples exposi\u00e7\u00e3o, tornando-se um palco para a gastronomia, o artesanato, a dan\u00e7a e a m\u00fasica, al\u00e9m de abrigar manifesta\u00e7\u00f5es culturais de expositores de todo o Brasil. O Sal\u00e3o ressurgiu com for\u00e7a total ap\u00f3s 12 anos, ocupando uma \u00e1rea imponente de 26 mil metros quadrados na Arena BRB Man\u00e9 Garrincha, abrangendo cinco grandes eixos: Turismo de Natureza, Turismo Rural, Sol e Praia, Turismo Cultural e Turismo de Tend\u00eancias.<\/p>\n<p>Alguns expositores compartilharam suas experi\u00eancias e destacaram a import\u00e2ncia do evento para seus neg\u00f3cios e para a promo\u00e7\u00e3o da diversidade tur\u00edstica nacional.<\/p>\n<p><strong>Depoimentos dos expositores: Vozes que elevam o turismo brasileiro<\/strong><\/p>\n<p>Ihasminy Teixeira, de Goi\u00e1s, expressou sua gratid\u00e3o pela visibilidade proporcionada pelo Sal\u00e3o: &#8220;Estamos expondo produtos da agricultura familiar, como mel, cacha\u00e7a, tomate, uvas, produtos do Cerrado, do pequi, do baru e muito mais. Para n\u00f3s, \u00e9 muito importante estar aqui no Sal\u00e3o do Turismo, retomar esse espa\u00e7o de visibilidade para todo o Brasil. O Sal\u00e3o traz muita visibilidade, n\u00e3o s\u00f3 pela troca de experi\u00eancias, mas tamb\u00e9m pela possibilidade de expandir nossos neg\u00f3cios.&#8221;<\/p>\n<p>T\u00e1rcis Rocha, da Bahia, ressaltou a import\u00e2ncia do evento na divulga\u00e7\u00e3o das riquezas culturais do estado: &#8220;Estou aqui para trazer uma amostra de artesanato no Sal\u00e3o Nacional de Turismo, que \u00e9 de extrema import\u00e2ncia para a divulga\u00e7\u00e3o das riquezas do nosso estado, da nossa cultura, do nosso artesanato. Essa divulga\u00e7\u00e3o acaba gerando renda, por ser uma regi\u00e3o de turismo, contribui demais!&#8221;<\/p>\n<p>R\u00f4mulo Trajano, tamb\u00e9m de Goi\u00e1s, vislumbrou oportunidades significativas para o com\u00e9rcio local: &#8220;O Sal\u00e3o trar\u00e1 um alcance muito grande e muita oportunidade para o nosso com\u00e9rcio, al\u00e9m de agregar crescimento \u00e0 nossa regi\u00e3o.&#8221;<\/p>\n<p>Ariane Taila, de Alagoas, destacou a import\u00e2ncia do evento como plataforma de networking e promo\u00e7\u00e3o do trabalho: &#8220;Aqui no evento, estamos tendo a oportunidade de conhecer v\u00e1rias pessoas, al\u00e9m de novos clientes e de poder mostrar um pouco mais do nosso trabalho pelo Brasil.&#8221;<\/p>\n<p><strong>Ressurgimento do sal\u00e3o: Uma experi\u00eancia abrangente e enriquecedora<\/strong><\/p>\n<p>Al\u00e9m da exposi\u00e7\u00e3o diversificada, o Sal\u00e3o ofereceu ao p\u00fablico a chance de participar de palestras e debates sobre temas relacionados \u00e0 atividade tur\u00edstica. A programa\u00e7\u00e3o incluiu atra\u00e7\u00f5es culturais, gastron\u00f4micas e musicais, tornando o evento n\u00e3o apenas informativo, mas tamb\u00e9m uma experi\u00eancia envolvente para todos os participantes.<\/p>\n<p>Promovido pelo Minist\u00e9rio do Turismo em parceria com a Secretaria de Turismo do Distrito Federal, a Embratur, o Banco do Brasil, a Financiadora de Estudos e Projetos (FINEP), o SESC, o SENAC e o Sebrae Nacional, a 7\u00aa edi\u00e7\u00e3o do Sal\u00e3o proporcionou a exposi\u00e7\u00e3o de diversos segmentos associados ao setor, incluindo culin\u00e1ria, artesanato, agricultura familiar e manifesta\u00e7\u00f5es art\u00edsticas, consolidando-se como um marco significativo para a promo\u00e7\u00e3o do turismo brasileiro.<\/p>\n<\/div>\n<\/div>\n<\/div>\n<\/div>\n<\/div>\n<\/div>\n<\/div>\n<\/div>\n<\/div>\n<\/div>\n<\/div>\n<\/div>\n","protected":false},"excerpt":{"rendered":"<p>Encerramento da 7\u00aa Edi\u00e7\u00e3o de O Sal\u00e3o Nacional do Turismo Com uma rica variedade de manifesta\u00e7\u00f5es culturais, atra\u00e7\u00f5es art\u00edsticas e uma ampla gama de atividades destinadas a promover o turismo brasileiro, encerrou-se a s\u00e9tima e marcante edi\u00e7\u00e3o do Sal\u00e3o Nacional do Turismo. Ao longo de tr\u00eas dias, o evento celebrou e reuniu profissionais de um [&hellip;]<\/p>\n","protected":false},"author":2,"featured_media":7457,"comment_status":"open","ping_status":"open","sticky":false,"template":"","format":"standard","meta":{"_jetpack_memberships_contains_paid_content":false,"footnotes":"","jetpack_publicize_message":"","jetpack_publicize_feature_enabled":true,"jetpack_social_post_already_shared":true,"jetpack_social_options":{"image_generator_settings":{"template":"highway","default_image_id":0,"font":"","enabled":false},"version":2}},"categories":[701],"tags":[826,828,827],"class_list":["post-7346","post","type-post","status-publish","format-standard","has-post-thumbnail","hentry","category-noticias","tag-o-que-o-salao-nacional-do-turismo-representou-para-o-turismo","tag-o-que-o-salao-nacional-do-turismo-revelou","tag-qual-o-impacto-do-salao-nacional-do-turismo"],"jetpack_publicize_connections":[],"jetpack_featured_media_url":"https:\/\/i0.wp.com\/www.visiteobrasil.com.br\/news\/wp-content\/uploads\/2023\/12\/salao-nacional-de-turismo-foto-RobertoCastro-DF.jpeg?fit=768%2C512&ssl=1","jetpack-related-posts":[{"id":6190,"url":"https:\/\/www.visiteobrasil.com.br\/news\/destinos-em-foco-o-renascimento-do-salao-nacional-do-turismo-em-brasilia\/","url_meta":{"origin":7346,"position":0},"title":"Destinos em Foco: O Renascimento do Sal\u00e3o Nacional do Turismo em Bras\u00edlia","author":"Ramon","date":"26 de novembro de 2023","format":false,"excerpt":"O Retorno triunfal do Sal\u00e3o Nacional do Turismo: Ap\u00f3s uma pausa significativa de 12 anos, o aguardado retorno do Sal\u00e3o Nacional do Turismo est\u00e1 prestes a acontecer. Dentro de apenas 20 dias, a Capital Federal se transformar\u00e1 no epicentro de algumas das experi\u00eancias tur\u00edsticas mais destacadas do Brasil, recebendo visitantes\u2026","rel":"","context":"Em &quot;Noticias&quot;","block_context":{"text":"Noticias","link":"https:\/\/www.visiteobrasil.com.br\/news\/noticias\/"},"img":{"alt_text":"Sal\u00e3o Nacional do Turismo - Brasilia: Palacio do Itamaraty","src":"https:\/\/i0.wp.com\/www.visiteobrasil.com.br\/news\/wp-content\/uploads\/2023\/11\/brasilia-palaciodoitamaraty-foto-xenia-antunes-licenca-cc-by-sa-20gr.jpg?fit=900%2C599&ssl=1&resize=350%2C200","width":350,"height":200,"srcset":"https:\/\/i0.wp.com\/www.visiteobrasil.com.br\/news\/wp-content\/uploads\/2023\/11\/brasilia-palaciodoitamaraty-foto-xenia-antunes-licenca-cc-by-sa-20gr.jpg?fit=900%2C599&ssl=1&resize=350%2C200 1x, https:\/\/i0.wp.com\/www.visiteobrasil.com.br\/news\/wp-content\/uploads\/2023\/11\/brasilia-palaciodoitamaraty-foto-xenia-antunes-licenca-cc-by-sa-20gr.jpg?fit=900%2C599&ssl=1&resize=525%2C300 1.5x, https:\/\/i0.wp.com\/www.visiteobrasil.com.br\/news\/wp-content\/uploads\/2023\/11\/brasilia-palaciodoitamaraty-foto-xenia-antunes-licenca-cc-by-sa-20gr.jpg?fit=900%2C599&ssl=1&resize=700%2C400 2x"},"classes":[]},{"id":13445,"url":"https:\/\/www.visiteobrasil.com.br\/news\/salao-do-turismo-2025-descubra-roteiros-unicos-do-brasil-no-evento\/","url_meta":{"origin":7346,"position":1},"title":"Sal\u00e3o do Turismo 2025: Descubra roteiros \u00fanicos do Brasil no evento","author":"Ramon","date":"10 de agosto de 2025","format":false,"excerpt":"O Sal\u00e3o do Turismo 2025 ser\u00e1 o ponto de encontro para aqueles que buscam explorar as maravilhas do Brasil de uma maneira \u00fanica e enriquecedora. Coordenado pelo Sebrae, o evento, que acontece entre 8 e 10 de agosto de 2025, promete ser uma vitrine para as mais variadas experi\u00eancias tur\u00edsticas\u2026","rel":"","context":"Em &quot;Artigos&quot;","block_context":{"text":"Artigos","link":"https:\/\/www.visiteobrasil.com.br\/news\/artigos\/"},"img":{"alt_text":"Sal\u00e3o do turismo: Trilha amaz\u00f4nia - Casal fazendo trilha - Pixabay","src":"https:\/\/i0.wp.com\/www.visiteobrasil.com.br\/news\/wp-content\/uploads\/2024\/10\/amazonia-hike-863454_1280.jpg?fit=900%2C599&ssl=1&resize=350%2C200","width":350,"height":200,"srcset":"https:\/\/i0.wp.com\/www.visiteobrasil.com.br\/news\/wp-content\/uploads\/2024\/10\/amazonia-hike-863454_1280.jpg?fit=900%2C599&ssl=1&resize=350%2C200 1x, https:\/\/i0.wp.com\/www.visiteobrasil.com.br\/news\/wp-content\/uploads\/2024\/10\/amazonia-hike-863454_1280.jpg?fit=900%2C599&ssl=1&resize=525%2C300 1.5x, https:\/\/i0.wp.com\/www.visiteobrasil.com.br\/news\/wp-content\/uploads\/2024\/10\/amazonia-hike-863454_1280.jpg?fit=900%2C599&ssl=1&resize=700%2C400 2x"},"classes":[]},{"id":13070,"url":"https:\/\/www.visiteobrasil.com.br\/news\/grandes-eventos-turisticos-na-agenda-de-agosto-no-brasil\/","url_meta":{"origin":7346,"position":2},"title":"Grandes eventos tur\u00edsticos na agenda de agosto no Brasil","author":"Ramon","date":"5 de agosto de 2024","format":false,"excerpt":"Agosto oferece uma variedade de op\u00e7\u00f5es O m\u00eas de agosto promete movimentar o setor de turismo no Brasil com dois grandes eventos que n\u00e3o podem ser perdidos! Entre os dias 8 e 11, o Rio de Janeiro sediar\u00e1 o 8\u00ba Sal\u00e3o do Turismo: Conhe\u00e7a o Brasil, a maior vitrine de\u2026","rel":"","context":"Em &quot;Entretenimento&quot;","block_context":{"text":"Entretenimento","link":"https:\/\/www.visiteobrasil.com.br\/news\/entretenimento\/"},"img":{"alt_text":"Agenda cultural para o m\u00eas de agosto no Brasil","src":"https:\/\/i0.wp.com\/www.visiteobrasil.com.br\/news\/wp-content\/uploads\/2024\/08\/Feira-de-turismo-pexels-emilio-martinez-1057015936-24964794.jpg?fit=900%2C600&ssl=1&resize=350%2C200","width":350,"height":200,"srcset":"https:\/\/i0.wp.com\/www.visiteobrasil.com.br\/news\/wp-content\/uploads\/2024\/08\/Feira-de-turismo-pexels-emilio-martinez-1057015936-24964794.jpg?fit=900%2C600&ssl=1&resize=350%2C200 1x, https:\/\/i0.wp.com\/www.visiteobrasil.com.br\/news\/wp-content\/uploads\/2024\/08\/Feira-de-turismo-pexels-emilio-martinez-1057015936-24964794.jpg?fit=900%2C600&ssl=1&resize=525%2C300 1.5x, https:\/\/i0.wp.com\/www.visiteobrasil.com.br\/news\/wp-content\/uploads\/2024\/08\/Feira-de-turismo-pexels-emilio-martinez-1057015936-24964794.jpg?fit=900%2C600&ssl=1&resize=700%2C400 2x"},"classes":[]},{"id":13598,"url":"https:\/\/www.visiteobrasil.com.br\/news\/premio-nacional-do-turismo-2025\/","url_meta":{"origin":7346,"position":3},"title":"Quem s\u00e3o os finalistas do Pr\u00eamio Nacional do Turismo 2025","author":"Ramon","date":"23 de novembro de 2025","format":false,"excerpt":"O Pr\u00eamio Nacional do Turismo avan\u00e7a para a etapa mais aguardada de sua edi\u00e7\u00e3o 2025, reunindo iniciativas e profissionais que simbolizam o avan\u00e7o e a diversidade do turismo brasileiro. Consolidado como o mais importante reconhecimento p\u00fablico do setor, o pr\u00eamio celebra ideias, projetos e trajet\u00f3rias que ampliam oportunidades, valorizam territ\u00f3rios\u2026","rel":"","context":"Em &quot;Eventos&quot;","block_context":{"text":"Eventos","link":"https:\/\/www.visiteobrasil.com.br\/news\/eventos\/"},"img":{"alt_text":"Pr\u00eaio nacional do turismo : Foto: Roberto Castro\/MTur","src":"https:\/\/i0.wp.com\/www.visiteobrasil.com.br\/news\/wp-content\/uploads\/2025\/11\/premio-turismo.jpeg?fit=900%2C600&ssl=1&resize=350%2C200","width":350,"height":200,"srcset":"https:\/\/i0.wp.com\/www.visiteobrasil.com.br\/news\/wp-content\/uploads\/2025\/11\/premio-turismo.jpeg?fit=900%2C600&ssl=1&resize=350%2C200 1x, https:\/\/i0.wp.com\/www.visiteobrasil.com.br\/news\/wp-content\/uploads\/2025\/11\/premio-turismo.jpeg?fit=900%2C600&ssl=1&resize=525%2C300 1.5x, https:\/\/i0.wp.com\/www.visiteobrasil.com.br\/news\/wp-content\/uploads\/2025\/11\/premio-turismo.jpeg?fit=900%2C600&ssl=1&resize=700%2C400 2x"},"classes":[]},{"id":13550,"url":"https:\/\/www.visiteobrasil.com.br\/news\/turismo-domestico-impulsiona-economia-brasileira\/","url_meta":{"origin":7346,"position":4},"title":"Turismo dom\u00e9stico impulsiona economia em R$ 22,8 bilh\u00f5es","author":"Ramon","date":"6 de outubro de 2025","format":false,"excerpt":"O turismo dom\u00e9stico brasileiro voltou a demonstrar sua for\u00e7a e relev\u00e2ncia para a economia nacional. Segundo dados recentes da PNAD Cont\u00ednua: Turismo, divulgada pelo Instituto Brasileiro de Geografia e Estat\u00edstica (IBGE) em parceria com o Minist\u00e9rio do Turismo, o setor movimentou R$ 22,8 bilh\u00f5es em 2024, impulsionado especialmente pelas viagens\u2026","rel":"","context":"Em &quot;Noticias&quot;","block_context":{"text":"Noticias","link":"https:\/\/www.visiteobrasil.com.br\/news\/noticias\/"},"img":{"alt_text":"Turismo dom\u00e9stico: Aeroporto- Foto Freepick","src":"https:\/\/i0.wp.com\/www.visiteobrasil.com.br\/news\/wp-content\/uploads\/2025\/10\/aeroporto-Freepick.jpg?fit=900%2C600&ssl=1&resize=350%2C200","width":350,"height":200,"srcset":"https:\/\/i0.wp.com\/www.visiteobrasil.com.br\/news\/wp-content\/uploads\/2025\/10\/aeroporto-Freepick.jpg?fit=900%2C600&ssl=1&resize=350%2C200 1x, https:\/\/i0.wp.com\/www.visiteobrasil.com.br\/news\/wp-content\/uploads\/2025\/10\/aeroporto-Freepick.jpg?fit=900%2C600&ssl=1&resize=525%2C300 1.5x, https:\/\/i0.wp.com\/www.visiteobrasil.com.br\/news\/wp-content\/uploads\/2025\/10\/aeroporto-Freepick.jpg?fit=900%2C600&ssl=1&resize=700%2C400 2x"},"classes":[]},{"id":13094,"url":"https:\/\/www.visiteobrasil.com.br\/news\/mtur-avanca-na-promocao-do-afroturismo-no-brasil\/","url_meta":{"origin":7346,"position":5},"title":"Mtur avan\u00e7a na promo\u00e7\u00e3o do Afroturismo no Brasil","author":"Ramon","date":"18 de agosto de 2024","format":false,"excerpt":"O Minist\u00e9rio do Turismo (MTur) divulgou nesta quarta-feira, 14 de agosto, o resultado do edital para a contrata\u00e7\u00e3o de uma consultoria especializada em afroturismo no Brasil. Ap\u00f3s um rigoroso processo de sele\u00e7\u00e3o, iniciado em junho em parceria com a UNESCO, a turism\u00f3loga Thais Rosa Pinheiro, fundadora da ag\u00eancia Conectando Territ\u00f3rios,\u2026","rel":"","context":"Em &quot;Noticias&quot;","block_context":{"text":"Noticias","link":"https:\/\/www.visiteobrasil.com.br\/news\/noticias\/"},"img":{"alt_text":"Festival Salvador Afroturismo-Foto: Embratur","src":"https:\/\/i0.wp.com\/www.visiteobrasil.com.br\/news\/wp-content\/uploads\/2024\/08\/Afroturismo-Foto-Embratur.jpg?fit=900%2C600&ssl=1&resize=350%2C200","width":350,"height":200,"srcset":"https:\/\/i0.wp.com\/www.visiteobrasil.com.br\/news\/wp-content\/uploads\/2024\/08\/Afroturismo-Foto-Embratur.jpg?fit=900%2C600&ssl=1&resize=350%2C200 1x, https:\/\/i0.wp.com\/www.visiteobrasil.com.br\/news\/wp-content\/uploads\/2024\/08\/Afroturismo-Foto-Embratur.jpg?fit=900%2C600&ssl=1&resize=525%2C300 1.5x, https:\/\/i0.wp.com\/www.visiteobrasil.com.br\/news\/wp-content\/uploads\/2024\/08\/Afroturismo-Foto-Embratur.jpg?fit=900%2C600&ssl=1&resize=700%2C400 2x"},"classes":[]}],"jetpack_sharing_enabled":true,"jetpack_likes_enabled":true,"_links":{"self":[{"href":"https:\/\/www.visiteobrasil.com.br\/news\/wp-json\/wp\/v2\/posts\/7346","targetHints":{"allow":["GET"]}}],"collection":[{"href":"https:\/\/www.visiteobrasil.com.br\/news\/wp-json\/wp\/v2\/posts"}],"about":[{"href":"https:\/\/www.visiteobrasil.com.br\/news\/wp-json\/wp\/v2\/types\/post"}],"author":[{"embeddable":true,"href":"https:\/\/www.visiteobrasil.com.br\/news\/wp-json\/wp\/v2\/users\/2"}],"replies":[{"embeddable":true,"href":"https:\/\/www.visiteobrasil.com.br\/news\/wp-json\/wp\/v2\/comments?post=7346"}],"version-history":[{"count":4,"href":"https:\/\/www.visiteobrasil.com.br\/news\/wp-json\/wp\/v2\/posts\/7346\/revisions"}],"predecessor-version":[{"id":7510,"href":"https:\/\/www.visiteobrasil.com.br\/news\/wp-json\/wp\/v2\/posts\/7346\/revisions\/7510"}],"wp:featuredmedia":[{"embeddable":true,"href":"https:\/\/www.visiteobrasil.com.br\/news\/wp-json\/wp\/v2\/media\/7457"}],"wp:attachment":[{"href":"https:\/\/www.visiteobrasil.com.br\/news\/wp-json\/wp\/v2\/media?parent=7346"}],"wp:term":[{"taxonomy":"category","embeddable":true,"href":"https:\/\/www.visiteobrasil.com.br\/news\/wp-json\/wp\/v2\/categories?post=7346"},{"taxonomy":"post_tag","embeddable":true,"href":"https:\/\/www.visiteobrasil.com.br\/news\/wp-json\/wp\/v2\/tags?post=7346"}],"curies":[{"name":"wp","href":"https:\/\/api.w.org\/{rel}","templated":true}]}}