{"id":6540,"date":"2023-12-10T10:44:44","date_gmt":"2023-12-10T13:44:44","guid":{"rendered":"https:\/\/www.visiteobrasil.com.br\/news\/?p=6540"},"modified":"2023-12-10T11:16:20","modified_gmt":"2023-12-10T14:16:20","slug":"brasil-tera-instalacao-do-pioneiro-escritorio-regional-da-omt","status":"publish","type":"post","link":"https:\/\/www.visiteobrasil.com.br\/news\/brasil-tera-instalacao-do-pioneiro-escritorio-regional-da-omt\/","title":{"rendered":"Brasil ter\u00e1 instala\u00e7\u00e3o do pioneiro escrit\u00f3rio regional da OMT"},"content":{"rendered":"<h2>Inaugura\u00e7\u00e3o de escrit\u00f3rio da OMT no Brasil<\/h2>\n<p>O escrit\u00f3rio regional da OMT est\u00e1 prestes a se tornar um marco hist\u00f3rico no setor do <a href=\"https:\/\/www.visiteobrasil.com.br\/news\/dicas-essenciais-para-viajar-com-gatos\/\">turismo brasileiro<\/a>, com a iminente inaugura\u00e7\u00e3o na cidade do Rio de Janeiro. Este evento n\u00e3o apenas promete fortalecer as a\u00e7\u00f5es tur\u00edsticas para os pa\u00edses das Am\u00e9ricas e do Caribe, fomentando a coopera\u00e7\u00e3o em projetos conjuntos que impulsionar\u00e3o a atividade tur\u00edstica na regi\u00e3o, mas tamb\u00e9m reflete o comprometimento do Minist\u00e9rio do <a href=\"https:\/\/www.visiteobrasil.com.br\/news\/o-que-levar-em-consideracao-ao-fazer-uma-viagem-de-carro-longa\/\">Turismo<\/a> com o C\u00f3digo Internacional para a Prote\u00e7\u00e3o de Turistas (ICPT). Essa iniciativa adiciona uma camada significativa de responsabilidade e cuidado para com os visitantes internacionais, solidificando o compromisso do Brasil em criar um ambiente seguro e acolhedor para os turistas.<\/p>\n<h3><strong>A chegada do escrit\u00f3rio regional da OMT no Brasil<\/strong><\/h3>\n<p>A concretiza\u00e7\u00e3o desse empreendimento resulta de uma intensa negocia\u00e7\u00e3o liderada pelo Ministro do Turismo, Celso Sabino. A proximidade da data de inaugura\u00e7\u00e3o do escrit\u00f3rio regional da OMT, marcada para o dia 15 de dezembro, desperta uma expectativa palp\u00e1vel em todo o setor. A assinatura do acordo para a <a href=\"https:\/\/www.gov.br\/turismo\/pt-br\/assuntos\/noticias\/brasil-se-prepara-para-instalacao-do-escritorio-regional-da-omt\" target=\"_blank\" rel=\"noopener\">instala\u00e7\u00e3o do escrit\u00f3rio<\/a> regional ocorreu durante a 25\u00aa Assembleia Geral da OMT, no Uzbequist\u00e3o, entre o Ministro Sabino e o Secret\u00e1rio-Geral da OMT, Zurab Pololikashvili, em outubro. Este marco n\u00e3o apenas destaca a import\u00e2ncia do Brasil no cen\u00e1rio tur\u00edstico internacional, mas tamb\u00e9m sinaliza um passo significativo na coopera\u00e7\u00e3o regional.<\/p>\n<h3><strong>Contextualizando a OMT<\/strong><\/h3>\n<p>A Organiza\u00e7\u00e3o Mundial do Turismo \u00e9 uma ag\u00eancia especializada das Na\u00e7\u00f5es Unidas que desempenha um papel crucial na promo\u00e7\u00e3o do turismo sustent\u00e1vel e respons\u00e1vel em todo o mundo. Com a sede em Madri, na Espanha, a OMT busca promover a compreens\u00e3o entre as na\u00e7\u00f5es por meio do turismo, incentivando o desenvolvimento econ\u00f4mico, a inclus\u00e3o social e a preserva\u00e7\u00e3o do <a href=\"https:\/\/visiteobrasil.com.br\/nordeste\/bahia\/salvador\/pelourinho\/atracoes\">patrim\u00f4nio cultural<\/a>.<\/p>\n<figure id=\"attachment_5956\" aria-describedby=\"caption-attachment-5956\" style=\"width: 550px\" class=\"wp-caption aligncenter\"><img data-recalc-dims=\"1\" fetchpriority=\"high\" decoding=\"async\" class=\"wp-image-5956\" src=\"https:\/\/i0.wp.com\/www.visiteobrasil.com.br\/news\/wp-content\/uploads\/2023\/11\/largo-do-pelourinho-foto-jota-freitas-seturgr.jpg?resize=550%2C365&#038;ssl=1\" alt=\"Novembro negro - Largo do Pelourinho \u00e0 noite - Foto: Jota Freitas\/Setur\" width=\"550\" height=\"365\" title=\"\" srcset=\"https:\/\/i0.wp.com\/www.visiteobrasil.com.br\/news\/wp-content\/uploads\/2023\/11\/largo-do-pelourinho-foto-jota-freitas-seturgr.jpg?resize=300%2C199&amp;ssl=1 300w, https:\/\/i0.wp.com\/www.visiteobrasil.com.br\/news\/wp-content\/uploads\/2023\/11\/largo-do-pelourinho-foto-jota-freitas-seturgr.jpg?resize=768%2C509&amp;ssl=1 768w, https:\/\/i0.wp.com\/www.visiteobrasil.com.br\/news\/wp-content\/uploads\/2023\/11\/largo-do-pelourinho-foto-jota-freitas-seturgr.jpg?w=900&amp;ssl=1 900w\" sizes=\"(max-width: 550px) 100vw, 550px\" \/><figcaption id=\"caption-attachment-5956\" class=\"wp-caption-text\">Novembro negro &#8211; Largo do Pelourinho \u00e0 noite &#8211; Foto: Jota Freitas\/Setur<\/figcaption><\/figure>\n<p>Atualmente, a OMT conta apenas com um escrit\u00f3rio regional, localizado na Ar\u00e1bia Saudita, tornando a instala\u00e7\u00e3o no Brasil um marco relevante para a expans\u00e3o de sua presen\u00e7a global e o fortalecimento das rela\u00e7\u00f5es no continente americano.<\/p>\n<h3><strong>O compromisso do Brasil com a prote\u00e7\u00e3o de turistas<\/strong><\/h3>\n<p>Em um gesto in\u00e9dito, o Minist\u00e9rio do Turismo brasileiro formalizou seu compromisso com o C\u00f3digo Internacional para a Prote\u00e7\u00e3o de Turistas (ICPT). Este conjunto de princ\u00edpios e recomenda\u00e7\u00f5es abrange a prote\u00e7\u00e3o de turistas em situa\u00e7\u00f5es de emerg\u00eancia, n\u00e3o se limitando apenas a pandemias, mas tamb\u00e9m considerando os direitos dos consumidores.<\/p>\n<p>O ICPT visa restaurar a confian\u00e7a dos viajantes internacionais, oferecendo garantias s\u00f3lidas em situa\u00e7\u00f5es adversas, com a chegada do escrit\u00f3rio regional da OMT ao Brasil. Esse compromisso refor\u00e7a o papel do Brasil como um destino tur\u00edstico respons\u00e1vel e preocupado com a seguran\u00e7a e o bem-estar de seus visitantes.<\/p>\n<h3><strong>Perspectivas para o Futuro<\/strong><\/h3>\n<p>Com a inaugura\u00e7\u00e3o iminente do escrit\u00f3rio regional da OMT e a ades\u00e3o ao ICPT, o Brasil se posiciona como um l\u00edder comprometido com a promo\u00e7\u00e3o de pr\u00e1ticas tur\u00edsticas sustent\u00e1veis e seguras. A coopera\u00e7\u00e3o regional facilitada pelo escrit\u00f3rio fortalecer\u00e1 la\u00e7os entre os pa\u00edses das Am\u00e9ricas e do Caribe, abrindo portas para projetos inovadores e colaborativos.<\/p>\n<p>Este \u00e9 um cap\u00edtulo promissor na hist\u00f3ria do turismo brasileiro, um pa\u00eds que reconhece a import\u00e2ncia estrat\u00e9gica dessa ind\u00fastria e se empenha em garantir experi\u00eancias memor\u00e1veis e seguras para todos os visitantes. \u00c0 medida que o escrit\u00f3rio regional da OMT abre suas portas, o Brasil se coloca no centro das discuss\u00f5es sobre o futuro do turismo internacional, demonstrando sua capacidade de lideran\u00e7a e comprometimento com um setor tur\u00edstico mais resiliente e respons\u00e1vel.<\/p>\n<div class=\"flex-1 overflow-hidden\">\n<div class=\"react-scroll-to-bottom--css-sptpa-79elbk h-full\">\n<div class=\"react-scroll-to-bottom--css-sptpa-1n7m0yu\">\n<div class=\"flex flex-col pb-9 text-sm\">\n<div class=\"w-full text-token-text-primary\" data-testid=\"conversation-turn-9\">\n<div class=\"px-4 py-2 justify-center text-base md:gap-6 m-auto\">\n<div class=\"flex flex-1 text-base mx-auto gap-3 md:px-5 lg:px-1 xl:px-5 md:max-w-3xl lg:max-w-[40rem] xl:max-w-[48rem] } group final-completion\">\n<div class=\"relative flex w-full flex-col lg:w-[calc(100%-115px)] agent-turn\">\n<div class=\"flex-col gap-1 md:gap-3\">\n<div class=\"flex flex-grow flex-col max-w-full\">\n<div class=\"min-h-[20px] text-message flex flex-col items-start gap-3 whitespace-pre-wrap break-words [.text-message+&amp;]:mt-5 overflow-x-auto\" data-message-author-role=\"assistant\" data-message-id=\"9af4f755-299c-4155-a62e-f0022536af31\">\n<div class=\"markdown prose w-full break-words dark:prose-invert light\">\n<h3><strong>Um novo horizonte para o turismo brasileiro<\/strong><\/h3>\n<p>O fervor que antecede a inaugura\u00e7\u00e3o do escrit\u00f3rio regional da OMT no Brasil \u00e9 palp\u00e1vel, ecoando a promessa de um novo horizonte para o turismo no pa\u00eds. Este marco hist\u00f3rico n\u00e3o apenas representa um reconhecimento da posi\u00e7\u00e3o estrat\u00e9gica do Brasil no cen\u00e1rio tur\u00edstico internacional, mas tamb\u00e9m sinaliza uma abertura para <a href=\"https:\/\/visiteobrasil.com.br\/noticia\/cmara-dos-deputados-aprova-projeto-de-rota-turstica-belm-bragana\">oportunidades inexploradas<\/a>. Com a proximidade da data marcada para o grande evento, a expectativa cresce n\u00e3o s\u00f3 entre os membros do setor tur\u00edstico, mas tamb\u00e9m entre aqueles que veem o turismo como uma for\u00e7a impulsionadora do desenvolvimento econ\u00f4mico e da compreens\u00e3o global.<\/p>\n<figure id=\"attachment_5697\" aria-describedby=\"caption-attachment-5697\" style=\"width: 550px\" class=\"wp-caption aligncenter\"><img data-recalc-dims=\"1\" decoding=\"async\" class=\"wp-image-5697\" src=\"https:\/\/i0.wp.com\/www.visiteobrasil.com.br\/news\/wp-content\/uploads\/2023\/11\/Chapada-diamantina-Lagoas-em-Lencois-Thomas-Coutinho2.jpg?resize=550%2C367&#038;ssl=1\" alt=\"Chapada Diamantina - Lagoas em Len\u00e7\u00f3is - Foto: Thomas Coutinho\" width=\"550\" height=\"367\" title=\"\" srcset=\"https:\/\/i0.wp.com\/www.visiteobrasil.com.br\/news\/wp-content\/uploads\/2023\/11\/Chapada-diamantina-Lagoas-em-Lencois-Thomas-Coutinho2.jpg?w=900&amp;ssl=1 900w, https:\/\/i0.wp.com\/www.visiteobrasil.com.br\/news\/wp-content\/uploads\/2023\/11\/Chapada-diamantina-Lagoas-em-Lencois-Thomas-Coutinho2.jpg?resize=300%2C200&amp;ssl=1 300w, https:\/\/i0.wp.com\/www.visiteobrasil.com.br\/news\/wp-content\/uploads\/2023\/11\/Chapada-diamantina-Lagoas-em-Lencois-Thomas-Coutinho2.jpg?resize=768%2C512&amp;ssl=1 768w\" sizes=\"(max-width: 550px) 100vw, 550px\" \/><figcaption id=\"caption-attachment-5697\" class=\"wp-caption-text\">Chapada Diamantina &#8211; Lagoas em Len\u00e7\u00f3is &#8211; Foto: Thomas Coutinho<\/figcaption><\/figure>\n<h3><strong>Coopera\u00e7\u00e3o regional e projetos inovadores<\/strong><\/h3>\n<p>A presen\u00e7a do escrit\u00f3rio regional da OMT promete ser um catalisador para a coopera\u00e7\u00e3o regional, proporcionando um ambiente prop\u00edcio para a concep\u00e7\u00e3o e execu\u00e7\u00e3o de projetos inovadores. Pa\u00edses das Am\u00e9ricas e do Caribe ter\u00e3o uma plataforma dedicada para trocar experi\u00eancias, conhecimentos e boas pr\u00e1ticas, fortalecendo la\u00e7os e <a href=\"https:\/\/visiteobrasil.com.br\/noticia\/o-turismo-de-nibus-est-transformando-as-viagens-no-brasil\">impulsionando o turismo<\/a> de maneira conjunta. Essa colabora\u00e7\u00e3o transfronteiri\u00e7a tem o potencial de n\u00e3o apenas diversificar as ofertas tur\u00edsticas, mas tamb\u00e9m de criar uma sinergia que transcende as fronteiras geogr\u00e1ficas.<\/p>\n<h3><strong>Um compromisso firme com a prote\u00e7\u00e3o dos turistas<\/strong><\/h3>\n<p>Ao aderir ao C\u00f3digo Internacional para a Prote\u00e7\u00e3o de Turistas (ICPT), o Brasil n\u00e3o apenas se destaca como um anfitri\u00e3o respons\u00e1vel, mas tamb\u00e9m firma um compromisso firme com a seguran\u00e7a e bem-estar dos visitantes. Este c\u00f3digo abrangente n\u00e3o se restringe a crises pand\u00eamicas; ele estabelece princ\u00edpios fundamentais para proteger os turistas em diversas situa\u00e7\u00f5es de emerg\u00eancia, demonstrando a prioridade dada \u00e0 experi\u00eancia do viajante. Essa postura n\u00e3o s\u00f3 resgata a confian\u00e7a internacional nas <a href=\"https:\/\/www.visiteobrasil.com.br\/news\/como-planejar-uma-viagem-em-familia-que-agrade-a-todos\/\">viagens<\/a>, mas tamb\u00e9m coloca o Brasil na vanguarda das na\u00e7\u00f5es comprometidas com a integridade do setor tur\u00edstico.<\/p>\n<\/div>\n<\/div>\n<\/div>\n<\/div>\n<\/div>\n<\/div>\n<\/div>\n<\/div>\n<\/div>\n<\/div>\n<\/div>\n<\/div>\n","protected":false},"excerpt":{"rendered":"<p>Inaugura\u00e7\u00e3o de escrit\u00f3rio da OMT no Brasil O escrit\u00f3rio regional da OMT est\u00e1 prestes a se tornar um marco hist\u00f3rico no setor do turismo brasileiro, com a iminente inaugura\u00e7\u00e3o na cidade do Rio de Janeiro. Este evento n\u00e3o apenas promete fortalecer as a\u00e7\u00f5es tur\u00edsticas para os pa\u00edses das Am\u00e9ricas e do Caribe, fomentando a coopera\u00e7\u00e3o [&hellip;]<\/p>\n","protected":false},"author":2,"featured_media":6541,"comment_status":"open","ping_status":"open","sticky":false,"template":"","format":"standard","meta":{"_jetpack_memberships_contains_paid_content":false,"footnotes":"","jetpack_publicize_message":"","jetpack_publicize_feature_enabled":true,"jetpack_social_post_already_shared":true,"jetpack_social_options":{"image_generator_settings":{"template":"highway","default_image_id":0,"font":"","enabled":false},"version":2}},"categories":[701],"tags":[815,814,813,816],"class_list":["post-6540","post","type-post","status-publish","format-standard","has-post-thumbnail","hentry","category-noticias","tag-como-a-adesao-a-omt-reflete-na-experiencia-do-viajante","tag-como-o-escritorio-da-omt-impulsionara-projetos-conjuntos-no-brasil","tag-o-que-esperar-da-inauguracao-do-escritorio-regional-da-omt-no-brasil","tag-omt-no-brasil-qual-o-significado-do-compromisso-com-a-protecao-de-turistas"],"jetpack_publicize_connections":[],"jetpack_featured_media_url":"https:\/\/i0.wp.com\/www.visiteobrasil.com.br\/news\/wp-content\/uploads\/2023\/12\/Cristo-redendor-Credito-Luciola-Vilella-MTUR.jpg?fit=900%2C600&ssl=1","jetpack-related-posts":[{"id":6190,"url":"https:\/\/www.visiteobrasil.com.br\/news\/destinos-em-foco-o-renascimento-do-salao-nacional-do-turismo-em-brasilia\/","url_meta":{"origin":6540,"position":0},"title":"Destinos em Foco: O Renascimento do Sal\u00e3o Nacional do Turismo em Bras\u00edlia","author":"Ramon","date":"26 de novembro de 2023","format":false,"excerpt":"O Retorno triunfal do Sal\u00e3o Nacional do Turismo: Ap\u00f3s uma pausa significativa de 12 anos, o aguardado retorno do Sal\u00e3o Nacional do Turismo est\u00e1 prestes a acontecer. Dentro de apenas 20 dias, a Capital Federal se transformar\u00e1 no epicentro de algumas das experi\u00eancias tur\u00edsticas mais destacadas do Brasil, recebendo visitantes\u2026","rel":"","context":"Em &quot;Noticias&quot;","block_context":{"text":"Noticias","link":"https:\/\/www.visiteobrasil.com.br\/news\/noticias\/"},"img":{"alt_text":"Sal\u00e3o Nacional do Turismo - Brasilia: Palacio do Itamaraty","src":"https:\/\/i0.wp.com\/www.visiteobrasil.com.br\/news\/wp-content\/uploads\/2023\/11\/brasilia-palaciodoitamaraty-foto-xenia-antunes-licenca-cc-by-sa-20gr.jpg?fit=900%2C599&ssl=1&resize=350%2C200","width":350,"height":200,"srcset":"https:\/\/i0.wp.com\/www.visiteobrasil.com.br\/news\/wp-content\/uploads\/2023\/11\/brasilia-palaciodoitamaraty-foto-xenia-antunes-licenca-cc-by-sa-20gr.jpg?fit=900%2C599&ssl=1&resize=350%2C200 1x, https:\/\/i0.wp.com\/www.visiteobrasil.com.br\/news\/wp-content\/uploads\/2023\/11\/brasilia-palaciodoitamaraty-foto-xenia-antunes-licenca-cc-by-sa-20gr.jpg?fit=900%2C599&ssl=1&resize=525%2C300 1.5x, https:\/\/i0.wp.com\/www.visiteobrasil.com.br\/news\/wp-content\/uploads\/2023\/11\/brasilia-palaciodoitamaraty-foto-xenia-antunes-licenca-cc-by-sa-20gr.jpg?fit=900%2C599&ssl=1&resize=700%2C400 2x"},"classes":[]},{"id":10559,"url":"https:\/\/www.visiteobrasil.com.br\/news\/turistas-estrangeiros-contribuem-com-r-345-bilhoes-em-2023\/","url_meta":{"origin":6540,"position":1},"title":"Turistas estrangeiros contribuem com R$ 34,5 Bilh\u00f5es em 2023","author":"Ramon","date":"5 de fevereiro de 2024","format":false,"excerpt":"Impulso Positivo para o Turismo Brasileiro Esta semana traz uma not\u00edcia promissora divulgada pela ONU Turismo nesta segunda-feira (05\/02), colocando o Brasil como l\u00edder na Am\u00e9rica do Sul em arrecada\u00e7\u00e3o de receitas provenientes de turistas estrangeiros. Essa conquista reflete n\u00e3o apenas o potencial tur\u00edstico do pa\u00eds, mas tamb\u00e9m os esfor\u00e7os\u2026","rel":"","context":"Em &quot;Noticias&quot;","block_context":{"text":"Noticias","link":"https:\/\/www.visiteobrasil.com.br\/news\/noticias\/"},"img":{"alt_text":"Turistas estrangeiros - Passagens a\u00e9reas: Aeroporto de Viracopos-SP - Credito: Arquivo Mtur","src":"https:\/\/i0.wp.com\/www.visiteobrasil.com.br\/news\/wp-content\/uploads\/2023\/12\/Aeroporto-de-Viracopos-sp-Credito-Arquivo-MTur.jpg?fit=900%2C649&ssl=1&resize=350%2C200","width":350,"height":200,"srcset":"https:\/\/i0.wp.com\/www.visiteobrasil.com.br\/news\/wp-content\/uploads\/2023\/12\/Aeroporto-de-Viracopos-sp-Credito-Arquivo-MTur.jpg?fit=900%2C649&ssl=1&resize=350%2C200 1x, https:\/\/i0.wp.com\/www.visiteobrasil.com.br\/news\/wp-content\/uploads\/2023\/12\/Aeroporto-de-Viracopos-sp-Credito-Arquivo-MTur.jpg?fit=900%2C649&ssl=1&resize=525%2C300 1.5x, https:\/\/i0.wp.com\/www.visiteobrasil.com.br\/news\/wp-content\/uploads\/2023\/12\/Aeroporto-de-Viracopos-sp-Credito-Arquivo-MTur.jpg?fit=900%2C649&ssl=1&resize=700%2C400 2x"},"classes":[]},{"id":8691,"url":"https:\/\/www.visiteobrasil.com.br\/news\/planeje-suas-viagens-para-os-feriados-em-2024\/","url_meta":{"origin":6540,"position":2},"title":"Planeje suas viagens para os feriados em 2024","author":"Ramon","date":"31 de dezembro de 2023","format":false,"excerpt":"Feriados Nacionais e Oportunidades de Pausa em 2024 O esp\u00edrito brasileiro, caracterizado por uma antecipa\u00e7\u00e3o constante ao pr\u00f3ximo momento de descanso, nos feriados em 2024 j\u00e1 est\u00e1 direcionado para as possibilidades que esse ano oferece. Com\u00a0 lista robusta de feriados nacionais, o pr\u00f3ximo ano se revela como uma excelente oportunidade\u2026","rel":"","context":"Em &quot;Dicas legais&quot;","block_context":{"text":"Dicas legais","link":"https:\/\/www.visiteobrasil.com.br\/news\/dicas-legais\/"},"img":{"alt_text":"Feriados prolongados em 2024 - Morro-de-S\u00e3o-Paulo-Foto: Renato Trentin-Unsplash","src":"https:\/\/i0.wp.com\/www.visiteobrasil.com.br\/news\/wp-content\/uploads\/2023\/12\/Morro-de-Sao-Paulo-renato-trentin-YIYS2ZnRM20-unsplash.jpg?fit=900%2C675&ssl=1&resize=350%2C200","width":350,"height":200,"srcset":"https:\/\/i0.wp.com\/www.visiteobrasil.com.br\/news\/wp-content\/uploads\/2023\/12\/Morro-de-Sao-Paulo-renato-trentin-YIYS2ZnRM20-unsplash.jpg?fit=900%2C675&ssl=1&resize=350%2C200 1x, https:\/\/i0.wp.com\/www.visiteobrasil.com.br\/news\/wp-content\/uploads\/2023\/12\/Morro-de-Sao-Paulo-renato-trentin-YIYS2ZnRM20-unsplash.jpg?fit=900%2C675&ssl=1&resize=525%2C300 1.5x, https:\/\/i0.wp.com\/www.visiteobrasil.com.br\/news\/wp-content\/uploads\/2023\/12\/Morro-de-Sao-Paulo-renato-trentin-YIYS2ZnRM20-unsplash.jpg?fit=900%2C675&ssl=1&resize=700%2C400 2x"},"classes":[]},{"id":13601,"url":"https:\/\/www.visiteobrasil.com.br\/news\/crescimento-do-turismo\/","url_meta":{"origin":6540,"position":3},"title":"Crescimento do turismo coloca Brasil na lideran\u00e7a global, aponta ONU","author":"Ramon","date":"1 de dezembro de 2025","format":false,"excerpt":"O crescimento do turismo brasileiro acaba de ganhar um novo cap\u00edtulo \u2014 e desta vez com carimbo das Na\u00e7\u00f5es Unidas. Segundo estudo divulgado pela Organiza\u00e7\u00e3o Mundial do Turismo (OMT\/ONU), o Brasil registrou alta de 45% nas chegadas internacionais entre janeiro e setembro de 2025, liderando o avan\u00e7o global e consolidando\u2026","rel":"","context":"Em &quot;internacional&quot;","block_context":{"text":"internacional","link":"https:\/\/www.visiteobrasil.com.br\/news\/internacional\/"},"img":{"alt_text":"crescimento do turismo : Familia de turista feliz-Credito-Gettyimages","src":"https:\/\/i0.wp.com\/www.visiteobrasil.com.br\/news\/wp-content\/uploads\/2025\/12\/familia-turista-feliz-Credito-Gettyimages.jpeg?fit=900%2C600&ssl=1&resize=350%2C200","width":350,"height":200,"srcset":"https:\/\/i0.wp.com\/www.visiteobrasil.com.br\/news\/wp-content\/uploads\/2025\/12\/familia-turista-feliz-Credito-Gettyimages.jpeg?fit=900%2C600&ssl=1&resize=350%2C200 1x, https:\/\/i0.wp.com\/www.visiteobrasil.com.br\/news\/wp-content\/uploads\/2025\/12\/familia-turista-feliz-Credito-Gettyimages.jpeg?fit=900%2C600&ssl=1&resize=525%2C300 1.5x, https:\/\/i0.wp.com\/www.visiteobrasil.com.br\/news\/wp-content\/uploads\/2025\/12\/familia-turista-feliz-Credito-Gettyimages.jpeg?fit=900%2C600&ssl=1&resize=700%2C400 2x"},"classes":[]},{"id":13540,"url":"https:\/\/www.visiteobrasil.com.br\/news\/turismo-internacional-brasil-2025\/","url_meta":{"origin":6540,"position":4},"title":"Turismo internacional movimenta R$ 29 bilh\u00f5es no Brasil em 2025","author":"Ramon","date":"28 de setembro de 2025","format":false,"excerpt":"O turismo internacional segue em ascens\u00e3o no Brasil e alcan\u00e7ou um marco hist\u00f3rico em 2025. Segundo dados divulgados pelo Minist\u00e9rio do Turismo, visitantes estrangeiros injetaram R$ 29 bilh\u00f5es na economia nacional, representando um crescimento de 11% em rela\u00e7\u00e3o ao ano anterior. O resultado confirma a retomada vigorosa do setor ap\u00f3s\u2026","rel":"","context":"Em &quot;Noticias&quot;","block_context":{"text":"Noticias","link":"https:\/\/www.visiteobrasil.com.br\/news\/noticias\/"},"img":{"alt_text":"Turismo internacional. Turistas tirando fotos - Foto: GettyImages","src":"https:\/\/i0.wp.com\/www.visiteobrasil.com.br\/news\/wp-content\/uploads\/2025\/09\/turismo-internacional-Foto-GettyImages.jpeg?fit=900%2C600&ssl=1&resize=350%2C200","width":350,"height":200,"srcset":"https:\/\/i0.wp.com\/www.visiteobrasil.com.br\/news\/wp-content\/uploads\/2025\/09\/turismo-internacional-Foto-GettyImages.jpeg?fit=900%2C600&ssl=1&resize=350%2C200 1x, https:\/\/i0.wp.com\/www.visiteobrasil.com.br\/news\/wp-content\/uploads\/2025\/09\/turismo-internacional-Foto-GettyImages.jpeg?fit=900%2C600&ssl=1&resize=525%2C300 1.5x, https:\/\/i0.wp.com\/www.visiteobrasil.com.br\/news\/wp-content\/uploads\/2025\/09\/turismo-internacional-Foto-GettyImages.jpeg?fit=900%2C600&ssl=1&resize=700%2C400 2x"},"classes":[]},{"id":13523,"url":"https:\/\/www.visiteobrasil.com.br\/news\/turismo-gastronomico-brasil-sera-sede-do-forum-mundial\/","url_meta":{"origin":6540,"position":5},"title":"Turismo Gastron\u00f4mico: Brasil ser\u00e1 sede do F\u00f3rum Mundial","author":"Ramon","date":"21 de setembro de 2025","format":false,"excerpt":"O Brasil se prepara para receber um dos eventos mais importantes do calend\u00e1rio internacional de turismo: o F\u00f3rum Mundial do Turismo Gastron\u00f4mico da ONU, marcado para 2026. Este encontro reunir\u00e1 especialistas, chefs renomados, representantes de governos e operadores do setor para debater tend\u00eancias, inova\u00e7\u00f5es e pol\u00edticas p\u00fablicas voltadas ao turismo\u2026","rel":"","context":"Em &quot;Eventos&quot;","block_context":{"text":"Eventos","link":"https:\/\/www.visiteobrasil.com.br\/news\/eventos\/"},"img":{"alt_text":"Chef brasileiro preparando prato t\u00edpico em cen\u00e1rio tur\u00edstico, com cores vibrantes e elementos culturais, representando o turismo gastron\u00f4mico.","src":"https:\/\/i0.wp.com\/www.visiteobrasil.com.br\/news\/wp-content\/uploads\/2025\/09\/Chef-brasileiro-preparando-prato-tipico.jpeg?fit=900%2C600&ssl=1&resize=350%2C200","width":350,"height":200,"srcset":"https:\/\/i0.wp.com\/www.visiteobrasil.com.br\/news\/wp-content\/uploads\/2025\/09\/Chef-brasileiro-preparando-prato-tipico.jpeg?fit=900%2C600&ssl=1&resize=350%2C200 1x, https:\/\/i0.wp.com\/www.visiteobrasil.com.br\/news\/wp-content\/uploads\/2025\/09\/Chef-brasileiro-preparando-prato-tipico.jpeg?fit=900%2C600&ssl=1&resize=525%2C300 1.5x, https:\/\/i0.wp.com\/www.visiteobrasil.com.br\/news\/wp-content\/uploads\/2025\/09\/Chef-brasileiro-preparando-prato-tipico.jpeg?fit=900%2C600&ssl=1&resize=700%2C400 2x"},"classes":[]}],"jetpack_sharing_enabled":true,"jetpack_likes_enabled":true,"_links":{"self":[{"href":"https:\/\/www.visiteobrasil.com.br\/news\/wp-json\/wp\/v2\/posts\/6540","targetHints":{"allow":["GET"]}}],"collection":[{"href":"https:\/\/www.visiteobrasil.com.br\/news\/wp-json\/wp\/v2\/posts"}],"about":[{"href":"https:\/\/www.visiteobrasil.com.br\/news\/wp-json\/wp\/v2\/types\/post"}],"author":[{"embeddable":true,"href":"https:\/\/www.visiteobrasil.com.br\/news\/wp-json\/wp\/v2\/users\/2"}],"replies":[{"embeddable":true,"href":"https:\/\/www.visiteobrasil.com.br\/news\/wp-json\/wp\/v2\/comments?post=6540"}],"version-history":[{"count":4,"href":"https:\/\/www.visiteobrasil.com.br\/news\/wp-json\/wp\/v2\/posts\/6540\/revisions"}],"predecessor-version":[{"id":6545,"href":"https:\/\/www.visiteobrasil.com.br\/news\/wp-json\/wp\/v2\/posts\/6540\/revisions\/6545"}],"wp:featuredmedia":[{"embeddable":true,"href":"https:\/\/www.visiteobrasil.com.br\/news\/wp-json\/wp\/v2\/media\/6541"}],"wp:attachment":[{"href":"https:\/\/www.visiteobrasil.com.br\/news\/wp-json\/wp\/v2\/media?parent=6540"}],"wp:term":[{"taxonomy":"category","embeddable":true,"href":"https:\/\/www.visiteobrasil.com.br\/news\/wp-json\/wp\/v2\/categories?post=6540"},{"taxonomy":"post_tag","embeddable":true,"href":"https:\/\/www.visiteobrasil.com.br\/news\/wp-json\/wp\/v2\/tags?post=6540"}],"curies":[{"name":"wp","href":"https:\/\/api.w.org\/{rel}","templated":true}]}}