{"id":4417,"date":"2023-10-03T23:34:16","date_gmt":"2023-10-04T02:34:16","guid":{"rendered":"https:\/\/www.visiteobrasil.com.br\/news\/?p=4417"},"modified":"2023-11-14T13:07:10","modified_gmt":"2023-11-14T16:07:10","slug":"passeio-ilha-dos-frades-e-itaparica-como-funciona","status":"publish","type":"post","link":"https:\/\/www.visiteobrasil.com.br\/news\/passeio-ilha-dos-frades-e-itaparica-como-funciona\/","title":{"rendered":"Passeio Ilha dos Frades e Itaparica: Como funciona"},"content":{"rendered":"<p>A Bahia, terra de riquezas culturais e belezas naturais inigual\u00e1veis, \u00e9 um destino de sonho para quem busca uma fuga paradis\u00edaca. Uma das formas mais incr\u00edveis de explorar as maravilhas da regi\u00e3o \u00e9 atrav\u00e9s de um passeio <a href=\"https:\/\/www.visiteobrasil.com.br\/noticia\/ilha-dos-frades-belo-reduto-ecolgico-dentro-da-baa-de-todos-os-santos\">Ilha dos Frades<\/a> e Itaparica. Neste artigo, responderemos a v\u00e1rias perguntas essenciais, explicando o que torna esse passeio t\u00e3o especial, por que voc\u00ea deveria consider\u00e1-lo, quando ir, quem pode desfrut\u00e1-lo, onde voc\u00ea pode encontr\u00e1-lo e como aproveitar cada momento.<\/p>\n<h3><strong>O que \u00e9 um passeio Ilha dos Frades e Itaparica?<\/strong><\/h3>\n<p>Um passeio Ilha dos Frades e Itaparica \u00e9 uma experi\u00eancia encantadora que combina as belezas naturais das duas ilhas com o conforto de uma embarca\u00e7\u00e3o. Durante esse passeio, os visitantes t\u00eam a oportunidade de desfrutar de praias de \u00e1guas cristalinas, apreciar vistas panor\u00e2micas, relaxar a bordo da escuna e mergulhar em um peda\u00e7o da cultura baiana.<\/p>\n<h3><strong>Porque escolher um passeio de escuna?<\/strong><\/h3>\n<p>H\u00e1 v\u00e1rias raz\u00f5es para escolher um passeio de escuna ao inv\u00e9s de outras op\u00e7\u00f5es de transporte para as ilhas. Em primeiro lugar, a escuna oferece uma experi\u00eancia \u00fanica, permitindo que voc\u00ea aprecie as paisagens da Ba\u00eda de Todos os Santos de um \u00e2ngulo privilegiado. Al\u00e9m disso, o passeio Ilha dos Frades e Itaparica \u00e9 um passeio mais relaxante e confort\u00e1vel, ideal para quem deseja aproveitar o passeio de maneira mais tranquila. A escuna \u00e9 equipada com comodidades, como banheiros e espa\u00e7o para relaxar, tornando o passeio agrad\u00e1vel e conveniente.<\/p>\n<h3><strong>Qual \u00e9 a melhor \u00e9poca para fazer esse passeio ?<\/strong><\/h3>\n<p>A melhor \u00e9poca para fazer o passeio Ilha dos Frades e Itaparica \u00e9 durante a esta\u00e7\u00e3o seca na Bahia, que ocorre de setembro a mar\u00e7o. Durante esse per\u00edodo, voc\u00ea pode desfrutar de um clima mais agrad\u00e1vel, com dias ensolarados e temperaturas amenas. Evitar a esta\u00e7\u00e3o chuvosa, que vai de abril a agosto, \u00e9 aconselh\u00e1vel para evitar contratempos relacionados ao clima.<\/p>\n<h3><strong>Quem pode aproveitar esse passeio?<\/strong><\/h3>\n<p>Esse passeio \u00e9 adequado para uma ampla gama de pessoas. Ele \u00e9 perfeito para casais que desejam uma escapada rom\u00e2ntica, fam\u00edlias que procuram divers\u00e3o na praia e amantes da natureza que desejam explorar trilhas ecol\u00f3gicas. Al\u00e9m disso, grupos de amigos em busca de aventura e viajantes solit\u00e1rios que buscam conhecer novas pessoas e lugares tamb\u00e9m podem desfrutar desse passeio.<\/p>\n<h3><strong>Onde encontrar passeios para a Ilha dos Frades e Itaparica?<\/strong><\/h3>\n<p>O passeio Ilha dos Frades e Itaparica partem principalmente da cidade de Salvador, capital da Bahia. Voc\u00ea pode encontrar v\u00e1rias ag\u00eancias de <a href=\"https:\/\/www.visiteobrasil.com.br\/news\/dicas-essenciais-para-viajar-com-gatos\/\">turismo<\/a> locais que oferecem esse passeio. Geralmente, as escunas partem do Terminal Mar\u00edtimo de Salvador, facilitando o acesso a esse emocionante passeio. Certifique-se de fazer <a href=\"https:\/\/www.visiteobrasil.com.br\/news\/passeio-as-ilhas-salvador-ilha-dos-frades-itaparica-passeio-de-escuna\/\">reservas antecipadas<\/a> para garantir seu lugar, especialmente durante a alta temporada.<\/p>\n<h3><b>Quanto tempo dura esse passeio?<\/b><\/h3>\n<p>A dura\u00e7\u00e3o do passeio Ilha dos Frades e Itaparica pode variar dependendo do tipo de passeio que voc\u00ea escolher. Geralmente, existem algumas op\u00e7\u00f5es de dura\u00e7\u00e3o dispon\u00edveis:<\/p>\n<ol>\n<li><strong>Passeios de um dia:<\/strong> A maioria dos passeios de escuna que partem de Salvador para a Ilha dos Frades e Itaparica s\u00e3o voltados para um dia inteiro. Isso significa que voc\u00ea partir\u00e1 de manh\u00e3 e retornar\u00e1 \u00e0 tarde ou \u00e0 boca da noite. A dura\u00e7\u00e3o total do passeio pode variar, mas geralmente dura em torno de 8 a 10 horas, incluindo o tempo de navega\u00e7\u00e3o, paradas nas praias e atividades a bordo da escuna.<\/li>\n<li><strong>Passeios de meio dia:<\/strong> Alguns operadores tur\u00edsticos oferecem op\u00e7\u00f5es de meio dia para quem tem um tempo mais limitado. Esses passeios costumam durar cerca de 4 a 6 horas e geralmente incluem uma visita a uma das ilhas, como a Ilha dos Frades ou a Ilha de Itaparica.<\/li>\n<li><strong>Passeios privados:<\/strong> Se voc\u00ea preferir uma experi\u00eancia mais personalizada, \u00e9 poss\u00edvel organizar passeios de escuna privados, alugando uma escuna ou uma lancha r\u00e1pida. A dura\u00e7\u00e3o desses passeios pode ser ajustada de acordo com suas prefer\u00eancias.<\/li>\n<li><\/li>\n<\/ol>\n<p>\u00c9 importante verificar com a operadora de turismo ou empresa de escunas os hor\u00e1rios espec\u00edficos de partida e retorno do passeio que voc\u00ea escolher. Al\u00e9m disso, leve em considera\u00e7\u00e3o que a dura\u00e7\u00e3o do passeio tamb\u00e9m pode ser afetada pelas condi\u00e7\u00f5es clim\u00e1ticas e outras circunst\u00e2ncias, por isso \u00e9 importante estar preparado para eventuais altera\u00e7\u00f5es no itiner\u00e1rio. Independentemente da dura\u00e7\u00e3o que voc\u00ea escolher, o passeio Ilha dos Frades e Itaparica promete ser uma experi\u00eancia inesquec\u00edvel em meio \u00e0s belezas da Bahia.<\/p>\n<p><img data-recalc-dims=\"1\" fetchpriority=\"high\" decoding=\"async\" src=\"https:\/\/i0.wp.com\/www.visiteobrasil.com.br\/news\/wp-content\/uploads\/2023\/09\/Escuna-Joia-da-Apolonio-Saindo-para-as-ilhas-1024x597.jpg?resize=800%2C466&#038;ssl=1\" sizes=\"(max-width: 800px) 100vw, 800px\" srcset=\"https:\/\/i0.wp.com\/visiteobrasil.visiteabahia.com.br\/wp-content\/uploads\/2023\/09\/Escuna-Joia-da-Apolonio-Saindo-para-as-ilhas.jpg?resize=1024%2C597 1024w, https:\/\/i0.wp.com\/visiteobrasil.visiteabahia.com.br\/wp-content\/uploads\/2023\/09\/Escuna-Joia-da-Apolonio-Saindo-para-as-ilhas.jpg?resize=300%2C175 300w, https:\/\/i0.wp.com\/visiteobrasil.visiteabahia.com.br\/wp-content\/uploads\/2023\/09\/Escuna-Joia-da-Apolonio-Saindo-para-as-ilhas.jpg?resize=768%2C448 768w, https:\/\/i0.wp.com\/visiteobrasil.visiteabahia.com.br\/wp-content\/uploads\/2023\/09\/Escuna-Joia-da-Apolonio-Saindo-para-as-ilhas.jpg?w=1200 1200w\" alt=\"Central de Escunas - Escuna J\u00f3ia da Apolonio: Saindo para as Ilhas\" width=\"800\" height=\"466\" title=\"\"><\/p>\n<h3 style=\"background-color: #ffffff;\">Quanto<b> custa um passeio desse?<\/b><\/h3>\n<p style=\"background-color: #ffffff;\">Os custos de um passeio Ilha dos Frades e Itaparica podem variar dependendo de v\u00e1rios fatores, incluindo a dura\u00e7\u00e3o do passeio, a \u00e9poca do ano, o operador tur\u00edstico e os servi\u00e7os inclu\u00eddos. Aqui est\u00e3o algumas informa\u00e7\u00f5es gerais sobre os pre\u00e7os:<\/p>\n<ol style=\"background-color: #ffffff;\">\n<li>Passeios coletivos:\u00a0Os passeios de escuna de um dia, que incluem uma <a href=\"https:\/\/www.visiteobrasil.com.br\/news\/o-que-nao-pode-faltar-na-mala-de-viagem-para-qualquer-destino\/\">viagem<\/a> de ida e volta a partir de Salvador e atividades nas ilhas, geralmente variam de R$ 100 a R$ 200 ou mais por pessoa, conforme o que estiver incluso. Os pre\u00e7os podem ser mais altos durante a alta temporada, feriados ou fins de semana.<\/li>\n<li><\/li>\n<li>Passeios privativos:\u00a0Se voc\u00ea optar por um passeio privado, os pre\u00e7os podem ser mais elevados e depender\u00e3o da dura\u00e7\u00e3o do passeio, do n\u00famero de pessoas a bordo e dos servi\u00e7os adicionais que voc\u00ea escolher. Para se ter uma ideia, a loca\u00e7\u00e3o de de uma escuna varia de R$ 2.000 \u00e0 R$ 8.000 a di\u00e1ria (<em>escuna de 20 \u00e0 180 pessoas<\/em>) estando esses valores relacionados com a quantidade de pessoas. J\u00e1 uma lancha r\u00e1pida fica um pouco mais salgada, com valores\u00a0 entre 2.800 \u00e0 R$ 6.000 a di\u00e1ria (<em>lanchas de 09 \u00e0 16 pessoas<\/em>).<\/li>\n<li><\/li>\n<\/ol>\n<p style=\"background-color: #ffffff;\">\u00c9 importante fazer uma pesquisa antecipada e comparar os pre\u00e7os e servi\u00e7os oferecidos por diferentes operadores tur\u00edsticos. Certifique-se de entender o que est\u00e1 inclu\u00eddo no pre\u00e7o, como refei\u00e7\u00f5es, bebidas, atividades a bordo e taxas de entrada em atra\u00e7\u00f5es espec\u00edficas.<\/p>\n<p style=\"background-color: #ffffff;\">Al\u00e9m disso, fique atento a ofertas especiais ou pacotes que podem estar dispon\u00edveis, principalmente se voc\u00ea estiver viajando com um grupo. Lembre-se de que os pre\u00e7os podem variar sazonalmente, sendo assim, ent\u00e3o\u00a0\u00e9 aconselh\u00e1vel reservar com bastante anteced\u00eancia,\u00a0especialmente durante a alta temporada, para garantir disponibilidade.<\/p>\n<p style=\"background-color: #ffffff;\">Por fim, no passeio Ilha dos Frades e Itaparica, lembre-se de que os pre\u00e7os que mencionei s\u00e3o aproximados e podem mudar ao longo do tempo. Portanto, \u00e9 fundamental verificar os pre\u00e7os atuais e as condi\u00e7\u00f5es diretamente com o operador tur\u00edstico ou ag\u00eancia de <a href=\"https:\/\/www.visiteobrasil.com.br\/news\/como-planejar-uma-viagem-em-familia-que-agrade-a-todos\/\">viagens<\/a> que voc\u00ea escolher.<\/p>\n<h3 style=\"background-color: #ffffff;\"><b>Como aproveitar ao m\u00e1ximo seu passeio?<\/b><\/h3>\n<p style=\"background-color: #ffffff;\">Aqui est\u00e3o algumas dicas para aproveitar ao m\u00e1ximo seu passeio Ilha dos Frades e Itaparica:<\/p>\n<ol style=\"background-color: #ffffff;\">\n<li>Leve protetor solar e chap\u00e9u:\u00a0O sol na Bahia pode ser intenso, portanto, proteja-se dos raios solares com protetor solar e um chap\u00e9u.<\/li>\n<li>Roupas leves:\u00a0Use roupas leves e confort\u00e1veis, como trajes de banho e roupas de praia.<\/li>\n<li>C\u00e2mera ou smartphone:\u00a0N\u00e3o se esque\u00e7a de levar uma c\u00e2mera ou smartphone para capturar os momentos especiais e as paisagens deslumbrantes.<\/li>\n<li>Explore as praias:\u00a0Aproveite o tempo nas ilhas para explorar as praias, nadar, fazer snorkel e relaxar \u00e0 beira-mar durante o seu passeio Ilha dos Frades e Itaparica.<\/li>\n<li>Aproveite as atividades a bordo:\u00a0As escunas costumam oferecer m\u00fasica ao vivo, bebidas e petiscos, criando um ambiente descontra\u00eddo a bordo. Aproveite ao m\u00e1ximo esse momento.<\/li>\n<li>Respeite a natureza:\u00a0Lembre-se de preservar a beleza natural das ilhas, n\u00e3o deixando lixo nas praias e respeitando a vida marinha.<\/li>\n<li><\/li>\n<\/ol>\n<p style=\"background-color: #ffffff;\">O passeio Ilha dos Frades e Itaparica oferece uma oportunidade \u00fanica para desfrutar das belezas naturais da Bahia com conforto e estilo. Independentemente de ser um casal rom\u00e2ntico, uma fam\u00edlia aventureira ou um viajante solit\u00e1rio em busca de novas experi\u00eancias, esse passeio promete uma jornada memor\u00e1vel atrav\u00e9s de paisagens deslumbrantes e cultura baiana. Portanto, n\u00e3o perca a chance de explorar esses destinos incr\u00edveis e criar mem\u00f3rias inesquec\u00edveis em meio ao cen\u00e1rio tropical deslumbrante da Bahia.<\/p>\n<p><iframe title=\"Praia Ponta de NSra - Ilha dos Frades - Passeio \u00e0s Ilhas #loca\u00e7\u00e3odeescunas #alugueldeescunas\" width=\"800\" height=\"450\" src=\"https:\/\/www.youtube.com\/embed\/cQUy4joduCU?feature=oembed\" frameborder=\"0\" allow=\"accelerometer; autoplay; clipboard-write; encrypted-media; gyroscope; picture-in-picture; web-share\" allowfullscreen><\/iframe><\/p>\n","protected":false},"excerpt":{"rendered":"<p>A Bahia, terra de riquezas culturais e belezas naturais inigual\u00e1veis, \u00e9 um destino de sonho para quem busca uma fuga paradis\u00edaca. Uma das formas mais incr\u00edveis de explorar as maravilhas da regi\u00e3o \u00e9 atrav\u00e9s de um passeio Ilha dos Frades e Itaparica. Neste artigo, responderemos a v\u00e1rias perguntas essenciais, explicando o que torna esse passeio [&hellip;]<\/p>\n","protected":false},"author":2,"featured_media":5773,"comment_status":"open","ping_status":"open","sticky":false,"template":"","format":"standard","meta":{"_jetpack_memberships_contains_paid_content":false,"footnotes":"","jetpack_publicize_message":"","jetpack_publicize_feature_enabled":true,"jetpack_social_post_already_shared":true,"jetpack_social_options":{"image_generator_settings":{"template":"highway","default_image_id":0,"font":"","enabled":false},"version":2}},"categories":[702],"tags":[711,716,712,708,715,707,709,713,714,718,719,717,710],"class_list":["post-4417","post","type-post","status-publish","format-standard","has-post-thumbnail","hentry","category-dicas-legais","tag-belezas-naturais-da-bahia","tag-como-planejar-um-passeio-de-escuna-nas-ilhas-da-bahia","tag-cultura-baiana-em-passeios-de-escuna","tag-ilha-dos-frades-e-itaparica-de-escuna","tag-onde-encontrar-passeios-de-escuna-para-a-ilha-dos-frades-e-itaparica","tag-passeio-de-escuna-na-bahia","tag-passeio-de-um-dia-na-bahia","tag-por-que-escolher-um-passeio-de-escuna-na-ilha-dos-frades-e-itaparica","tag-qual-e-a-melhor-epoca-para-visitar-as-ilhas-em-uma-escuna","tag-quanto-custa-o-aluguel-de-uma-escuna-para-grupo-fechado","tag-quanto-custa-o-aluguel-de-uma-lancha","tag-quanto-custa-um-passeio-de-escuna-para-a-ilha-dos-frades-e-itaparica","tag-turismo-em-salvador"],"jetpack_publicize_connections":[],"jetpack_featured_media_url":"https:\/\/i0.wp.com\/www.visiteobrasil.com.br\/news\/wp-content\/uploads\/2023\/10\/Escuna-Central-de-Escunas.jpg?fit=900%2C600&ssl=1","jetpack-related-posts":[{"id":13144,"url":"https:\/\/www.visiteobrasil.com.br\/news\/passeio-de-escuna-explore-as-ilhas-e-sabores-da-baia-de-todos-os-santos\/","url_meta":{"origin":4417,"position":0},"title":"Passeio de escuna: Explore as Ilhas e sabores da Ba\u00eda de Todos os Santos","author":"Ramon","date":"17 de outubro de 2024","format":false,"excerpt":"A Ba\u00eda de Todos os Santos, localizada em Salvador, Bahia, \u00e9 a maior ba\u00eda do Brasil e um destino imperd\u00edvel para quem busca paisagens paradis\u00edacas e um mergulho na cultura e hist\u00f3ria locais. Uma das maneiras mais encantadoras de explorar a ba\u00eda \u00e9 por meio de passeios de escuna, que\u2026","rel":"","context":"Em &quot;Mat\u00e9rias especiais&quot;","block_context":{"text":"Mat\u00e9rias especiais","link":"https:\/\/www.visiteobrasil.com.br\/news\/materias-especiais\/"},"img":{"alt_text":"Ba\u00eda de todos os Santos - Ilha dos Frades","src":"https:\/\/i0.wp.com\/www.visiteobrasil.com.br\/news\/wp-content\/uploads\/2024\/10\/Ilhadosfrades-A-Praia-Vista-do-alto.jpg?fit=1200%2C700&ssl=1&resize=350%2C200","width":350,"height":200,"srcset":"https:\/\/i0.wp.com\/www.visiteobrasil.com.br\/news\/wp-content\/uploads\/2024\/10\/Ilhadosfrades-A-Praia-Vista-do-alto.jpg?fit=1200%2C700&ssl=1&resize=350%2C200 1x, https:\/\/i0.wp.com\/www.visiteobrasil.com.br\/news\/wp-content\/uploads\/2024\/10\/Ilhadosfrades-A-Praia-Vista-do-alto.jpg?fit=1200%2C700&ssl=1&resize=525%2C300 1.5x, https:\/\/i0.wp.com\/www.visiteobrasil.com.br\/news\/wp-content\/uploads\/2024\/10\/Ilhadosfrades-A-Praia-Vista-do-alto.jpg?fit=1200%2C700&ssl=1&resize=700%2C400 2x, https:\/\/i0.wp.com\/www.visiteobrasil.com.br\/news\/wp-content\/uploads\/2024\/10\/Ilhadosfrades-A-Praia-Vista-do-alto.jpg?fit=1200%2C700&ssl=1&resize=1050%2C600 3x"},"classes":[]},{"id":5657,"url":"https:\/\/www.visiteobrasil.com.br\/news\/ilha-dos-frades-belo-reduto-ecologico-dentro-da-baia-de-todos-os-santos\/","url_meta":{"origin":4417,"position":1},"title":"Ilha dos Frades, belo reduto ecol\u00f3gico dentro da Ba\u00eda de Todos os Santos","author":"Ramon","date":"9 de novembro de 2023","format":false,"excerpt":"Bem do alto da igreja de Nossa Senhora de Guadalupe, \u00e9 poss\u00edvel ver as \u00e1guas tranquilas que envolvem a Ilha dos Frades. Localizada dentro da Ba\u00eda de Todos-os-Santos, esse bel\u00edssimo para\u00edso est\u00e1 enriquecido por uma imensa Mata Atl\u00e2ntica, composta de 08km de extens\u00e3o, ocupando um territ\u00f3rio assemelhado a um formato\u2026","rel":"","context":"Em &quot;Mat\u00e9rias especiais&quot;","block_context":{"text":"Mat\u00e9rias especiais","link":"https:\/\/www.visiteobrasil.com.br\/news\/materias-especiais\/"},"img":{"alt_text":"Praias brasileiras: Ilha dos Frades - Praia de Ponta de Nossa Senhora","src":"https:\/\/i0.wp.com\/www.visiteobrasil.com.br\/news\/wp-content\/uploads\/2023\/11\/Praia-de-Ponta-de-Nossa-Senhora2.jpg?fit=900%2C599&ssl=1&resize=350%2C200","width":350,"height":200,"srcset":"https:\/\/i0.wp.com\/www.visiteobrasil.com.br\/news\/wp-content\/uploads\/2023\/11\/Praia-de-Ponta-de-Nossa-Senhora2.jpg?fit=900%2C599&ssl=1&resize=350%2C200 1x, https:\/\/i0.wp.com\/www.visiteobrasil.com.br\/news\/wp-content\/uploads\/2023\/11\/Praia-de-Ponta-de-Nossa-Senhora2.jpg?fit=900%2C599&ssl=1&resize=525%2C300 1.5x, https:\/\/i0.wp.com\/www.visiteobrasil.com.br\/news\/wp-content\/uploads\/2023\/11\/Praia-de-Ponta-de-Nossa-Senhora2.jpg?fit=900%2C599&ssl=1&resize=700%2C400 2x"},"classes":[]},{"id":4507,"url":"https:\/\/www.visiteobrasil.com.br\/news\/passeio-de-escuna-em-porto-seguro-uma-experiencia-unica\/","url_meta":{"origin":4417,"position":2},"title":"Passeio de escuna em Porto Seguro: Uma experi\u00eancia \u00fanica","author":"Ramon","date":"6 de outubro de 2023","format":false,"excerpt":"Porto Seguro, localizada no estado da Bahia, \u00e9 conhecida por suas praias deslumbrantes, cultura rica e hist\u00f3rica e uma atmosfera tropical que atrai visitantes de todo o mundo. Um dos destaques de uma visita a essa cidade \u00e9, sem d\u00favida, o passeio de escuna, que proporciona uma experi\u00eancia \u00fanica para\u2026","rel":"","context":"Em &quot;Dicas legais&quot;","block_context":{"text":"Dicas legais","link":"https:\/\/www.visiteobrasil.com.br\/news\/dicas-legais\/"},"img":{"alt_text":"Passeio de escuna em Porto Seguro","src":"https:\/\/i0.wp.com\/www.visiteobrasil.com.br\/news\/wp-content\/uploads\/2023\/10\/Porto-seguro-pexels-filipe-adrian.jpg?fit=900%2C600&ssl=1&resize=350%2C200","width":350,"height":200,"srcset":"https:\/\/i0.wp.com\/www.visiteobrasil.com.br\/news\/wp-content\/uploads\/2023\/10\/Porto-seguro-pexels-filipe-adrian.jpg?fit=900%2C600&ssl=1&resize=350%2C200 1x, https:\/\/i0.wp.com\/www.visiteobrasil.com.br\/news\/wp-content\/uploads\/2023\/10\/Porto-seguro-pexels-filipe-adrian.jpg?fit=900%2C600&ssl=1&resize=525%2C300 1.5x, https:\/\/i0.wp.com\/www.visiteobrasil.com.br\/news\/wp-content\/uploads\/2023\/10\/Porto-seguro-pexels-filipe-adrian.jpg?fit=900%2C600&ssl=1&resize=700%2C400 2x"},"classes":[]},{"id":13253,"url":"https:\/\/www.visiteobrasil.com.br\/news\/descubra-as-melhores-praias-brasileiras-certificadas-para-o-verao-2025\/","url_meta":{"origin":4417,"position":3},"title":"Descubra as melhores praias brasileiras certificadas para o ver\u00e3o 2025","author":"Ramon","date":"2 de fevereiro de 2025","format":false,"excerpt":"O ver\u00e3o \u00e9 a esta\u00e7\u00e3o perfeita para aproveitar o calor, o mar e as belas paisagens litor\u00e2neas do Brasil. N\u00e3o \u00e9 surpresa que os destinos de sol e praia sejam os mais procurados para viagens nesta \u00e9poca do ano. Para 2025, a lista de praias sustent\u00e1veis no pa\u00eds est\u00e1 ainda\u2026","rel":"","context":"Em &quot;Artigos&quot;","block_context":{"text":"Artigos","link":"https:\/\/www.visiteobrasil.com.br\/news\/artigos\/"},"img":{"alt_text":"Praias da Ilha dos Frades","src":"https:\/\/i0.wp.com\/www.visiteobrasil.com.br\/news\/wp-content\/uploads\/2025\/02\/Ilha-dos-Frades-Praia-de-Viracao-4.jpeg?fit=1000%2C750&ssl=1&resize=350%2C200","width":350,"height":200,"srcset":"https:\/\/i0.wp.com\/www.visiteobrasil.com.br\/news\/wp-content\/uploads\/2025\/02\/Ilha-dos-Frades-Praia-de-Viracao-4.jpeg?fit=1000%2C750&ssl=1&resize=350%2C200 1x, https:\/\/i0.wp.com\/www.visiteobrasil.com.br\/news\/wp-content\/uploads\/2025\/02\/Ilha-dos-Frades-Praia-de-Viracao-4.jpeg?fit=1000%2C750&ssl=1&resize=525%2C300 1.5x, https:\/\/i0.wp.com\/www.visiteobrasil.com.br\/news\/wp-content\/uploads\/2025\/02\/Ilha-dos-Frades-Praia-de-Viracao-4.jpeg?fit=1000%2C750&ssl=1&resize=700%2C400 2x"},"classes":[]},{"id":13129,"url":"https:\/\/www.visiteobrasil.com.br\/news\/destinos-perfeitos-para-curtir-o-dia-das-criancas-em-familia\/","url_meta":{"origin":4417,"position":4},"title":"Destinos perfeitos para curtir o dia das crian\u00e7as em fam\u00edlia","author":"Ramon","date":"6 de outubro de 2024","format":false,"excerpt":"Com a chegada de outubro, as comemora\u00e7\u00f5es do Dia das Crian\u00e7as se aproximam, e muitos pais aproveitam essa oportunidade para planejar uma viagem especial com os pequenos. Nada melhor do que reunir a fam\u00edlia e embarcar em uma aventura repleta de divers\u00e3o, aprendizado e mem\u00f3rias inesquec\u00edveis! O Brasil oferece uma\u2026","rel":"","context":"Em &quot;Dicas legais&quot;","block_context":{"text":"Dicas legais","link":"https:\/\/www.visiteobrasil.com.br\/news\/dicas-legais\/"},"img":{"alt_text":"Dia das crian\u00e7as - Pixabay","src":"https:\/\/i0.wp.com\/www.visiteobrasil.com.br\/news\/wp-content\/uploads\/2024\/10\/Dia-das-criancas-airport-2373727_1280.jpg?fit=900%2C599&ssl=1&resize=350%2C200","width":350,"height":200,"srcset":"https:\/\/i0.wp.com\/www.visiteobrasil.com.br\/news\/wp-content\/uploads\/2024\/10\/Dia-das-criancas-airport-2373727_1280.jpg?fit=900%2C599&ssl=1&resize=350%2C200 1x, https:\/\/i0.wp.com\/www.visiteobrasil.com.br\/news\/wp-content\/uploads\/2024\/10\/Dia-das-criancas-airport-2373727_1280.jpg?fit=900%2C599&ssl=1&resize=525%2C300 1.5x, https:\/\/i0.wp.com\/www.visiteobrasil.com.br\/news\/wp-content\/uploads\/2024\/10\/Dia-das-criancas-airport-2373727_1280.jpg?fit=900%2C599&ssl=1&resize=700%2C400 2x"},"classes":[]},{"id":13669,"url":"https:\/\/www.visiteobrasil.com.br\/news\/roteiro-de-7-dias-em-fernando-de-noronha\/","url_meta":{"origin":4417,"position":5},"title":"Roteiro de 7 Dias em Fernando de Noronha: O Guia Definitivo para Viver o Para\u00edso sem Pressa","author":"Ramon","date":"27 de abril de 2026","format":false,"excerpt":"Voc\u00ea provavelmente j\u00e1 passou horas namorando fotos da Ba\u00eda do Sancho ou imaginando o p\u00f4r do sol no Morro do Pico. A verdade \u00e9 que Fernando de Noronha \u00e9 o destino n\u00famero um na lista de desejos de quase todo viajante, mas planejar a log\u00edstica da ilha pode parecer um\u2026","rel":"","context":"Em &quot;Dicas legais&quot;","block_context":{"text":"Dicas legais","link":"https:\/\/www.visiteobrasil.com.br\/news\/dicas-legais\/"},"img":{"alt_text":"Arquip\u00e9lago_de_Fernando_de_Noronha-foto-Canind\u00e9-Fernandes","src":"https:\/\/i0.wp.com\/www.visiteobrasil.com.br\/news\/wp-content\/uploads\/2026\/04\/Arquipelago_de_Fernando_de_Noronha-foto-Caninde-Fernandes.jpg?fit=900%2C600&ssl=1&resize=350%2C200","width":350,"height":200,"srcset":"https:\/\/i0.wp.com\/www.visiteobrasil.com.br\/news\/wp-content\/uploads\/2026\/04\/Arquipelago_de_Fernando_de_Noronha-foto-Caninde-Fernandes.jpg?fit=900%2C600&ssl=1&resize=350%2C200 1x, https:\/\/i0.wp.com\/www.visiteobrasil.com.br\/news\/wp-content\/uploads\/2026\/04\/Arquipelago_de_Fernando_de_Noronha-foto-Caninde-Fernandes.jpg?fit=900%2C600&ssl=1&resize=525%2C300 1.5x, https:\/\/i0.wp.com\/www.visiteobrasil.com.br\/news\/wp-content\/uploads\/2026\/04\/Arquipelago_de_Fernando_de_Noronha-foto-Caninde-Fernandes.jpg?fit=900%2C600&ssl=1&resize=700%2C400 2x"},"classes":[]}],"jetpack_sharing_enabled":true,"jetpack_likes_enabled":true,"_links":{"self":[{"href":"https:\/\/www.visiteobrasil.com.br\/news\/wp-json\/wp\/v2\/posts\/4417","targetHints":{"allow":["GET"]}}],"collection":[{"href":"https:\/\/www.visiteobrasil.com.br\/news\/wp-json\/wp\/v2\/posts"}],"about":[{"href":"https:\/\/www.visiteobrasil.com.br\/news\/wp-json\/wp\/v2\/types\/post"}],"author":[{"embeddable":true,"href":"https:\/\/www.visiteobrasil.com.br\/news\/wp-json\/wp\/v2\/users\/2"}],"replies":[{"embeddable":true,"href":"https:\/\/www.visiteobrasil.com.br\/news\/wp-json\/wp\/v2\/comments?post=4417"}],"version-history":[{"count":0,"href":"https:\/\/www.visiteobrasil.com.br\/news\/wp-json\/wp\/v2\/posts\/4417\/revisions"}],"wp:featuredmedia":[{"embeddable":true,"href":"https:\/\/www.visiteobrasil.com.br\/news\/wp-json\/wp\/v2\/media\/5773"}],"wp:attachment":[{"href":"https:\/\/www.visiteobrasil.com.br\/news\/wp-json\/wp\/v2\/media?parent=4417"}],"wp:term":[{"taxonomy":"category","embeddable":true,"href":"https:\/\/www.visiteobrasil.com.br\/news\/wp-json\/wp\/v2\/categories?post=4417"},{"taxonomy":"post_tag","embeddable":true,"href":"https:\/\/www.visiteobrasil.com.br\/news\/wp-json\/wp\/v2\/tags?post=4417"}],"curies":[{"name":"wp","href":"https:\/\/api.w.org\/{rel}","templated":true}]}}