{"id":13669,"date":"2026-04-27T16:43:51","date_gmt":"2026-04-27T19:43:51","guid":{"rendered":"https:\/\/www.visiteobrasil.com.br\/news\/?p=13669"},"modified":"2026-04-27T16:43:51","modified_gmt":"2026-04-27T19:43:51","slug":"roteiro-de-7-dias-em-fernando-de-noronha","status":"publish","type":"post","link":"https:\/\/www.visiteobrasil.com.br\/news\/roteiro-de-7-dias-em-fernando-de-noronha\/","title":{"rendered":"Roteiro de 7 Dias em Fernando de Noronha: O Guia Definitivo para Viver o Para\u00edso sem Pressa"},"content":{"rendered":"<p><span data-contrast=\"auto\">Voc\u00ea provavelmente j\u00e1 passou horas namorando fotos da Ba\u00eda do Sancho ou imaginando o p\u00f4r do sol no Morro do Pico. A verdade \u00e9 que Fernando de Noronha \u00e9 o destino n\u00famero um na lista de desejos de quase todo viajante, mas planejar a log\u00edstica da ilha pode parecer um quebra-cabe\u00e7a complexo.<\/span><span data-ccp-props=\"{}\">\u00a0<\/span><\/p>\n<p><span data-contrast=\"auto\">Se voc\u00ea quer garantir que cada minuto da sua viagem seja aproveitado com intelig\u00eancia, este roteiro de 7 dias em Fernando de Noronha foi desenhado para voc\u00ea. Vou te mostrar como equilibrar os passeios imperd\u00edveis com momentos de descanso, garantindo a experi\u00eancia mais completa que o arquip\u00e9lago pode oferecer.<\/span><span data-ccp-props=\"{}\">\u00a0<\/span><\/p>\n<p><span data-contrast=\"auto\">Neste guia, voc\u00ea encontrar\u00e1 a divis\u00e3o dia a dia das melhores praias, dicas de onde comer e como organizar seus deslocamentos com quem realmente entende do assunto.<\/span><span data-ccp-props=\"{}\">\u00a0<\/span><\/p>\n<p aria-level=\"2\"><b><span data-contrast=\"auto\">Por que 7 dias \u00e9 o tempo ideal para Noronha?<\/span><\/b><span data-ccp-props=\"{&quot;201341983&quot;:0,&quot;335559740&quot;:240}\">\u00a0<\/span><\/p>\n<p><span data-contrast=\"auto\">Muitos viajantes cometem o erro de ficar apenas 3 ou 4 dias. Embora seja poss\u00edvel ver o b\u00e1sico, Noronha exige um ritmo diferente. Com uma semana, voc\u00ea consegue absorver a energia da ilha, repetir sua praia favorita e n\u00e3o depender tanto das varia\u00e7\u00f5es da mar\u00e9.<\/span><span data-ccp-props=\"{}\">\u00a0<\/span><\/p>\n<p><span data-contrast=\"auto\">Para que tudo flua sem estresse, a organiza\u00e7\u00e3o \u00e9 a chave. Neste guia, todos os passeios e\u00a0transfers\u00a0foram organizados pela\u00a0<\/span><a href=\"https:\/\/melevanoronha.com.br\/\" target=\"_blank\" rel=\"noopener\"><span data-contrast=\"none\">Me Leva Noronha<\/span><\/a><span data-contrast=\"auto\">, o que garante pontualidade e os melhores guias locais ao seu lado.<\/span><span data-ccp-props=\"{}\">\u00a0<\/span><\/p>\n<p aria-level=\"2\"><b><span data-contrast=\"auto\">Dia 1: Chegada e Reconhecimento da Vila<\/span><\/b><span data-ccp-props=\"{&quot;201341983&quot;:0,&quot;335559740&quot;:240}\">\u00a0<\/span><\/p>\n<p><span data-contrast=\"auto\">O primeiro dia em Noronha \u00e9 para sentir o clima. Ap\u00f3s o check-in na pousada, n\u00e3o tente abra\u00e7ar o mundo.<\/span><span data-ccp-props=\"{}\">\u00a0<\/span><\/p>\n<ul>\n<li aria-setsize=\"-1\" data-leveltext=\"?\" data-font=\"Symbol\" data-listid=\"1\" data-list-defn-props=\"{&quot;335552541&quot;:1,&quot;335559685&quot;:720,&quot;335559991&quot;:360,&quot;469769226&quot;:&quot;Symbol&quot;,&quot;469769242&quot;:[8226],&quot;469777803&quot;:&quot;left&quot;,&quot;469777804&quot;:&quot;?&quot;,&quot;469777815&quot;:&quot;hybridMultilevel&quot;}\" data-aria-posinset=\"1\" data-aria-level=\"1\"><b><span data-contrast=\"auto\">Tarde:<\/span><\/b><span data-contrast=\"auto\">\u00a0Caminhe pela Vila dos Rem\u00e9dios, conhe\u00e7a a Igreja de Nossa Senhora dos Rem\u00e9dios e des\u00e7a at\u00e9 a Praia do Cachorro.<\/span><span data-ccp-props=\"{}\">\u00a0<\/span><\/li>\n<\/ul>\n<ul>\n<li aria-setsize=\"-1\" data-leveltext=\"?\" data-font=\"Symbol\" data-listid=\"1\" data-list-defn-props=\"{&quot;335552541&quot;:1,&quot;335559685&quot;:720,&quot;335559991&quot;:360,&quot;469769226&quot;:&quot;Symbol&quot;,&quot;469769242&quot;:[8226],&quot;469777803&quot;:&quot;left&quot;,&quot;469777804&quot;:&quot;?&quot;,&quot;469777815&quot;:&quot;hybridMultilevel&quot;}\" data-aria-posinset=\"2\" data-aria-level=\"1\"><b><span data-contrast=\"auto\">Dica:<\/span><\/b><span data-contrast=\"auto\">\u00a0Aproveite para dar um mergulho no Buraco do Galego se a mar\u00e9 estiver baixa.<\/span><span data-ccp-props=\"{}\">\u00a0<\/span><\/li>\n<\/ul>\n<ul>\n<li aria-setsize=\"-1\" data-leveltext=\"?\" data-font=\"Symbol\" data-listid=\"1\" data-list-defn-props=\"{&quot;335552541&quot;:1,&quot;335559685&quot;:720,&quot;335559991&quot;:360,&quot;469769226&quot;:&quot;Symbol&quot;,&quot;469769242&quot;:[8226],&quot;469777803&quot;:&quot;left&quot;,&quot;469777804&quot;:&quot;?&quot;,&quot;469777815&quot;:&quot;hybridMultilevel&quot;}\" data-aria-posinset=\"3\" data-aria-level=\"1\"><b><span data-contrast=\"auto\">P\u00f4r do sol:<\/span><\/b><span data-contrast=\"auto\">\u00a0Siga para a Praia do Meio ou Praia da Concei\u00e7\u00e3o. \u00c9 o cart\u00e3o de visitas perfeito.<\/span><span data-ccp-props=\"{}\">\u00a0<\/span><\/li>\n<\/ul>\n<p aria-level=\"2\"><b><span data-contrast=\"auto\">Dia 2: Ilha Tour \u2013 A Vis\u00e3o Geral<\/span><\/b><span data-ccp-props=\"{&quot;201341983&quot;:0,&quot;335559740&quot;:240}\">\u00a0<\/span><\/p>\n<p><span data-contrast=\"auto\">O Ilha Tour \u00e9 indispens\u00e1vel para quem faz um roteiro de 7 dias em Fernando de Noronha. Ele serve como um &#8220;reconhecimento de territ\u00f3rio&#8221; em um 4&#215;4, passando pelos principais pontos da ilha em um \u00fanico dia.<\/span><span data-ccp-props=\"{}\">\u00a0<\/span><\/p>\n<p><span data-contrast=\"auto\">Voc\u00ea visitar\u00e1 o Sueste, a Praia do Le\u00e3o e terminar\u00e1 com um p\u00f4r do sol \u00e9pico no Mirante do\u00a0Boldr\u00f3. \u00c9 o dia de entender a geografia da ilha e decidir quais lugares voc\u00ea quer voltar com mais calma nos dias seguintes.<\/span><span data-ccp-props=\"{}\">\u00a0<\/span><\/p>\n<p aria-level=\"2\"><b><span data-contrast=\"auto\">Dia 3: O \u00c1pice no Sancho e Ba\u00eda dos Porcos<\/span><\/b><span data-ccp-props=\"{&quot;201341983&quot;:0,&quot;335559740&quot;:240}\">\u00a0<\/span><\/p>\n<p><span data-contrast=\"auto\">Prepare-se para explorar o que Noronha tem de mais famoso: sua vida marinha.\u00a0<\/span><span data-ccp-props=\"{}\">\u00a0<\/span><\/p>\n<p><b><span data-contrast=\"auto\">Manh\u00e3:<\/span><\/b><span data-contrast=\"auto\">\u00a0Inicie com o\u00a0Passeio de Barco Tradicional, navegando pelas \u00e1guas onde os golfinhos costumam dar o ar da gra\u00e7a.?<\/span><span data-ccp-props=\"{}\">\u00a0<\/span><\/p>\n<p><b><span data-contrast=\"auto\">Almo\u00e7o:<\/span><\/b><span data-contrast=\"auto\">\u00a0Desfrute da culin\u00e1ria local na\u00a0Praia do Porto\u00a0ou no renomado<\/span><b><span data-contrast=\"auto\">\u00a0<\/span><\/b><span data-contrast=\"auto\">Restaurante Mergulh\u00e3o<\/span><span data-ccp-props=\"{}\">\u00a0<\/span><\/p>\n<p><b><span data-contrast=\"auto\">Tarde:<\/span><\/b><span data-contrast=\"auto\">\u00a0Voc\u00ea pode optar pelo batismo no\u00a0Mergulho de Cilindro\u00a0ou relaxar na tranquila\u00a0Praia do Bode.?<\/span><span data-ccp-props=\"{}\">\u00a0<\/span><\/p>\n<p><b><span data-contrast=\"auto\">P\u00f4r do Sol:<\/span><\/b><span data-contrast=\"auto\">\u00a0Encerre o dia na ic\u00f4nica\u00a0Capelinha.\u00a0<\/span><span data-ccp-props=\"{}\">\u00a0<\/span><\/p>\n<p aria-level=\"2\"><b><span data-contrast=\"auto\">Dia 4: Vida Marinha e a Magia do Mergulho<\/span><\/b><span data-ccp-props=\"{&quot;201341983&quot;:0,&quot;335559740&quot;:240}\">\u00a0<\/span><\/p>\n<p><span data-contrast=\"auto\">Um dia para alternar entre o r\u00fastico e o conforto absoluto.?<\/span><span data-ccp-props=\"{}\">\u00a0<\/span><\/p>\n<p><b><span data-contrast=\"auto\">Manh\u00e3:<\/span><\/b><span data-contrast=\"auto\">\u00a0Caminhada pelas praias pr\u00f3ximas \u00e0 Vila:\u00a0Cachorro,\u00a0Meio\u00a0e\u00a0Concei\u00e7\u00e3o.?<\/span><span data-ccp-props=\"{}\">\u00a0<\/span><\/p>\n<p><b><span data-contrast=\"auto\">Tarde:<\/span><\/b><span data-contrast=\"auto\">\u00a0Viva a sofistica\u00e7\u00e3o do passeio de barco<\/span><b><span data-contrast=\"auto\">\u00a0<\/span><\/b><span data-contrast=\"auto\">Entardecer VIP\u00a0ou aproveite o clima charmoso da\u00a0Praia do\u00a0Boldr\u00f3.\u00a0<\/span><span data-ccp-props=\"{}\">\u00a0<\/span><\/p>\n<p aria-level=\"2\"><b><span data-contrast=\"auto\">Dia 5: Passeio de Barco e Entardecer VIP<\/span><\/b><span data-ccp-props=\"{&quot;201341983&quot;:0,&quot;335559740&quot;:240}\">\u00a0<\/span><\/p>\n<p><span data-contrast=\"auto\">Este \u00e9 o dia de se aprofundar na preserva\u00e7\u00e3o ambiental que torna a ilha \u00fanica.\u00a0<\/span><span data-ccp-props=\"{}\">\u00a0<\/span><\/p>\n<p><b><span data-contrast=\"auto\">Passeio:<\/span><\/b><span data-contrast=\"auto\">\u00a0Visita \u00e0\u00a0Praia da Atalaia\u00a0combinada com a\u00a0Trilha da Atalaia Longa, uma experi\u00eancia imersiva na biodiversidade local.?<\/span><span data-ccp-props=\"{}\">\u00a0<\/span><\/p>\n<p><b><span data-contrast=\"auto\">P\u00f4r do Sol:<\/span><\/b><span data-contrast=\"auto\">\u00a0Celebre o fim do dia com a vista incr\u00edvel do<\/span><b><span data-contrast=\"auto\">\u00a0<\/span><\/b><span data-contrast=\"auto\">Restaurante MAVI.<\/span><span data-ccp-props=\"{}\">\u00a0<\/span><\/p>\n<p aria-level=\"2\"><b><span data-contrast=\"auto\">Dia 6: Trilhas Esmeralda ou Costa dos Mirantes<\/span><\/b><span data-ccp-props=\"{&quot;201341983&quot;:0,&quot;335559740&quot;:240}\">\u00a0<\/span><\/p>\n<p><span data-contrast=\"auto\">Para os que buscam movimento e \u00e2ngulos diferenciados.?<\/span><span data-ccp-props=\"{}\">\u00a0<\/span><\/p>\n<p><b><span data-contrast=\"auto\">Manh\u00e3:<\/span><\/b><span data-contrast=\"auto\">\u00a0Experimente o\u00a0Passeio de Canoa Havaiana, seguido de\u00a0Bike Aqu\u00e1tica\u00a0ou um mergulho livre no Porto.?<\/span><span data-ccp-props=\"{}\">\u00a0<\/span><\/p>\n<p><b><span data-contrast=\"auto\">Tarde:<\/span><\/b><span data-contrast=\"auto\">\u00a0Escolha entre o<\/span><b><span data-contrast=\"auto\">\u00a0<\/span><\/b><span data-contrast=\"auto\">Circuito das Piscinas Naturais\u00a0ou a vista panor\u00e2mica da\u00a0Trilha do\u00a0Piquinho.<\/span><span data-ccp-props=\"{}\">\u00a0<\/span><\/p>\n<p aria-level=\"2\"><b><span data-contrast=\"auto\">Dia 7: Despedida e Compras na Vila<\/span><\/b><span data-ccp-props=\"{&quot;201341983&quot;:0,&quot;335559740&quot;:240}\">\u00a0<\/span><\/p>\n<p><span data-contrast=\"auto\">Mesmo no \u00faltimo dia, Noronha reserva momentos m\u00e1gicos.?<\/span><span data-ccp-props=\"{}\">\u00a0<\/span><\/p>\n<p><b><span data-contrast=\"auto\">Alvorecer:<\/span><\/b><span data-contrast=\"auto\">\u00a0Assista ao\u00a0nascer do sol na Capelinha de S\u00e3o Pedro, um momento de paz profunda antes do retorno.?<\/span><span data-ccp-props=\"{}\">\u00a0<\/span><\/p>\n<p><b><span data-contrast=\"auto\">Check-out:<\/span><\/b><span data-contrast=\"auto\">\u00a0Prepara\u00e7\u00e3o para o voo de volta, levando o para\u00edso na mem\u00f3ria.<\/span><span data-ccp-props=\"{}\">\u00a0<\/span><\/p>\n<p aria-level=\"2\"><b><span data-contrast=\"auto\">Dicas Essenciais para sua Viagem<\/span><\/b><span data-ccp-props=\"{&quot;201341983&quot;:0,&quot;335559740&quot;:240}\">\u00a0<\/span><\/p>\n<p><span data-contrast=\"auto\">Para que seu roteiro de 7 dias em Fernando de Noronha seja perfeito, fique atento a estes detalhes log\u00edsticos:<\/span><span data-ccp-props=\"{}\">\u00a0<\/span><\/p>\n<ul>\n<li aria-setsize=\"-1\" data-leveltext=\"?\" data-font=\"Symbol\" data-listid=\"2\" data-list-defn-props=\"{&quot;335552541&quot;:1,&quot;335559685&quot;:720,&quot;335559991&quot;:360,&quot;469769226&quot;:&quot;Symbol&quot;,&quot;469769242&quot;:[8226],&quot;469777803&quot;:&quot;left&quot;,&quot;469777804&quot;:&quot;?&quot;,&quot;469777815&quot;:&quot;hybridMultilevel&quot;}\" data-aria-posinset=\"1\" data-aria-level=\"1\"><b><span data-contrast=\"auto\">Taxas:<\/span><\/b><span data-contrast=\"auto\">\u00a0Pague a TPA (Taxa de Preserva\u00e7\u00e3o Ambiental) online antes de embarcar para evitar filas no aeroporto.<\/span><span data-ccp-props=\"{}\">\u00a0<\/span><\/li>\n<\/ul>\n<ul>\n<li aria-setsize=\"-1\" data-leveltext=\"?\" data-font=\"Symbol\" data-listid=\"2\" data-list-defn-props=\"{&quot;335552541&quot;:1,&quot;335559685&quot;:720,&quot;335559991&quot;:360,&quot;469769226&quot;:&quot;Symbol&quot;,&quot;469769242&quot;:[8226],&quot;469777803&quot;:&quot;left&quot;,&quot;469777804&quot;:&quot;?&quot;,&quot;469777815&quot;:&quot;hybridMultilevel&quot;}\" data-aria-posinset=\"2\" data-aria-level=\"1\"><b><span data-contrast=\"auto\">Ingresso do Parque Nacional Marinho:<\/span><\/b><span data-contrast=\"auto\">\u00a0\u00c9 obrigat\u00f3rio para acessar praias como Sancho e Sueste, pode ser pago on-line<\/span><span data-ccp-props=\"{}\">\u00a0<\/span><\/li>\n<\/ul>\n<ul>\n<li aria-setsize=\"-1\" data-leveltext=\"?\" data-font=\"Symbol\" data-listid=\"2\" data-list-defn-props=\"{&quot;335552541&quot;:1,&quot;335559685&quot;:720,&quot;335559991&quot;:360,&quot;469769226&quot;:&quot;Symbol&quot;,&quot;469769242&quot;:[8226],&quot;469777803&quot;:&quot;left&quot;,&quot;469777804&quot;:&quot;?&quot;,&quot;469777815&quot;:&quot;hybridMultilevel&quot;}\" data-aria-posinset=\"3\" data-aria-level=\"1\"><b><span data-contrast=\"auto\">Internet:<\/span><\/b><span data-contrast=\"auto\">\u00a0O sinal na ilha \u00e9 inst\u00e1vel. Aproveite para fazer um\u00a0detox\u00a0digital e focar na paisagem.<\/span><span data-ccp-props=\"{}\">\u00a0<\/span><\/li>\n<\/ul>\n<ul>\n<li aria-setsize=\"-1\" data-leveltext=\"?\" data-font=\"Symbol\" data-listid=\"2\" data-list-defn-props=\"{&quot;335552541&quot;:1,&quot;335559685&quot;:720,&quot;335559991&quot;:360,&quot;469769226&quot;:&quot;Symbol&quot;,&quot;469769242&quot;:[8226],&quot;469777803&quot;:&quot;left&quot;,&quot;469777804&quot;:&quot;?&quot;,&quot;469777815&quot;:&quot;hybridMultilevel&quot;}\" data-aria-posinset=\"4\" data-aria-level=\"1\"><b><span data-contrast=\"auto\">Agendamentos:<\/span><\/b><span data-contrast=\"auto\">\u00a0Trilhas controladas pelo\u00a0ICMBio\u00a0esgotam r\u00e1pido. Tente agendar logo on-line com semanas ou meses de anteced\u00eancia.<\/span><span data-ccp-props=\"{}\">\u00a0<\/span><\/li>\n<\/ul>\n<p><span data-contrast=\"auto\">Noronha n\u00e3o \u00e9 apenas um destino, \u00e9 um estado de esp\u00edrito. Ter um roteiro bem estruturado permite que voc\u00ea viva essa experi\u00eancia com a profundidade que ela merece, transformando uma simples viagem em uma mem\u00f3ria para a vida toda.<\/span><span data-ccp-props=\"{}\">\u00a0<\/span><\/p>\n","protected":false},"excerpt":{"rendered":"<p>Voc\u00ea provavelmente j\u00e1 passou horas namorando fotos da Ba\u00eda do Sancho ou imaginando o p\u00f4r do sol no Morro do Pico. A verdade \u00e9 que Fernando de Noronha \u00e9 o destino n\u00famero um na lista de desejos de quase todo viajante, mas planejar a log\u00edstica da ilha pode parecer um quebra-cabe\u00e7a complexo.\u00a0 Se voc\u00ea quer [&hellip;]<\/p>\n","protected":false},"author":2,"featured_media":13670,"comment_status":"open","ping_status":"open","sticky":false,"template":"","format":"standard","meta":{"_jetpack_memberships_contains_paid_content":false,"footnotes":"","jetpack_publicize_message":"","jetpack_publicize_feature_enabled":true,"jetpack_social_post_already_shared":true,"jetpack_social_options":{"image_generator_settings":{"template":"highway","default_image_id":0,"font":"","enabled":false},"version":2}},"categories":[702,921],"tags":[],"class_list":["post-13669","post","type-post","status-publish","format-standard","has-post-thumbnail","hentry","category-dicas-legais","category-viagens"],"jetpack_publicize_connections":[],"jetpack_featured_media_url":"https:\/\/i0.wp.com\/www.visiteobrasil.com.br\/news\/wp-content\/uploads\/2026\/04\/Arquipelago_de_Fernando_de_Noronha-foto-Caninde-Fernandes.jpg?fit=900%2C600&ssl=1","jetpack-related-posts":[{"id":12969,"url":"https:\/\/www.visiteobrasil.com.br\/news\/roteiros-de-viagem-para-casais-aventureiros-que-amam-a-natureza\/","url_meta":{"origin":13669,"position":0},"title":"Roteiros de viagem para casais aventureiros que amam a natureza","author":"Ramon","date":"19 de maio de 2024","format":false,"excerpt":"O Dia dos Namorados est\u00e1 se aproximando, e para os casais aventureiros apaixonados que compartilham o amor pela aventura e pela natureza, nada supera a emo\u00e7\u00e3o de explorar destinos lindos e repletos de aventuras juntos. Se voc\u00ea e seu parceiro est\u00e3o buscando uma escapada rom\u00e2ntica repleta de paisagens deslumbrantes e\u2026","rel":"","context":"Em &quot;Dicas legais&quot;","block_context":{"text":"Dicas legais","link":"https:\/\/www.visiteobrasil.com.br\/news\/dicas-legais\/"},"img":{"alt_text":"Aventureiros-Costa-Amalfintana","src":"https:\/\/i0.wp.com\/www.visiteobrasil.com.br\/news\/wp-content\/uploads\/2024\/05\/Aventureiros-Costa-Amalfintana-amalfi-coast-2180537_1280.jpg?fit=900%2C600&ssl=1&resize=350%2C200","width":350,"height":200,"srcset":"https:\/\/i0.wp.com\/www.visiteobrasil.com.br\/news\/wp-content\/uploads\/2024\/05\/Aventureiros-Costa-Amalfintana-amalfi-coast-2180537_1280.jpg?fit=900%2C600&ssl=1&resize=350%2C200 1x, https:\/\/i0.wp.com\/www.visiteobrasil.com.br\/news\/wp-content\/uploads\/2024\/05\/Aventureiros-Costa-Amalfintana-amalfi-coast-2180537_1280.jpg?fit=900%2C600&ssl=1&resize=525%2C300 1.5x, https:\/\/i0.wp.com\/www.visiteobrasil.com.br\/news\/wp-content\/uploads\/2024\/05\/Aventureiros-Costa-Amalfintana-amalfi-coast-2180537_1280.jpg?fit=900%2C600&ssl=1&resize=700%2C400 2x"},"classes":[]},{"id":13276,"url":"https:\/\/www.visiteobrasil.com.br\/news\/como-montar-o-roteiro-de-viagem-ideal-para-cada-estilo-de-viajante\/","url_meta":{"origin":13669,"position":1},"title":"Como montar o roteiro de viagem ideal para cada estilo de viajante","author":"Ramon","date":"23 de fevereiro de 2025","format":false,"excerpt":"Viajar \u00e9 sempre uma experi\u00eancia incr\u00edvel, mas cada pessoa tem um jeito \u00fanico de aproveitar. Tem quem ame uma aventura cheia de adrenalina, quem prefira explorar museus e mergulhar na cultura local e h\u00e1 aqueles que s\u00f3 querem relaxar sem pressa. E tudo bem. O segredo de uma viagem inesquec\u00edvel\u2026","rel":"","context":"Em &quot;Dicas legais&quot;","block_context":{"text":"Dicas legais","link":"https:\/\/www.visiteobrasil.com.br\/news\/dicas-legais\/"},"img":{"alt_text":"Roteiro ideal: katemangostar-Freepik","src":"https:\/\/i0.wp.com\/www.visiteobrasil.com.br\/news\/wp-content\/uploads\/2025\/02\/Roteiro-ideal-katemangostar-Freepik.jpg?fit=900%2C600&ssl=1&resize=350%2C200","width":350,"height":200,"srcset":"https:\/\/i0.wp.com\/www.visiteobrasil.com.br\/news\/wp-content\/uploads\/2025\/02\/Roteiro-ideal-katemangostar-Freepik.jpg?fit=900%2C600&ssl=1&resize=350%2C200 1x, https:\/\/i0.wp.com\/www.visiteobrasil.com.br\/news\/wp-content\/uploads\/2025\/02\/Roteiro-ideal-katemangostar-Freepik.jpg?fit=900%2C600&ssl=1&resize=525%2C300 1.5x, https:\/\/i0.wp.com\/www.visiteobrasil.com.br\/news\/wp-content\/uploads\/2025\/02\/Roteiro-ideal-katemangostar-Freepik.jpg?fit=900%2C600&ssl=1&resize=700%2C400 2x"},"classes":[]},{"id":13354,"url":"https:\/\/www.visiteobrasil.com.br\/news\/dia-mundial-da-tartaruga-destinos-onde-o-turismo-e-a-preservacao-caminham-juntos\/","url_meta":{"origin":13669,"position":2},"title":"Dia mundial da Tartaruga: Destinos onde o turismo e a preserva\u00e7\u00e3o caminham juntos","author":"Ramon","date":"25 de maio de 2025","format":false,"excerpt":"O Dia Mundial da Tartaruga, celebrado em 23 de maio, \u00e9 uma data voltada para a conscientiza\u00e7\u00e3o sobre a preserva\u00e7\u00e3o das tartarugas marinhas e terrestres, bem como de seus habitats naturais. Em um pa\u00eds como o Brasil \u2014 reconhecido mundialmente por sua biodiversidade exuberante \u2014 essa celebra\u00e7\u00e3o ganha um significado\u2026","rel":"","context":"Em &quot;Artigos&quot;","block_context":{"text":"Artigos","link":"https:\/\/www.visiteobrasil.com.br\/news\/artigos\/"},"img":{"alt_text":"Tartaruga-Foto-Projeto-Tamar.","src":"https:\/\/i0.wp.com\/www.visiteobrasil.com.br\/news\/wp-content\/uploads\/2025\/05\/Tartaruga-Foto-Projeto-Tamar.png?fit=900%2C600&ssl=1&resize=350%2C200","width":350,"height":200,"srcset":"https:\/\/i0.wp.com\/www.visiteobrasil.com.br\/news\/wp-content\/uploads\/2025\/05\/Tartaruga-Foto-Projeto-Tamar.png?fit=900%2C600&ssl=1&resize=350%2C200 1x, https:\/\/i0.wp.com\/www.visiteobrasil.com.br\/news\/wp-content\/uploads\/2025\/05\/Tartaruga-Foto-Projeto-Tamar.png?fit=900%2C600&ssl=1&resize=525%2C300 1.5x, https:\/\/i0.wp.com\/www.visiteobrasil.com.br\/news\/wp-content\/uploads\/2025\/05\/Tartaruga-Foto-Projeto-Tamar.png?fit=900%2C600&ssl=1&resize=700%2C400 2x"},"classes":[]},{"id":13241,"url":"https:\/\/www.visiteobrasil.com.br\/news\/do-sul-ao-norte-destinos-nacionais-perfeitos-para-sua-lua-de-mel\/","url_meta":{"origin":13669,"position":3},"title":"Do Sul ao Norte: destinos nacionais perfeitos para sua lua de mel","author":"Ramon","date":"26 de janeiro de 2025","format":false,"excerpt":"A viagem de lua de mel \u00e9 o momento dos sonhos para muitos casais, que buscam escrever um cap\u00edtulo especial em sua rela\u00e7\u00e3o nesse momento a dois. Esse passeio oferece a chance de vivenciar novas experi\u00eancias e conhecer novos lugares. No Brasil, o que n\u00e3o faltam s\u00e3o op\u00e7\u00f5es de destinos\u2026","rel":"","context":"Em &quot;Dicas legais&quot;","block_context":{"text":"Dicas legais","link":"https:\/\/www.visiteobrasil.com.br\/news\/dicas-legais\/"},"img":{"alt_text":"Lua de Mel - Aguas termais-Bento Gon\u00e7alves-RS-vania turismo","src":"https:\/\/i0.wp.com\/www.visiteobrasil.com.br\/news\/wp-content\/uploads\/2025\/01\/Aguas-termais-Bento-Goncalves-RS-vania-turismo.jpg?fit=900%2C600&ssl=1&resize=350%2C200","width":350,"height":200,"srcset":"https:\/\/i0.wp.com\/www.visiteobrasil.com.br\/news\/wp-content\/uploads\/2025\/01\/Aguas-termais-Bento-Goncalves-RS-vania-turismo.jpg?fit=900%2C600&ssl=1&resize=350%2C200 1x, https:\/\/i0.wp.com\/www.visiteobrasil.com.br\/news\/wp-content\/uploads\/2025\/01\/Aguas-termais-Bento-Goncalves-RS-vania-turismo.jpg?fit=900%2C600&ssl=1&resize=525%2C300 1.5x, https:\/\/i0.wp.com\/www.visiteobrasil.com.br\/news\/wp-content\/uploads\/2025\/01\/Aguas-termais-Bento-Goncalves-RS-vania-turismo.jpg?fit=900%2C600&ssl=1&resize=700%2C400 2x"},"classes":[]},{"id":6354,"url":"https:\/\/www.visiteobrasil.com.br\/news\/dicas-dos-10-melhores-destinos-para-a-virada-do-ano-2023\/","url_meta":{"origin":13669,"position":4},"title":"Dicas dos 10 melhores destinos para a virada do ano 2023","author":"Ramon","date":"3 de dezembro de 2023","format":false,"excerpt":"O final do ano se aproxima e, com ele, a expectativa de celebrar a virada de 2023 em destinos tur\u00edsticos inesquec\u00edveis ao redor do mundo. Seja em solo brasileiro ou al\u00e9m das fronteiras, h\u00e1 uma variedade de op\u00e7\u00f5es que prometem experi\u00eancias \u00fanicas para receber o novo ano com estilo. Neste\u2026","rel":"","context":"Em &quot;Mat\u00e9rias especiais&quot;","block_context":{"text":"Mat\u00e9rias especiais","link":"https:\/\/www.visiteobrasil.com.br\/news\/materias-especiais\/"},"img":{"alt_text":"Virada do ano: Reveillon 2023 - Salvador-Ba: Farol da Barra \u00e0 noite - Foto: Jo\u00e3o Ramos (Bahiatursa)","src":"https:\/\/i0.wp.com\/www.visiteobrasil.com.br\/news\/wp-content\/uploads\/2023\/12\/Reveillon-2023-Farol-da-barra-ssa-foto-joao-ramos-bahiatursa.jpg?fit=900%2C599&ssl=1&resize=350%2C200","width":350,"height":200,"srcset":"https:\/\/i0.wp.com\/www.visiteobrasil.com.br\/news\/wp-content\/uploads\/2023\/12\/Reveillon-2023-Farol-da-barra-ssa-foto-joao-ramos-bahiatursa.jpg?fit=900%2C599&ssl=1&resize=350%2C200 1x, https:\/\/i0.wp.com\/www.visiteobrasil.com.br\/news\/wp-content\/uploads\/2023\/12\/Reveillon-2023-Farol-da-barra-ssa-foto-joao-ramos-bahiatursa.jpg?fit=900%2C599&ssl=1&resize=525%2C300 1.5x, https:\/\/i0.wp.com\/www.visiteobrasil.com.br\/news\/wp-content\/uploads\/2023\/12\/Reveillon-2023-Farol-da-barra-ssa-foto-joao-ramos-bahiatursa.jpg?fit=900%2C599&ssl=1&resize=700%2C400 2x"},"classes":[]},{"id":5682,"url":"https:\/\/www.visiteobrasil.com.br\/news\/chapada-diamantina-um-tesouro-natural-a-ser-desbravado-na-bahia\/","url_meta":{"origin":13669,"position":5},"title":"Chapada Diamantina: Um Tesouro Natural a ser desbravado na Bahia","author":"Ramon","date":"10 de novembro de 2023","format":false,"excerpt":"Localizada no cora\u00e7\u00e3o do estado da Bahia, a Chapada Diamantina \u00e9 um destino tur\u00edstico que encanta pela sua riqueza natural e cultural. Com paisagens deslumbrantes, cachoeiras majestosas, grutas misteriosas e trilhas desafiadoras, essa regi\u00e3o exuberante atrai viajantes de todas as partes do mundo em busca de aventura, contato com a\u2026","rel":"","context":"Em &quot;Mat\u00e9rias especiais&quot;","block_context":{"text":"Mat\u00e9rias especiais","link":"https:\/\/www.visiteobrasil.com.br\/news\/materias-especiais\/"},"img":{"alt_text":"Chapada Diamantina - Morro do Chapeu- Foto: Matheus Seiji Goto","src":"https:\/\/i0.wp.com\/www.visiteobrasil.com.br\/news\/wp-content\/uploads\/2023\/11\/Chapada-diamantina-Morro-do-Chapeu-Matheus-Seiji-Goto-unsplash.jpg?fit=900%2C600&ssl=1&resize=350%2C200","width":350,"height":200,"srcset":"https:\/\/i0.wp.com\/www.visiteobrasil.com.br\/news\/wp-content\/uploads\/2023\/11\/Chapada-diamantina-Morro-do-Chapeu-Matheus-Seiji-Goto-unsplash.jpg?fit=900%2C600&ssl=1&resize=350%2C200 1x, https:\/\/i0.wp.com\/www.visiteobrasil.com.br\/news\/wp-content\/uploads\/2023\/11\/Chapada-diamantina-Morro-do-Chapeu-Matheus-Seiji-Goto-unsplash.jpg?fit=900%2C600&ssl=1&resize=525%2C300 1.5x, https:\/\/i0.wp.com\/www.visiteobrasil.com.br\/news\/wp-content\/uploads\/2023\/11\/Chapada-diamantina-Morro-do-Chapeu-Matheus-Seiji-Goto-unsplash.jpg?fit=900%2C600&ssl=1&resize=700%2C400 2x"},"classes":[]}],"jetpack_sharing_enabled":true,"jetpack_likes_enabled":true,"_links":{"self":[{"href":"https:\/\/www.visiteobrasil.com.br\/news\/wp-json\/wp\/v2\/posts\/13669","targetHints":{"allow":["GET"]}}],"collection":[{"href":"https:\/\/www.visiteobrasil.com.br\/news\/wp-json\/wp\/v2\/posts"}],"about":[{"href":"https:\/\/www.visiteobrasil.com.br\/news\/wp-json\/wp\/v2\/types\/post"}],"author":[{"embeddable":true,"href":"https:\/\/www.visiteobrasil.com.br\/news\/wp-json\/wp\/v2\/users\/2"}],"replies":[{"embeddable":true,"href":"https:\/\/www.visiteobrasil.com.br\/news\/wp-json\/wp\/v2\/comments?post=13669"}],"version-history":[{"count":1,"href":"https:\/\/www.visiteobrasil.com.br\/news\/wp-json\/wp\/v2\/posts\/13669\/revisions"}],"predecessor-version":[{"id":13671,"href":"https:\/\/www.visiteobrasil.com.br\/news\/wp-json\/wp\/v2\/posts\/13669\/revisions\/13671"}],"wp:featuredmedia":[{"embeddable":true,"href":"https:\/\/www.visiteobrasil.com.br\/news\/wp-json\/wp\/v2\/media\/13670"}],"wp:attachment":[{"href":"https:\/\/www.visiteobrasil.com.br\/news\/wp-json\/wp\/v2\/media?parent=13669"}],"wp:term":[{"taxonomy":"category","embeddable":true,"href":"https:\/\/www.visiteobrasil.com.br\/news\/wp-json\/wp\/v2\/categories?post=13669"},{"taxonomy":"post_tag","embeddable":true,"href":"https:\/\/www.visiteobrasil.com.br\/news\/wp-json\/wp\/v2\/tags?post=13669"}],"curies":[{"name":"wp","href":"https:\/\/api.w.org\/{rel}","templated":true}]}}