{"id":13650,"date":"2026-03-22T10:11:51","date_gmt":"2026-03-22T13:11:51","guid":{"rendered":"https:\/\/www.visiteobrasil.com.br\/news\/?p=13650"},"modified":"2026-03-22T10:11:51","modified_gmt":"2026-03-22T13:11:51","slug":"turismo-de-negocios-brasil-paises-arabes","status":"publish","type":"post","link":"https:\/\/www.visiteobrasil.com.br\/news\/turismo-de-negocios-brasil-paises-arabes\/","title":{"rendered":"Turismo de neg\u00f3cios: Brasil avan\u00e7a com pa\u00edses \u00e1rabes e mira investimentos"},"content":{"rendered":"<p data-start=\"77\" data-end=\"444\">O <strong data-start=\"79\" data-end=\"102\">turismo de neg\u00f3cios<\/strong> brasileiro acaba de ganhar um novo cap\u00edtulo \u2014 e ele come\u00e7a com um movimento estrat\u00e9gico que une diplomacia, economia e turismo. Em um cen\u00e1rio global cada vez mais competitivo, o Brasil decidiu olhar com mais aten\u00e7\u00e3o para o mundo \u00e1rabe, n\u00e3o apenas como parceiro comercial, mas como uma ponte promissora para atrair visitantes e investimentos.<\/p>\n<p data-start=\"446\" data-end=\"800\">O an\u00fancio foi feito durante um semin\u00e1rio realizado em S\u00e3o Paulo, onde o ministro do Turismo, Gustavo Feliciano, formalizou um acordo com a C\u00e2mara de Com\u00e9rcio \u00c1rabe-Brasileira. A iniciativa busca ampliar o fluxo de turistas, fortalecer rela\u00e7\u00f5es institucionais e posicionar o pa\u00eds como um destino relevante no mapa internacional do <strong data-start=\"776\" data-end=\"799\">turismo de neg\u00f3cios<\/strong>.<\/p>\n<p data-start=\"802\" data-end=\"971\">Mais do que um gesto simb\u00f3lico, o acordo representa uma mudan\u00e7a de postura: o Brasil quer ser mais do que destino tur\u00edstico \u2014 quer ser tamb\u00e9m um hub de conex\u00f5es globais.<\/p>\n<hr data-start=\"973\" data-end=\"976\" \/>\n<h2 data-section-id=\"7trj89\" data-start=\"978\" data-end=\"1046\">Turismo de neg\u00f3cios ganha for\u00e7a na rela\u00e7\u00e3o Brasil e pa\u00edses \u00e1rabes<\/h2>\n<p data-start=\"1048\" data-end=\"1264\">A aproxima\u00e7\u00e3o entre o Brasil e os pa\u00edses \u00e1rabes n\u00e3o \u00e9 exatamente nova. O que muda agora \u00e9 a forma como essa rela\u00e7\u00e3o passa a ser estruturada dentro do <strong data-start=\"1198\" data-end=\"1221\">turismo de neg\u00f3cios<\/strong>, com metas claras e estrat\u00e9gias definidas.<\/p>\n<p data-start=\"1266\" data-end=\"1505\">Durante o evento, foi destacada a import\u00e2ncia de criar pontes que facilitem n\u00e3o apenas o interc\u00e2mbio comercial, mas tamb\u00e9m a circula\u00e7\u00e3o de pessoas. A l\u00f3gica \u00e9 simples: onde h\u00e1 neg\u00f3cios, h\u00e1 deslocamento \u2014 e onde h\u00e1 deslocamento, h\u00e1 turismo.<\/p>\n<h3 data-section-id=\"1f8pp19\" data-start=\"1507\" data-end=\"1540\">Um mercado com alto potencial<\/h3>\n<p data-start=\"1542\" data-end=\"1790\">Os pa\u00edses \u00e1rabes representam uma das regi\u00f5es com maior capacidade de investimento no mundo. Com economias diversificadas e forte presen\u00e7a em setores como energia, tecnologia e infraestrutura, esses pa\u00edses enxergam no Brasil um parceiro estrat\u00e9gico.<\/p>\n<p data-start=\"1792\" data-end=\"2049\">Ao mesmo tempo, o Brasil oferece uma combina\u00e7\u00e3o atrativa: diversidade cultural, riqueza natural e um mercado interno robusto. No contexto do <strong data-start=\"1933\" data-end=\"1956\">turismo de neg\u00f3cios<\/strong>, isso se traduz em eventos internacionais, feiras, congressos e oportunidades de networking.<\/p>\n<h3 data-section-id=\"alg4gr\" data-start=\"2051\" data-end=\"2090\">Diplomacia que gera fluxo tur\u00edstico<\/h3>\n<p data-start=\"2092\" data-end=\"2372\">A formaliza\u00e7\u00e3o do acordo com a C\u00e2mara \u00c1rabe-Brasileira refor\u00e7a o papel da diplomacia como ferramenta de desenvolvimento tur\u00edstico. N\u00e3o se trata apenas de assinar documentos, mas de criar condi\u00e7\u00f5es reais para que empres\u00e1rios, investidores e visitantes circulem com mais facilidade.<\/p>\n<p data-start=\"2374\" data-end=\"2559\">Esse tipo de iniciativa tamb\u00e9m contribui para reduzir barreiras culturais e ampliar o entendimento entre diferentes regi\u00f5es \u2014 um fator essencial para o crescimento sustent\u00e1vel do setor.<\/p>\n<hr data-start=\"2561\" data-end=\"2564\" \/>\n<h2 data-section-id=\"1dm6z8j\" data-start=\"2566\" data-end=\"2612\">S\u00e3o Paulo como porta de entrada estrat\u00e9gica<\/h2>\n<p data-start=\"2614\" data-end=\"2856\">N\u00e3o por acaso, o an\u00fancio foi feito em S\u00e3o Paulo. A cidade \u00e9 considerada o principal polo de <strong data-start=\"2706\" data-end=\"2729\">turismo de neg\u00f3cios<\/strong> da Am\u00e9rica Latina, concentrando grande parte dos eventos corporativos, feiras internacionais e encontros empresariais do pa\u00eds.<\/p>\n<p data-start=\"2858\" data-end=\"3077\">Com infraestrutura consolidada, rede hoteleira ampla e conectividade a\u00e9rea, S\u00e3o Paulo funciona como uma porta de entrada natural para visitantes estrangeiros \u2014 especialmente aqueles que chegam com interesses comerciais.<\/p>\n<h3 data-section-id=\"int5c2\" data-start=\"3079\" data-end=\"3124\">Infraestrutura que sustenta o crescimento<\/h3>\n<p data-start=\"3126\" data-end=\"3341\">A capital paulista re\u00fane centros de conven\u00e7\u00f5es, espa\u00e7os para eventos e uma log\u00edstica eficiente que facilita deslocamentos. Al\u00e9m disso, a cidade conta com uma ampla oferta de servi\u00e7os voltados ao p\u00fablico corporativo.<\/p>\n<p data-start=\"3343\" data-end=\"3516\">Essa estrutura \u00e9 fundamental para sustentar o crescimento do <strong data-start=\"3404\" data-end=\"3427\">turismo de neg\u00f3cios<\/strong>, especialmente em um momento em que o Brasil busca atrair novos mercados internacionais.<\/p>\n<h3 data-section-id=\"1m9quv5\" data-start=\"3518\" data-end=\"3555\">Efeito cascata em outros destinos<\/h3>\n<p data-start=\"3557\" data-end=\"3747\">Embora S\u00e3o Paulo seja o ponto de partida, os benef\u00edcios dessa estrat\u00e9gia n\u00e3o se limitam \u00e0 cidade. Outros destinos brasileiros tamb\u00e9m tendem a se beneficiar do aumento no fluxo de visitantes.<\/p>\n<p data-start=\"3749\" data-end=\"3966\">Muitos viajantes corporativos aproveitam compromissos profissionais para estender a estadia e conhecer outras regi\u00f5es do pa\u00eds \u2014 um movimento que fortalece o turismo de lazer e amplia o impacto econ\u00f4mico da iniciativa.<\/p>\n<p data-start=\"3968\" data-end=\"4192\">Para entender melhor esse cen\u00e1rio, vale conferir a an\u00e1lise sobre o crescimento do setor no Brasil:<br data-start=\"4066\" data-end=\"4069\" \/>? <a class=\"decorated-link\" href=\"https:\/\/www.visiteobrasil.com.br\/noticia\/turismo-corporativo-um-setor-em-ascenso-com-faturamento-de-r-12-bilho-em-agosto\" target=\"_new\" rel=\"noopener\" data-start=\"4072\" data-end=\"4192\">https:\/\/www.visiteobrasil.com.br\/noticia\/turismo-corporativo-um-setor-em-ascenso-com-faturamento-de-r-12-bilho-em-agosto<\/a><\/p>\n<hr data-start=\"4194\" data-end=\"4197\" \/>\n<h2 data-section-id=\"1k57ek6\" data-start=\"4199\" data-end=\"4260\">Investimentos internacionais e oportunidades para o Brasil<\/h2>\n<p data-start=\"4262\" data-end=\"4389\">Se o turismo traz visitantes, os investimentos trazem perman\u00eancia. E \u00e9 exatamente essa combina\u00e7\u00e3o que o acordo busca estimular.<\/p>\n<p data-start=\"4391\" data-end=\"4569\">O fortalecimento do <strong data-start=\"4411\" data-end=\"4434\">turismo de neg\u00f3cios<\/strong> com pa\u00edses \u00e1rabes abre espa\u00e7o para a entrada de capital estrangeiro em projetos tur\u00edsticos, infraestrutura e desenvolvimento regional.<\/p>\n<h3 data-section-id=\"4xpln7\" data-start=\"4571\" data-end=\"4612\">Capta\u00e7\u00e3o de recursos e novos projetos<\/h3>\n<p data-start=\"4614\" data-end=\"4849\">Entre as possibilidades est\u00e3o investimentos em hot\u00e9is, resorts, centros de conven\u00e7\u00f5es e at\u00e9 projetos voltados ao turismo sustent\u00e1vel. O interesse de investidores internacionais pode acelerar obras e modernizar estruturas j\u00e1 existentes.<\/p>\n<p data-start=\"4851\" data-end=\"4989\">Al\u00e9m disso, a presen\u00e7a de capital estrangeiro tende a gerar empregos, movimentar cadeias produtivas e aumentar a competitividade do setor.<\/p>\n<h3 data-section-id=\"1rxcodu\" data-start=\"4991\" data-end=\"5030\">Diversifica\u00e7\u00e3o do mercado tur\u00edstico<\/h3>\n<p data-start=\"5032\" data-end=\"5272\">Outro ponto importante \u00e9 a diversifica\u00e7\u00e3o do p\u00fablico internacional. Ao ampliar a presen\u00e7a de turistas e investidores \u00e1rabes, o Brasil reduz sua depend\u00eancia de mercados tradicionais e se torna mais resiliente a oscila\u00e7\u00f5es econ\u00f4micas globais.<\/p>\n<p data-start=\"5274\" data-end=\"5388\">Essa estrat\u00e9gia \u00e9 vista como essencial para consolidar o pa\u00eds no cen\u00e1rio internacional do <strong data-start=\"5364\" data-end=\"5387\">turismo de neg\u00f3cios<\/strong>.<\/p>\n<hr data-start=\"5390\" data-end=\"5393\" \/>\n<h2 data-section-id=\"1gmqed5\" data-start=\"5395\" data-end=\"5435\">Desafios e perspectivas para o futuro<\/h2>\n<p data-start=\"5437\" data-end=\"5682\">Apesar do entusiasmo em torno do acordo, especialistas apontam que ainda h\u00e1 desafios a serem superados. Quest\u00f5es como conectividade a\u00e9rea, facilita\u00e7\u00e3o de vistos e adapta\u00e7\u00e3o cultural precisam ser trabalhadas para garantir o sucesso da iniciativa.<\/p>\n<p data-start=\"5684\" data-end=\"5901\">O pr\u00f3prio Minist\u00e9rio do Turismo j\u00e1 sinalizou a import\u00e2ncia de investir em promo\u00e7\u00e3o internacional e capacita\u00e7\u00e3o do setor. Informa\u00e7\u00f5es e diretrizes oficiais podem ser acompanhadas no portal:<br data-start=\"5872\" data-end=\"5875\" \/><a class=\"decorated-link\" href=\"https:\/\/www.gov.br\/turismo\" target=\"_new\" rel=\"noopener\" data-start=\"5875\" data-end=\"5901\">https:\/\/www.gov.br\/turismo<\/a><\/p>\n<h3 data-section-id=\"5p8v9c\" data-start=\"5903\" data-end=\"5948\">A import\u00e2ncia da experi\u00eancia do visitante<\/h3>\n<p data-start=\"5950\" data-end=\"6095\">Atrair turistas \u00e9 apenas parte da equa\u00e7\u00e3o. Garantir uma experi\u00eancia positiva \u00e9 o que realmente fideliza o visitante e fortalece a imagem do pa\u00eds.<\/p>\n<p data-start=\"6097\" data-end=\"6247\">No caso do p\u00fablico \u00e1rabe, isso inclui aten\u00e7\u00e3o a aspectos culturais, gastron\u00f4micos e religiosos \u2014 detalhes que fazem diferen\u00e7a na percep\u00e7\u00e3o do destino.<\/p>\n<h3 data-section-id=\"1btds14\" data-start=\"6249\" data-end=\"6289\">Um movimento que vai al\u00e9m do turismo<\/h3>\n<p data-start=\"6291\" data-end=\"6533\">No fim das contas, o fortalecimento do <strong data-start=\"6330\" data-end=\"6353\">turismo de neg\u00f3cios<\/strong> com pa\u00edses \u00e1rabes vai al\u00e9m do setor tur\u00edstico. Ele representa uma estrat\u00e9gia de posicionamento internacional, capaz de influenciar com\u00e9rcio, investimentos e rela\u00e7\u00f5es diplom\u00e1ticas.<\/p>\n<hr data-start=\"6535\" data-end=\"6538\" \/>\n<h2 data-section-id=\"h85oci\" data-start=\"6540\" data-end=\"6552\">Conclus\u00e3o<\/h2>\n<p data-start=\"6554\" data-end=\"6828\">O acordo firmado entre o Brasil e a C\u00e2mara de Com\u00e9rcio \u00c1rabe-Brasileira marca um passo importante na evolu\u00e7\u00e3o do <strong data-start=\"6667\" data-end=\"6690\">turismo de neg\u00f3cios<\/strong> no pa\u00eds. Mais do que aumentar o n\u00famero de visitantes, a iniciativa busca criar conex\u00f5es duradouras e abrir novas frentes de investimento.<\/p>\n<p data-start=\"6830\" data-end=\"7009\">Em um mundo cada vez mais interligado, destinos que conseguem unir turismo, neg\u00f3cios e diplomacia saem na frente. E o Brasil, ao que tudo indica, decidiu entrar de vez nesse jogo.<\/p>\n<p data-start=\"7011\" data-end=\"7245\">Se a estrat\u00e9gia ser\u00e1 suficiente para transformar o pa\u00eds em um dos principais polos globais do setor, o tempo dir\u00e1. Mas uma coisa \u00e9 certa: o movimento j\u00e1 come\u00e7ou \u2014 e promete redesenhar o mapa do turismo internacional nos pr\u00f3ximos anos.<\/p>\n","protected":false},"excerpt":{"rendered":"<p>O turismo de neg\u00f3cios brasileiro acaba de ganhar um novo cap\u00edtulo \u2014 e ele come\u00e7a com um movimento estrat\u00e9gico que une diplomacia, economia e turismo. Em um cen\u00e1rio global cada vez mais competitivo, o Brasil decidiu olhar com mais aten\u00e7\u00e3o para o mundo \u00e1rabe, n\u00e3o apenas como parceiro comercial, mas como uma ponte promissora para [&hellip;]<\/p>\n","protected":false},"author":2,"featured_media":13651,"comment_status":"open","ping_status":"open","sticky":false,"template":"","format":"standard","meta":{"_jetpack_memberships_contains_paid_content":false,"footnotes":"","jetpack_publicize_message":"","jetpack_publicize_feature_enabled":true,"jetpack_social_post_already_shared":true,"jetpack_social_options":{"image_generator_settings":{"template":"highway","default_image_id":0,"font":"","enabled":false},"version":2}},"categories":[929,943,921],"tags":[948,1027,1028,1023,1011,1026],"class_list":["post-13650","post","type-post","status-publish","format-standard","has-post-thumbnail","hentry","category-eventos","category-hospedagem","category-viagens","tag-economia-do-turismo","tag-investimentos-estrangeiros","tag-paises-arabes","tag-turismo-corporativo","tag-turismo-de-negocios","tag-turismo-internacional"],"jetpack_publicize_connections":[],"jetpack_featured_media_url":"https:\/\/i0.wp.com\/www.visiteobrasil.com.br\/news\/wp-content\/uploads\/2026\/03\/turismo-de-negocios-Foto-Marcelo-Brammer-Camara-Arabe.jpeg?fit=900%2C600&ssl=1","jetpack-related-posts":[{"id":13220,"url":"https:\/\/www.visiteobrasil.com.br\/news\/brasil-e-arabia-saudita-firmam-acordo-para-facilitar-emissao-de-vistos\/","url_meta":{"origin":13650,"position":0},"title":"Brasil e Ar\u00e1bia Saudita firmam acordo para facilitar emiss\u00e3o de vistos","author":"Ramon","date":"22 de dezembro de 2024","format":false,"excerpt":"O Senado Federal aprovou nesta quinta-feira (19.12) um acordo bilateral entre Brasil e Ar\u00e1bia Saudita firmam acordo para facilitar emiss\u00e3o de vistos Brasil e Ar\u00e1bia Saudita que promete impulsionar o turismo e os neg\u00f3cios entre os dois pa\u00edses. A proposta, que j\u00e1 havia sido aprovada pela C\u00e2mara dos Deputados e\u2026","rel":"","context":"Em &quot;Noticias&quot;","block_context":{"text":"Noticias","link":"https:\/\/www.visiteobrasil.com.br\/news\/noticias\/"},"img":{"alt_text":"Vistos Brasil e Arabia","src":"https:\/\/i0.wp.com\/www.visiteobrasil.com.br\/news\/wp-content\/uploads\/2024\/12\/Vistos-Brasil-Arabia-bddd6b72-9989-412a-966f-ae825ce26bb4.jpeg?fit=900%2C600&ssl=1&resize=350%2C200","width":350,"height":200,"srcset":"https:\/\/i0.wp.com\/www.visiteobrasil.com.br\/news\/wp-content\/uploads\/2024\/12\/Vistos-Brasil-Arabia-bddd6b72-9989-412a-966f-ae825ce26bb4.jpeg?fit=900%2C600&ssl=1&resize=350%2C200 1x, https:\/\/i0.wp.com\/www.visiteobrasil.com.br\/news\/wp-content\/uploads\/2024\/12\/Vistos-Brasil-Arabia-bddd6b72-9989-412a-966f-ae825ce26bb4.jpeg?fit=900%2C600&ssl=1&resize=525%2C300 1.5x, https:\/\/i0.wp.com\/www.visiteobrasil.com.br\/news\/wp-content\/uploads\/2024\/12\/Vistos-Brasil-Arabia-bddd6b72-9989-412a-966f-ae825ce26bb4.jpeg?fit=900%2C600&ssl=1&resize=700%2C400 2x"},"classes":[]},{"id":13616,"url":"https:\/\/www.visiteobrasil.com.br\/news\/viagens-corporativas-brasil\/","url_meta":{"origin":13650,"position":1},"title":"Viagens corporativas impulsionam turismo de neg\u00f3cios e batem R$ 12,7 bi","author":"Ramon","date":"22 de dezembro de 2025","format":false,"excerpt":"As viagens corporativas seguem como um dos pilares mais s\u00f3lidos do turismo brasileiro e mostram f\u00f4lego mesmo diante de oscila\u00e7\u00f5es econ\u00f4micas globais. Entre janeiro e novembro deste ano, o setor movimentou R$ 12,7 bilh\u00f5es, segundo o levantamento mensal da Abracorp (Associa\u00e7\u00e3o Brasileira de Ag\u00eancias de Viagens Corporativas). O resultado refor\u00e7a\u2026","rel":"","context":"Em &quot;Eventos&quot;","block_context":{"text":"Eventos","link":"https:\/\/www.visiteobrasil.com.br\/news\/eventos\/"},"img":{"alt_text":"Viagens corporativas","src":"https:\/\/i0.wp.com\/www.visiteobrasil.com.br\/news\/wp-content\/uploads\/2025\/12\/viagens-corporativas.png?fit=900%2C600&ssl=1&resize=350%2C200","width":350,"height":200,"srcset":"https:\/\/i0.wp.com\/www.visiteobrasil.com.br\/news\/wp-content\/uploads\/2025\/12\/viagens-corporativas.png?fit=900%2C600&ssl=1&resize=350%2C200 1x, https:\/\/i0.wp.com\/www.visiteobrasil.com.br\/news\/wp-content\/uploads\/2025\/12\/viagens-corporativas.png?fit=900%2C600&ssl=1&resize=525%2C300 1.5x, https:\/\/i0.wp.com\/www.visiteobrasil.com.br\/news\/wp-content\/uploads\/2025\/12\/viagens-corporativas.png?fit=900%2C600&ssl=1&resize=700%2C400 2x"},"classes":[]},{"id":13550,"url":"https:\/\/www.visiteobrasil.com.br\/news\/turismo-domestico-impulsiona-economia-brasileira\/","url_meta":{"origin":13650,"position":2},"title":"Turismo dom\u00e9stico impulsiona economia em R$ 22,8 bilh\u00f5es","author":"Ramon","date":"6 de outubro de 2025","format":false,"excerpt":"O turismo dom\u00e9stico brasileiro voltou a demonstrar sua for\u00e7a e relev\u00e2ncia para a economia nacional. Segundo dados recentes da PNAD Cont\u00ednua: Turismo, divulgada pelo Instituto Brasileiro de Geografia e Estat\u00edstica (IBGE) em parceria com o Minist\u00e9rio do Turismo, o setor movimentou R$ 22,8 bilh\u00f5es em 2024, impulsionado especialmente pelas viagens\u2026","rel":"","context":"Em &quot;Noticias&quot;","block_context":{"text":"Noticias","link":"https:\/\/www.visiteobrasil.com.br\/news\/noticias\/"},"img":{"alt_text":"Turismo dom\u00e9stico: Aeroporto- Foto Freepick","src":"https:\/\/i0.wp.com\/www.visiteobrasil.com.br\/news\/wp-content\/uploads\/2025\/10\/aeroporto-Freepick.jpg?fit=900%2C600&ssl=1&resize=350%2C200","width":350,"height":200,"srcset":"https:\/\/i0.wp.com\/www.visiteobrasil.com.br\/news\/wp-content\/uploads\/2025\/10\/aeroporto-Freepick.jpg?fit=900%2C600&ssl=1&resize=350%2C200 1x, https:\/\/i0.wp.com\/www.visiteobrasil.com.br\/news\/wp-content\/uploads\/2025\/10\/aeroporto-Freepick.jpg?fit=900%2C600&ssl=1&resize=525%2C300 1.5x, https:\/\/i0.wp.com\/www.visiteobrasil.com.br\/news\/wp-content\/uploads\/2025\/10\/aeroporto-Freepick.jpg?fit=900%2C600&ssl=1&resize=700%2C400 2x"},"classes":[]},{"id":13394,"url":"https:\/\/www.visiteobrasil.com.br\/news\/turismo-se-firma-como-pilar-de-crescimento-economico-no-brasil-e-na-america-latina\/","url_meta":{"origin":13650,"position":3},"title":"Turismo se Firma como Pilar de Crescimento Econ\u00f4mico no Brasil e na Am\u00e9rica Latina","author":"Ramon","date":"9 de junho de 2025","format":false,"excerpt":"Nos \u00faltimos anos, o turismo tem se consolidado como um dos principais pilares do crescimento econ\u00f4mico no Brasil e em toda a Am\u00e9rica Latina. Com n\u00fameros recordes de turistas internacionais, expans\u00e3o das infraestruturas e forte presen\u00e7a no ranking global de turismo de neg\u00f3cios, o setor tem demonstrado sua relev\u00e2ncia estrat\u00e9gica\u2026","rel":"","context":"Em &quot;Artigos&quot;","block_context":{"text":"Artigos","link":"https:\/\/www.visiteobrasil.com.br\/news\/artigos\/"},"img":{"alt_text":"Crescimento: stopover: Passagens a\u00e9reas - Avi\u00e3o taxiando na pista","src":"https:\/\/i0.wp.com\/www.visiteobrasil.com.br\/news\/wp-content\/uploads\/2023\/12\/rocker-sta-RSYBi_1fhfM-unsplash.jpg?fit=900%2C600&ssl=1&resize=350%2C200","width":350,"height":200,"srcset":"https:\/\/i0.wp.com\/www.visiteobrasil.com.br\/news\/wp-content\/uploads\/2023\/12\/rocker-sta-RSYBi_1fhfM-unsplash.jpg?fit=900%2C600&ssl=1&resize=350%2C200 1x, https:\/\/i0.wp.com\/www.visiteobrasil.com.br\/news\/wp-content\/uploads\/2023\/12\/rocker-sta-RSYBi_1fhfM-unsplash.jpg?fit=900%2C600&ssl=1&resize=525%2C300 1.5x, https:\/\/i0.wp.com\/www.visiteobrasil.com.br\/news\/wp-content\/uploads\/2023\/12\/rocker-sta-RSYBi_1fhfM-unsplash.jpg?fit=900%2C600&ssl=1&resize=700%2C400 2x"},"classes":[]},{"id":13283,"url":"https:\/\/www.visiteobrasil.com.br\/news\/brasil-registra-recorde-de-turistas-internacionais-em-janeiro-de-2025\/","url_meta":{"origin":13650,"position":4},"title":"Brasil Registra Recorde de Turistas Internacionais em Janeiro de 2025","author":"Ramon","date":"10 de mar\u00e7o de 2025","format":false,"excerpt":"O Brasil recebeu mais de 1,4 milh\u00e3o de turistas internacionais em janeiro de 2025, resultando em um impacto econ\u00f4mico significativo de US$ 805 milh\u00f5es. Os dados, divulgados nesta quinta-feira (27\/02) pelo Banco Central (Bacen) e compilados pelo Minist\u00e9rio do Turismo, representam o melhor desempenho do setor no m\u00eas de janeiro\u2026","rel":"","context":"Em &quot;Noticias&quot;","block_context":{"text":"Noticias","link":"https:\/\/www.visiteobrasil.com.br\/news\/noticias\/"},"img":{"alt_text":"Turistas - Foto: Freepick","src":"https:\/\/i0.wp.com\/www.visiteobrasil.com.br\/news\/wp-content\/uploads\/2025\/03\/Turistas-foto-Freepick.jpg?fit=900%2C600&ssl=1&resize=350%2C200","width":350,"height":200,"srcset":"https:\/\/i0.wp.com\/www.visiteobrasil.com.br\/news\/wp-content\/uploads\/2025\/03\/Turistas-foto-Freepick.jpg?fit=900%2C600&ssl=1&resize=350%2C200 1x, https:\/\/i0.wp.com\/www.visiteobrasil.com.br\/news\/wp-content\/uploads\/2025\/03\/Turistas-foto-Freepick.jpg?fit=900%2C600&ssl=1&resize=525%2C300 1.5x, https:\/\/i0.wp.com\/www.visiteobrasil.com.br\/news\/wp-content\/uploads\/2025\/03\/Turistas-foto-Freepick.jpg?fit=900%2C600&ssl=1&resize=700%2C400 2x"},"classes":[]},{"id":13625,"url":"https:\/\/www.visiteobrasil.com.br\/news\/turismo-de-negocios-recorde-2025\/","url_meta":{"origin":13650,"position":5},"title":"Turismo de neg\u00f3cios impulsiona economia e bate recorde hist\u00f3rico em 2025","author":"Ramon","date":"1 de fevereiro de 2026","format":false,"excerpt":"O Turismo de neg\u00f3cios deixou de ser apenas um segmento estrat\u00e9gico para se tornar um dos grandes motores da economia tur\u00edstica brasileira. Em 2025, o setor alcan\u00e7ou um faturamento hist\u00f3rico de R$ 13,7 bilh\u00f5es, segundo dados consolidados da Abracorp (Associa\u00e7\u00e3o Brasileira de Ag\u00eancias de Viagens Corporativas). O n\u00famero n\u00e3o apenas\u2026","rel":"","context":"Em &quot;Eventos&quot;","block_context":{"text":"Eventos","link":"https:\/\/www.visiteobrasil.com.br\/news\/eventos\/"},"img":{"alt_text":"Turismo de neg\u00f3cios","src":"https:\/\/i0.wp.com\/www.visiteobrasil.com.br\/news\/wp-content\/uploads\/2026\/02\/turismo-de-negocios.jpeg?fit=900%2C600&ssl=1&resize=350%2C200","width":350,"height":200,"srcset":"https:\/\/i0.wp.com\/www.visiteobrasil.com.br\/news\/wp-content\/uploads\/2026\/02\/turismo-de-negocios.jpeg?fit=900%2C600&ssl=1&resize=350%2C200 1x, https:\/\/i0.wp.com\/www.visiteobrasil.com.br\/news\/wp-content\/uploads\/2026\/02\/turismo-de-negocios.jpeg?fit=900%2C600&ssl=1&resize=525%2C300 1.5x, https:\/\/i0.wp.com\/www.visiteobrasil.com.br\/news\/wp-content\/uploads\/2026\/02\/turismo-de-negocios.jpeg?fit=900%2C600&ssl=1&resize=700%2C400 2x"},"classes":[]}],"jetpack_sharing_enabled":true,"jetpack_likes_enabled":true,"_links":{"self":[{"href":"https:\/\/www.visiteobrasil.com.br\/news\/wp-json\/wp\/v2\/posts\/13650","targetHints":{"allow":["GET"]}}],"collection":[{"href":"https:\/\/www.visiteobrasil.com.br\/news\/wp-json\/wp\/v2\/posts"}],"about":[{"href":"https:\/\/www.visiteobrasil.com.br\/news\/wp-json\/wp\/v2\/types\/post"}],"author":[{"embeddable":true,"href":"https:\/\/www.visiteobrasil.com.br\/news\/wp-json\/wp\/v2\/users\/2"}],"replies":[{"embeddable":true,"href":"https:\/\/www.visiteobrasil.com.br\/news\/wp-json\/wp\/v2\/comments?post=13650"}],"version-history":[{"count":1,"href":"https:\/\/www.visiteobrasil.com.br\/news\/wp-json\/wp\/v2\/posts\/13650\/revisions"}],"predecessor-version":[{"id":13652,"href":"https:\/\/www.visiteobrasil.com.br\/news\/wp-json\/wp\/v2\/posts\/13650\/revisions\/13652"}],"wp:featuredmedia":[{"embeddable":true,"href":"https:\/\/www.visiteobrasil.com.br\/news\/wp-json\/wp\/v2\/media\/13651"}],"wp:attachment":[{"href":"https:\/\/www.visiteobrasil.com.br\/news\/wp-json\/wp\/v2\/media?parent=13650"}],"wp:term":[{"taxonomy":"category","embeddable":true,"href":"https:\/\/www.visiteobrasil.com.br\/news\/wp-json\/wp\/v2\/categories?post=13650"},{"taxonomy":"post_tag","embeddable":true,"href":"https:\/\/www.visiteobrasil.com.br\/news\/wp-json\/wp\/v2\/tags?post=13650"}],"curies":[{"name":"wp","href":"https:\/\/api.w.org\/{rel}","templated":true}]}}