{"id":13647,"date":"2026-03-15T12:43:20","date_gmt":"2026-03-15T15:43:20","guid":{"rendered":"https:\/\/www.visiteobrasil.com.br\/news\/?p=13647"},"modified":"2026-03-15T12:43:20","modified_gmt":"2026-03-15T15:43:20","slug":"turismo-de-negocios-guia-essencial-para-mulheres-que-viajam-sozinhas","status":"publish","type":"post","link":"https:\/\/www.visiteobrasil.com.br\/news\/turismo-de-negocios-guia-essencial-para-mulheres-que-viajam-sozinhas\/","title":{"rendered":"Turismo de neg\u00f3cios: guia essencial para mulheres que viajam sozinhas"},"content":{"rendered":"<p data-start=\"73\" data-end=\"391\">Viajar sozinha deixou de ser exce\u00e7\u00e3o para se tornar uma tend\u00eancia cada vez mais vis\u00edvel no <strong data-start=\"164\" data-end=\"187\">turismo de neg\u00f3cios<\/strong> e no lazer. Executivas, empreendedoras, pesquisadoras e profissionais de diversas \u00e1reas cruzam aeroportos, participam de eventos e exploram destinos com uma mistura poderosa de autonomia e curiosidade.<\/p>\n<p data-start=\"393\" data-end=\"692\">Se por um lado essa liberdade representa um avan\u00e7o social importante, por outro tamb\u00e9m exige planejamento, informa\u00e7\u00e3o e alguns cuidados espec\u00edficos. Afinal, viajar sozinha \u2014 especialmente quando a agenda envolve compromissos profissionais \u2014 significa equilibrar produtividade, seguran\u00e7a e bem-estar.<\/p>\n<p data-start=\"694\" data-end=\"1082\">Este guia pr\u00e1tico re\u00fane orienta\u00e7\u00f5es essenciais para mulheres que embarcam em jornadas individuais, seja para reuni\u00f5es corporativas, eventos internacionais ou para estender alguns dias de descanso ap\u00f3s compromissos de <strong data-start=\"911\" data-end=\"934\">turismo de neg\u00f3cios<\/strong>. A boa not\u00edcia \u00e9 que, com planejamento e algumas escolhas estrat\u00e9gicas, a experi\u00eancia pode ser n\u00e3o apenas segura, mas profundamente transformadora.<\/p>\n<hr data-start=\"1084\" data-end=\"1087\" \/>\n<h2 data-section-id=\"f3gyg6\" data-start=\"1089\" data-end=\"1155\">Turismo de neg\u00f3cios e a nova gera\u00e7\u00e3o de viajantes independentes<\/h2>\n<p data-start=\"1157\" data-end=\"1454\">Nos \u00faltimos anos, o <strong data-start=\"1177\" data-end=\"1200\">turismo de neg\u00f3cios<\/strong> passou por uma transforma\u00e7\u00e3o silenciosa. Se antes as viagens corporativas eram dominadas por executivos homens, hoje a presen\u00e7a feminina cresce rapidamente \u2014 acompanhando a expans\u00e3o das mulheres em cargos de lideran\u00e7a e posi\u00e7\u00f5es estrat\u00e9gicas no mercado.<\/p>\n<p data-start=\"1456\" data-end=\"1700\">Esse movimento tamb\u00e9m impulsiona mudan\u00e7as no pr\u00f3prio setor tur\u00edstico. Empresas a\u00e9reas, hot\u00e9is e organizadores de eventos passaram a desenvolver pol\u00edticas e estruturas mais inclusivas, pensando nas necessidades espec\u00edficas de mulheres viajantes.<\/p>\n<p data-start=\"1702\" data-end=\"2115\">Segundo iniciativas apoiadas pelo <span class=\"hover:entity-accent entity-underline inline cursor-pointer align-baseline\"><span class=\"whitespace-normal\">Minist\u00e9rio do Turismo<\/span><\/span> e pela <span class=\"hover:entity-accent entity-underline inline cursor-pointer align-baseline\"><span class=\"whitespace-normal\">UNESCO<\/span><\/span>, o crescimento das mulheres que viajam sozinhas estimulou inclusive a cria\u00e7\u00e3o de guias com orienta\u00e7\u00f5es de seguran\u00e7a, direitos e redes de apoio para viajantes. Esses materiais buscam garantir que a experi\u00eancia de viagem seja cada vez mais segura e acolhedora.<\/p>\n<p data-start=\"2117\" data-end=\"2388\">Al\u00e9m disso, muitas profissionais aproveitam as viagens corporativas para conhecer destinos e ampliar experi\u00eancias culturais. N\u00e3o \u00e9 raro que uma agenda de reuni\u00f5es em S\u00e3o Paulo ou Bras\u00edlia termine com um fim de semana explorando museus, restaurantes ou paisagens naturais.<\/p>\n<p data-start=\"2390\" data-end=\"2589\">Essa combina\u00e7\u00e3o entre trabalho e descoberta tem impulsionado um modelo h\u00edbrido de viagem \u2014 conhecido internacionalmente como \u201cbleisure\u201d \u2014 que mistura compromissos profissionais com momentos de lazer.<\/p>\n<hr data-start=\"2591\" data-end=\"2594\" \/>\n<h2 data-section-id=\"5sbj4w\" data-start=\"2596\" data-end=\"2639\">Planejamento inteligente antes de viajar<\/h2>\n<p data-start=\"2641\" data-end=\"2903\">Se existe um segredo para aproveitar bem uma viagem solo, ele come\u00e7a antes mesmo de arrumar a mala. Planejar cada etapa da jornada faz toda a diferen\u00e7a \u2014 especialmente no contexto do <strong data-start=\"2824\" data-end=\"2847\">turismo de neg\u00f3cios<\/strong>, em que hor\u00e1rios e compromissos costumam ser apertados.<\/p>\n<h3 data-section-id=\"qwkauy\" data-start=\"2905\" data-end=\"2927\">Pesquise o destino<\/h3>\n<p data-start=\"2929\" data-end=\"3112\">Conhecer minimamente a cidade ou o pa\u00eds de destino ajuda a evitar surpresas. Verifique bairros mais seguros, op\u00e7\u00f5es de transporte e dist\u00e2ncia entre hotel, aeroporto e local do evento.<\/p>\n<p data-start=\"3114\" data-end=\"3263\">O portal oficial do governo brasileiro tamb\u00e9m oferece orienta\u00e7\u00f5es \u00fateis para viajantes no site do Minist\u00e9rio do Turismo:<br data-start=\"3234\" data-end=\"3237\" \/><a class=\"decorated-link\" href=\"https:\/\/www.gov.br\/turismo\" target=\"_new\" rel=\"noopener\" data-start=\"3237\" data-end=\"3263\">https:\/\/www.gov.br\/turismo<\/a><\/p>\n<h3 data-section-id=\"luuics\" data-start=\"3265\" data-end=\"3302\">Escolha hospedagens bem avaliadas<\/h3>\n<p data-start=\"3304\" data-end=\"3470\">Em viagens profissionais, a localiza\u00e7\u00e3o do hotel costuma ser decisiva. Prefira estabelecimentos pr\u00f3ximos ao local do evento ou em \u00e1reas movimentadas e bem iluminadas.<\/p>\n<p data-start=\"3472\" data-end=\"3595\">Avalia\u00e7\u00f5es de outras viajantes em plataformas de hospedagem tamb\u00e9m ajudam a identificar locais mais seguros e confort\u00e1veis.<\/p>\n<h3 data-section-id=\"cf8lbg\" data-start=\"3597\" data-end=\"3631\">Organize documentos e contatos<\/h3>\n<p data-start=\"3633\" data-end=\"3714\">Digitalize documentos importantes e mantenha c\u00f3pias na nuvem. Tenha tamb\u00e9m \u00e0 m\u00e3o:<\/p>\n<ul data-start=\"3716\" data-end=\"3854\">\n<li data-section-id=\"1kdvxlt\" data-start=\"3716\" data-end=\"3742\">\n<p data-start=\"3718\" data-end=\"3742\">contatos de emerg\u00eancia<\/p>\n<\/li>\n<li data-section-id=\"1p13gbw\" data-start=\"3743\" data-end=\"3764\">\n<p data-start=\"3745\" data-end=\"3764\">endere\u00e7o do hotel<\/p>\n<\/li>\n<li data-section-id=\"s7tzuz\" data-start=\"3765\" data-end=\"3802\">\n<p data-start=\"3767\" data-end=\"3802\">telefones da empresa ou do evento<\/p>\n<\/li>\n<li data-section-id=\"1dtdlun\" data-start=\"3803\" data-end=\"3854\">\n<p data-start=\"3805\" data-end=\"3854\">contatos da embaixada (em viagens internacionais)<\/p>\n<\/li>\n<\/ul>\n<p data-start=\"3856\" data-end=\"3937\">Essas medidas simples reduzem riscos e aumentam a tranquilidade durante a viagem.<\/p>\n<hr data-start=\"3939\" data-end=\"3942\" \/>\n<h2 data-section-id=\"bpxbt\" data-start=\"3944\" data-end=\"3985\">Seguran\u00e7a e autonomia durante a viagem<\/h2>\n<p data-start=\"3987\" data-end=\"4159\">A seguran\u00e7a \u00e9 um dos pontos mais discutidos quando o assunto \u00e9 viagem solo feminina \u2014 e com raz\u00e3o. No entanto, com alguns cuidados b\u00e1sicos, \u00e9 poss\u00edvel viajar com confian\u00e7a.<\/p>\n<h3 data-section-id=\"1kk9e40\" data-start=\"4161\" data-end=\"4189\">Use transporte confi\u00e1vel<\/h3>\n<p data-start=\"4191\" data-end=\"4342\">Em destinos desconhecidos, aplicativos de transporte costumam ser mais seguros que t\u00e1xis informais. Em aeroportos, utilize apenas servi\u00e7os autorizados.<\/p>\n<h3 data-section-id=\"1c08o9v\" data-start=\"4344\" data-end=\"4371\">Compartilhe seu roteiro<\/h3>\n<p data-start=\"4373\" data-end=\"4541\">Avisar algu\u00e9m de confian\u00e7a sobre sua agenda e localiza\u00e7\u00e3o \u00e9 uma pr\u00e1tica simples, mas eficaz. Muitos aplicativos de celular permitem compartilhar trajetos em tempo real.<\/p>\n<h3 data-section-id=\"pj9veo\" data-start=\"4543\" data-end=\"4566\">Aten\u00e7\u00e3o ao ambiente<\/h3>\n<p data-start=\"4568\" data-end=\"4730\">Evite circular distra\u00edda com celular ou equipamentos caros em locais movimentados. Em eventos corporativos, mantenha crach\u00e1 e pertences sempre vis\u00edveis e seguros.<\/p>\n<p data-start=\"4732\" data-end=\"4897\">Essas atitudes ajudam a manter o foco no que realmente importa: aproveitar a experi\u00eancia de <strong data-start=\"4824\" data-end=\"4847\">turismo de neg\u00f3cios<\/strong> e as oportunidades profissionais que ela oferece.<\/p>\n<hr data-start=\"4899\" data-end=\"4902\" \/>\n<h2 data-section-id=\"5ku5e3\" data-start=\"4904\" data-end=\"4970\">Como transformar viagens corporativas em experi\u00eancias culturais<\/h2>\n<p data-start=\"4972\" data-end=\"5222\">Uma das grandes vantagens do <strong data-start=\"5001\" data-end=\"5024\">turismo de neg\u00f3cios<\/strong> \u00e9 a possibilidade de conhecer novos destinos sem precisar planejar uma viagem inteira do zero. Muitas profissionais aproveitam a viagem corporativa para descobrir o lugar al\u00e9m das salas de reuni\u00e3o.<\/p>\n<p data-start=\"5224\" data-end=\"5409\">Se a agenda permitir, vale explorar atra\u00e7\u00f5es culturais, gastronomia local ou bairros hist\u00f3ricos. Pequenos passeios podem transformar uma viagem de trabalho em uma experi\u00eancia memor\u00e1vel.<\/p>\n<p data-start=\"5411\" data-end=\"5697\">No Brasil, por exemplo, destinos tur\u00edsticos frequentemente aparecem em roteiros de viajantes corporativos. Alguns deles s\u00e3o mencionados em levantamentos sobre prefer\u00eancias de turistas nacionais, incluindo cidades como S\u00e3o Paulo, Salvador e Gramado.<\/p>\n<p data-start=\"5699\" data-end=\"6019\">Para quem deseja se aprofundar nesse cen\u00e1rio, uma boa refer\u00eancia \u00e9 a mat\u00e9ria do portal Visite o Brasil sobre o crescimento do setor de viagens corporativas:<br data-start=\"5855\" data-end=\"5858\" \/>? <a class=\"decorated-link\" href=\"https:\/\/www.visiteobrasil.com.br\/noticia\/turismo-corporativo-um-setor-em-ascenso-com-faturamento-de-r-12-bilho-em-agosto\" target=\"_new\" rel=\"noopener\" data-start=\"5861\" data-end=\"5981\">https:\/\/www.visiteobrasil.com.br\/noticia\/turismo-corporativo-um-setor-em-ascenso-com-faturamento-de-r-12-bilho-em-agosto<\/a><\/p>\n<p data-start=\"6021\" data-end=\"6170\">Esse crescimento mostra que o <strong data-start=\"6051\" data-end=\"6074\">turismo de neg\u00f3cios<\/strong> continua sendo um dos motores mais relevantes da economia tur\u00edstica \u2014 e cada vez mais feminino.<\/p>\n<hr data-start=\"6172\" data-end=\"6175\" \/>\n<h2 data-section-id=\"180bxak\" data-start=\"6177\" data-end=\"6233\">Confian\u00e7a: o elemento invis\u00edvel de quem viaja sozinha<\/h2>\n<p data-start=\"6235\" data-end=\"6440\">Viajar sozinha exige algo que n\u00e3o aparece em guias ou roteiros: confian\u00e7a. Confian\u00e7a na pr\u00f3pria capacidade de resolver imprevistos, de interagir com novas culturas e de transformar desafios em aprendizado.<\/p>\n<p data-start=\"6442\" data-end=\"6655\">Para muitas mulheres, a primeira viagem solo pode parecer intimidante. Mas basta atravessar o port\u00e3o de embarque uma vez para perceber algo curioso: a sensa\u00e7\u00e3o de liberdade costuma ser maior do que o medo inicial.<\/p>\n<p data-start=\"6657\" data-end=\"6815\">Com o tempo, aeroportos deixam de ser lugares de ansiedade e passam a representar portas abertas para novas oportunidades profissionais, culturais e pessoais.<\/p>\n<p data-start=\"6817\" data-end=\"7012\">No contexto do <strong data-start=\"6832\" data-end=\"6855\">turismo de neg\u00f3cios<\/strong>, essa autonomia tem um valor ainda maior. Cada viagem representa n\u00e3o apenas uma reuni\u00e3o ou evento, mas tamb\u00e9m a chance de ampliar horizontes \u2014 literalmente.<\/p>\n<hr data-start=\"7014\" data-end=\"7017\" \/>\n<h2 data-section-id=\"h85oci\" data-start=\"7019\" data-end=\"7031\">Conclus\u00e3o<\/h2>\n<p data-start=\"7033\" data-end=\"7274\">O crescimento do <strong data-start=\"7050\" data-end=\"7073\">turismo de neg\u00f3cios<\/strong> feminino \u00e9 mais do que uma tend\u00eancia de mercado. Ele reflete uma transforma\u00e7\u00e3o social profunda, em que mulheres ocupam cada vez mais espa\u00e7o no mundo corporativo e exploram o planeta com independ\u00eancia.<\/p>\n<p data-start=\"7276\" data-end=\"7458\">Viajar sozinha, seja para trabalho ou lazer, exige planejamento, aten\u00e7\u00e3o e informa\u00e7\u00e3o. Mas tamb\u00e9m oferece algo dif\u00edcil de mensurar: a sensa\u00e7\u00e3o de descobrir o mundo por conta pr\u00f3pria.<\/p>\n<p data-start=\"7460\" data-end=\"7675\">No fim das contas, cada viagem solo se transforma em uma hist\u00f3ria \u00fanica \u2014 daquelas que come\u00e7am com um simples embarque e terminam com uma cole\u00e7\u00e3o de experi\u00eancias que nenhum relat\u00f3rio de trabalho conseguiria resumir.<\/p>\n<p data-start=\"7677\" data-end=\"7836\">E talvez essa seja a melhor parte do <strong data-start=\"7714\" data-end=\"7737\">turismo de neg\u00f3cios<\/strong>: ele abre portas n\u00e3o apenas para reuni\u00f5es e contratos, mas tamb\u00e9m para novas perspectivas de vida.<\/p>\n","protected":false},"excerpt":{"rendered":"<p>Viajar sozinha deixou de ser exce\u00e7\u00e3o para se tornar uma tend\u00eancia cada vez mais vis\u00edvel no turismo de neg\u00f3cios e no lazer. Executivas, empreendedoras, pesquisadoras e profissionais de diversas \u00e1reas cruzam aeroportos, participam de eventos e exploram destinos com uma mistura poderosa de autonomia e curiosidade. Se por um lado essa liberdade representa um avan\u00e7o [&hellip;]<\/p>\n","protected":false},"author":2,"featured_media":13648,"comment_status":"open","ping_status":"open","sticky":false,"template":"","format":"standard","meta":{"_jetpack_memberships_contains_paid_content":false,"footnotes":"","jetpack_publicize_message":"","jetpack_publicize_feature_enabled":true,"jetpack_social_post_already_shared":true,"jetpack_social_options":{"image_generator_settings":{"template":"highway","default_image_id":0,"font":"","enabled":false},"version":2}},"categories":[702,1,929,921],"tags":[1021,1024,1023,1011,1025,1022],"class_list":["post-13647","post","type-post","status-publish","format-standard","has-post-thumbnail","hentry","category-dicas-legais","category-artigos","category-eventos","category-viagens","tag-mulheres-viajantes","tag-seguranca-em-viagens","tag-turismo-corporativo","tag-turismo-de-negocios","tag-turismo-feminino","tag-viagem-solo"],"jetpack_publicize_connections":[],"jetpack_featured_media_url":"https:\/\/i0.wp.com\/www.visiteobrasil.com.br\/news\/wp-content\/uploads\/2026\/03\/Turismo-de-negocios-freepik__mulher-executiva-viajando-sozinha-em-aeroporto-mod__59816.jpeg?fit=900%2C600&ssl=1","jetpack-related-posts":[{"id":13404,"url":"https:\/\/www.visiteobrasil.com.br\/news\/guias-para-mulheres-viajantes-mtur-e-unesco-lancam-edital-inedito\/","url_meta":{"origin":13647,"position":0},"title":"Guias para mulheres viajantes: MTur e UNESCO lan\u00e7am edital in\u00e9dito","author":"Ramon","date":"27 de junho de 2025","format":false,"excerpt":"O Minist\u00e9rio do Turismo (MTur), em parceria com a Organiza\u00e7\u00e3o das Na\u00e7\u00f5es Unidas para a Educa\u00e7\u00e3o, a Ci\u00eancia e a Cultura (UNESCO), lan\u00e7ou um edital in\u00e9dito que marca um avan\u00e7o significativo nas pol\u00edticas p\u00fablicas voltadas para mulheres viajantes. A iniciativa visa contratar uma consultoria especializada para desenvolver guias com orienta\u00e7\u00f5es\u2026","rel":"","context":"Em &quot;Noticias&quot;","block_context":{"text":"Noticias","link":"https:\/\/www.visiteobrasil.com.br\/news\/noticias\/"},"img":{"alt_text":"Mulheres viajantes- Foto: GettyImages","src":"https:\/\/i0.wp.com\/www.visiteobrasil.com.br\/news\/wp-content\/uploads\/2025\/06\/mulheres-viajantes-Foto-GettyImages.png?fit=900%2C600&ssl=1&resize=350%2C200","width":350,"height":200,"srcset":"https:\/\/i0.wp.com\/www.visiteobrasil.com.br\/news\/wp-content\/uploads\/2025\/06\/mulheres-viajantes-Foto-GettyImages.png?fit=900%2C600&ssl=1&resize=350%2C200 1x, https:\/\/i0.wp.com\/www.visiteobrasil.com.br\/news\/wp-content\/uploads\/2025\/06\/mulheres-viajantes-Foto-GettyImages.png?fit=900%2C600&ssl=1&resize=525%2C300 1.5x, https:\/\/i0.wp.com\/www.visiteobrasil.com.br\/news\/wp-content\/uploads\/2025\/06\/mulheres-viajantes-Foto-GettyImages.png?fit=900%2C600&ssl=1&resize=700%2C400 2x"},"classes":[]},{"id":13531,"url":"https:\/\/www.visiteobrasil.com.br\/news\/turismo-nautico-boat-show\/","url_meta":{"origin":13647,"position":1},"title":"Turismo N\u00e1utico: Guia em destaque na 28\u00aa S\u00e3o Paulo Boat Show","author":"Ramon","date":"21 de setembro de 2025","format":false,"excerpt":"O turismo n\u00e1utico brasileiro ganha um importante impulso com a divulga\u00e7\u00e3o de um guia especializado pelo Minist\u00e9rio do Turismo durante a 28\u00aa edi\u00e7\u00e3o do S\u00e3o Paulo Boat Show. O evento, considerado o maior do setor na Am\u00e9rica Latina, reuniu fabricantes, empres\u00e1rios, profissionais do setor e entusiastas, oferecendo uma vitrine estrat\u00e9gica\u2026","rel":"","context":"Em &quot;Dicas legais&quot;","block_context":{"text":"Dicas legais","link":"https:\/\/www.visiteobrasil.com.br\/news\/dicas-legais\/"},"img":{"alt_text":"Embarca\u00e7\u00e3o de luxo navegando em \u00e1guas brasileiras, com cen\u00e1rio tur\u00edstico e elementos n\u00e1uticos, representando o turismo n\u00e1utico","src":"https:\/\/i0.wp.com\/www.visiteobrasil.com.br\/news\/wp-content\/uploads\/2025\/09\/Embarcacao-de-luxo-navegando-em-aguas-brasileiras.jpeg?fit=900%2C600&ssl=1&resize=350%2C200","width":350,"height":200,"srcset":"https:\/\/i0.wp.com\/www.visiteobrasil.com.br\/news\/wp-content\/uploads\/2025\/09\/Embarcacao-de-luxo-navegando-em-aguas-brasileiras.jpeg?fit=900%2C600&ssl=1&resize=350%2C200 1x, https:\/\/i0.wp.com\/www.visiteobrasil.com.br\/news\/wp-content\/uploads\/2025\/09\/Embarcacao-de-luxo-navegando-em-aguas-brasileiras.jpeg?fit=900%2C600&ssl=1&resize=525%2C300 1.5x, https:\/\/i0.wp.com\/www.visiteobrasil.com.br\/news\/wp-content\/uploads\/2025\/09\/Embarcacao-de-luxo-navegando-em-aguas-brasileiras.jpeg?fit=900%2C600&ssl=1&resize=700%2C400 2x"},"classes":[]},{"id":13616,"url":"https:\/\/www.visiteobrasil.com.br\/news\/viagens-corporativas-brasil\/","url_meta":{"origin":13647,"position":2},"title":"Viagens corporativas impulsionam turismo de neg\u00f3cios e batem R$ 12,7 bi","author":"Ramon","date":"22 de dezembro de 2025","format":false,"excerpt":"As viagens corporativas seguem como um dos pilares mais s\u00f3lidos do turismo brasileiro e mostram f\u00f4lego mesmo diante de oscila\u00e7\u00f5es econ\u00f4micas globais. Entre janeiro e novembro deste ano, o setor movimentou R$ 12,7 bilh\u00f5es, segundo o levantamento mensal da Abracorp (Associa\u00e7\u00e3o Brasileira de Ag\u00eancias de Viagens Corporativas). O resultado refor\u00e7a\u2026","rel":"","context":"Em &quot;Eventos&quot;","block_context":{"text":"Eventos","link":"https:\/\/www.visiteobrasil.com.br\/news\/eventos\/"},"img":{"alt_text":"Viagens corporativas","src":"https:\/\/i0.wp.com\/www.visiteobrasil.com.br\/news\/wp-content\/uploads\/2025\/12\/viagens-corporativas.png?fit=900%2C600&ssl=1&resize=350%2C200","width":350,"height":200,"srcset":"https:\/\/i0.wp.com\/www.visiteobrasil.com.br\/news\/wp-content\/uploads\/2025\/12\/viagens-corporativas.png?fit=900%2C600&ssl=1&resize=350%2C200 1x, https:\/\/i0.wp.com\/www.visiteobrasil.com.br\/news\/wp-content\/uploads\/2025\/12\/viagens-corporativas.png?fit=900%2C600&ssl=1&resize=525%2C300 1.5x, https:\/\/i0.wp.com\/www.visiteobrasil.com.br\/news\/wp-content\/uploads\/2025\/12\/viagens-corporativas.png?fit=900%2C600&ssl=1&resize=700%2C400 2x"},"classes":[]},{"id":13625,"url":"https:\/\/www.visiteobrasil.com.br\/news\/turismo-de-negocios-recorde-2025\/","url_meta":{"origin":13647,"position":3},"title":"Turismo de neg\u00f3cios impulsiona economia e bate recorde hist\u00f3rico em 2025","author":"Ramon","date":"1 de fevereiro de 2026","format":false,"excerpt":"O Turismo de neg\u00f3cios deixou de ser apenas um segmento estrat\u00e9gico para se tornar um dos grandes motores da economia tur\u00edstica brasileira. Em 2025, o setor alcan\u00e7ou um faturamento hist\u00f3rico de R$ 13,7 bilh\u00f5es, segundo dados consolidados da Abracorp (Associa\u00e7\u00e3o Brasileira de Ag\u00eancias de Viagens Corporativas). O n\u00famero n\u00e3o apenas\u2026","rel":"","context":"Em &quot;Eventos&quot;","block_context":{"text":"Eventos","link":"https:\/\/www.visiteobrasil.com.br\/news\/eventos\/"},"img":{"alt_text":"Turismo de neg\u00f3cios","src":"https:\/\/i0.wp.com\/www.visiteobrasil.com.br\/news\/wp-content\/uploads\/2026\/02\/turismo-de-negocios.jpeg?fit=900%2C600&ssl=1&resize=350%2C200","width":350,"height":200,"srcset":"https:\/\/i0.wp.com\/www.visiteobrasil.com.br\/news\/wp-content\/uploads\/2026\/02\/turismo-de-negocios.jpeg?fit=900%2C600&ssl=1&resize=350%2C200 1x, https:\/\/i0.wp.com\/www.visiteobrasil.com.br\/news\/wp-content\/uploads\/2026\/02\/turismo-de-negocios.jpeg?fit=900%2C600&ssl=1&resize=525%2C300 1.5x, https:\/\/i0.wp.com\/www.visiteobrasil.com.br\/news\/wp-content\/uploads\/2026\/02\/turismo-de-negocios.jpeg?fit=900%2C600&ssl=1&resize=700%2C400 2x"},"classes":[]},{"id":13418,"url":"https:\/\/www.visiteobrasil.com.br\/news\/ferias-de-julho-turistas-brasileiros-escolhem-destinos-nacionais-para-viajar\/","url_meta":{"origin":13647,"position":4},"title":"F\u00e9rias de julho: Turistas brasileiros escolhem destinos nacionais para viajar","author":"Ramon","date":"13 de julho de 2025","format":false,"excerpt":"Com a chegada das f\u00e9rias escolares de julho, milh\u00f5es de brasileiros aproveitam o per\u00edodo para descansar e explorar novos destinos. Um recente levantamento realizado por ag\u00eancias de turismo e plataformas de reserva aponta uma tend\u00eancia consolidada nos \u00faltimos anos: a prefer\u00eancia dos turistas brasileiros por destinos nacionais. Quest\u00f5es como c\u00e2mbio\u2026","rel":"","context":"Em &quot;Artigos&quot;","block_context":{"text":"Artigos","link":"https:\/\/www.visiteobrasil.com.br\/news\/artigos\/"},"img":{"alt_text":"Turismo de f\u00e9rias : Pai e filho no aeroporto","src":"https:\/\/i0.wp.com\/www.visiteobrasil.com.br\/news\/wp-content\/uploads\/2025\/07\/Turismo-de-ferias-Credito-GettyImages.jpeg?fit=900%2C600&ssl=1&resize=350%2C200","width":350,"height":200,"srcset":"https:\/\/i0.wp.com\/www.visiteobrasil.com.br\/news\/wp-content\/uploads\/2025\/07\/Turismo-de-ferias-Credito-GettyImages.jpeg?fit=900%2C600&ssl=1&resize=350%2C200 1x, https:\/\/i0.wp.com\/www.visiteobrasil.com.br\/news\/wp-content\/uploads\/2025\/07\/Turismo-de-ferias-Credito-GettyImages.jpeg?fit=900%2C600&ssl=1&resize=525%2C300 1.5x, https:\/\/i0.wp.com\/www.visiteobrasil.com.br\/news\/wp-content\/uploads\/2025\/07\/Turismo-de-ferias-Credito-GettyImages.jpeg?fit=900%2C600&ssl=1&resize=700%2C400 2x"},"classes":[]},{"id":13540,"url":"https:\/\/www.visiteobrasil.com.br\/news\/turismo-internacional-brasil-2025\/","url_meta":{"origin":13647,"position":5},"title":"Turismo internacional movimenta R$ 29 bilh\u00f5es no Brasil em 2025","author":"Ramon","date":"28 de setembro de 2025","format":false,"excerpt":"O turismo internacional segue em ascens\u00e3o no Brasil e alcan\u00e7ou um marco hist\u00f3rico em 2025. Segundo dados divulgados pelo Minist\u00e9rio do Turismo, visitantes estrangeiros injetaram R$ 29 bilh\u00f5es na economia nacional, representando um crescimento de 11% em rela\u00e7\u00e3o ao ano anterior. O resultado confirma a retomada vigorosa do setor ap\u00f3s\u2026","rel":"","context":"Em &quot;Noticias&quot;","block_context":{"text":"Noticias","link":"https:\/\/www.visiteobrasil.com.br\/news\/noticias\/"},"img":{"alt_text":"Turismo internacional. Turistas tirando fotos - Foto: GettyImages","src":"https:\/\/i0.wp.com\/www.visiteobrasil.com.br\/news\/wp-content\/uploads\/2025\/09\/turismo-internacional-Foto-GettyImages.jpeg?fit=900%2C600&ssl=1&resize=350%2C200","width":350,"height":200,"srcset":"https:\/\/i0.wp.com\/www.visiteobrasil.com.br\/news\/wp-content\/uploads\/2025\/09\/turismo-internacional-Foto-GettyImages.jpeg?fit=900%2C600&ssl=1&resize=350%2C200 1x, https:\/\/i0.wp.com\/www.visiteobrasil.com.br\/news\/wp-content\/uploads\/2025\/09\/turismo-internacional-Foto-GettyImages.jpeg?fit=900%2C600&ssl=1&resize=525%2C300 1.5x, https:\/\/i0.wp.com\/www.visiteobrasil.com.br\/news\/wp-content\/uploads\/2025\/09\/turismo-internacional-Foto-GettyImages.jpeg?fit=900%2C600&ssl=1&resize=700%2C400 2x"},"classes":[]}],"jetpack_sharing_enabled":true,"jetpack_likes_enabled":true,"_links":{"self":[{"href":"https:\/\/www.visiteobrasil.com.br\/news\/wp-json\/wp\/v2\/posts\/13647","targetHints":{"allow":["GET"]}}],"collection":[{"href":"https:\/\/www.visiteobrasil.com.br\/news\/wp-json\/wp\/v2\/posts"}],"about":[{"href":"https:\/\/www.visiteobrasil.com.br\/news\/wp-json\/wp\/v2\/types\/post"}],"author":[{"embeddable":true,"href":"https:\/\/www.visiteobrasil.com.br\/news\/wp-json\/wp\/v2\/users\/2"}],"replies":[{"embeddable":true,"href":"https:\/\/www.visiteobrasil.com.br\/news\/wp-json\/wp\/v2\/comments?post=13647"}],"version-history":[{"count":1,"href":"https:\/\/www.visiteobrasil.com.br\/news\/wp-json\/wp\/v2\/posts\/13647\/revisions"}],"predecessor-version":[{"id":13649,"href":"https:\/\/www.visiteobrasil.com.br\/news\/wp-json\/wp\/v2\/posts\/13647\/revisions\/13649"}],"wp:featuredmedia":[{"embeddable":true,"href":"https:\/\/www.visiteobrasil.com.br\/news\/wp-json\/wp\/v2\/media\/13648"}],"wp:attachment":[{"href":"https:\/\/www.visiteobrasil.com.br\/news\/wp-json\/wp\/v2\/media?parent=13647"}],"wp:term":[{"taxonomy":"category","embeddable":true,"href":"https:\/\/www.visiteobrasil.com.br\/news\/wp-json\/wp\/v2\/categories?post=13647"},{"taxonomy":"post_tag","embeddable":true,"href":"https:\/\/www.visiteobrasil.com.br\/news\/wp-json\/wp\/v2\/tags?post=13647"}],"curies":[{"name":"wp","href":"https:\/\/api.w.org\/{rel}","templated":true}]}}