{"id":13565,"date":"2025-10-17T10:09:05","date_gmt":"2025-10-17T13:09:05","guid":{"rendered":"https:\/\/www.visiteobrasil.com.br\/news\/?p=13565"},"modified":"2025-10-17T10:30:43","modified_gmt":"2025-10-17T13:30:43","slug":"viagens-empresariais","status":"publish","type":"post","link":"https:\/\/www.visiteobrasil.com.br\/news\/viagens-empresariais\/","title":{"rendered":"Viagens empresariais: Guia completo para organizar"},"content":{"rendered":"<p><span style=\"font-weight: 400;\">As viagens empresariais s\u00e3o uma parte essencial da vida profissional de muitos executivos e colaboradores. Seja para reuni\u00f5es importantes, confer\u00eancias, feiras ou encontros com clientes, as viagens empresariais exigem planejamento e organiza\u00e7\u00e3o cuidadosos para garantir o sucesso e a efici\u00eancia.\u00a0<\/span><\/p>\n<p>&nbsp;<\/p>\n<p><span style=\"font-weight: 400;\">Neste guia completo, vamos explorar as melhores pr\u00e1ticas para organizar e otimizar as viagens empresariais, desde a reserva de passagens e hospedagem at\u00e9 a gest\u00e3o de despesas e produtividade durante a viagem.<\/span><\/p>\n<p>&nbsp;<\/p>\n<h2><span style=\"font-weight: 400;\">Descubra o que \u00e9 viagens empresariais<\/span><\/h2>\n<p><span style=\"font-weight: 400;\">As viagens empresariais s\u00e3o deslocamentos realizados por funcion\u00e1rios ou executivos de uma empresa para atender a objetivos profissionais espec\u00edficos. Essas viagens podem incluir reuni\u00f5es com clientes ou parceiros, participa\u00e7\u00e3o em confer\u00eancias e feiras, treinamentos, auditorias, entre outros.\u00a0<\/span><\/p>\n<p>&nbsp;<\/p>\n<p><span style=\"font-weight: 400;\">As viagens empresariais s\u00e3o fundamentais para o sucesso de muitas empresas, pois permitem que os profissionais se conectem com clientes, parceiros e colegas de trabalho em diferentes locais, promovam a empresa e seus produtos ou servi\u00e7os, e adquiram conhecimento e habilidades novas.\u00a0<\/span><\/p>\n<p>&nbsp;<\/p>\n<p><span style=\"font-weight: 400;\">Al\u00e9m disso, as viagens empresariais podem ser uma oportunidade para fortalecer relacionamentos, fechar neg\u00f3cios e impulsionar o crescimento da empresa.<\/span><\/p>\n<h2><span style=\"font-weight: 400;\">Viagens empresariais e silos organizacionais: conectando departamentos<\/span><\/h2>\n<p><span style=\"font-weight: 400;\">As viagens empresariais podem ser uma oportunidade valiosa para conectar departamentos e romper <\/span><a href=\"https:\/\/br24.io\/blog\/silos-organizacionais\/\" target=\"_blank\" rel=\"noopener\"><b>silos organizacionais<\/b><\/a><span style=\"font-weight: 400;\">. Quando funcion\u00e1rios de diferentes departamentos viajam juntos ou se encontram em eventos e reuni\u00f5es, eles podem compartilhar conhecimentos, experi\u00eancias e perspectivas, o que pode levar a uma maior colabora\u00e7\u00e3o e alinhamento entre as equipes.\u00a0<\/span><\/p>\n<p>&nbsp;<\/p>\n<p><span style=\"font-weight: 400;\">Al\u00e9m disso, as viagens empresariais podem ajudar a quebrar barreiras e promover a comunica\u00e7\u00e3o entre departamentos, permitindo que os funcion\u00e1rios trabalhem de forma mais eficaz e eficiente.\u00a0<\/span><\/p>\n<p><span style=\"font-weight: 400;\">Ao aproveitar as viagens empresariais para conectar departamentos, as empresas podem promover uma cultura de colabora\u00e7\u00e3o e inova\u00e7\u00e3o, o que pode levar a melhores resultados e um maior sucesso.<\/span><\/p>\n<h2><span style=\"font-weight: 400;\">Otimizando a gest\u00e3o de empresas com viagens empresariais bem planejadas<\/span><\/h2>\n<p><span style=\"font-weight: 400;\">As viagens empresariais bem planejadas podem ser uma ferramenta poderosa para otimizar a<\/span> <a href=\"https:\/\/seedsofdreams.org\/blog\/gestao-de-empresas-de-alimentos\" target=\"_blank\" rel=\"noopener\"><b>gest\u00e3o de empresas<\/b><\/a><span style=\"font-weight: 400;\">. Ao planejar cuidadosamente as viagens, as empresas podem garantir que os funcion\u00e1rios estejam preparados para alcan\u00e7ar os objetivos desejados, minimizar os custos e maximizar a produtividade.\u00a0<\/span><\/p>\n<p>&nbsp;<\/p>\n<p><span style=\"font-weight: 400;\">Al\u00e9m disso, as viagens empresariais bem planejadas podem ajudar a reduzir o estresse e a ansiedade dos funcion\u00e1rios, permitindo que eles se concentrem em suas tarefas e objetivos. Com uma gest\u00e3o eficaz de viagens empresariais, as empresas podem melhorar a efici\u00eancia, reduzir custos e aumentar a satisfa\u00e7\u00e3o dos funcion\u00e1rios, o que pode levar a um maior sucesso e competitividade no mercado.\u00a0<\/span><\/p>\n<h2><span style=\"font-weight: 400;\">Saiba como Organizar uma Viagem Empresarial<\/span><\/h2>\n<p><span style=\"font-weight: 400;\">Organizar uma viagem empresarial pode ser um desafio, mas com um planejamento cuidadoso, \u00e9 poss\u00edvel garantir que a viagem seja bem-sucedida e atinja os objetivos desejados. Aqui est\u00e3o alguns passos importantes para considerar:<\/span><\/p>\n<h3><span style=\"font-weight: 400;\">Defina os Objetivos da Viagem<\/span><\/h3>\n<p><span style=\"font-weight: 400;\">Definir os objetivos da viagem \u00e9 fundamental para garantir que todos os participantes estejam alinhados e trabalhando em dire\u00e7\u00e3o ao mesmo objetivo. Por exemplo, se a viagem for para uma reuni\u00e3o com um cliente, o objetivo pode ser fechar um neg\u00f3cio ou discutir um projeto espec\u00edfico. Outros exemplos de objetivos podem incluir:<\/span><\/p>\n<p>&nbsp;<\/p>\n<ul>\n<li style=\"font-weight: 400;\" aria-level=\"1\"><span style=\"font-weight: 400;\">Estabelecer parcerias com fornecedores ou parceiros;<\/span><\/li>\n<li style=\"font-weight: 400;\" aria-level=\"1\"><span style=\"font-weight: 400;\">Realizar treinamentos ou workshops;<\/span><\/li>\n<li style=\"font-weight: 400;\" aria-level=\"1\"><span style=\"font-weight: 400;\">Participar de confer\u00eancias ou feiras;<\/span><\/li>\n<li style=\"font-weight: 400;\" aria-level=\"1\"><span style=\"font-weight: 400;\">Visitar f\u00e1bricas ou instala\u00e7\u00f5es de produ\u00e7\u00e3o.<\/span><\/li>\n<\/ul>\n<h3><span style=\"font-weight: 400;\">Escolha os participantes<\/span><\/h3>\n<p><span style=\"font-weight: 400;\">Para garantir o sucesso da viagem empresarial, \u00e9 fundamental escolher os participantes certos, estabelecer um or\u00e7amento realista e fazer o planejamento log\u00edstico necess\u00e1rio. Ao selecionar os participantes, considere as habilidades e conhecimentos necess\u00e1rios para alcan\u00e7ar os objetivos da viagem.\u00a0<\/span><\/p>\n<p>&nbsp;<\/p>\n<p><span style=\"font-weight: 400;\">Em seguida, estabele\u00e7a um or\u00e7amento que inclua todos os custos relevantes, como passagens a\u00e9reas, hospedagem e alimenta\u00e7\u00e3o. Por fim, fa\u00e7a o planejamento log\u00edstico, incluindo a reserva de passagens e <a href=\"https:\/\/www.visiteobrasil.com.br\/onde-ficar\">hospedagem<\/a>, organiza\u00e7\u00e3o do transporte e planejamento da agenda da viagem. Com esses passos, voc\u00ea estar\u00e1 bem preparado para uma viagem empresarial bem-sucedida.<\/span><\/p>\n<h3><span style=\"font-weight: 400;\">Estabele\u00e7a um or\u00e7amento<\/span><\/h3>\n<p><span style=\"font-weight: 400;\">Estabelecer um or\u00e7amento para a viagem empresarial \u00e9 fundamental para garantir que os gastos sejam controlados e que a viagem seja financeiramente vi\u00e1vel. Isso inclui considerar todos os custos relevantes, como passagens a\u00e9reas, hospedagem, alimenta\u00e7\u00e3o, transporte e taxas de confer\u00eancia ou inscri\u00e7\u00e3o.\u00a0<\/span><\/p>\n<p>&nbsp;<\/p>\n<p><span style=\"font-weight: 400;\">Al\u00e9m disso, \u00e9 importante definir limites claros para despesas adicionais, como entretenimento ou compras pessoais. Ao estabelecer um or\u00e7amento realista e bem planejado, voc\u00ea pode evitar surpresas desagrad\u00e1veis e garantir que a viagem seja financeiramente sustent\u00e1vel. Isso tamb\u00e9m ajuda a garantir que os recursos sejam alocados de forma eficiente e que os objetivos da viagem sejam alcan\u00e7ados sem comprometer a sa\u00fade financeira da empresa.<\/span><\/p>\n<h3><span style=\"font-weight: 400;\">Fa\u00e7a o planejamento log\u00edstico<\/span><\/h3>\n<p><span style=\"font-weight: 400;\">O planejamento log\u00edstico \u00e9 fundamental para garantir que a viagem empresarial seja bem-sucedida. Isso inclui reservar passagens a\u00e9reas e hospedagem, organizar o transporte para o local de destino, planejar a agenda da viagem, incluindo reuni\u00f5es e atividades, e preparar materiais e equipamentos necess\u00e1rios.\u00a0<\/span><\/p>\n<p>&nbsp;<\/p>\n<p><span style=\"font-weight: 400;\">Al\u00e9m disso, \u00e9 importante considerar fatores como o clima, a cultura local e as necessidades espec\u00edficas dos participantes. Com um planejamento log\u00edstico cuidadoso, voc\u00ea pode minimizar o estresse e garantir que a viagem seja produtiva e eficiente, permitindo que os participantes se concentrem nos objetivos da viagem.<\/span><\/p>\n<h2><span style=\"font-weight: 400;\">Alinhe a log\u00edstica com a pol\u00edtica de viagens da empresa<\/span><\/h2>\n<p><span style=\"font-weight: 400;\">Ao planejar a log\u00edstica da viagem empresarial, \u00e9 fundamental alinhar as decis\u00f5es com a pol\u00edtica de viagens da empresa. Isso inclui considerar as diretrizes estabelecidas para despesas de viagem, escolha de fornecedores de servi\u00e7os, como companhias a\u00e9reas e hot\u00e9is, e procedimentos de reembolso.\u00a0<\/span><\/p>\n<p>&nbsp;<\/p>\n<p><span style=\"font-weight: 400;\">Al\u00e9m disso, \u00e9 importante garantir que todas as despesas estejam em conformidade com as pol\u00edticas da empresa, evitando assim problemas de reembolso ou auditoria.\u00a0<\/span><\/p>\n<p>&nbsp;<\/p>\n<p><span style=\"font-weight: 400;\">Ao alinhar a log\u00edstica com a pol\u00edtica de viagens, voc\u00ea pode garantir que a viagem seja realizada de forma eficiente e dentro dos padr\u00f5es estabelecidos pela empresa, minimizando riscos e garantindo a conformidade.<\/span><\/p>\n","protected":false},"excerpt":{"rendered":"<p>As viagens empresariais s\u00e3o uma parte essencial da vida profissional de muitos executivos e colaboradores. Seja para reuni\u00f5es importantes, confer\u00eancias, feiras ou encontros com clientes, as viagens empresariais exigem planejamento e organiza\u00e7\u00e3o cuidadosos para garantir o sucesso e a efici\u00eancia.\u00a0 &nbsp; Neste guia completo, vamos explorar as melhores pr\u00e1ticas para organizar e otimizar as viagens [&hellip;]<\/p>\n","protected":false},"author":2,"featured_media":13566,"comment_status":"open","ping_status":"open","sticky":false,"template":"","format":"standard","meta":{"_jetpack_memberships_contains_paid_content":false,"footnotes":"","jetpack_publicize_message":"","jetpack_publicize_feature_enabled":true,"jetpack_social_post_already_shared":true,"jetpack_social_options":{"image_generator_settings":{"template":"highway","default_image_id":0,"font":"","enabled":false},"version":2}},"categories":[702,929,921],"tags":[],"class_list":["post-13565","post","type-post","status-publish","format-standard","has-post-thumbnail","hentry","category-dicas-legais","category-eventos","category-viagens"],"jetpack_publicize_connections":[],"jetpack_featured_media_url":"https:\/\/i0.wp.com\/www.visiteobrasil.com.br\/news\/wp-content\/uploads\/2025\/10\/Viagens-empresariais-wavebreakmedia_micro-Freepik.jpg?fit=900%2C600&ssl=1","jetpack-related-posts":[{"id":13647,"url":"https:\/\/www.visiteobrasil.com.br\/news\/turismo-de-negocios-guia-essencial-para-mulheres-que-viajam-sozinhas\/","url_meta":{"origin":13565,"position":0},"title":"Turismo de neg\u00f3cios: guia essencial para mulheres que viajam sozinhas","author":"Ramon","date":"15 de mar\u00e7o de 2026","format":false,"excerpt":"Viajar sozinha deixou de ser exce\u00e7\u00e3o para se tornar uma tend\u00eancia cada vez mais vis\u00edvel no turismo de neg\u00f3cios e no lazer. Executivas, empreendedoras, pesquisadoras e profissionais de diversas \u00e1reas cruzam aeroportos, participam de eventos e exploram destinos com uma mistura poderosa de autonomia e curiosidade. Se por um lado\u2026","rel":"","context":"Em &quot;Dicas legais&quot;","block_context":{"text":"Dicas legais","link":"https:\/\/www.visiteobrasil.com.br\/news\/dicas-legais\/"},"img":{"alt_text":"Turismo de neg\u00f3cios : Mulher executiva viajando sozinha em aeroporto moderno, olhando para painel de embarque com mala de viagem e laptop, atmosfera inspiradora de autonomia e turismo corporativo.","src":"https:\/\/i0.wp.com\/www.visiteobrasil.com.br\/news\/wp-content\/uploads\/2026\/03\/Turismo-de-negocios-freepik__mulher-executiva-viajando-sozinha-em-aeroporto-mod__59816.jpeg?fit=900%2C600&ssl=1&resize=350%2C200","width":350,"height":200,"srcset":"https:\/\/i0.wp.com\/www.visiteobrasil.com.br\/news\/wp-content\/uploads\/2026\/03\/Turismo-de-negocios-freepik__mulher-executiva-viajando-sozinha-em-aeroporto-mod__59816.jpeg?fit=900%2C600&ssl=1&resize=350%2C200 1x, https:\/\/i0.wp.com\/www.visiteobrasil.com.br\/news\/wp-content\/uploads\/2026\/03\/Turismo-de-negocios-freepik__mulher-executiva-viajando-sozinha-em-aeroporto-mod__59816.jpeg?fit=900%2C600&ssl=1&resize=525%2C300 1.5x, https:\/\/i0.wp.com\/www.visiteobrasil.com.br\/news\/wp-content\/uploads\/2026\/03\/Turismo-de-negocios-freepik__mulher-executiva-viajando-sozinha-em-aeroporto-mod__59816.jpeg?fit=900%2C600&ssl=1&resize=700%2C400 2x"},"classes":[]},{"id":13628,"url":"https:\/\/www.visiteobrasil.com.br\/news\/turismo-de-negocios-azul-galeao\/","url_meta":{"origin":13565,"position":1},"title":"Turismo de neg\u00f3cios impulsiona 9,3 milh\u00f5es no Gale\u00e3o","author":"Ramon","date":"22 de fevereiro de 2026","format":false,"excerpt":"O Turismo de neg\u00f3cios tem sido um dos motores silenciosos da avia\u00e7\u00e3o brasileira \u2014 e poucos n\u00fameros traduzem isso t\u00e3o bem quanto o marco alcan\u00e7ado pela companhia a\u00e9rea Azul Linhas A\u00e9reas no Aeroporto Internacional do Gale\u00e3o. Em 15 anos de opera\u00e7\u00f5es no terminal carioca, a empresa movimentou 9,3 milh\u00f5es de\u2026","rel":"","context":"Em &quot;Noticias&quot;","block_context":{"text":"Noticias","link":"https:\/\/www.visiteobrasil.com.br\/news\/noticias\/"},"img":{"alt_text":"Turismo de neg\u00f3cios : Avi\u00e3o da Azul no Gale\u00e3o representando o crescimento do Turismo de neg\u00f3cios no Rio de Janeiro","src":"https:\/\/i0.wp.com\/www.visiteobrasil.com.br\/news\/wp-content\/uploads\/2026\/02\/azul-embraer-divulgacao.jpg?fit=900%2C600&ssl=1&resize=350%2C200","width":350,"height":200,"srcset":"https:\/\/i0.wp.com\/www.visiteobrasil.com.br\/news\/wp-content\/uploads\/2026\/02\/azul-embraer-divulgacao.jpg?fit=900%2C600&ssl=1&resize=350%2C200 1x, https:\/\/i0.wp.com\/www.visiteobrasil.com.br\/news\/wp-content\/uploads\/2026\/02\/azul-embraer-divulgacao.jpg?fit=900%2C600&ssl=1&resize=525%2C300 1.5x, https:\/\/i0.wp.com\/www.visiteobrasil.com.br\/news\/wp-content\/uploads\/2026\/02\/azul-embraer-divulgacao.jpg?fit=900%2C600&ssl=1&resize=700%2C400 2x"},"classes":[]},{"id":13616,"url":"https:\/\/www.visiteobrasil.com.br\/news\/viagens-corporativas-brasil\/","url_meta":{"origin":13565,"position":2},"title":"Viagens corporativas impulsionam turismo de neg\u00f3cios e batem R$ 12,7 bi","author":"Ramon","date":"22 de dezembro de 2025","format":false,"excerpt":"As viagens corporativas seguem como um dos pilares mais s\u00f3lidos do turismo brasileiro e mostram f\u00f4lego mesmo diante de oscila\u00e7\u00f5es econ\u00f4micas globais. Entre janeiro e novembro deste ano, o setor movimentou R$ 12,7 bilh\u00f5es, segundo o levantamento mensal da Abracorp (Associa\u00e7\u00e3o Brasileira de Ag\u00eancias de Viagens Corporativas). O resultado refor\u00e7a\u2026","rel":"","context":"Em &quot;Eventos&quot;","block_context":{"text":"Eventos","link":"https:\/\/www.visiteobrasil.com.br\/news\/eventos\/"},"img":{"alt_text":"Viagens corporativas","src":"https:\/\/i0.wp.com\/www.visiteobrasil.com.br\/news\/wp-content\/uploads\/2025\/12\/viagens-corporativas.png?fit=900%2C600&ssl=1&resize=350%2C200","width":350,"height":200,"srcset":"https:\/\/i0.wp.com\/www.visiteobrasil.com.br\/news\/wp-content\/uploads\/2025\/12\/viagens-corporativas.png?fit=900%2C600&ssl=1&resize=350%2C200 1x, https:\/\/i0.wp.com\/www.visiteobrasil.com.br\/news\/wp-content\/uploads\/2025\/12\/viagens-corporativas.png?fit=900%2C600&ssl=1&resize=525%2C300 1.5x, https:\/\/i0.wp.com\/www.visiteobrasil.com.br\/news\/wp-content\/uploads\/2025\/12\/viagens-corporativas.png?fit=900%2C600&ssl=1&resize=700%2C400 2x"},"classes":[]},{"id":13562,"url":"https:\/\/www.visiteobrasil.com.br\/news\/o-que-sao-viagens-de-voluntariado\/","url_meta":{"origin":13565,"position":3},"title":"O Que s\u00e3o viagens de voluntariado: Benef\u00edcios e planejamento","author":"Ramon","date":"17 de outubro de 2025","format":false,"excerpt":"As viagens de voluntariado t\u00eam se tornado cada vez mais populares entre aqueles que buscam combinar aventura, aprendizado e contribui\u00e7\u00e3o social. Essa modalidade de viagem permite que os participantes se envolvam em projetos que beneficiam comunidades locais, protegendo o meio ambiente e promovendo o desenvolvimento sustent\u00e1vel.\u00a0 \u00a0 Al\u00e9m de oferecer\u2026","rel":"","context":"Em &quot;Viagens&quot;","block_context":{"text":"Viagens","link":"https:\/\/www.visiteobrasil.com.br\/news\/viagens\/"},"img":{"alt_text":"Viagens de voluntariado-Freepick","src":"https:\/\/i0.wp.com\/www.visiteobrasil.com.br\/news\/wp-content\/uploads\/2025\/10\/viagens-de-voluntariado-Freepick.jpg?fit=900%2C600&ssl=1&resize=350%2C200","width":350,"height":200,"srcset":"https:\/\/i0.wp.com\/www.visiteobrasil.com.br\/news\/wp-content\/uploads\/2025\/10\/viagens-de-voluntariado-Freepick.jpg?fit=900%2C600&ssl=1&resize=350%2C200 1x, https:\/\/i0.wp.com\/www.visiteobrasil.com.br\/news\/wp-content\/uploads\/2025\/10\/viagens-de-voluntariado-Freepick.jpg?fit=900%2C600&ssl=1&resize=525%2C300 1.5x, https:\/\/i0.wp.com\/www.visiteobrasil.com.br\/news\/wp-content\/uploads\/2025\/10\/viagens-de-voluntariado-Freepick.jpg?fit=900%2C600&ssl=1&resize=700%2C400 2x"},"classes":[]},{"id":13625,"url":"https:\/\/www.visiteobrasil.com.br\/news\/turismo-de-negocios-recorde-2025\/","url_meta":{"origin":13565,"position":4},"title":"Turismo de neg\u00f3cios impulsiona economia e bate recorde hist\u00f3rico em 2025","author":"Ramon","date":"1 de fevereiro de 2026","format":false,"excerpt":"O Turismo de neg\u00f3cios deixou de ser apenas um segmento estrat\u00e9gico para se tornar um dos grandes motores da economia tur\u00edstica brasileira. Em 2025, o setor alcan\u00e7ou um faturamento hist\u00f3rico de R$ 13,7 bilh\u00f5es, segundo dados consolidados da Abracorp (Associa\u00e7\u00e3o Brasileira de Ag\u00eancias de Viagens Corporativas). O n\u00famero n\u00e3o apenas\u2026","rel":"","context":"Em &quot;Eventos&quot;","block_context":{"text":"Eventos","link":"https:\/\/www.visiteobrasil.com.br\/news\/eventos\/"},"img":{"alt_text":"Turismo de neg\u00f3cios","src":"https:\/\/i0.wp.com\/www.visiteobrasil.com.br\/news\/wp-content\/uploads\/2026\/02\/turismo-de-negocios.jpeg?fit=900%2C600&ssl=1&resize=350%2C200","width":350,"height":200,"srcset":"https:\/\/i0.wp.com\/www.visiteobrasil.com.br\/news\/wp-content\/uploads\/2026\/02\/turismo-de-negocios.jpeg?fit=900%2C600&ssl=1&resize=350%2C200 1x, https:\/\/i0.wp.com\/www.visiteobrasil.com.br\/news\/wp-content\/uploads\/2026\/02\/turismo-de-negocios.jpeg?fit=900%2C600&ssl=1&resize=525%2C300 1.5x, https:\/\/i0.wp.com\/www.visiteobrasil.com.br\/news\/wp-content\/uploads\/2026\/02\/turismo-de-negocios.jpeg?fit=900%2C600&ssl=1&resize=700%2C400 2x"},"classes":[]},{"id":13531,"url":"https:\/\/www.visiteobrasil.com.br\/news\/turismo-nautico-boat-show\/","url_meta":{"origin":13565,"position":5},"title":"Turismo N\u00e1utico: Guia em destaque na 28\u00aa S\u00e3o Paulo Boat Show","author":"Ramon","date":"21 de setembro de 2025","format":false,"excerpt":"O turismo n\u00e1utico brasileiro ganha um importante impulso com a divulga\u00e7\u00e3o de um guia especializado pelo Minist\u00e9rio do Turismo durante a 28\u00aa edi\u00e7\u00e3o do S\u00e3o Paulo Boat Show. O evento, considerado o maior do setor na Am\u00e9rica Latina, reuniu fabricantes, empres\u00e1rios, profissionais do setor e entusiastas, oferecendo uma vitrine estrat\u00e9gica\u2026","rel":"","context":"Em &quot;Dicas legais&quot;","block_context":{"text":"Dicas legais","link":"https:\/\/www.visiteobrasil.com.br\/news\/dicas-legais\/"},"img":{"alt_text":"Embarca\u00e7\u00e3o de luxo navegando em \u00e1guas brasileiras, com cen\u00e1rio tur\u00edstico e elementos n\u00e1uticos, representando o turismo n\u00e1utico","src":"https:\/\/i0.wp.com\/www.visiteobrasil.com.br\/news\/wp-content\/uploads\/2025\/09\/Embarcacao-de-luxo-navegando-em-aguas-brasileiras.jpeg?fit=900%2C600&ssl=1&resize=350%2C200","width":350,"height":200,"srcset":"https:\/\/i0.wp.com\/www.visiteobrasil.com.br\/news\/wp-content\/uploads\/2025\/09\/Embarcacao-de-luxo-navegando-em-aguas-brasileiras.jpeg?fit=900%2C600&ssl=1&resize=350%2C200 1x, https:\/\/i0.wp.com\/www.visiteobrasil.com.br\/news\/wp-content\/uploads\/2025\/09\/Embarcacao-de-luxo-navegando-em-aguas-brasileiras.jpeg?fit=900%2C600&ssl=1&resize=525%2C300 1.5x, https:\/\/i0.wp.com\/www.visiteobrasil.com.br\/news\/wp-content\/uploads\/2025\/09\/Embarcacao-de-luxo-navegando-em-aguas-brasileiras.jpeg?fit=900%2C600&ssl=1&resize=700%2C400 2x"},"classes":[]}],"jetpack_sharing_enabled":true,"jetpack_likes_enabled":true,"_links":{"self":[{"href":"https:\/\/www.visiteobrasil.com.br\/news\/wp-json\/wp\/v2\/posts\/13565","targetHints":{"allow":["GET"]}}],"collection":[{"href":"https:\/\/www.visiteobrasil.com.br\/news\/wp-json\/wp\/v2\/posts"}],"about":[{"href":"https:\/\/www.visiteobrasil.com.br\/news\/wp-json\/wp\/v2\/types\/post"}],"author":[{"embeddable":true,"href":"https:\/\/www.visiteobrasil.com.br\/news\/wp-json\/wp\/v2\/users\/2"}],"replies":[{"embeddable":true,"href":"https:\/\/www.visiteobrasil.com.br\/news\/wp-json\/wp\/v2\/comments?post=13565"}],"version-history":[{"count":3,"href":"https:\/\/www.visiteobrasil.com.br\/news\/wp-json\/wp\/v2\/posts\/13565\/revisions"}],"predecessor-version":[{"id":13575,"href":"https:\/\/www.visiteobrasil.com.br\/news\/wp-json\/wp\/v2\/posts\/13565\/revisions\/13575"}],"wp:featuredmedia":[{"embeddable":true,"href":"https:\/\/www.visiteobrasil.com.br\/news\/wp-json\/wp\/v2\/media\/13566"}],"wp:attachment":[{"href":"https:\/\/www.visiteobrasil.com.br\/news\/wp-json\/wp\/v2\/media?parent=13565"}],"wp:term":[{"taxonomy":"category","embeddable":true,"href":"https:\/\/www.visiteobrasil.com.br\/news\/wp-json\/wp\/v2\/categories?post=13565"},{"taxonomy":"post_tag","embeddable":true,"href":"https:\/\/www.visiteobrasil.com.br\/news\/wp-json\/wp\/v2\/tags?post=13565"}],"curies":[{"name":"wp","href":"https:\/\/api.w.org\/{rel}","templated":true}]}}