{"id":13556,"date":"2025-10-12T11:32:50","date_gmt":"2025-10-12T14:32:50","guid":{"rendered":"https:\/\/www.visiteobrasil.com.br\/news\/?p=13556"},"modified":"2025-10-12T11:32:50","modified_gmt":"2025-10-12T14:32:50","slug":"pesca-esportiva-estados-brasileiros","status":"publish","type":"post","link":"https:\/\/www.visiteobrasil.com.br\/news\/pesca-esportiva-estados-brasileiros\/","title":{"rendered":"Pesca esportiva cresce no Brasil e movimenta o turismo de natureza"},"content":{"rendered":"<p data-start=\"420\" data-end=\"742\">A <strong data-start=\"422\" data-end=\"441\">pesca esportiva<\/strong> vem se consolidando como uma das atividades de turismo mais promissoras do Brasil. Com rios extensos, biodiversidade impressionante e paisagens que variam do Pantanal \u00e0 Amaz\u00f4nia, o pa\u00eds oferece um verdadeiro para\u00edso aos amantes da pesca recreativa \u2014 e agora desponta como l\u00edder mundial no segmento.<\/p>\n<p data-start=\"744\" data-end=\"1096\">Segundo dados do Minist\u00e9rio do Turismo, milh\u00f5es de brasileiros e estrangeiros embarcam anualmente em viagens dedicadas a essa pr\u00e1tica, impulsionando a economia local, gerando empregos e valorizando o turismo sustent\u00e1vel. Mais do que uma atividade de lazer, a pesca esportiva representa uma forma de conex\u00e3o com a natureza e respeito ao meio ambiente.<\/p>\n<p data-start=\"1098\" data-end=\"1260\">A seguir, conhe\u00e7a os <strong data-start=\"1119\" data-end=\"1162\">dez estados brasileiros mais procurados<\/strong> pelos pescadores e entenda por que cada um deles se tornou um destino de destaque nesse universo.<\/p>\n<hr data-start=\"1262\" data-end=\"1265\" \/>\n<h3 data-start=\"1267\" data-end=\"1312\">Amaz\u00f4nia: o para\u00edso dos grandes tucunar\u00e9s<\/h3>\n<p data-start=\"1314\" data-end=\"1674\">Nenhum ranking de <strong data-start=\"1332\" data-end=\"1351\">pesca esportiva<\/strong> estaria completo sem a Amaz\u00f4nia. O Norte do Brasil abriga esp\u00e9cies ic\u00f4nicas como o tucunar\u00e9-a\u00e7u e o pirarucu, que desafiam at\u00e9 os pescadores mais experientes. Estados como Amazonas e Roraima oferecem pacotes de ecoturismo que combinam aventura e sustentabilidade, com pousadas flutuantes e regras r\u00edgidas de preserva\u00e7\u00e3o.<\/p>\n<p data-start=\"1676\" data-end=\"1942\">Al\u00e9m da emo\u00e7\u00e3o da captura e soltura, a experi\u00eancia amaz\u00f4nica inclui o contato com comunidades ribeirinhas e paisagens que parecem sa\u00eddas de um document\u00e1rio. N\u00e3o \u00e0 toa, a regi\u00e3o atrai turistas de v\u00e1rias partes do mundo, especialmente dos Estados Unidos e da Europa.<\/p>\n<hr data-start=\"1944\" data-end=\"1947\" \/>\n<h3 data-start=\"1949\" data-end=\"2008\">Mato Grosso e Mato Grosso do Sul: o cora\u00e7\u00e3o do Pantanal<\/h3>\n<p data-start=\"2010\" data-end=\"2313\">O Pantanal \u00e9 outro destino lend\u00e1rio para a <strong data-start=\"2053\" data-end=\"2072\">pesca esportiva<\/strong>, com rios cristalinos e uma biodiversidade inigual\u00e1vel. As cidades de C\u00e1ceres (MT) e Corumb\u00e1 (MS) s\u00e3o conhecidas por sediar grandes torneios de pesca, reunindo pescadores profissionais e amadores em eventos que movimentam o turismo local.<\/p>\n<p data-start=\"2315\" data-end=\"2630\">As esp\u00e9cies mais procuradas s\u00e3o o dourado, o ja\u00fa e o pintado \u2014 peixes que fazem a alegria dos aventureiros em busca de trof\u00e9us inesquec\u00edveis. O turismo na regi\u00e3o tamb\u00e9m inclui saf\u00e1ris fotogr\u00e1ficos e passeios de barco que permitem avistar araras, capivaras e jacar\u00e9s, refor\u00e7ando o car\u00e1ter sustent\u00e1vel da atividade.<\/p>\n<hr data-start=\"2632\" data-end=\"2635\" \/>\n<h3 data-start=\"2637\" data-end=\"2680\">Bahia: marlins e paisagens paradis\u00edacas<\/h3>\n<p data-start=\"2682\" data-end=\"2988\">Na costa da Bahia, a <strong data-start=\"2703\" data-end=\"2722\">pesca esportiva<\/strong> ganha contornos oce\u00e2nicos. O litoral baiano \u00e9 conhecido mundialmente pelas competi\u00e7\u00f5es de pesca de marlin-azul e outras esp\u00e9cies de mar aberto. Regi\u00f5es como Ilh\u00e9us e Porto Seguro oferecem infraestrutura de alto padr\u00e3o para quem busca unir lazer, sol e adrenalina.<\/p>\n<p data-start=\"2990\" data-end=\"3264\">Al\u00e9m da pr\u00e1tica esportiva, o visitante encontra gastronomia t\u00edpica, cultura vibrante e praias que est\u00e3o entre as mais belas do mundo. O turismo n\u00e1utico vem crescendo fortemente no estado, fortalecendo ainda mais a imagem da Bahia como destino completo para amantes do mar.<\/p>\n<hr data-start=\"3266\" data-end=\"3269\" \/>\n<h3 data-start=\"3271\" data-end=\"3339\">S\u00e3o Paulo e Minas Gerais: os polos de represas e clubes de pesca<\/h3>\n<p data-start=\"3341\" data-end=\"3683\">Os estados do Sudeste tamb\u00e9m marcam presen\u00e7a forte no mapa da <a href=\"https:\/\/www.gov.br\/turismo\/pt-br\/assuntos\/noticias\/pesca-esportiva-conheca-os-10-estados-brasileiros-favoritos-para-a-pratica\" target=\"_blank\" rel=\"noopener\"><strong data-start=\"3403\" data-end=\"3422\">pesca esportiva<\/strong><\/a>. Em S\u00e3o Paulo, represas como a de Tr\u00eas Marias e de Ibitinga se tornaram verdadeiros polos para pescadores que buscam estrutura e praticidade. J\u00e1 em Minas Gerais, rios como o S\u00e3o Francisco e o Grande atraem quem prefere \u00e1guas interiores e cen\u00e1rios tranquilos.<\/p>\n<p data-start=\"3685\" data-end=\"3946\">O crescimento de clubes e resorts voltados \u00e0 pesca recreativa vem transformando a atividade em um atrativo familiar e urbano. O p\u00fablico tem se diversificado, e cada vez mais mulheres e jovens participam das viagens, refor\u00e7ando o car\u00e1ter inclusivo do segmento.<\/p>\n<hr data-start=\"3948\" data-end=\"3951\" \/>\n<h3 data-start=\"3953\" data-end=\"4014\">Par\u00e1 e Tocantins: destinos emergentes no turismo de pesca<\/h3>\n<p data-start=\"4016\" data-end=\"4258\">Os estados do Par\u00e1 e Tocantins despontam como novas promessas da <strong data-start=\"4081\" data-end=\"4100\">pesca esportiva<\/strong> no Brasil. O rio Araguaia e seus afluentes abrigam esp\u00e9cies como o tucunar\u00e9-paca e o ja\u00fa, com excelente estrutura de hospedagem e guias locais experientes.<\/p>\n<p data-start=\"4260\" data-end=\"4531\">Esses destinos t\u00eam apostado na profissionaliza\u00e7\u00e3o do turismo de natureza, com roteiros que valorizam a sustentabilidade e o envolvimento das comunidades locais. A pr\u00e1tica do \u201cpesque e solte\u201d \u00e9 amplamente incentivada, garantindo a preserva\u00e7\u00e3o dos ecossistemas aqu\u00e1ticos.<\/p>\n<hr data-start=\"4533\" data-end=\"4536\" \/>\n<h3 data-start=\"4538\" data-end=\"4599\">Santa Catarina e Paran\u00e1: tradi\u00e7\u00e3o e infraestrutura no Sul<\/h3>\n<p data-start=\"4601\" data-end=\"4848\">No Sul do pa\u00eds, Santa Catarina e Paran\u00e1 se destacam por sua organiza\u00e7\u00e3o e tradi\u00e7\u00e3o na <strong data-start=\"4687\" data-end=\"4706\">pesca esportiva<\/strong>. O litoral catarinense \u00e9 refer\u00eancia na pesca oce\u00e2nica, enquanto o interior paranaense abriga importantes torneios de pesca em rios e lagos.<\/p>\n<p data-start=\"4850\" data-end=\"5117\">Al\u00e9m dos atrativos naturais, esses estados t\u00eam investido fortemente em infraestrutura, com marinas, eventos anuais e roteiros tur\u00edsticos voltados para fam\u00edlias. O turismo de pesca na regi\u00e3o cresce junto com a conscientiza\u00e7\u00e3o ambiental e o respeito \u00e0 fauna aqu\u00e1tica.<\/p>\n<hr data-start=\"5119\" data-end=\"5122\" \/>\n<h3 data-start=\"5124\" data-end=\"5178\">Um segmento em ascens\u00e3o e com potencial bilion\u00e1rio<\/h3>\n<p data-start=\"5180\" data-end=\"5502\">A <strong data-start=\"5182\" data-end=\"5201\">pesca esportiva<\/strong> no Brasil movimenta n\u00e3o apenas a economia, mas tamb\u00e9m o sentimento de pertencimento e de preserva\u00e7\u00e3o ambiental. Segundo estimativas do Minist\u00e9rio do Turismo, o setor tem potencial para gerar bilh\u00f5es de reais anuais, especialmente quando aliado ao turismo de base comunit\u00e1ria e \u00e0 educa\u00e7\u00e3o ambiental.<\/p>\n<p data-start=\"5504\" data-end=\"5678\">A regulamenta\u00e7\u00e3o, o investimento em capacita\u00e7\u00e3o e a cria\u00e7\u00e3o de \u00e1reas de manejo sustent\u00e1vel s\u00e3o passos fundamentais para consolidar o pa\u00eds como l\u00edder mundial nesse segmento.<\/p>\n<p data-start=\"5680\" data-end=\"5837\">Para mais informa\u00e7\u00f5es sobre pol\u00edticas e programas voltados \u00e0 pesca esportiva, acesse o <a class=\"decorated-link cursor-pointer\" target=\"_new\" rel=\"noopener\" data-start=\"5767\" data-end=\"5834\">site oficial do Minist\u00e9rio do Turismo<\/a>.<\/p>\n<hr data-start=\"5839\" data-end=\"5842\" \/>\n<h3 data-start=\"5844\" data-end=\"5914\">Turismo de pesca: uma experi\u00eancia de conex\u00e3o com o Brasil profundo<\/h3>\n<p data-start=\"5916\" data-end=\"6132\">Viajar pelo Brasil com uma vara de pesca na m\u00e3o \u00e9 descobrir o pa\u00eds por um \u00e2ngulo diferente. A <strong data-start=\"6010\" data-end=\"6029\">pesca esportiva<\/strong> \u00e9 mais do que capturar peixes \u2014 \u00e9 um convite \u00e0 contempla\u00e7\u00e3o, \u00e0 amizade e \u00e0 reconex\u00e3o com a natureza.<\/p>\n<p data-start=\"6134\" data-end=\"6417\">Quem deseja conhecer alguns desses destinos pode conferir tamb\u00e9m a mat\u00e9ria sobre <a class=\"decorated-link cursor-pointer\" target=\"_new\" rel=\"noopener\" data-start=\"6215\" data-end=\"6306\">turismo de pesca e natureza no Brasil<\/a>, publicada pelo portal <em data-start=\"6330\" data-end=\"6347\">Visite o Brasil<\/em>, que apresenta roteiros e experi\u00eancias em diversas regi\u00f5es do pa\u00eds.<\/p>\n","protected":false},"excerpt":{"rendered":"<p>A pesca esportiva vem se consolidando como uma das atividades de turismo mais promissoras do Brasil. Com rios extensos, biodiversidade impressionante e paisagens que variam do Pantanal \u00e0 Amaz\u00f4nia, o pa\u00eds oferece um verdadeiro para\u00edso aos amantes da pesca recreativa \u2014 e agora desponta como l\u00edder mundial no segmento. Segundo dados do Minist\u00e9rio do Turismo, [&hellip;]<\/p>\n","protected":false},"author":2,"featured_media":13557,"comment_status":"open","ping_status":"open","sticky":false,"template":"","format":"standard","meta":{"_jetpack_memberships_contains_paid_content":false,"footnotes":"","jetpack_publicize_message":"","jetpack_publicize_feature_enabled":true,"jetpack_social_post_already_shared":true,"jetpack_social_options":{"image_generator_settings":{"template":"highway","default_image_id":0,"font":"","enabled":false},"version":2}},"categories":[868,929,752],"tags":[965,878,966,963,964,967],"class_list":["post-13556","post","type-post","status-publish","format-standard","has-post-thumbnail","hentry","category-cultura","category-eventos","category-meio-ambiente","tag-amazonia","tag-ecoturismo","tag-pantanal","tag-pesca-esportiva","tag-turismo-de-natureza","tag-viagens-brasileiras"],"jetpack_publicize_connections":[],"jetpack_featured_media_url":"https:\/\/i0.wp.com\/www.visiteobrasil.com.br\/news\/wp-content\/uploads\/2025\/10\/pesca-esportiva.png?fit=900%2C600&ssl=1","jetpack-related-posts":[{"id":13470,"url":"https:\/\/www.visiteobrasil.com.br\/news\/mtur-lanca-boletim-inedito-sobre-turismo-de-pesca-no-brasil\/","url_meta":{"origin":13556,"position":0},"title":"MTur lan\u00e7a boletim in\u00e9dito sobre turismo de pesca no Brasil","author":"Ramon","date":"31 de agosto de 2025","format":false,"excerpt":"Documento apresentado na Fishing Show 2025 revela o potencial de um setor que movimenta 9 milh\u00f5es de pescadores e gera mais de 200 mil empregos S\u00e3o Paulo (SP) \u2013 Em um marco hist\u00f3rico para o setor pesqueiro nacional, o Minist\u00e9rio do Turismo lan\u00e7ou, durante a Fishing Show 2025 \u2014 uma\u2026","rel":"","context":"Em &quot;Noticias&quot;","block_context":{"text":"Noticias","link":"https:\/\/www.visiteobrasil.com.br\/news\/noticias\/"},"img":{"alt_text":"Pesca: Pescadores em um barco","src":"https:\/\/i0.wp.com\/www.visiteobrasil.com.br\/news\/wp-content\/uploads\/2025\/08\/Fotou-Karine-Araujo-Prefeitura-de-Quirinopolis.png?fit=900%2C600&ssl=1&resize=350%2C200","width":350,"height":200,"srcset":"https:\/\/i0.wp.com\/www.visiteobrasil.com.br\/news\/wp-content\/uploads\/2025\/08\/Fotou-Karine-Araujo-Prefeitura-de-Quirinopolis.png?fit=900%2C600&ssl=1&resize=350%2C200 1x, https:\/\/i0.wp.com\/www.visiteobrasil.com.br\/news\/wp-content\/uploads\/2025\/08\/Fotou-Karine-Araujo-Prefeitura-de-Quirinopolis.png?fit=900%2C600&ssl=1&resize=525%2C300 1.5x, https:\/\/i0.wp.com\/www.visiteobrasil.com.br\/news\/wp-content\/uploads\/2025\/08\/Fotou-Karine-Araujo-Prefeitura-de-Quirinopolis.png?fit=900%2C600&ssl=1&resize=700%2C400 2x"},"classes":[]},{"id":12962,"url":"https:\/\/www.visiteobrasil.com.br\/news\/explorando-o-turismo-em-maio-eventos-imperdiveis-em-todo-o-brasil\/","url_meta":{"origin":13556,"position":1},"title":"Explorando o Turismo em Maio: Eventos imperd\u00edveis em todo o Brasil","author":"Ramon","date":"5 de maio de 2024","format":false,"excerpt":"Maio chega repleto de atra\u00e7\u00f5es tur\u00edsticas dos quatro cantos do pa\u00eds. Este \u00e9 o m\u00eas do trabalhador, das noivas, das m\u00e3es e tamb\u00e9m de diversos eventos que impulsionam o turismo em v\u00e1rias cidades brasileiras. Do sul ao norte, do sudeste ao nordeste, passando pelo centro-oeste, o calend\u00e1rio do MTur oferece\u2026","rel":"","context":"Em &quot;Dicas legais&quot;","block_context":{"text":"Dicas legais","link":"https:\/\/www.visiteobrasil.com.br\/news\/dicas-legais\/"},"img":{"alt_text":"Evento junino, Soltando um busca-p\u00e9 - em Estancia-Se- Infonet","src":"https:\/\/i0.wp.com\/www.visiteobrasil.com.br\/news\/wp-content\/uploads\/2023\/11\/Barco-de-fogo-Turista-soltando-buscape-Infonet.jpg?fit=900%2C600&ssl=1&resize=350%2C200","width":350,"height":200,"srcset":"https:\/\/i0.wp.com\/www.visiteobrasil.com.br\/news\/wp-content\/uploads\/2023\/11\/Barco-de-fogo-Turista-soltando-buscape-Infonet.jpg?fit=900%2C600&ssl=1&resize=350%2C200 1x, https:\/\/i0.wp.com\/www.visiteobrasil.com.br\/news\/wp-content\/uploads\/2023\/11\/Barco-de-fogo-Turista-soltando-buscape-Infonet.jpg?fit=900%2C600&ssl=1&resize=525%2C300 1.5x, https:\/\/i0.wp.com\/www.visiteobrasil.com.br\/news\/wp-content\/uploads\/2023\/11\/Barco-de-fogo-Turista-soltando-buscape-Infonet.jpg?fit=900%2C600&ssl=1&resize=700%2C400 2x"},"classes":[]},{"id":13445,"url":"https:\/\/www.visiteobrasil.com.br\/news\/salao-do-turismo-2025-descubra-roteiros-unicos-do-brasil-no-evento\/","url_meta":{"origin":13556,"position":2},"title":"Sal\u00e3o do Turismo 2025: Descubra roteiros \u00fanicos do Brasil no evento","author":"Ramon","date":"10 de agosto de 2025","format":false,"excerpt":"O Sal\u00e3o do Turismo 2025 ser\u00e1 o ponto de encontro para aqueles que buscam explorar as maravilhas do Brasil de uma maneira \u00fanica e enriquecedora. Coordenado pelo Sebrae, o evento, que acontece entre 8 e 10 de agosto de 2025, promete ser uma vitrine para as mais variadas experi\u00eancias tur\u00edsticas\u2026","rel":"","context":"Em &quot;Artigos&quot;","block_context":{"text":"Artigos","link":"https:\/\/www.visiteobrasil.com.br\/news\/artigos\/"},"img":{"alt_text":"Sal\u00e3o do turismo: Trilha amaz\u00f4nia - Casal fazendo trilha - Pixabay","src":"https:\/\/i0.wp.com\/www.visiteobrasil.com.br\/news\/wp-content\/uploads\/2024\/10\/amazonia-hike-863454_1280.jpg?fit=900%2C599&ssl=1&resize=350%2C200","width":350,"height":200,"srcset":"https:\/\/i0.wp.com\/www.visiteobrasil.com.br\/news\/wp-content\/uploads\/2024\/10\/amazonia-hike-863454_1280.jpg?fit=900%2C599&ssl=1&resize=350%2C200 1x, https:\/\/i0.wp.com\/www.visiteobrasil.com.br\/news\/wp-content\/uploads\/2024\/10\/amazonia-hike-863454_1280.jpg?fit=900%2C599&ssl=1&resize=525%2C300 1.5x, https:\/\/i0.wp.com\/www.visiteobrasil.com.br\/news\/wp-content\/uploads\/2024\/10\/amazonia-hike-863454_1280.jpg?fit=900%2C599&ssl=1&resize=700%2C400 2x"},"classes":[]},{"id":13070,"url":"https:\/\/www.visiteobrasil.com.br\/news\/grandes-eventos-turisticos-na-agenda-de-agosto-no-brasil\/","url_meta":{"origin":13556,"position":3},"title":"Grandes eventos tur\u00edsticos na agenda de agosto no Brasil","author":"Ramon","date":"5 de agosto de 2024","format":false,"excerpt":"Agosto oferece uma variedade de op\u00e7\u00f5es O m\u00eas de agosto promete movimentar o setor de turismo no Brasil com dois grandes eventos que n\u00e3o podem ser perdidos! Entre os dias 8 e 11, o Rio de Janeiro sediar\u00e1 o 8\u00ba Sal\u00e3o do Turismo: Conhe\u00e7a o Brasil, a maior vitrine de\u2026","rel":"","context":"Em &quot;Entretenimento&quot;","block_context":{"text":"Entretenimento","link":"https:\/\/www.visiteobrasil.com.br\/news\/entretenimento\/"},"img":{"alt_text":"Agenda cultural para o m\u00eas de agosto no Brasil","src":"https:\/\/i0.wp.com\/www.visiteobrasil.com.br\/news\/wp-content\/uploads\/2024\/08\/Feira-de-turismo-pexels-emilio-martinez-1057015936-24964794.jpg?fit=900%2C600&ssl=1&resize=350%2C200","width":350,"height":200,"srcset":"https:\/\/i0.wp.com\/www.visiteobrasil.com.br\/news\/wp-content\/uploads\/2024\/08\/Feira-de-turismo-pexels-emilio-martinez-1057015936-24964794.jpg?fit=900%2C600&ssl=1&resize=350%2C200 1x, https:\/\/i0.wp.com\/www.visiteobrasil.com.br\/news\/wp-content\/uploads\/2024\/08\/Feira-de-turismo-pexels-emilio-martinez-1057015936-24964794.jpg?fit=900%2C600&ssl=1&resize=525%2C300 1.5x, https:\/\/i0.wp.com\/www.visiteobrasil.com.br\/news\/wp-content\/uploads\/2024\/08\/Feira-de-turismo-pexels-emilio-martinez-1057015936-24964794.jpg?fit=900%2C600&ssl=1&resize=700%2C400 2x"},"classes":[]},{"id":13610,"url":"https:\/\/www.visiteobrasil.com.br\/news\/ecoturismo-brasil\/","url_meta":{"origin":13556,"position":4},"title":"Ecoturismo ganha for\u00e7a com novo cat\u00e1logo de experi\u00eancias de observa\u00e7\u00e3o de aves","author":"Ramon","date":"8 de dezembro de 2025","format":false,"excerpt":"O ecoturismo brasileiro acaba de ganhar um novo refor\u00e7o: o Minist\u00e9rio do Turismo lan\u00e7ou o Cat\u00e1logo de Experi\u00eancias de Observa\u00e7\u00e3o de Aves, reunindo atividades, destinos e iniciativas que valorizam a biodiversidade e estimulam pr\u00e1ticas sustent\u00e1veis. Em uma era em que viajantes buscam mais contato com a natureza e experi\u00eancias aut\u00eanticas,\u2026","rel":"","context":"Em &quot;Meio ambiente&quot;","block_context":{"text":"Meio ambiente","link":"https:\/\/www.visiteobrasil.com.br\/news\/meio-ambiente\/"},"img":{"alt_text":"Aves-Ecoturismo Brasil : Cr\u00e9dito: MTur Destinos\/Chico Rasta","src":"https:\/\/i0.wp.com\/www.visiteobrasil.com.br\/news\/wp-content\/uploads\/2025\/12\/aves-Credito-MTur-Destinos-Chico-Rasta.jpeg?fit=900%2C600&ssl=1&resize=350%2C200","width":350,"height":200,"srcset":"https:\/\/i0.wp.com\/www.visiteobrasil.com.br\/news\/wp-content\/uploads\/2025\/12\/aves-Credito-MTur-Destinos-Chico-Rasta.jpeg?fit=900%2C600&ssl=1&resize=350%2C200 1x, https:\/\/i0.wp.com\/www.visiteobrasil.com.br\/news\/wp-content\/uploads\/2025\/12\/aves-Credito-MTur-Destinos-Chico-Rasta.jpeg?fit=900%2C600&ssl=1&resize=525%2C300 1.5x, https:\/\/i0.wp.com\/www.visiteobrasil.com.br\/news\/wp-content\/uploads\/2025\/12\/aves-Credito-MTur-Destinos-Chico-Rasta.jpeg?fit=900%2C600&ssl=1&resize=700%2C400 2x"},"classes":[]},{"id":13354,"url":"https:\/\/www.visiteobrasil.com.br\/news\/dia-mundial-da-tartaruga-destinos-onde-o-turismo-e-a-preservacao-caminham-juntos\/","url_meta":{"origin":13556,"position":5},"title":"Dia mundial da Tartaruga: Destinos onde o turismo e a preserva\u00e7\u00e3o caminham juntos","author":"Ramon","date":"25 de maio de 2025","format":false,"excerpt":"O Dia Mundial da Tartaruga, celebrado em 23 de maio, \u00e9 uma data voltada para a conscientiza\u00e7\u00e3o sobre a preserva\u00e7\u00e3o das tartarugas marinhas e terrestres, bem como de seus habitats naturais. Em um pa\u00eds como o Brasil \u2014 reconhecido mundialmente por sua biodiversidade exuberante \u2014 essa celebra\u00e7\u00e3o ganha um significado\u2026","rel":"","context":"Em &quot;Artigos&quot;","block_context":{"text":"Artigos","link":"https:\/\/www.visiteobrasil.com.br\/news\/artigos\/"},"img":{"alt_text":"Tartaruga-Foto-Projeto-Tamar.","src":"https:\/\/i0.wp.com\/www.visiteobrasil.com.br\/news\/wp-content\/uploads\/2025\/05\/Tartaruga-Foto-Projeto-Tamar.png?fit=900%2C600&ssl=1&resize=350%2C200","width":350,"height":200,"srcset":"https:\/\/i0.wp.com\/www.visiteobrasil.com.br\/news\/wp-content\/uploads\/2025\/05\/Tartaruga-Foto-Projeto-Tamar.png?fit=900%2C600&ssl=1&resize=350%2C200 1x, https:\/\/i0.wp.com\/www.visiteobrasil.com.br\/news\/wp-content\/uploads\/2025\/05\/Tartaruga-Foto-Projeto-Tamar.png?fit=900%2C600&ssl=1&resize=525%2C300 1.5x, https:\/\/i0.wp.com\/www.visiteobrasil.com.br\/news\/wp-content\/uploads\/2025\/05\/Tartaruga-Foto-Projeto-Tamar.png?fit=900%2C600&ssl=1&resize=700%2C400 2x"},"classes":[]}],"jetpack_sharing_enabled":true,"jetpack_likes_enabled":true,"_links":{"self":[{"href":"https:\/\/www.visiteobrasil.com.br\/news\/wp-json\/wp\/v2\/posts\/13556","targetHints":{"allow":["GET"]}}],"collection":[{"href":"https:\/\/www.visiteobrasil.com.br\/news\/wp-json\/wp\/v2\/posts"}],"about":[{"href":"https:\/\/www.visiteobrasil.com.br\/news\/wp-json\/wp\/v2\/types\/post"}],"author":[{"embeddable":true,"href":"https:\/\/www.visiteobrasil.com.br\/news\/wp-json\/wp\/v2\/users\/2"}],"replies":[{"embeddable":true,"href":"https:\/\/www.visiteobrasil.com.br\/news\/wp-json\/wp\/v2\/comments?post=13556"}],"version-history":[{"count":1,"href":"https:\/\/www.visiteobrasil.com.br\/news\/wp-json\/wp\/v2\/posts\/13556\/revisions"}],"predecessor-version":[{"id":13558,"href":"https:\/\/www.visiteobrasil.com.br\/news\/wp-json\/wp\/v2\/posts\/13556\/revisions\/13558"}],"wp:featuredmedia":[{"embeddable":true,"href":"https:\/\/www.visiteobrasil.com.br\/news\/wp-json\/wp\/v2\/media\/13557"}],"wp:attachment":[{"href":"https:\/\/www.visiteobrasil.com.br\/news\/wp-json\/wp\/v2\/media?parent=13556"}],"wp:term":[{"taxonomy":"category","embeddable":true,"href":"https:\/\/www.visiteobrasil.com.br\/news\/wp-json\/wp\/v2\/categories?post=13556"},{"taxonomy":"post_tag","embeddable":true,"href":"https:\/\/www.visiteobrasil.com.br\/news\/wp-json\/wp\/v2\/tags?post=13556"}],"curies":[{"name":"wp","href":"https:\/\/api.w.org\/{rel}","templated":true}]}}