{"id":13553,"date":"2025-10-12T11:17:55","date_gmt":"2025-10-12T14:17:55","guid":{"rendered":"https:\/\/www.visiteobrasil.com.br\/news\/?p=13553"},"modified":"2025-10-12T11:17:55","modified_gmt":"2025-10-12T14:17:55","slug":"atrativos-culturais-sao-foco-de-novo-curso-do-ministerio-do-turismo","status":"publish","type":"post","link":"https:\/\/www.visiteobrasil.com.br\/news\/atrativos-culturais-sao-foco-de-novo-curso-do-ministerio-do-turismo\/","title":{"rendered":"Atrativos culturais s\u00e3o foco de novo curso do Minist\u00e9rio do Turismo"},"content":{"rendered":"<p data-start=\"353\" data-end=\"826\">O <strong data-start=\"355\" data-end=\"380\">Minist\u00e9rio do Turismo<\/strong> anunciou a abertura de inscri\u00e7\u00f5es para o novo curso de especializa\u00e7\u00e3o em <strong data-start=\"454\" data-end=\"477\">atrativos culturais<\/strong>, voltado exclusivamente a <strong data-start=\"504\" data-end=\"541\">guias regionais da regi\u00e3o Sudeste<\/strong>. Ao todo, s\u00e3o <strong data-start=\"556\" data-end=\"581\">215 vagas dispon\u00edveis<\/strong>, e as inscri\u00e7\u00f5es seguem at\u00e9 <strong data-start=\"610\" data-end=\"635\">11 de outubro de 2025<\/strong>.<br data-start=\"636\" data-end=\"639\" \/>A iniciativa integra o programa nacional de qualifica\u00e7\u00e3o do setor tur\u00edstico e busca fortalecer o papel do guia como mediador entre visitantes e o patrim\u00f4nio hist\u00f3rico-cultural brasileiro.<\/p>\n<p data-start=\"828\" data-end=\"1020\">A a\u00e7\u00e3o tem como objetivo aprimorar o atendimento tur\u00edstico, valorizar as experi\u00eancias locais e ampliar o conhecimento t\u00e9cnico de quem est\u00e1 na linha de frente da hospitalidade e do acolhimento.<\/p>\n<hr data-start=\"1022\" data-end=\"1025\" \/>\n<h3 data-start=\"1027\" data-end=\"1093\">Valoriza\u00e7\u00e3o dos atrativos culturais e da forma\u00e7\u00e3o profissional<\/h3>\n<p data-start=\"1095\" data-end=\"1458\">O curso de <strong data-start=\"1106\" data-end=\"1129\">atrativos culturais<\/strong> faz parte de um conjunto de pol\u00edticas voltadas \u00e0 capacita\u00e7\u00e3o de profissionais do turismo. A proposta \u00e9 preparar guias para conduzir visitantes com mais propriedade e sensibilidade, promovendo uma experi\u00eancia aut\u00eantica e enriquecedora em museus, centros hist\u00f3ricos, templos religiosos, roteiros de arte e manifesta\u00e7\u00f5es populares.<\/p>\n<p data-start=\"1460\" data-end=\"1765\">Segundo o <a href=\"https:\/\/www.gov.br\/turismo\/pt-br\" target=\"_blank\" rel=\"noopener\">Minist\u00e9rio do Turismo<\/a>, a especializa\u00e7\u00e3o abordar\u00e1 temas como <strong data-start=\"1530\" data-end=\"1650\">hist\u00f3ria da arte, patrim\u00f4nio imaterial, interpreta\u00e7\u00e3o cultural, turismo de base comunit\u00e1ria e media\u00e7\u00e3o intercultural<\/strong>. As aulas ser\u00e3o gratuitas e ministradas por institui\u00e7\u00f5es credenciadas, com certifica\u00e7\u00e3o reconhecida nacionalmente.<\/p>\n<p data-start=\"1767\" data-end=\"2147\">\u201cA forma\u00e7\u00e3o \u00e9 essencial para que o guia de turismo seja n\u00e3o apenas um condutor, mas tamb\u00e9m um contador de hist\u00f3rias, um guardi\u00e3o das mem\u00f3rias e um agente de valoriza\u00e7\u00e3o do territ\u00f3rio\u201d, destacou a coordenadora de Capacita\u00e7\u00e3o Profissional do MTur, em nota oficial.<br data-start=\"2029\" data-end=\"2032\" \/>Mais detalhes sobre o programa podem ser conferidos no <a class=\"decorated-link cursor-pointer\" target=\"_new\" rel=\"noopener\" data-start=\"2087\" data-end=\"2146\">site do Minist\u00e9rio do Turismo<\/a>.<\/p>\n<hr data-start=\"2149\" data-end=\"2152\" \/>\n<h3 data-start=\"2154\" data-end=\"2221\">Sudeste lidera oferta de vagas e aposta em diversidade cultural<\/h3>\n<p data-start=\"2223\" data-end=\"2470\">O Sudeste foi a primeira regi\u00e3o contemplada pelo novo ciclo do programa por concentrar uma das maiores redes de <strong data-start=\"2335\" data-end=\"2358\">atrativos culturais<\/strong> do pa\u00eds, reunindo desde patrim\u00f4nios coloniais e hist\u00f3ricos at\u00e9 express\u00f5es contempor\u00e2neas de arte e gastronomia.<\/p>\n<p data-start=\"2472\" data-end=\"2725\">Estados como <strong data-start=\"2485\" data-end=\"2545\">S\u00e3o Paulo, Minas Gerais, Rio de Janeiro e Esp\u00edrito Santo<\/strong> possuem alguns dos principais destinos culturais brasileiros, com destaque para circuitos de museus, roteiros religiosos, festas tradicionais e centros de mem\u00f3ria afro-brasileira.<\/p>\n<p data-start=\"2727\" data-end=\"3225\">Para o Minist\u00e9rio do Turismo, a forma\u00e7\u00e3o regionalizada \u00e9 estrat\u00e9gica, pois permite que os conte\u00fados sejam adaptados \u00e0s caracter\u00edsticas e hist\u00f3rias de cada estado, fortalecendo a identidade local.<br data-start=\"2922\" data-end=\"2925\" \/>Em S\u00e3o Paulo, por exemplo, a especializa\u00e7\u00e3o incluir\u00e1 m\u00f3dulos sobre <strong data-start=\"2992\" data-end=\"3034\">turismo urbano e patrim\u00f4nio industrial<\/strong>; j\u00e1 em Minas Gerais, o foco ser\u00e1 o <strong data-start=\"3070\" data-end=\"3107\">barroco e a religiosidade popular<\/strong>; enquanto no Rio e no Esp\u00edrito Santo, haver\u00e1 \u00eanfase na <strong data-start=\"3163\" data-end=\"3224\">arte contempor\u00e2nea, cultura cai\u00e7ara e festivais regionais<\/strong>.<\/p>\n<hr data-start=\"3227\" data-end=\"3230\" \/>\n<h3 data-start=\"3232\" data-end=\"3282\">Turismo cultural em expans\u00e3o e o papel do guia<\/h3>\n<p data-start=\"3284\" data-end=\"3607\">O segmento de <strong data-start=\"3298\" data-end=\"3318\">turismo cultural<\/strong> vem crescendo de forma expressiva nos \u00faltimos anos. Segundo dados do <em data-start=\"3388\" data-end=\"3422\">Observat\u00f3rio de Turismo Nacional<\/em>, <strong data-start=\"3424\" data-end=\"3520\">quase 40% dos viajantes dom\u00e9sticos afirmam escolher destinos com base em sua oferta cultural<\/strong>, seja por interesse em arquitetura, gastronomia, m\u00fasica ou manifesta\u00e7\u00f5es tradicionais.<\/p>\n<p data-start=\"3609\" data-end=\"4092\">Neste cen\u00e1rio, o guia de turismo assume protagonismo. Ele \u00e9 o elo entre o visitante e o patrim\u00f4nio, capaz de transformar uma simples visita em uma experi\u00eancia memor\u00e1vel.<br data-start=\"3778\" data-end=\"3781\" \/>Para o soci\u00f3logo e pesquisador de turismo <strong data-start=\"3823\" data-end=\"3841\">Carlos Martins<\/strong>, o investimento em qualifica\u00e7\u00e3o \u00e9 essencial: \u201cO Brasil tem uma das maiores diversidades culturais do mundo, mas ainda falta valoriza\u00e7\u00e3o do profissional que traduz essa riqueza para o p\u00fablico. O curso de atrativos culturais vem preencher essa lacuna\u201d.<\/p>\n<hr data-start=\"4094\" data-end=\"4097\" \/>\n<h3 data-start=\"4099\" data-end=\"4147\">Capacita\u00e7\u00e3o gratuita e processo de inscri\u00e7\u00e3o<\/h3>\n<p data-start=\"4149\" data-end=\"4474\">As <strong data-start=\"4152\" data-end=\"4177\">215 vagas dispon\u00edveis<\/strong> ser\u00e3o distribu\u00eddas entre os quatro <a href=\"https:\/\/www.visiteobrasil.com.br\/news\/regiao-sudeste\/\">estados do Sudeste<\/a>. O curso ser\u00e1 oferecido em formato <strong data-start=\"4267\" data-end=\"4278\">h\u00edbrido<\/strong>, com aulas on-line e encontros presenciais voltados \u00e0 pr\u00e1tica em campo. A carga hor\u00e1ria total \u00e9 de <strong data-start=\"4378\" data-end=\"4391\">180 horas<\/strong> e inclui visitas t\u00e9cnicas a museus, centros hist\u00f3ricos e comunidades tradicionais.<\/p>\n<p data-start=\"4476\" data-end=\"4733\">Os interessados devem possuir cadastro ativo como <strong data-start=\"4526\" data-end=\"4543\">guia regional<\/strong> no <strong data-start=\"4547\" data-end=\"4559\">Cadastur<\/strong> e residir em um dos estados contemplados. As inscri\u00e7\u00f5es devem ser realizadas exclusivamente pelo portal oficial do Minist\u00e9rio do Turismo at\u00e9 o dia <strong data-start=\"4707\" data-end=\"4732\">11 de outubro de 2025<\/strong>.<\/p>\n<p data-start=\"4735\" data-end=\"4928\">A sele\u00e7\u00e3o levar\u00e1 em conta crit\u00e9rios como experi\u00eancia pr\u00e9via e ordem de inscri\u00e7\u00e3o.<br data-start=\"4816\" data-end=\"4819\" \/>A previs\u00e3o \u00e9 de que as aulas comecem em novembro, com certifica\u00e7\u00e3o prevista para o primeiro semestre de 2026.<\/p>\n<hr data-start=\"4930\" data-end=\"4933\" \/>\n<h3 data-start=\"4935\" data-end=\"4989\">Desenvolvimento regional e fortalecimento do setor<\/h3>\n<p data-start=\"4991\" data-end=\"5277\">Ao promover a qualifica\u00e7\u00e3o dos guias locais, o MTur refor\u00e7a o papel do turismo como vetor de desenvolvimento regional. A valoriza\u00e7\u00e3o dos <strong data-start=\"5128\" data-end=\"5151\">atrativos culturais<\/strong> ajuda a gerar emprego, renda e reconhecimento para comunidades que muitas vezes est\u00e3o fora do circuito tur\u00edstico tradicional.<\/p>\n<p data-start=\"5279\" data-end=\"5658\">De acordo com o portal <a class=\"decorated-link\" href=\"https:\/\/visiteobrasil.com.br\/\" target=\"_new\" rel=\"noopener\" data-start=\"5302\" data-end=\"5350\">Visite o Brasil<\/a>, o fortalecimento do turismo cultural \u00e9 uma das tend\u00eancias mais promissoras do setor, especialmente entre viajantes que buscam experi\u00eancias aut\u00eanticas e sustent\u00e1veis.<br data-start=\"5517\" data-end=\"5520\" \/>Iniciativas como essa mostram que investir em forma\u00e7\u00e3o \u00e9 tamb\u00e9m investir em pertencimento e na conserva\u00e7\u00e3o da mem\u00f3ria coletiva brasileira.<\/p>\n<hr data-start=\"5660\" data-end=\"5663\" \/>\n<h3 data-start=\"5665\" data-end=\"5707\">Um novo olhar sobre o turismo cultural<\/h3>\n<p data-start=\"5709\" data-end=\"6013\">Mais do que ensinar t\u00e9cnicas, o curso busca inspirar os profissionais a compreender o turismo como uma ferramenta de transforma\u00e7\u00e3o social. Cada guia formado se torna um multiplicador de conhecimento e um embaixador da cultura brasileira, capaz de apresentar o pa\u00eds sob perspectivas plurais e respeitosas.<\/p>\n<p data-start=\"6015\" data-end=\"6208\">O investimento em <strong data-start=\"6033\" data-end=\"6056\">atrativos culturais<\/strong> e em capacita\u00e7\u00e3o refor\u00e7a a voca\u00e7\u00e3o do Brasil para o turismo criativo e sustent\u00e1vel \u2014 aquele que une o visitante ao territ\u00f3rio, \u00e0 hist\u00f3ria e \u00e0s pessoas.<\/p>\n","protected":false},"excerpt":{"rendered":"<p>O Minist\u00e9rio do Turismo anunciou a abertura de inscri\u00e7\u00f5es para o novo curso de especializa\u00e7\u00e3o em atrativos culturais, voltado exclusivamente a guias regionais da regi\u00e3o Sudeste. Ao todo, s\u00e3o 215 vagas dispon\u00edveis, e as inscri\u00e7\u00f5es seguem at\u00e9 11 de outubro de 2025.A iniciativa integra o programa nacional de qualifica\u00e7\u00e3o do setor tur\u00edstico e busca fortalecer [&hellip;]<\/p>\n","protected":false},"author":2,"featured_media":13554,"comment_status":"open","ping_status":"open","sticky":false,"template":"","format":"standard","meta":{"_jetpack_memberships_contains_paid_content":false,"footnotes":"","jetpack_publicize_message":"","jetpack_publicize_feature_enabled":true,"jetpack_social_post_already_shared":true,"jetpack_social_options":{"image_generator_settings":{"template":"highway","default_image_id":0,"font":"","enabled":false},"version":2}},"categories":[929,868],"tags":[958,962,960,945,961,959],"class_list":["post-13553","post","type-post","status-publish","format-standard","has-post-thumbnail","hentry","category-eventos","category-cultura","tag-atrativos-culturais","tag-capacitacao","tag-guias-de-turismo","tag-ministerio-do-turismo","tag-sudeste","tag-turismo-cultural"],"jetpack_publicize_connections":[],"jetpack_featured_media_url":"https:\/\/i0.wp.com\/www.visiteobrasil.com.br\/news\/wp-content\/uploads\/2025\/10\/curso-atrativos-culturais.png?fit=900%2C600&ssl=1","jetpack-related-posts":[{"id":13531,"url":"https:\/\/www.visiteobrasil.com.br\/news\/turismo-nautico-boat-show\/","url_meta":{"origin":13553,"position":0},"title":"Turismo N\u00e1utico: Guia em destaque na 28\u00aa S\u00e3o Paulo Boat Show","author":"Ramon","date":"21 de setembro de 2025","format":false,"excerpt":"O turismo n\u00e1utico brasileiro ganha um importante impulso com a divulga\u00e7\u00e3o de um guia especializado pelo Minist\u00e9rio do Turismo durante a 28\u00aa edi\u00e7\u00e3o do S\u00e3o Paulo Boat Show. O evento, considerado o maior do setor na Am\u00e9rica Latina, reuniu fabricantes, empres\u00e1rios, profissionais do setor e entusiastas, oferecendo uma vitrine estrat\u00e9gica\u2026","rel":"","context":"Em &quot;Dicas legais&quot;","block_context":{"text":"Dicas legais","link":"https:\/\/www.visiteobrasil.com.br\/news\/dicas-legais\/"},"img":{"alt_text":"Embarca\u00e7\u00e3o de luxo navegando em \u00e1guas brasileiras, com cen\u00e1rio tur\u00edstico e elementos n\u00e1uticos, representando o turismo n\u00e1utico","src":"https:\/\/i0.wp.com\/www.visiteobrasil.com.br\/news\/wp-content\/uploads\/2025\/09\/Embarcacao-de-luxo-navegando-em-aguas-brasileiras.jpeg?fit=900%2C600&ssl=1&resize=350%2C200","width":350,"height":200,"srcset":"https:\/\/i0.wp.com\/www.visiteobrasil.com.br\/news\/wp-content\/uploads\/2025\/09\/Embarcacao-de-luxo-navegando-em-aguas-brasileiras.jpeg?fit=900%2C600&ssl=1&resize=350%2C200 1x, https:\/\/i0.wp.com\/www.visiteobrasil.com.br\/news\/wp-content\/uploads\/2025\/09\/Embarcacao-de-luxo-navegando-em-aguas-brasileiras.jpeg?fit=900%2C600&ssl=1&resize=525%2C300 1.5x, https:\/\/i0.wp.com\/www.visiteobrasil.com.br\/news\/wp-content\/uploads\/2025\/09\/Embarcacao-de-luxo-navegando-em-aguas-brasileiras.jpeg?fit=900%2C600&ssl=1&resize=700%2C400 2x"},"classes":[]},{"id":12943,"url":"https:\/\/www.visiteobrasil.com.br\/news\/uma-nova-rota-turistica-no-rio-grande-do-sul\/","url_meta":{"origin":13553,"position":1},"title":"Uma nova rota tur\u00edstica no Rio Grande do Sul","author":"Ramon","date":"21 de abril de 2024","format":false,"excerpt":"Uma nova perspectiva para o turismo no Rio Grande do Sul foi oficialmente inaugurada com a san\u00e7\u00e3o da Lei 14.838, de 2024, que estabelece a Rota Tur\u00edstica do Caminho das Miss\u00f5es. Este novo itiner\u00e1rio, abrangendo mais de 20 munic\u00edpios na regi\u00e3o noroeste do estado, promete ser uma jornada imersiva atrav\u00e9s\u2026","rel":"","context":"Em &quot;Artigos&quot;","block_context":{"text":"Artigos","link":"https:\/\/www.visiteobrasil.com.br\/news\/artigos\/"},"img":{"alt_text":"Op\u00e7\u00f5es de inverno -Rota turistica - Caminho das miss\u00f5es - Rio Grande do Sul","src":"https:\/\/i0.wp.com\/www.visiteobrasil.com.br\/news\/wp-content\/uploads\/2024\/04\/Caminho-das-missoes-Rota-turistica-RS-Foto-Flick-Mtur-Destinos.jpg?fit=900%2C600&ssl=1&resize=350%2C200","width":350,"height":200,"srcset":"https:\/\/i0.wp.com\/www.visiteobrasil.com.br\/news\/wp-content\/uploads\/2024\/04\/Caminho-das-missoes-Rota-turistica-RS-Foto-Flick-Mtur-Destinos.jpg?fit=900%2C600&ssl=1&resize=350%2C200 1x, https:\/\/i0.wp.com\/www.visiteobrasil.com.br\/news\/wp-content\/uploads\/2024\/04\/Caminho-das-missoes-Rota-turistica-RS-Foto-Flick-Mtur-Destinos.jpg?fit=900%2C600&ssl=1&resize=525%2C300 1.5x, https:\/\/i0.wp.com\/www.visiteobrasil.com.br\/news\/wp-content\/uploads\/2024\/04\/Caminho-das-missoes-Rota-turistica-RS-Foto-Flick-Mtur-Destinos.jpg?fit=900%2C600&ssl=1&resize=700%2C400 2x"},"classes":[]},{"id":13041,"url":"https:\/\/www.visiteobrasil.com.br\/news\/ministerio-do-turismo-abre-223-vagas-para-cursos-de-qualificacao-online\/","url_meta":{"origin":13553,"position":2},"title":"Minist\u00e9rio do Turismo abre 223 vagas para cursos de qualifica\u00e7\u00e3o online","author":"Ramon","date":"14 de julho de 2024","format":false,"excerpt":"O Minist\u00e9rio do Turismo, em colabora\u00e7\u00e3o com o Servi\u00e7o Nacional de Aprendizagem Comercial do Paran\u00e1 (SENAC-PR), est\u00e1 oferecendo 223 vagas em diversos cursos de qualifica\u00e7\u00e3o online para profissionais do setor. As inscri\u00e7\u00f5es est\u00e3o abertas at\u00e9 o dia 4 de agosto, e as aulas come\u00e7am no dia 12 de agosto. Cursos\u2026","rel":"","context":"Em &quot;Noticias&quot;","block_context":{"text":"Noticias","link":"https:\/\/www.visiteobrasil.com.br\/news\/noticias\/"},"img":{"alt_text":"Cursos Mtur - Slots Online_ Dicas para Maximizar seus Ganhos Jovem \u00e0 frente de um notebookf","src":"https:\/\/i0.wp.com\/www.visiteobrasil.com.br\/news\/wp-content\/uploads\/2023\/11\/Slots-Online_-Dicas-para-Maximizar-seus-Ganhos.jpg?fit=900%2C600&ssl=1&resize=350%2C200","width":350,"height":200,"srcset":"https:\/\/i0.wp.com\/www.visiteobrasil.com.br\/news\/wp-content\/uploads\/2023\/11\/Slots-Online_-Dicas-para-Maximizar-seus-Ganhos.jpg?fit=900%2C600&ssl=1&resize=350%2C200 1x, https:\/\/i0.wp.com\/www.visiteobrasil.com.br\/news\/wp-content\/uploads\/2023\/11\/Slots-Online_-Dicas-para-Maximizar-seus-Ganhos.jpg?fit=900%2C600&ssl=1&resize=525%2C300 1.5x, https:\/\/i0.wp.com\/www.visiteobrasil.com.br\/news\/wp-content\/uploads\/2023\/11\/Slots-Online_-Dicas-para-Maximizar-seus-Ganhos.jpg?fit=900%2C600&ssl=1&resize=700%2C400 2x"},"classes":[]},{"id":13289,"url":"https:\/\/www.visiteobrasil.com.br\/news\/inscricoes-abertas-para-o-concurso-melhores-vilas-turisticas-da-onu\/","url_meta":{"origin":13553,"position":3},"title":"Inscri\u00e7\u00f5es abertas para o concurso \u2018Melhores Vilas Tur\u00edsticas\u2019 da ONU","author":"Ramon","date":"17 de mar\u00e7o de 2025","format":false,"excerpt":"Os gestores de turismo interessados em participar do concurso para o selo internacional \u201cMelhores Vilas Tur\u00edsticas\u201d da Organiza\u00e7\u00e3o das Na\u00e7\u00f5es Unidas (ONU) t\u00eam at\u00e9 o dia 18 de abril de 2025 para enviar suas candidaturas. Esta premia\u00e7\u00e3o visa reconhecer os destinos que priorizam a promo\u00e7\u00e3o da diversidade cultural e natural\u2026","rel":"","context":"Em &quot;Noticias&quot;","block_context":{"text":"Noticias","link":"https:\/\/www.visiteobrasil.com.br\/news\/noticias\/"},"img":{"alt_text":"Vila tur\u00edstica - Concurso da Onu","src":"https:\/\/i0.wp.com\/www.visiteobrasil.com.br\/news\/wp-content\/uploads\/2025\/03\/Vila-turistica-Credito-Renato-Soares-MTur-Destinos.jpeg?fit=900%2C600&ssl=1&resize=350%2C200","width":350,"height":200,"srcset":"https:\/\/i0.wp.com\/www.visiteobrasil.com.br\/news\/wp-content\/uploads\/2025\/03\/Vila-turistica-Credito-Renato-Soares-MTur-Destinos.jpeg?fit=900%2C600&ssl=1&resize=350%2C200 1x, https:\/\/i0.wp.com\/www.visiteobrasil.com.br\/news\/wp-content\/uploads\/2025\/03\/Vila-turistica-Credito-Renato-Soares-MTur-Destinos.jpeg?fit=900%2C600&ssl=1&resize=525%2C300 1.5x, https:\/\/i0.wp.com\/www.visiteobrasil.com.br\/news\/wp-content\/uploads\/2025\/03\/Vila-turistica-Credito-Renato-Soares-MTur-Destinos.jpeg?fit=900%2C600&ssl=1&resize=700%2C400 2x"},"classes":[]},{"id":13666,"url":"https:\/\/www.visiteobrasil.com.br\/news\/melhores-vilas-turisticas\/","url_meta":{"origin":13553,"position":4},"title":"Melhores vilas tur\u00edsticas: Brasil avan\u00e7a em sele\u00e7\u00e3o da ONU","author":"Ramon","date":"12 de abril de 2026","format":false,"excerpt":"As melhores vilas tur\u00edsticas do Brasil est\u00e3o ganhando destaque internacional \u2014 e n\u00e3o por acaso. O Minist\u00e9rio do Turismo abriu inscri\u00e7\u00f5es para selecionar novos destinos que poder\u00e3o representar o pa\u00eds em uma das iniciativas mais relevantes da Organiza\u00e7\u00e3o das Na\u00e7\u00f5es Unidas (ONU) para o setor: o programa \u201cBest Tourism Villages\u201d.\u2026","rel":"","context":"Em &quot;Cultura&quot;","block_context":{"text":"Cultura","link":"https:\/\/www.visiteobrasil.com.br\/news\/cultura\/"},"img":{"alt_text":"Melhores vilas tur\u00edsticas : Foto: Prefeitura de Ant\u00f4nio Prado\/Divulga\u00e7\u00e3","src":"https:\/\/i0.wp.com\/www.visiteobrasil.com.br\/news\/wp-content\/uploads\/2026\/04\/melhores-vilas-turisticas.png?fit=900%2C600&ssl=1&resize=350%2C200","width":350,"height":200,"srcset":"https:\/\/i0.wp.com\/www.visiteobrasil.com.br\/news\/wp-content\/uploads\/2026\/04\/melhores-vilas-turisticas.png?fit=900%2C600&ssl=1&resize=350%2C200 1x, https:\/\/i0.wp.com\/www.visiteobrasil.com.br\/news\/wp-content\/uploads\/2026\/04\/melhores-vilas-turisticas.png?fit=900%2C600&ssl=1&resize=525%2C300 1.5x, https:\/\/i0.wp.com\/www.visiteobrasil.com.br\/news\/wp-content\/uploads\/2026\/04\/melhores-vilas-turisticas.png?fit=900%2C600&ssl=1&resize=700%2C400 2x"},"classes":[]},{"id":13540,"url":"https:\/\/www.visiteobrasil.com.br\/news\/turismo-internacional-brasil-2025\/","url_meta":{"origin":13553,"position":5},"title":"Turismo internacional movimenta R$ 29 bilh\u00f5es no Brasil em 2025","author":"Ramon","date":"28 de setembro de 2025","format":false,"excerpt":"O turismo internacional segue em ascens\u00e3o no Brasil e alcan\u00e7ou um marco hist\u00f3rico em 2025. Segundo dados divulgados pelo Minist\u00e9rio do Turismo, visitantes estrangeiros injetaram R$ 29 bilh\u00f5es na economia nacional, representando um crescimento de 11% em rela\u00e7\u00e3o ao ano anterior. O resultado confirma a retomada vigorosa do setor ap\u00f3s\u2026","rel":"","context":"Em &quot;Noticias&quot;","block_context":{"text":"Noticias","link":"https:\/\/www.visiteobrasil.com.br\/news\/noticias\/"},"img":{"alt_text":"Turismo internacional. Turistas tirando fotos - Foto: GettyImages","src":"https:\/\/i0.wp.com\/www.visiteobrasil.com.br\/news\/wp-content\/uploads\/2025\/09\/turismo-internacional-Foto-GettyImages.jpeg?fit=900%2C600&ssl=1&resize=350%2C200","width":350,"height":200,"srcset":"https:\/\/i0.wp.com\/www.visiteobrasil.com.br\/news\/wp-content\/uploads\/2025\/09\/turismo-internacional-Foto-GettyImages.jpeg?fit=900%2C600&ssl=1&resize=350%2C200 1x, https:\/\/i0.wp.com\/www.visiteobrasil.com.br\/news\/wp-content\/uploads\/2025\/09\/turismo-internacional-Foto-GettyImages.jpeg?fit=900%2C600&ssl=1&resize=525%2C300 1.5x, https:\/\/i0.wp.com\/www.visiteobrasil.com.br\/news\/wp-content\/uploads\/2025\/09\/turismo-internacional-Foto-GettyImages.jpeg?fit=900%2C600&ssl=1&resize=700%2C400 2x"},"classes":[]}],"jetpack_sharing_enabled":true,"jetpack_likes_enabled":true,"_links":{"self":[{"href":"https:\/\/www.visiteobrasil.com.br\/news\/wp-json\/wp\/v2\/posts\/13553","targetHints":{"allow":["GET"]}}],"collection":[{"href":"https:\/\/www.visiteobrasil.com.br\/news\/wp-json\/wp\/v2\/posts"}],"about":[{"href":"https:\/\/www.visiteobrasil.com.br\/news\/wp-json\/wp\/v2\/types\/post"}],"author":[{"embeddable":true,"href":"https:\/\/www.visiteobrasil.com.br\/news\/wp-json\/wp\/v2\/users\/2"}],"replies":[{"embeddable":true,"href":"https:\/\/www.visiteobrasil.com.br\/news\/wp-json\/wp\/v2\/comments?post=13553"}],"version-history":[{"count":1,"href":"https:\/\/www.visiteobrasil.com.br\/news\/wp-json\/wp\/v2\/posts\/13553\/revisions"}],"predecessor-version":[{"id":13555,"href":"https:\/\/www.visiteobrasil.com.br\/news\/wp-json\/wp\/v2\/posts\/13553\/revisions\/13555"}],"wp:featuredmedia":[{"embeddable":true,"href":"https:\/\/www.visiteobrasil.com.br\/news\/wp-json\/wp\/v2\/media\/13554"}],"wp:attachment":[{"href":"https:\/\/www.visiteobrasil.com.br\/news\/wp-json\/wp\/v2\/media?parent=13553"}],"wp:term":[{"taxonomy":"category","embeddable":true,"href":"https:\/\/www.visiteobrasil.com.br\/news\/wp-json\/wp\/v2\/categories?post=13553"},{"taxonomy":"post_tag","embeddable":true,"href":"https:\/\/www.visiteobrasil.com.br\/news\/wp-json\/wp\/v2\/tags?post=13553"}],"curies":[{"name":"wp","href":"https:\/\/api.w.org\/{rel}","templated":true}]}}