{"id":13547,"date":"2025-10-06T09:29:45","date_gmt":"2025-10-06T12:29:45","guid":{"rendered":"https:\/\/www.visiteobrasil.com.br\/news\/?p=13547"},"modified":"2025-10-06T09:29:45","modified_gmt":"2025-10-06T12:29:45","slug":"selo-de-qualidade-60-praias-brasileiras-recebem-a-bandeira-azul","status":"publish","type":"post","link":"https:\/\/www.visiteobrasil.com.br\/news\/selo-de-qualidade-60-praias-brasileiras-recebem-a-bandeira-azul\/","title":{"rendered":"Selo de qualidade: 60 praias brasileiras recebem a Bandeira Azul"},"content":{"rendered":"<p data-start=\"567\" data-end=\"976\">O <strong data-start=\"569\" data-end=\"590\">selo de qualidade<\/strong> Bandeira Azul, um dos mais respeitados certificados ambientais do planeta, acaba de reconhecer <strong data-start=\"686\" data-end=\"721\">60 praias e marinas brasileiras<\/strong> na temporada 2025\/2026. O an\u00fancio, feito pela Funda\u00e7\u00e3o para a Educa\u00e7\u00e3o Ambiental (FEE) e divulgado pelo Minist\u00e9rio do Turismo, confirma o avan\u00e7o do Brasil na promo\u00e7\u00e3o do turismo sustent\u00e1vel e na valoriza\u00e7\u00e3o dos destinos que preservam seus ecossistemas.<\/p>\n<p data-start=\"978\" data-end=\"1258\">Cinco estados brasileiros figuram entre os premiados \u2014 incluindo <strong data-start=\"1043\" data-end=\"1103\">Bahia, Santa Catarina, S\u00e3o Paulo, Rio de Janeiro e Cear\u00e1<\/strong> \u2014, consolidando o pa\u00eds como refer\u00eancia na gest\u00e3o respons\u00e1vel de \u00e1reas costeiras e na oferta de experi\u00eancias tur\u00edsticas alinhadas com a sustentabilidade.<\/p>\n<p data-start=\"1260\" data-end=\"1472\">Mais do que uma bandeira tremulando sobre a areia, esse <strong data-start=\"1316\" data-end=\"1337\">selo de qualidade<\/strong> representa um compromisso real com a conserva\u00e7\u00e3o ambiental, a seguran\u00e7a dos banhistas e a educa\u00e7\u00e3o ambiental das comunidades locais.<\/p>\n<hr data-start=\"1474\" data-end=\"1477\" \/>\n<h2 data-start=\"1479\" data-end=\"1512\">O que \u00e9 o selo Bandeira Azul<\/h2>\n<p data-start=\"1514\" data-end=\"1743\">Criado na Europa na d\u00e9cada de 1980, o programa <strong data-start=\"1561\" data-end=\"1578\">Bandeira Azul<\/strong> \u00e9 coordenado pela <em data-start=\"1597\" data-end=\"1643\">Foundation for Environmental Education (FEE)<\/em> e reconhecido internacionalmente por promover pr\u00e1ticas de gest\u00e3o ambiental e turismo respons\u00e1vel.<\/p>\n<p data-start=\"1745\" data-end=\"1978\">Para conquistar o <strong data-start=\"1763\" data-end=\"1784\">selo de qualidade<\/strong>, praias e marinas precisam atender a uma s\u00e9rie de crit\u00e9rios rigorosos, que envolvem desde a <strong data-start=\"1877\" data-end=\"1898\">qualidade da \u00e1gua<\/strong> at\u00e9 a <strong data-start=\"1905\" data-end=\"1923\">acessibilidade<\/strong>, a <strong data-start=\"1927\" data-end=\"1949\">educa\u00e7\u00e3o ambiental<\/strong> e a <strong data-start=\"1954\" data-end=\"1975\">seguran\u00e7a p\u00fablica<\/strong>.<\/p>\n<p data-start=\"1980\" data-end=\"2290\">No Brasil, a certifica\u00e7\u00e3o \u00e9 coordenada pelo <a href=\"https:\/\/iarbrasil.org.br\/\" target=\"_blank\" rel=\"noopener\">Instituto Ambientes em Rede<\/a> (IAR), respons\u00e1vel por monitorar o cumprimento dos requisitos e encaminhar os resultados \u00e0 FEE. O processo \u00e9 minucioso e inclui visitas t\u00e9cnicas, an\u00e1lise laboratorial da \u00e1gua, auditorias e avalia\u00e7\u00f5es sobre infraestrutura e gest\u00e3o local.<\/p>\n<p data-start=\"2292\" data-end=\"2516\">Segundo o <a class=\"decorated-link cursor-pointer\" target=\"_new\" rel=\"noopener\" data-start=\"2302\" data-end=\"2359\">Minist\u00e9rio do Turismo<\/a>, o n\u00famero de praias e marinas premiadas vem crescendo anualmente \u2014 um reflexo do esfor\u00e7o conjunto entre governos locais, iniciativa privada e comunidades.<\/p>\n<hr data-start=\"2518\" data-end=\"2521\" \/>\n<h2 data-start=\"2523\" data-end=\"2579\">Crit\u00e9rios e desafios para obter o selo de qualidade<\/h2>\n<p data-start=\"2581\" data-end=\"2787\">Receber o <strong data-start=\"2591\" data-end=\"2612\">selo de qualidade<\/strong> Bandeira Azul n\u00e3o \u00e9 tarefa simples. As praias e marinas candidatas passam por uma verdadeira \u201cprova de resist\u00eancia\u201d, com cerca de <strong data-start=\"2743\" data-end=\"2772\">30 crit\u00e9rios de avalia\u00e7\u00e3o<\/strong> que incluem:<\/p>\n<ul data-start=\"2789\" data-end=\"3138\">\n<li data-start=\"2789\" data-end=\"2847\">\n<p data-start=\"2791\" data-end=\"2847\"><strong data-start=\"2791\" data-end=\"2820\">Qualidade da \u00e1gua e do ar<\/strong>, com an\u00e1lises regulares;<\/p>\n<\/li>\n<li data-start=\"2848\" data-end=\"2928\">\n<p data-start=\"2850\" data-end=\"2928\"><strong data-start=\"2850\" data-end=\"2880\">Gest\u00e3o ambiental eficiente<\/strong>, incluindo controle de res\u00edduos e saneamento;<\/p>\n<\/li>\n<li data-start=\"2929\" data-end=\"2991\">\n<p data-start=\"2931\" data-end=\"2991\"><strong data-start=\"2931\" data-end=\"2959\">Acessibilidade universal<\/strong> para pessoas com defici\u00eancia;<\/p>\n<\/li>\n<li data-start=\"2992\" data-end=\"3056\">\n<p data-start=\"2994\" data-end=\"3056\"><strong data-start=\"2994\" data-end=\"3016\">Educa\u00e7\u00e3o ambiental<\/strong> voltada \u00e0 popula\u00e7\u00e3o e aos visitantes;<\/p>\n<\/li>\n<li data-start=\"3057\" data-end=\"3138\">\n<p data-start=\"3059\" data-end=\"3138\"><strong data-start=\"3059\" data-end=\"3084\">Infraestrutura segura<\/strong>, com salva-vidas, banheiros e sinaliza\u00e7\u00e3o adequada.<\/p>\n<\/li>\n<\/ul>\n<p data-start=\"3140\" data-end=\"3354\">Al\u00e9m disso, a Bandeira Azul \u00e9 concedida por apenas uma temporada \u2014 ou seja, precisa ser <strong data-start=\"3228\" data-end=\"3251\">renovada anualmente<\/strong>. Caso o local n\u00e3o mantenha o padr\u00e3o exigido, perde automaticamente o direito de ostentar a bandeira.<\/p>\n<p data-start=\"3356\" data-end=\"3569\">Essa metodologia rigorosa \u00e9 justamente o que faz do selo uma refer\u00eancia internacional. Ele n\u00e3o premia apenas a beleza natural, mas tamb\u00e9m o compromisso de gestores e moradores com o uso consciente do territ\u00f3rio.<\/p>\n<hr data-start=\"3571\" data-end=\"3574\" \/>\n<h2 data-start=\"3576\" data-end=\"3609\">Estados e praias em destaque<\/h2>\n<p data-start=\"3611\" data-end=\"3950\">Entre as <strong data-start=\"3620\" data-end=\"3670\">60 \u00e1reas brasileiras certificadas em 2025\/2026<\/strong>, Santa Catarina lidera o ranking, com praias e marinas em Balne\u00e1rio Cambori\u00fa, Bombinhas e Florian\u00f3polis. O estado \u00e9 seguido por S\u00e3o Paulo, com destaque para Ilhabela e Guaruj\u00e1; e pela <a href=\"https:\/\/www.visiteobrasil.com.br\/news\/bahia\/\">Bahia,<\/a> que ampliou sua participa\u00e7\u00e3o com praias no Litoral Norte e na Ba\u00eda de Todos os Santos.<\/p>\n<p data-start=\"3952\" data-end=\"4158\">O Rio de Janeiro, por sua vez, refor\u00e7a sua presen\u00e7a com a Marina da Gl\u00f3ria e trechos reconhecidos em Niter\u00f3i. J\u00e1 o Cear\u00e1 desponta como novo polo, com Cumbuco e Jericoacoara entre os destinos certificados.<\/p>\n<p data-start=\"4160\" data-end=\"4356\">Cada uma dessas localidades passa a exibir, com orgulho, o <strong data-start=\"4219\" data-end=\"4240\">selo de qualidade<\/strong> Bandeira Azul, sinal de que est\u00e1 em harmonia com o meio ambiente e preparada para receber visitantes conscientes.<\/p>\n<hr data-start=\"4358\" data-end=\"4361\" \/>\n<h2 data-start=\"4363\" data-end=\"4420\">Turismo sustent\u00e1vel e imagem internacional do Brasil<\/h2>\n<p data-start=\"4422\" data-end=\"4747\">O avan\u00e7o do programa Bandeira Azul no pa\u00eds tem impacto direto na percep\u00e7\u00e3o internacional do Brasil como destino tur\u00edstico sustent\u00e1vel. O reconhecimento n\u00e3o apenas atrai viajantes preocupados com o meio ambiente, mas tamb\u00e9m fortalece economias locais, gera empregos e estimula a educa\u00e7\u00e3o ambiental nas comunidades costeiras.<\/p>\n<p data-start=\"4749\" data-end=\"4967\">Segundo estimativas do Minist\u00e9rio do Turismo, praias com certifica\u00e7\u00e3o ambiental chegam a ter <strong data-start=\"4842\" data-end=\"4873\">aumento de 20% na visita\u00e7\u00e3o<\/strong> e <strong data-start=\"4876\" data-end=\"4934\">crescimento na arrecada\u00e7\u00e3o de pequenos neg\u00f3cios locais<\/strong>, como pousadas e restaurantes.<\/p>\n<p data-start=\"4969\" data-end=\"5216\">O site <a class=\"decorated-link cursor-pointer\" target=\"_new\" rel=\"noopener\" data-start=\"4976\" data-end=\"5029\">Visite Brasil<\/a> re\u00fane uma lista de destinos litor\u00e2neos que exemplificam bem essa tend\u00eancia: turismo de qualidade aliado \u00e0 conserva\u00e7\u00e3o ambiental, refor\u00e7ando a imagem positiva do pa\u00eds no cen\u00e1rio global.<\/p>\n<hr data-start=\"5218\" data-end=\"5221\" \/>\n<h2 data-start=\"5223\" data-end=\"5279\">O que o selo de qualidade representa para o turista<\/h2>\n<p data-start=\"5281\" data-end=\"5463\">Para o viajante, a Bandeira Azul \u00e9 um <strong data-start=\"5319\" data-end=\"5340\">selo de confian\u00e7a<\/strong>. Significa que aquela praia ou marina oferece <strong data-start=\"5387\" data-end=\"5412\">infraestrutura segura<\/strong>, <strong data-start=\"5414\" data-end=\"5428\">\u00e1gua limpa<\/strong> e <strong data-start=\"5431\" data-end=\"5460\">gest\u00e3o ambiental exemplar<\/strong>.<\/p>\n<p data-start=\"5465\" data-end=\"5529\">Al\u00e9m disso, a certifica\u00e7\u00e3o garante que o visitante encontrar\u00e1:<\/p>\n<ul data-start=\"5531\" data-end=\"5755\">\n<li data-start=\"5531\" data-end=\"5576\">\n<p data-start=\"5533\" data-end=\"5576\">Instala\u00e7\u00f5es sanit\u00e1rias em boas condi\u00e7\u00f5es;<\/p>\n<\/li>\n<li data-start=\"5577\" data-end=\"5631\">\n<p data-start=\"5579\" data-end=\"5631\">Informa\u00e7\u00f5es sobre qualidade da \u00e1gua e fauna local;<\/p>\n<\/li>\n<li data-start=\"5632\" data-end=\"5671\">\n<p data-start=\"5634\" data-end=\"5671\">A\u00e7\u00f5es de conscientiza\u00e7\u00e3o ambiental;<\/p>\n<\/li>\n<li data-start=\"5672\" data-end=\"5702\">\n<p data-start=\"5674\" data-end=\"5702\">Acessibilidade e inclus\u00e3o;<\/p>\n<\/li>\n<li data-start=\"5703\" data-end=\"5755\">\n<p data-start=\"5705\" data-end=\"5755\">Atendimento de emerg\u00eancia e seguran\u00e7a garantida.<\/p>\n<\/li>\n<\/ul>\n<p data-start=\"5757\" data-end=\"5986\">Em um contexto de turismo cada vez mais consciente, o <strong data-start=\"5811\" data-end=\"5832\">selo de qualidade<\/strong> Bandeira Azul serve como um farol \u2014 indicando os melhores lugares para desfrutar do mar, da natureza e de experi\u00eancias aut\u00eanticas com responsabilidade.<\/p>\n<hr data-start=\"5988\" data-end=\"5991\" \/>\n<h2 data-start=\"5993\" data-end=\"6033\">Um s\u00edmbolo que vai al\u00e9m da bandeira<\/h2>\n<p data-start=\"6035\" data-end=\"6246\">Mais do que um pr\u00eamio, o selo Bandeira Azul \u00e9 um <strong data-start=\"6084\" data-end=\"6118\">instrumento educativo e social<\/strong>. Ele incentiva o poder p\u00fablico a cuidar melhor do litoral e estimula moradores e turistas a se tornarem guardi\u00f5es das praias.<\/p>\n<p data-start=\"6248\" data-end=\"6430\">A cada nova temporada, a lista de locais certificados cresce \u2014 sinal de que a sustentabilidade deixou de ser apenas discurso e passou a fazer parte da pr\u00e1tica tur\u00edstica brasileira.<\/p>\n<p data-start=\"6432\" data-end=\"6641\">Com a temporada 2025\/2026, o pa\u00eds refor\u00e7a seu compromisso com o futuro, mostrando que \u00e9 poss\u00edvel unir <strong data-start=\"6534\" data-end=\"6591\">beleza natural, gest\u00e3o eficiente e respeito ambiental<\/strong> sob a mesma bandeira \u2014 azul, limpa e simb\u00f3lica.<\/p>\n","protected":false},"excerpt":{"rendered":"<p>O selo de qualidade Bandeira Azul, um dos mais respeitados certificados ambientais do planeta, acaba de reconhecer 60 praias e marinas brasileiras na temporada 2025\/2026. O an\u00fancio, feito pela Funda\u00e7\u00e3o para a Educa\u00e7\u00e3o Ambiental (FEE) e divulgado pelo Minist\u00e9rio do Turismo, confirma o avan\u00e7o do Brasil na promo\u00e7\u00e3o do turismo sustent\u00e1vel e na valoriza\u00e7\u00e3o dos [&hellip;]<\/p>\n","protected":false},"author":2,"featured_media":13548,"comment_status":"open","ping_status":"open","sticky":false,"template":"","format":"standard","meta":{"_jetpack_memberships_contains_paid_content":false,"footnotes":"","jetpack_publicize_message":"","jetpack_publicize_feature_enabled":true,"jetpack_social_post_already_shared":true,"jetpack_social_options":{"image_generator_settings":{"template":"highway","default_image_id":0,"font":"","enabled":false},"version":2}},"categories":[701,752],"tags":[951,954,945,953,950,952],"class_list":["post-13547","post","type-post","status-publish","format-standard","has-post-thumbnail","hentry","category-noticias","category-meio-ambiente","tag-bandeira-azul","tag-meio-ambiente","tag-ministerio-do-turismo","tag-praias-do-brasil","tag-selo-de-qualidade","tag-turismo-sustentavel"],"jetpack_publicize_connections":[],"jetpack_featured_media_url":"https:\/\/i0.wp.com\/www.visiteobrasil.com.br\/news\/wp-content\/uploads\/2025\/10\/Foto-Bandeira-Azul-Divulgacao.jpg?fit=900%2C600&ssl=1","jetpack-related-posts":[{"id":13253,"url":"https:\/\/www.visiteobrasil.com.br\/news\/descubra-as-melhores-praias-brasileiras-certificadas-para-o-verao-2025\/","url_meta":{"origin":13547,"position":0},"title":"Descubra as melhores praias brasileiras certificadas para o ver\u00e3o 2025","author":"Ramon","date":"2 de fevereiro de 2025","format":false,"excerpt":"O ver\u00e3o \u00e9 a esta\u00e7\u00e3o perfeita para aproveitar o calor, o mar e as belas paisagens litor\u00e2neas do Brasil. N\u00e3o \u00e9 surpresa que os destinos de sol e praia sejam os mais procurados para viagens nesta \u00e9poca do ano. Para 2025, a lista de praias sustent\u00e1veis no pa\u00eds est\u00e1 ainda\u2026","rel":"","context":"Em &quot;Artigos&quot;","block_context":{"text":"Artigos","link":"https:\/\/www.visiteobrasil.com.br\/news\/artigos\/"},"img":{"alt_text":"Praias da Ilha dos Frades","src":"https:\/\/i0.wp.com\/www.visiteobrasil.com.br\/news\/wp-content\/uploads\/2025\/02\/Ilha-dos-Frades-Praia-de-Viracao-4.jpeg?fit=1000%2C750&ssl=1&resize=350%2C200","width":350,"height":200,"srcset":"https:\/\/i0.wp.com\/www.visiteobrasil.com.br\/news\/wp-content\/uploads\/2025\/02\/Ilha-dos-Frades-Praia-de-Viracao-4.jpeg?fit=1000%2C750&ssl=1&resize=350%2C200 1x, https:\/\/i0.wp.com\/www.visiteobrasil.com.br\/news\/wp-content\/uploads\/2025\/02\/Ilha-dos-Frades-Praia-de-Viracao-4.jpeg?fit=1000%2C750&ssl=1&resize=525%2C300 1.5x, https:\/\/i0.wp.com\/www.visiteobrasil.com.br\/news\/wp-content\/uploads\/2025\/02\/Ilha-dos-Frades-Praia-de-Viracao-4.jpeg?fit=1000%2C750&ssl=1&resize=700%2C400 2x"},"classes":[]},{"id":13421,"url":"https:\/\/www.visiteobrasil.com.br\/news\/seu-paraiso-a-beira-mar\/","url_meta":{"origin":13547,"position":1},"title":"Praias brasileiras ganham prest\u00edgio internacional e atraem olhares do mundo","author":"Ramon","date":"13 de julho de 2025","format":false,"excerpt":"Belezas naturais, hospitalidade e sustentabilidade elevam litoral brasileiro a destaque mundial As praias do Brasil sempre foram motivo de orgulho nacional. Com um litoral que se estende por mais de 7 mil quil\u00f4metros, o pa\u00eds abriga uma diversidade impressionante de paisagens, ecossistemas e experi\u00eancias litor\u00e2neas. E esse patrim\u00f4nio natural acaba\u2026","rel":"","context":"Em &quot;Curiosidades&quot;","block_context":{"text":"Curiosidades","link":"https:\/\/www.visiteobrasil.com.br\/news\/curiosidades\/"},"img":{"alt_text":"Praias: Marcelo Moryan \/ Flickr MTur Destinos","src":"https:\/\/i0.wp.com\/www.visiteobrasil.com.br\/news\/wp-content\/uploads\/2025\/07\/praias-do-brasil.jpeg?fit=900%2C600&ssl=1&resize=350%2C200","width":350,"height":200,"srcset":"https:\/\/i0.wp.com\/www.visiteobrasil.com.br\/news\/wp-content\/uploads\/2025\/07\/praias-do-brasil.jpeg?fit=900%2C600&ssl=1&resize=350%2C200 1x, https:\/\/i0.wp.com\/www.visiteobrasil.com.br\/news\/wp-content\/uploads\/2025\/07\/praias-do-brasil.jpeg?fit=900%2C600&ssl=1&resize=525%2C300 1.5x, https:\/\/i0.wp.com\/www.visiteobrasil.com.br\/news\/wp-content\/uploads\/2025\/07\/praias-do-brasil.jpeg?fit=900%2C600&ssl=1&resize=700%2C400 2x"},"classes":[]},{"id":13443,"url":"https:\/\/www.visiteobrasil.com.br\/news\/praias-brasileiras\/","url_meta":{"origin":13547,"position":2},"title":"Praias brasileiras ganham destaque entre as melhores do mundo","author":"Ramon","date":"3 de agosto de 2025","format":false,"excerpt":"No dia 30 de julho de 2025, o Brasil teve mais uma prova do seu imenso potencial tur\u00edstico. Duas praias brasileiras \u2014 Ipanema (RJ) e Muro Alto (PE) \u2014 foram oficialmente reconhecidas como algumas das melhores do mundo segundo o Tripadvisor, uma das plataformas de turismo mais respeitadas entre viajantes\u2026","rel":"","context":"Em &quot;Noticias&quot;","block_context":{"text":"Noticias","link":"https:\/\/www.visiteobrasil.com.br\/news\/noticias\/"},"img":{"alt_text":"Praias brasileiras: Ilha dos Frades - Praia de Ponta de Nossa Senhora","src":"https:\/\/i0.wp.com\/www.visiteobrasil.com.br\/news\/wp-content\/uploads\/2023\/11\/Praia-de-Ponta-de-Nossa-Senhora2.jpg?fit=900%2C599&ssl=1&resize=350%2C200","width":350,"height":200,"srcset":"https:\/\/i0.wp.com\/www.visiteobrasil.com.br\/news\/wp-content\/uploads\/2023\/11\/Praia-de-Ponta-de-Nossa-Senhora2.jpg?fit=900%2C599&ssl=1&resize=350%2C200 1x, https:\/\/i0.wp.com\/www.visiteobrasil.com.br\/news\/wp-content\/uploads\/2023\/11\/Praia-de-Ponta-de-Nossa-Senhora2.jpg?fit=900%2C599&ssl=1&resize=525%2C300 1.5x, https:\/\/i0.wp.com\/www.visiteobrasil.com.br\/news\/wp-content\/uploads\/2023\/11\/Praia-de-Ponta-de-Nossa-Senhora2.jpg?fit=900%2C599&ssl=1&resize=700%2C400 2x"},"classes":[]},{"id":13556,"url":"https:\/\/www.visiteobrasil.com.br\/news\/pesca-esportiva-estados-brasileiros\/","url_meta":{"origin":13547,"position":3},"title":"Pesca esportiva cresce no Brasil e movimenta o turismo de natureza","author":"Ramon","date":"12 de outubro de 2025","format":false,"excerpt":"A pesca esportiva vem se consolidando como uma das atividades de turismo mais promissoras do Brasil. Com rios extensos, biodiversidade impressionante e paisagens que variam do Pantanal \u00e0 Amaz\u00f4nia, o pa\u00eds oferece um verdadeiro para\u00edso aos amantes da pesca recreativa \u2014 e agora desponta como l\u00edder mundial no segmento. Segundo\u2026","rel":"","context":"Em &quot;Cultura&quot;","block_context":{"text":"Cultura","link":"https:\/\/www.visiteobrasil.com.br\/news\/cultura\/"},"img":{"alt_text":"Pesca esportiva - Foto Gety Images","src":"https:\/\/i0.wp.com\/www.visiteobrasil.com.br\/news\/wp-content\/uploads\/2025\/10\/pesca-esportiva.png?fit=900%2C600&ssl=1&resize=350%2C200","width":350,"height":200,"srcset":"https:\/\/i0.wp.com\/www.visiteobrasil.com.br\/news\/wp-content\/uploads\/2025\/10\/pesca-esportiva.png?fit=900%2C600&ssl=1&resize=350%2C200 1x, https:\/\/i0.wp.com\/www.visiteobrasil.com.br\/news\/wp-content\/uploads\/2025\/10\/pesca-esportiva.png?fit=900%2C600&ssl=1&resize=525%2C300 1.5x, https:\/\/i0.wp.com\/www.visiteobrasil.com.br\/news\/wp-content\/uploads\/2025\/10\/pesca-esportiva.png?fit=900%2C600&ssl=1&resize=700%2C400 2x"},"classes":[]},{"id":13628,"url":"https:\/\/www.visiteobrasil.com.br\/news\/turismo-de-negocios-azul-galeao\/","url_meta":{"origin":13547,"position":4},"title":"Turismo de neg\u00f3cios impulsiona 9,3 milh\u00f5es no Gale\u00e3o","author":"Ramon","date":"22 de fevereiro de 2026","format":false,"excerpt":"O Turismo de neg\u00f3cios tem sido um dos motores silenciosos da avia\u00e7\u00e3o brasileira \u2014 e poucos n\u00fameros traduzem isso t\u00e3o bem quanto o marco alcan\u00e7ado pela companhia a\u00e9rea Azul Linhas A\u00e9reas no Aeroporto Internacional do Gale\u00e3o. Em 15 anos de opera\u00e7\u00f5es no terminal carioca, a empresa movimentou 9,3 milh\u00f5es de\u2026","rel":"","context":"Em &quot;Noticias&quot;","block_context":{"text":"Noticias","link":"https:\/\/www.visiteobrasil.com.br\/news\/noticias\/"},"img":{"alt_text":"Turismo de neg\u00f3cios : Avi\u00e3o da Azul no Gale\u00e3o representando o crescimento do Turismo de neg\u00f3cios no Rio de Janeiro","src":"https:\/\/i0.wp.com\/www.visiteobrasil.com.br\/news\/wp-content\/uploads\/2026\/02\/azul-embraer-divulgacao.jpg?fit=900%2C600&ssl=1&resize=350%2C200","width":350,"height":200,"srcset":"https:\/\/i0.wp.com\/www.visiteobrasil.com.br\/news\/wp-content\/uploads\/2026\/02\/azul-embraer-divulgacao.jpg?fit=900%2C600&ssl=1&resize=350%2C200 1x, https:\/\/i0.wp.com\/www.visiteobrasil.com.br\/news\/wp-content\/uploads\/2026\/02\/azul-embraer-divulgacao.jpg?fit=900%2C600&ssl=1&resize=525%2C300 1.5x, https:\/\/i0.wp.com\/www.visiteobrasil.com.br\/news\/wp-content\/uploads\/2026\/02\/azul-embraer-divulgacao.jpg?fit=900%2C600&ssl=1&resize=700%2C400 2x"},"classes":[]},{"id":13666,"url":"https:\/\/www.visiteobrasil.com.br\/news\/melhores-vilas-turisticas\/","url_meta":{"origin":13547,"position":5},"title":"Melhores vilas tur\u00edsticas: Brasil avan\u00e7a em sele\u00e7\u00e3o da ONU","author":"Ramon","date":"12 de abril de 2026","format":false,"excerpt":"As melhores vilas tur\u00edsticas do Brasil est\u00e3o ganhando destaque internacional \u2014 e n\u00e3o por acaso. O Minist\u00e9rio do Turismo abriu inscri\u00e7\u00f5es para selecionar novos destinos que poder\u00e3o representar o pa\u00eds em uma das iniciativas mais relevantes da Organiza\u00e7\u00e3o das Na\u00e7\u00f5es Unidas (ONU) para o setor: o programa \u201cBest Tourism Villages\u201d.\u2026","rel":"","context":"Em &quot;Cultura&quot;","block_context":{"text":"Cultura","link":"https:\/\/www.visiteobrasil.com.br\/news\/cultura\/"},"img":{"alt_text":"Melhores vilas tur\u00edsticas : Foto: Prefeitura de Ant\u00f4nio Prado\/Divulga\u00e7\u00e3","src":"https:\/\/i0.wp.com\/www.visiteobrasil.com.br\/news\/wp-content\/uploads\/2026\/04\/melhores-vilas-turisticas.png?fit=900%2C600&ssl=1&resize=350%2C200","width":350,"height":200,"srcset":"https:\/\/i0.wp.com\/www.visiteobrasil.com.br\/news\/wp-content\/uploads\/2026\/04\/melhores-vilas-turisticas.png?fit=900%2C600&ssl=1&resize=350%2C200 1x, https:\/\/i0.wp.com\/www.visiteobrasil.com.br\/news\/wp-content\/uploads\/2026\/04\/melhores-vilas-turisticas.png?fit=900%2C600&ssl=1&resize=525%2C300 1.5x, https:\/\/i0.wp.com\/www.visiteobrasil.com.br\/news\/wp-content\/uploads\/2026\/04\/melhores-vilas-turisticas.png?fit=900%2C600&ssl=1&resize=700%2C400 2x"},"classes":[]}],"jetpack_sharing_enabled":true,"jetpack_likes_enabled":true,"_links":{"self":[{"href":"https:\/\/www.visiteobrasil.com.br\/news\/wp-json\/wp\/v2\/posts\/13547","targetHints":{"allow":["GET"]}}],"collection":[{"href":"https:\/\/www.visiteobrasil.com.br\/news\/wp-json\/wp\/v2\/posts"}],"about":[{"href":"https:\/\/www.visiteobrasil.com.br\/news\/wp-json\/wp\/v2\/types\/post"}],"author":[{"embeddable":true,"href":"https:\/\/www.visiteobrasil.com.br\/news\/wp-json\/wp\/v2\/users\/2"}],"replies":[{"embeddable":true,"href":"https:\/\/www.visiteobrasil.com.br\/news\/wp-json\/wp\/v2\/comments?post=13547"}],"version-history":[{"count":1,"href":"https:\/\/www.visiteobrasil.com.br\/news\/wp-json\/wp\/v2\/posts\/13547\/revisions"}],"predecessor-version":[{"id":13549,"href":"https:\/\/www.visiteobrasil.com.br\/news\/wp-json\/wp\/v2\/posts\/13547\/revisions\/13549"}],"wp:featuredmedia":[{"embeddable":true,"href":"https:\/\/www.visiteobrasil.com.br\/news\/wp-json\/wp\/v2\/media\/13548"}],"wp:attachment":[{"href":"https:\/\/www.visiteobrasil.com.br\/news\/wp-json\/wp\/v2\/media?parent=13547"}],"wp:term":[{"taxonomy":"category","embeddable":true,"href":"https:\/\/www.visiteobrasil.com.br\/news\/wp-json\/wp\/v2\/categories?post=13547"},{"taxonomy":"post_tag","embeddable":true,"href":"https:\/\/www.visiteobrasil.com.br\/news\/wp-json\/wp\/v2\/tags?post=13547"}],"curies":[{"name":"wp","href":"https:\/\/api.w.org\/{rel}","templated":true}]}}