{"id":13470,"date":"2025-08-31T11:12:21","date_gmt":"2025-08-31T14:12:21","guid":{"rendered":"https:\/\/www.visiteobrasil.com.br\/news\/?p=13470"},"modified":"2025-09-21T11:43:04","modified_gmt":"2025-09-21T14:43:04","slug":"mtur-lanca-boletim-inedito-sobre-turismo-de-pesca-no-brasil","status":"publish","type":"post","link":"https:\/\/www.visiteobrasil.com.br\/news\/mtur-lanca-boletim-inedito-sobre-turismo-de-pesca-no-brasil\/","title":{"rendered":"MTur lan\u00e7a boletim in\u00e9dito sobre turismo de pesca no Brasil"},"content":{"rendered":"<p data-start=\"83\" data-end=\"311\"><em data-start=\"166\" data-end=\"311\">Documento apresentado na Fishing Show 2025 revela o potencial de um setor que movimenta 9 milh\u00f5es de pescadores e gera mais de 200 mil empregos<\/em><\/p>\n<p data-start=\"313\" data-end=\"818\">S\u00e3o Paulo (SP) \u2013 Em um marco hist\u00f3rico para o setor pesqueiro nacional, o Minist\u00e9rio do <a href=\"https:\/\/www.visiteobrasil.com.br\/news\/dicas-essenciais-para-viajar-com-gatos\/\">Turismo<\/a> lan\u00e7ou, durante a <em data-start=\"427\" data-end=\"446\">Fishing Show 2025<\/em> \u2014 uma das maiores feiras do setor na Am\u00e9rica Latina \u2014, o primeiro <em data-start=\"513\" data-end=\"552\">Boletim do Turismo de Pesca no Brasil<\/em>. O documento in\u00e9dito detalha o panorama atual dessa atividade econ\u00f4mica e social de grande relev\u00e2ncia, revelando um segmento que movimenta cerca de 9 milh\u00f5es de praticantes e \u00e9 respons\u00e1vel pela gera\u00e7\u00e3o de mais de 200 mil empregos diretos e indiretos em todo o pa\u00eds.<\/p>\n<p data-start=\"820\" data-end=\"1413\">O boletim foi apresentado oficialmente pelo ministro do Turismo, em cerim\u00f4nia realizada no Pavilh\u00e3o de Exposi\u00e7\u00f5es do Anhembi, em S\u00e3o Paulo, diante de autoridades, empres\u00e1rios, pesquisadores e representantes de comunidades ribeirinhas e de turismo ecol\u00f3gico. O levantamento, fruto de um esfor\u00e7o conjunto entre o Minist\u00e9rio do Turismo, Instituto Brasileiro de Geografia e Estat\u00edstica (IBGE) e entidades do setor pesqueiro, tem como objetivo oferecer uma base de dados s\u00f3lida para o desenvolvimento de pol\u00edticas p\u00fablicas e privadas voltadas ao <a href=\"https:\/\/www.visiteobrasil.com.br\/brasil\/esporte-e-aventura\">crescimento sustent\u00e1vel<\/a> dessa modalidade de turismo.<\/p>\n<h3 data-start=\"1415\" data-end=\"1447\">Potencial econ\u00f4mico e social<\/h3>\n<p data-start=\"1449\" data-end=\"1853\">Segundo o documento, o turismo de pesca no Brasil movimenta anualmente bilh\u00f5es de reais, impulsionando setores como hospedagem, alimenta\u00e7\u00e3o, transporte, com\u00e9rcio de equipamentos e servi\u00e7os especializados. A cadeia produtiva se estende ainda \u00e0s comunidades locais, especialmente nas regi\u00f5es Norte, Centro-Oeste e Sul, onde a atividade tem forte presen\u00e7a e impacto direto no desenvolvimento socioecon\u00f4mico.<\/p>\n<p data-start=\"1855\" data-end=\"2191\">&#8220;O turismo de pesca representa uma grande oportunidade de desenvolvimento sustent\u00e1vel, combinando a gera\u00e7\u00e3o de renda com a preserva\u00e7\u00e3o ambiental e a valoriza\u00e7\u00e3o das culturas tradicionais. Com este boletim, damos um passo importante na constru\u00e7\u00e3o de pol\u00edticas p\u00fablicas mais assertivas e inclusivas&#8221;, destacou o ministro durante o evento.<\/p>\n<h3 data-start=\"2193\" data-end=\"2223\">Perfil do pescador-turista<\/h3>\n<p data-start=\"2225\" data-end=\"2561\">O boletim tra\u00e7a tamb\u00e9m o perfil do chamado &#8220;<a href=\"https:\/\/centraldeescunas.com.br\/\" target=\"_blank\" rel=\"noopener\">pescador-turista<\/a>&#8220;: em sua maioria homens, entre 30 e 55 anos, com escolaridade m\u00e9dia e renda familiar acima de tr\u00eas sal\u00e1rios m\u00ednimos. No entanto, o documento aponta uma crescente participa\u00e7\u00e3o feminina e jovem, o que revela uma diversifica\u00e7\u00e3o do p\u00fablico e um potencial de expans\u00e3o ainda maior.<\/p>\n<p data-start=\"2563\" data-end=\"2939\">Boa parte desses turistas prefere destinos pr\u00f3ximos a rios, lagos e represas em regi\u00f5es naturais, com destaque para o Pantanal (MS e MT), a Amaz\u00f4nia, a Bacia do S\u00e3o Francisco (BA, MG, PE, SE) e os rios do interior do Paran\u00e1 e de Santa Catarina. A pesca esportiva, praticada com a filosofia do \u201cpesque e solte\u201d, \u00e9 a vertente mais comum e cresce anualmente a taxas consistentes.<\/p>\n<h3 data-start=\"2941\" data-end=\"2969\">Sustentabilidade em foco<\/h3>\n<p data-start=\"2971\" data-end=\"3258\">Um dos pontos mais enfatizados no boletim \u00e9 a necessidade de equilibrar o crescimento do setor com pr\u00e1ticas sustent\u00e1veis. O documento apresenta recomenda\u00e7\u00f5es para evitar a sobrepesca, combater o turismo predat\u00f3rio e promover a educa\u00e7\u00e3o ambiental entre operadores tur\u00edsticos e pescadores.<\/p>\n<p data-start=\"3260\" data-end=\"3546\">&#8220;Para garantir o futuro do turismo de pesca, \u00e9 fundamental investir em a\u00e7\u00f5es que promovam o uso respons\u00e1vel dos recursos naturais. Esse boletim tamb\u00e9m serve como guia para estimular boas pr\u00e1ticas e conscientizar todos os envolvidos&#8221;, explicou a coordenadora de Ecoturismo do Minist\u00e9rio.<\/p>\n<h3 data-start=\"3548\" data-end=\"3584\">Apoio a comunidades tradicionais<\/h3>\n<p data-start=\"3586\" data-end=\"3994\">O boletim destaca ainda a import\u00e2ncia das comunidades tradicionais e ind\u00edgenas na conserva\u00e7\u00e3o dos ambientes aqu\u00e1ticos e na oferta de experi\u00eancias aut\u00eanticas para os turistas. Diversos projetos-piloto s\u00e3o citados como exemplos bem-sucedidos de turismo de base comunit\u00e1ria, onde moradores locais atuam como guias, condutores e anfitri\u00f5es, promovendo a valoriza\u00e7\u00e3o cultural e o fortalecimento da economia local.<\/p>\n<h3 data-start=\"3996\" data-end=\"4015\">Pr\u00f3ximos passos<\/h3>\n<p data-start=\"4017\" data-end=\"4437\">Com base nos dados levantados, o Minist\u00e9rio do Turismo anunciou a cria\u00e7\u00e3o de um Grupo de Trabalho Interministerial para formular diretrizes nacionais para o turismo de pesca, al\u00e9m de uma linha de cr\u00e9dito espec\u00edfica, voltada a empreendimentos que atuam no setor. Tamb\u00e9m foi sinalizada a inten\u00e7\u00e3o de promover o Brasil como destino internacional de pesca esportiva, especialmente para turistas da Am\u00e9rica do Norte e Europa.<\/p>\n<p data-start=\"4439\" data-end=\"4635\">O lan\u00e7amento do boletim foi recebido com entusiasmo pelos participantes da <em data-start=\"4514\" data-end=\"4533\">Fishing Show 2025<\/em>, que viram na iniciativa uma sinaliza\u00e7\u00e3o positiva de que o governo est\u00e1 atento ao potencial do setor.<\/p>\n<p data-start=\"4637\" data-end=\"4872\">&#8220;Esse documento era aguardado h\u00e1 anos. Agora, temos dados concretos para planejar investimentos e ampliar nosso alcance de forma estruturada&#8221;, comentou Luiz Henrique Amaral, empres\u00e1rio do ramo de turismo de pesca na regi\u00e3o do Pantanal.<\/p>\n<h3 data-start=\"4874\" data-end=\"4887\">Conclus\u00e3o<\/h3>\n<p data-start=\"4889\" data-end=\"5347\">O boletim in\u00e9dito do Minist\u00e9rio do Turismo marca um divisor de \u00e1guas para o turismo de pesca no Brasil. Com dados atualizados, metas claras e foco em sustentabilidade, o setor ganha visibilidade e respaldo institucional para crescer de forma planejada e inclusiva. A expectativa \u00e9 de que, com o apoio governamental e o engajamento dos diversos atores envolvidos, o Brasil se consolide como uma das maiores pot\u00eancias mundiais nesse segmento nos pr\u00f3ximos anos.<\/p>\n","protected":false},"excerpt":{"rendered":"<p>Documento apresentado na Fishing Show 2025 revela o potencial de um setor que movimenta 9 milh\u00f5es de pescadores e gera mais de 200 mil empregos S\u00e3o Paulo (SP) \u2013 Em um marco hist\u00f3rico para o setor pesqueiro nacional, o Minist\u00e9rio do Turismo lan\u00e7ou, durante a Fishing Show 2025 \u2014 uma das maiores feiras do setor [&hellip;]<\/p>\n","protected":false},"author":2,"featured_media":13471,"comment_status":"open","ping_status":"open","sticky":false,"template":"","format":"standard","meta":{"_jetpack_memberships_contains_paid_content":false,"footnotes":"","jetpack_publicize_message":"","jetpack_publicize_feature_enabled":true,"jetpack_social_post_already_shared":true,"jetpack_social_options":{"image_generator_settings":{"template":"highway","default_image_id":0,"font":"","enabled":false},"version":2}},"categories":[701],"tags":[],"class_list":["post-13470","post","type-post","status-publish","format-standard","has-post-thumbnail","hentry","category-noticias"],"jetpack_publicize_connections":[],"jetpack_featured_media_url":"https:\/\/i0.wp.com\/www.visiteobrasil.com.br\/news\/wp-content\/uploads\/2025\/08\/Fotou-Karine-Araujo-Prefeitura-de-Quirinopolis.png?fit=900%2C600&ssl=1","jetpack-related-posts":[{"id":13531,"url":"https:\/\/www.visiteobrasil.com.br\/news\/turismo-nautico-boat-show\/","url_meta":{"origin":13470,"position":0},"title":"Turismo N\u00e1utico: Guia em destaque na 28\u00aa S\u00e3o Paulo Boat Show","author":"Ramon","date":"21 de setembro de 2025","format":false,"excerpt":"O turismo n\u00e1utico brasileiro ganha um importante impulso com a divulga\u00e7\u00e3o de um guia especializado pelo Minist\u00e9rio do Turismo durante a 28\u00aa edi\u00e7\u00e3o do S\u00e3o Paulo Boat Show. O evento, considerado o maior do setor na Am\u00e9rica Latina, reuniu fabricantes, empres\u00e1rios, profissionais do setor e entusiastas, oferecendo uma vitrine estrat\u00e9gica\u2026","rel":"","context":"Em &quot;Dicas legais&quot;","block_context":{"text":"Dicas legais","link":"https:\/\/www.visiteobrasil.com.br\/news\/dicas-legais\/"},"img":{"alt_text":"Embarca\u00e7\u00e3o de luxo navegando em \u00e1guas brasileiras, com cen\u00e1rio tur\u00edstico e elementos n\u00e1uticos, representando o turismo n\u00e1utico","src":"https:\/\/i0.wp.com\/www.visiteobrasil.com.br\/news\/wp-content\/uploads\/2025\/09\/Embarcacao-de-luxo-navegando-em-aguas-brasileiras.jpeg?fit=900%2C600&ssl=1&resize=350%2C200","width":350,"height":200,"srcset":"https:\/\/i0.wp.com\/www.visiteobrasil.com.br\/news\/wp-content\/uploads\/2025\/09\/Embarcacao-de-luxo-navegando-em-aguas-brasileiras.jpeg?fit=900%2C600&ssl=1&resize=350%2C200 1x, https:\/\/i0.wp.com\/www.visiteobrasil.com.br\/news\/wp-content\/uploads\/2025\/09\/Embarcacao-de-luxo-navegando-em-aguas-brasileiras.jpeg?fit=900%2C600&ssl=1&resize=525%2C300 1.5x, https:\/\/i0.wp.com\/www.visiteobrasil.com.br\/news\/wp-content\/uploads\/2025\/09\/Embarcacao-de-luxo-navegando-em-aguas-brasileiras.jpeg?fit=900%2C600&ssl=1&resize=700%2C400 2x"},"classes":[]},{"id":13556,"url":"https:\/\/www.visiteobrasil.com.br\/news\/pesca-esportiva-estados-brasileiros\/","url_meta":{"origin":13470,"position":1},"title":"Pesca esportiva cresce no Brasil e movimenta o turismo de natureza","author":"Ramon","date":"12 de outubro de 2025","format":false,"excerpt":"A pesca esportiva vem se consolidando como uma das atividades de turismo mais promissoras do Brasil. Com rios extensos, biodiversidade impressionante e paisagens que variam do Pantanal \u00e0 Amaz\u00f4nia, o pa\u00eds oferece um verdadeiro para\u00edso aos amantes da pesca recreativa \u2014 e agora desponta como l\u00edder mundial no segmento. Segundo\u2026","rel":"","context":"Em &quot;Cultura&quot;","block_context":{"text":"Cultura","link":"https:\/\/www.visiteobrasil.com.br\/news\/cultura\/"},"img":{"alt_text":"Pesca esportiva - Foto Gety Images","src":"https:\/\/i0.wp.com\/www.visiteobrasil.com.br\/news\/wp-content\/uploads\/2025\/10\/pesca-esportiva.png?fit=900%2C600&ssl=1&resize=350%2C200","width":350,"height":200,"srcset":"https:\/\/i0.wp.com\/www.visiteobrasil.com.br\/news\/wp-content\/uploads\/2025\/10\/pesca-esportiva.png?fit=900%2C600&ssl=1&resize=350%2C200 1x, https:\/\/i0.wp.com\/www.visiteobrasil.com.br\/news\/wp-content\/uploads\/2025\/10\/pesca-esportiva.png?fit=900%2C600&ssl=1&resize=525%2C300 1.5x, https:\/\/i0.wp.com\/www.visiteobrasil.com.br\/news\/wp-content\/uploads\/2025\/10\/pesca-esportiva.png?fit=900%2C600&ssl=1&resize=700%2C400 2x"},"classes":[]},{"id":6193,"url":"https:\/\/www.visiteobrasil.com.br\/news\/como-o-turismo-esta-gerando-milhares-de-empregos-temporarios\/","url_meta":{"origin":13470,"position":2},"title":"Como o turismo est\u00e1 gerando milhares de empregos tempor\u00e1rios","author":"Ramon","date":"26 de novembro de 2023","format":false,"excerpt":"Proje\u00e7\u00f5es para empregos tempor\u00e1rios no fim do ano: A temporada de fim de ano no Brasil se aproxima, e com ela, surgem proje\u00e7\u00f5es animadoras no cen\u00e1rio do emprego. Segundo dados revelados pela Confedera\u00e7\u00e3o Nacional do Com\u00e9rcio de Bens, Servi\u00e7os e Turismo (CNC), o setor do turismo desponta como protagonista na\u2026","rel":"","context":"Em &quot;Artigos&quot;","block_context":{"text":"Artigos","link":"https:\/\/www.visiteobrasil.com.br\/news\/artigos\/"},"img":{"alt_text":"Empregos tempor\u00e1rios - Bar de restaurante","src":"https:\/\/i0.wp.com\/www.visiteobrasil.com.br\/news\/wp-content\/uploads\/2023\/11\/bar-da-villagr.jpg?fit=850%2C562&ssl=1&resize=350%2C200","width":350,"height":200,"srcset":"https:\/\/i0.wp.com\/www.visiteobrasil.com.br\/news\/wp-content\/uploads\/2023\/11\/bar-da-villagr.jpg?fit=850%2C562&ssl=1&resize=350%2C200 1x, https:\/\/i0.wp.com\/www.visiteobrasil.com.br\/news\/wp-content\/uploads\/2023\/11\/bar-da-villagr.jpg?fit=850%2C562&ssl=1&resize=525%2C300 1.5x, https:\/\/i0.wp.com\/www.visiteobrasil.com.br\/news\/wp-content\/uploads\/2023\/11\/bar-da-villagr.jpg?fit=850%2C562&ssl=1&resize=700%2C400 2x"},"classes":[]},{"id":13162,"url":"https:\/\/www.visiteobrasil.com.br\/news\/turismo-aereo-nacional-bate-recorde-em-setembro-9-milhoes-de-passageiros\/","url_meta":{"origin":13470,"position":3},"title":"Turismo a\u00e9reo nacional bate recorde em setembro: 9 milh\u00f5es de Passageiros","author":"Ramon","date":"27 de outubro de 2024","format":false,"excerpt":"Em setembro, o transporte a\u00e9reo brasileiro registrou um movimento significativo, com cerca de 10 milh\u00f5es de passageiros passando pelos aeroportos do pa\u00eds. Desses, aproximadamente 80% optaram por voos nacionais, totalizando 7,9 milh\u00f5es de pessoas e marcando um aumento de 4,3% em rela\u00e7\u00e3o ao mesmo per\u00edodo do ano anterior. Esse n\u00famero\u2026","rel":"","context":"Em &quot;Noticias&quot;","block_context":{"text":"Noticias","link":"https:\/\/www.visiteobrasil.com.br\/news\/noticias\/"},"img":{"alt_text":"A\u00e9reo - Aeroporto de Salvador","src":"https:\/\/i0.wp.com\/www.visiteobrasil.com.br\/news\/wp-content\/uploads\/2024\/10\/aereo-airport-2373727_1280.jpg?fit=900%2C617&ssl=1&resize=350%2C200","width":350,"height":200,"srcset":"https:\/\/i0.wp.com\/www.visiteobrasil.com.br\/news\/wp-content\/uploads\/2024\/10\/aereo-airport-2373727_1280.jpg?fit=900%2C617&ssl=1&resize=350%2C200 1x, https:\/\/i0.wp.com\/www.visiteobrasil.com.br\/news\/wp-content\/uploads\/2024\/10\/aereo-airport-2373727_1280.jpg?fit=900%2C617&ssl=1&resize=525%2C300 1.5x, https:\/\/i0.wp.com\/www.visiteobrasil.com.br\/news\/wp-content\/uploads\/2024\/10\/aereo-airport-2373727_1280.jpg?fit=900%2C617&ssl=1&resize=700%2C400 2x"},"classes":[]},{"id":13438,"url":"https:\/\/www.visiteobrasil.com.br\/news\/aeroportos-brasileiros\/","url_meta":{"origin":13470,"position":4},"title":"Aeroportos brasileiros recebem mais de 8 milh\u00f5es de viajantes em junho","author":"Ramon","date":"27 de julho de 2025","format":false,"excerpt":"O setor a\u00e9reo brasileiro segue em plena recupera\u00e7\u00e3o e expans\u00e3o. Segundo dados recentes da Ag\u00eancia Nacional de Avia\u00e7\u00e3o Civil (ANAC), mais de 8 milh\u00f5es de passageiros passaram pelos aeroportos brasileiros durante o m\u00eas de junho de 2025. O n\u00famero expressivo reflete a retomada da confian\u00e7a dos viajantes, o crescimento do\u2026","rel":"","context":"Em &quot;Noticias&quot;","block_context":{"text":"Noticias","link":"https:\/\/www.visiteobrasil.com.br\/news\/noticias\/"},"img":{"alt_text":"movimento intenso de passageiros, nos aeroportos brasileiros","src":"https:\/\/i0.wp.com\/www.visiteobrasil.com.br\/news\/wp-content\/uploads\/2025\/07\/aeroportos-brasileiros-Foto-Freepik.png?fit=900%2C600&ssl=1&resize=350%2C200","width":350,"height":200,"srcset":"https:\/\/i0.wp.com\/www.visiteobrasil.com.br\/news\/wp-content\/uploads\/2025\/07\/aeroportos-brasileiros-Foto-Freepik.png?fit=900%2C600&ssl=1&resize=350%2C200 1x, https:\/\/i0.wp.com\/www.visiteobrasil.com.br\/news\/wp-content\/uploads\/2025\/07\/aeroportos-brasileiros-Foto-Freepik.png?fit=900%2C600&ssl=1&resize=525%2C300 1.5x, https:\/\/i0.wp.com\/www.visiteobrasil.com.br\/news\/wp-content\/uploads\/2025\/07\/aeroportos-brasileiros-Foto-Freepik.png?fit=900%2C600&ssl=1&resize=700%2C400 2x"},"classes":[]},{"id":13168,"url":"https:\/\/www.visiteobrasil.com.br\/news\/inicio-da-temporada-de-cruzeiros-2024-2025-no-brasil\/","url_meta":{"origin":13470,"position":5},"title":"In\u00edcio da temporada de cruzeiros 2024\/2025 no Brasil","author":"Ramon","date":"3 de novembro de 2024","format":false,"excerpt":"**In\u00edcio da Temporada de Cruzeiros 2024\/2025 no Brasil** A temporada de cruzeiros no Brasil come\u00e7ou oficialmente no dia 4 de novembro, marcando o in\u00edcio de 170 dias de viagens mar\u00edtimas pela costa brasileira. Com nove navios operando e uma oferta de 862 mil leitos, s\u00e3o esperados mais de 200 roteiros\u2026","rel":"","context":"Em &quot;Noticias&quot;","block_context":{"text":"Noticias","link":"https:\/\/www.visiteobrasil.com.br\/news\/noticias\/"},"img":{"alt_text":"Temporada de cruzeiros","src":"https:\/\/i0.wp.com\/www.visiteobrasil.com.br\/news\/wp-content\/uploads\/2024\/11\/Costa-Mediterranea.jpg?fit=900%2C600&ssl=1&resize=350%2C200","width":350,"height":200,"srcset":"https:\/\/i0.wp.com\/www.visiteobrasil.com.br\/news\/wp-content\/uploads\/2024\/11\/Costa-Mediterranea.jpg?fit=900%2C600&ssl=1&resize=350%2C200 1x, https:\/\/i0.wp.com\/www.visiteobrasil.com.br\/news\/wp-content\/uploads\/2024\/11\/Costa-Mediterranea.jpg?fit=900%2C600&ssl=1&resize=525%2C300 1.5x, https:\/\/i0.wp.com\/www.visiteobrasil.com.br\/news\/wp-content\/uploads\/2024\/11\/Costa-Mediterranea.jpg?fit=900%2C600&ssl=1&resize=700%2C400 2x"},"classes":[]}],"jetpack_sharing_enabled":true,"jetpack_likes_enabled":true,"_links":{"self":[{"href":"https:\/\/www.visiteobrasil.com.br\/news\/wp-json\/wp\/v2\/posts\/13470","targetHints":{"allow":["GET"]}}],"collection":[{"href":"https:\/\/www.visiteobrasil.com.br\/news\/wp-json\/wp\/v2\/posts"}],"about":[{"href":"https:\/\/www.visiteobrasil.com.br\/news\/wp-json\/wp\/v2\/types\/post"}],"author":[{"embeddable":true,"href":"https:\/\/www.visiteobrasil.com.br\/news\/wp-json\/wp\/v2\/users\/2"}],"replies":[{"embeddable":true,"href":"https:\/\/www.visiteobrasil.com.br\/news\/wp-json\/wp\/v2\/comments?post=13470"}],"version-history":[{"count":2,"href":"https:\/\/www.visiteobrasil.com.br\/news\/wp-json\/wp\/v2\/posts\/13470\/revisions"}],"predecessor-version":[{"id":13516,"href":"https:\/\/www.visiteobrasil.com.br\/news\/wp-json\/wp\/v2\/posts\/13470\/revisions\/13516"}],"wp:featuredmedia":[{"embeddable":true,"href":"https:\/\/www.visiteobrasil.com.br\/news\/wp-json\/wp\/v2\/media\/13471"}],"wp:attachment":[{"href":"https:\/\/www.visiteobrasil.com.br\/news\/wp-json\/wp\/v2\/media?parent=13470"}],"wp:term":[{"taxonomy":"category","embeddable":true,"href":"https:\/\/www.visiteobrasil.com.br\/news\/wp-json\/wp\/v2\/categories?post=13470"},{"taxonomy":"post_tag","embeddable":true,"href":"https:\/\/www.visiteobrasil.com.br\/news\/wp-json\/wp\/v2\/tags?post=13470"}],"curies":[{"name":"wp","href":"https:\/\/api.w.org\/{rel}","templated":true}]}}