{"id":13449,"date":"2025-08-17T09:54:40","date_gmt":"2025-08-17T12:54:40","guid":{"rendered":"https:\/\/www.visiteobrasil.com.br\/news\/?p=13449"},"modified":"2025-08-17T09:54:40","modified_gmt":"2025-08-17T12:54:40","slug":"atividades-culturais-imperdiveis-para-quem-quer-explorar-a-regiao-sudeste-do-brasil","status":"publish","type":"post","link":"https:\/\/www.visiteobrasil.com.br\/news\/atividades-culturais-imperdiveis-para-quem-quer-explorar-a-regiao-sudeste-do-brasil\/","title":{"rendered":"Atividades culturais imperd\u00edveis para quem quer explorar a regi\u00e3o sudeste do Brasil"},"content":{"rendered":"<p><span class=\"TextRun SCXW88885883 BCX0\" lang=\"PT-BR\" xml:lang=\"PT-BR\" data-contrast=\"auto\"><span class=\"NormalTextRun SCXW88885883 BCX0\">A diversidade cultural do Sudeste brasileiro oferece experi\u00eancias \u00fanicas em roteiros curtos, com destaque para S\u00e3o Paulo, Rio de Janeiro, Vit\u00f3ria e Ouro Preto.<\/span><\/span><\/p>\n<p><span data-contrast=\"auto\">A diversidade cultural do Sudeste brasileiro oferece experi\u00eancias \u00fanicas, mesmo em roteiros de curta dura\u00e7\u00e3o. Cidades como S\u00e3o Paulo, Rio de Janeiro, Vit\u00f3ria e Ouro Preto concentram patrim\u00f4nios hist\u00f3ricos, arte contempor\u00e2nea, manifesta\u00e7\u00f5es populares e festivais renomados, permitindo viv\u00eancias culturais intensas em poucos dias.\u00a0<\/span><span data-ccp-props=\"{&quot;335551550&quot;:6,&quot;335551620&quot;:6}\">\u00a0<\/span><\/p>\n<p><span data-ccp-props=\"{&quot;335551550&quot;:6,&quot;335551620&quot;:6}\">\u00a0<\/span><\/p>\n<p><span data-contrast=\"auto\">Para aproveitar ao m\u00e1ximo esses destinos, \u00e9 vantajoso se hospedar em locais estrat\u00e9gicos, como um <\/span><a href=\"https:\/\/www.letsatlantica.com.br\/hotel\/radisson-blu-sao-paulo\" target=\"_blank\" rel=\"noopener\"><span data-contrast=\"none\">hotel em S\u00e3o Paulo<\/span><\/a><span data-contrast=\"auto\"> pr\u00f3ximo \u00e0 Avenida Paulista. Essa proximidade facilita o acesso a museus, centros culturais e teatros, possibilitando encaixar mais atra\u00e7\u00f5es no mesmo dia sem prejudicar o ritmo da <a href=\"https:\/\/www.visiteobrasil.com.br\/news\/o-que-nao-pode-faltar-na-mala-de-viagem-para-qualquer-destino\/\">viagem<\/a>.<\/span><span data-ccp-props=\"{&quot;335551550&quot;:6,&quot;335551620&quot;:6}\">\u00a0<\/span><\/p>\n<p aria-level=\"2\"><span data-contrast=\"auto\">S\u00e3o Paulo: um mergulho em arte e diversidade<\/span><span data-ccp-props=\"{&quot;134245418&quot;:true,&quot;134245529&quot;:true,&quot;335551550&quot;:6,&quot;335551620&quot;:6,&quot;335559738&quot;:360,&quot;335559739&quot;:120}\">\u00a0<\/span><\/p>\n<p><span data-contrast=\"auto\">S\u00e3o Paulo \u00e9 um epicentro cultural com polos de destaque como o MASP, a Pinacoteca, o Centro Cultural Banco do Brasil (CCBB) e o SESC Paulista. Esses espa\u00e7os oferecem uma ampla gama de exposi\u00e7\u00f5es, desde arte cl\u00e1ssica at\u00e9 express\u00f5es contempor\u00e2neas, refletindo a diversidade da cidade.\u00a0<\/span><span data-ccp-props=\"{&quot;335551550&quot;:6,&quot;335551620&quot;:6}\">\u00a0<\/span><\/p>\n<p><span data-contrast=\"auto\">Al\u00e9m disso, a hospedagem em um hotel pr\u00f3ximo ao centro ou \u00e0 Avenida Paulista facilita o deslocamento entre essas atra\u00e7\u00f5es, permitindo que o visitante aproveite ao m\u00e1ximo o tempo dispon\u00edvel. A proximidade desses locais possibilita explorar v\u00e1rias facetas da cultura paulistana em um \u00fanico dia, enriquecendo a experi\u00eancia do viajante.<\/span><span data-ccp-props=\"{&quot;335551550&quot;:6,&quot;335551620&quot;:6}\">\u00a0<\/span><\/p>\n<p aria-level=\"2\"><span data-contrast=\"auto\">Rio de Janeiro: entre o cl\u00e1ssico e o contempor\u00e2neo<\/span><span data-ccp-props=\"{&quot;134245418&quot;:true,&quot;134245529&quot;:true,&quot;335551550&quot;:6,&quot;335551620&quot;:6,&quot;335559738&quot;:360,&quot;335559739&quot;:120}\">\u00a0<\/span><\/p>\n<p><span data-contrast=\"auto\">No <a href=\"https:\/\/www.visiteobrasil.com.br\/news\/rio-de-janeiro\/\">Rio de Janeiro<\/a>, a cultura vai muito al\u00e9m das praias famosas. O Theatro Municipal, o MAR (Museu de Arte do Rio), o MAM (Museu de Arte Moderna) e o Boulevard Ol\u00edmpico s\u00e3o exemplos de espa\u00e7os culturais que oferecem uma imers\u00e3o profunda na hist\u00f3ria e arte carioca.\u00a0<\/span><span data-ccp-props=\"{&quot;335551550&quot;:6,&quot;335551620&quot;:6}\">\u00a0<\/span><\/p>\n<p><span data-ccp-props=\"{&quot;335551550&quot;:6,&quot;335551620&quot;:6}\">\u00a0<\/span><\/p>\n<p><span data-contrast=\"auto\">Esses locais frequentemente abrigam exposi\u00e7\u00f5es tempor\u00e1rias e passeios guiados, enriquecendo a experi\u00eancia cultural. A visita ao Theatro Municipal, por exemplo, pode ser combinada com um passeio pelo Boulevard Ol\u00edmpico, onde \u00e9 poss\u00edvel encontrar arte de rua e <a href=\"https:\/\/www.visiteobrasil.com.br\/news\/turismo-de-inverno-no-sul-do-brasil\/\">eventos<\/a> culturais variados, proporcionando uma vis\u00e3o abrangente da cultura carioca.<\/span><span data-ccp-props=\"{&quot;335551550&quot;:6,&quot;335551620&quot;:6}\">\u00a0<\/span><\/p>\n<p aria-level=\"2\"><span data-contrast=\"auto\">Vit\u00f3ria e Vila Velha: arte capixaba em expans\u00e3o<\/span><span data-ccp-props=\"{&quot;134245418&quot;:true,&quot;134245529&quot;:true,&quot;335551550&quot;:6,&quot;335551620&quot;:6,&quot;335559738&quot;:360,&quot;335559739&quot;:120}\">\u00a0<\/span><\/p>\n<p><span data-contrast=\"auto\">O Esp\u00edrito Santo tem se destacado por suas iniciativas culturais, como a Casa Porto das Artes Pl\u00e1sticas, o Pal\u00e1cio Anchieta, o Convento da Penha e festivais de cultura popular. A Casa Porto das Artes Pl\u00e1sticas, em Vit\u00f3ria, \u00e9 um espa\u00e7o dedicado \u00e0 arte contempor\u00e2nea, enquanto o Pal\u00e1cio Anchieta oferece um mergulho na hist\u00f3ria local.\u00a0<\/span><span data-ccp-props=\"{&quot;335551550&quot;:6,&quot;335551620&quot;:6}\">\u00a0<\/span><\/p>\n<p><span data-ccp-props=\"{&quot;335551550&quot;:6,&quot;335551620&quot;:6}\">\u00a0<\/span><\/p>\n<p><span data-contrast=\"auto\">Para quem deseja incluir esses pontos em um roteiro r\u00e1pido, os melhores per\u00edodos para visitar s\u00e3o durante os festivais de cultura popular, quando a cidade fica ainda mais vibrante. A combina\u00e7\u00e3o desses espa\u00e7os com eventos sazonais proporciona uma experi\u00eancia cultural rica e diversificada.<\/span><span data-ccp-props=\"{&quot;335551550&quot;:6,&quot;335551620&quot;:6}\">\u00a0<\/span><\/p>\n<p aria-level=\"2\"><span data-contrast=\"auto\">Ouro Preto: hist\u00f3ria viva entre ladeiras e museus<\/span><span data-ccp-props=\"{&quot;134245418&quot;:true,&quot;134245529&quot;:true,&quot;335551550&quot;:6,&quot;335551620&quot;:6,&quot;335559738&quot;:360,&quot;335559739&quot;:120}\">\u00a0<\/span><\/p>\n<p><span data-contrast=\"auto\">Ouro Preto \u00e9 um convite a uma imers\u00e3o no barroco brasileiro. A cidade mineira oferece visitas ao Museu da Inconfid\u00eancia, igrejas hist\u00f3ricas, casas de cultura e ateli\u00eas de artistas locais, proporcionando uma experi\u00eancia cultural \u00fanica.\u00a0<\/span><span data-ccp-props=\"{&quot;335551550&quot;:6,&quot;335551620&quot;:6}\">\u00a0<\/span><\/p>\n<p><span data-ccp-props=\"{&quot;335551550&quot;:6,&quot;335551620&quot;:6}\">\u00a0<\/span><\/p>\n<p><span data-contrast=\"auto\">Ademais, eventos como o Festival de Inverno e a Semana Santa atraem visitantes de todo o pa\u00eds, transformando a cidade em um centro de celebra\u00e7\u00f5es culturais. Esses eventos s\u00e3o oportunidades perfeitas para vivenciar a hist\u00f3ria viva de Ouro Preto, explorando suas ladeiras e museus com um olhar mais profundo.<\/span><span data-ccp-props=\"{&quot;335551550&quot;:6,&quot;335551620&quot;:6}\">\u00a0<\/span><\/p>\n<p aria-level=\"2\"><span data-contrast=\"auto\">Experi\u00eancias interativas e oficinas culturais<\/span><span data-ccp-props=\"{&quot;134245418&quot;:true,&quot;134245529&quot;:true,&quot;335551550&quot;:6,&quot;335551620&quot;:6,&quot;335559738&quot;:360,&quot;335559739&quot;:120}\">\u00a0<\/span><\/p>\n<p><span data-contrast=\"auto\">Para quem busca uma experi\u00eancia cultural mais participativa, o Sudeste brasileiro oferece diversas atividades interativas, como oficinas de arte, feiras de literatura, visitas educativas e tours guiados. Espa\u00e7os como os centros culturais do SESC ou iniciativas independentes em bairros criativos s\u00e3o exemplos de locais que oferecem experi\u00eancias pr\u00e1ticas.\u00a0<\/span><span data-ccp-props=\"{&quot;335551550&quot;:6,&quot;335551620&quot;:6}\">\u00a0<\/span><\/p>\n<p><span data-ccp-props=\"{&quot;335551550&quot;:6,&quot;335551620&quot;:6}\">\u00a0<\/span><\/p>\n<p><span data-contrast=\"auto\">Essas atividades permitem ao visitante n\u00e3o apenas observar, mas tamb\u00e9m participar ativamente da cultura local, criando mem\u00f3rias \u00fanicas e enriquecendo a viagem. Inclusive, essas experi\u00eancias interativas s\u00e3o uma excelente maneira de conectar-se com a comunidade local e entender melhor a cultura de cada regi\u00e3o.<\/span><span data-ccp-props=\"{&quot;335551550&quot;:6,&quot;335551620&quot;:6}\">\u00a0<\/span><\/p>\n<p aria-level=\"2\"><span data-contrast=\"auto\">Como montar um roteiro cultural inteligente<\/span><span data-ccp-props=\"{&quot;134245418&quot;:true,&quot;134245529&quot;:true,&quot;335551550&quot;:6,&quot;335551620&quot;:6,&quot;335559738&quot;:360,&quot;335559739&quot;:120}\">\u00a0<\/span><\/p>\n<p><span data-contrast=\"auto\">Organizar um roteiro cultural com anteced\u00eancia \u00e9 essencial para aproveitar ao m\u00e1ximo a viagem. \u00c9 importante considerar a localiza\u00e7\u00e3o das atra\u00e7\u00f5es, os dias e hor\u00e1rios de funcionamento, al\u00e9m da compra de ingressos online, que pode economizar tempo e evitar filas.\u00a0<\/span><span data-ccp-props=\"{&quot;335551550&quot;:6,&quot;335551620&quot;:6}\">\u00a0<\/span><\/p>\n<p><span data-contrast=\"auto\">Incluir pausas em caf\u00e9s locais, restaurantes tem\u00e1ticos e livrarias tamb\u00e9m\u00a0 pode enriquecer a experi\u00eancia, oferecendo momentos de contempla\u00e7\u00e3o e relaxamento entre as visitas culturais. Um roteiro bem planejado deve equilibrar as atividades, permitindo ao viajante explorar a cultura local de maneira intensa, mas sem pressa, garantindo uma experi\u00eancia completa e memor\u00e1vel.<\/span><span data-ccp-props=\"{&quot;335551550&quot;:6,&quot;335551620&quot;:6}\">\u00a0<\/span><\/p>\n","protected":false},"excerpt":{"rendered":"<p>A diversidade cultural do Sudeste brasileiro oferece experi\u00eancias \u00fanicas em roteiros curtos, com destaque para S\u00e3o Paulo, Rio de Janeiro, Vit\u00f3ria e Ouro Preto. A diversidade cultural do Sudeste brasileiro oferece experi\u00eancias \u00fanicas, mesmo em roteiros de curta dura\u00e7\u00e3o. Cidades como S\u00e3o Paulo, Rio de Janeiro, Vit\u00f3ria e Ouro Preto concentram patrim\u00f4nios hist\u00f3ricos, arte contempor\u00e2nea, [&hellip;]<\/p>\n","protected":false},"author":2,"featured_media":13450,"comment_status":"open","ping_status":"open","sticky":false,"template":"","format":"standard","meta":{"_jetpack_memberships_contains_paid_content":false,"footnotes":"","jetpack_publicize_message":"","jetpack_publicize_feature_enabled":true,"jetpack_social_post_already_shared":true,"jetpack_social_options":{"image_generator_settings":{"template":"highway","default_image_id":0,"font":"","enabled":false},"version":2}},"categories":[868],"tags":[],"class_list":["post-13449","post","type-post","status-publish","format-standard","has-post-thumbnail","hentry","category-cultura"],"jetpack_publicize_connections":[],"jetpack_featured_media_url":"https:\/\/i0.wp.com\/www.visiteobrasil.com.br\/news\/wp-content\/uploads\/2025\/08\/sudeste-Orquestra-sinfonica-Foto-mallerba-Pixabay.jpg?fit=600%2C399&ssl=1","jetpack-related-posts":[{"id":13445,"url":"https:\/\/www.visiteobrasil.com.br\/news\/salao-do-turismo-2025-descubra-roteiros-unicos-do-brasil-no-evento\/","url_meta":{"origin":13449,"position":0},"title":"Sal\u00e3o do Turismo 2025: Descubra roteiros \u00fanicos do Brasil no evento","author":"Ramon","date":"10 de agosto de 2025","format":false,"excerpt":"O Sal\u00e3o do Turismo 2025 ser\u00e1 o ponto de encontro para aqueles que buscam explorar as maravilhas do Brasil de uma maneira \u00fanica e enriquecedora. Coordenado pelo Sebrae, o evento, que acontece entre 8 e 10 de agosto de 2025, promete ser uma vitrine para as mais variadas experi\u00eancias tur\u00edsticas\u2026","rel":"","context":"Em &quot;Artigos&quot;","block_context":{"text":"Artigos","link":"https:\/\/www.visiteobrasil.com.br\/news\/artigos\/"},"img":{"alt_text":"Sal\u00e3o do turismo: Trilha amaz\u00f4nia - Casal fazendo trilha - Pixabay","src":"https:\/\/i0.wp.com\/www.visiteobrasil.com.br\/news\/wp-content\/uploads\/2024\/10\/amazonia-hike-863454_1280.jpg?fit=900%2C599&ssl=1&resize=350%2C200","width":350,"height":200,"srcset":"https:\/\/i0.wp.com\/www.visiteobrasil.com.br\/news\/wp-content\/uploads\/2024\/10\/amazonia-hike-863454_1280.jpg?fit=900%2C599&ssl=1&resize=350%2C200 1x, https:\/\/i0.wp.com\/www.visiteobrasil.com.br\/news\/wp-content\/uploads\/2024\/10\/amazonia-hike-863454_1280.jpg?fit=900%2C599&ssl=1&resize=525%2C300 1.5x, https:\/\/i0.wp.com\/www.visiteobrasil.com.br\/news\/wp-content\/uploads\/2024\/10\/amazonia-hike-863454_1280.jpg?fit=900%2C599&ssl=1&resize=700%2C400 2x"},"classes":[]},{"id":13531,"url":"https:\/\/www.visiteobrasil.com.br\/news\/turismo-nautico-boat-show\/","url_meta":{"origin":13449,"position":1},"title":"Turismo N\u00e1utico: Guia em destaque na 28\u00aa S\u00e3o Paulo Boat Show","author":"Ramon","date":"21 de setembro de 2025","format":false,"excerpt":"O turismo n\u00e1utico brasileiro ganha um importante impulso com a divulga\u00e7\u00e3o de um guia especializado pelo Minist\u00e9rio do Turismo durante a 28\u00aa edi\u00e7\u00e3o do S\u00e3o Paulo Boat Show. O evento, considerado o maior do setor na Am\u00e9rica Latina, reuniu fabricantes, empres\u00e1rios, profissionais do setor e entusiastas, oferecendo uma vitrine estrat\u00e9gica\u2026","rel":"","context":"Em &quot;Dicas legais&quot;","block_context":{"text":"Dicas legais","link":"https:\/\/www.visiteobrasil.com.br\/news\/dicas-legais\/"},"img":{"alt_text":"Embarca\u00e7\u00e3o de luxo navegando em \u00e1guas brasileiras, com cen\u00e1rio tur\u00edstico e elementos n\u00e1uticos, representando o turismo n\u00e1utico","src":"https:\/\/i0.wp.com\/www.visiteobrasil.com.br\/news\/wp-content\/uploads\/2025\/09\/Embarcacao-de-luxo-navegando-em-aguas-brasileiras.jpeg?fit=900%2C600&ssl=1&resize=350%2C200","width":350,"height":200,"srcset":"https:\/\/i0.wp.com\/www.visiteobrasil.com.br\/news\/wp-content\/uploads\/2025\/09\/Embarcacao-de-luxo-navegando-em-aguas-brasileiras.jpeg?fit=900%2C600&ssl=1&resize=350%2C200 1x, https:\/\/i0.wp.com\/www.visiteobrasil.com.br\/news\/wp-content\/uploads\/2025\/09\/Embarcacao-de-luxo-navegando-em-aguas-brasileiras.jpeg?fit=900%2C600&ssl=1&resize=525%2C300 1.5x, https:\/\/i0.wp.com\/www.visiteobrasil.com.br\/news\/wp-content\/uploads\/2025\/09\/Embarcacao-de-luxo-navegando-em-aguas-brasileiras.jpeg?fit=900%2C600&ssl=1&resize=700%2C400 2x"},"classes":[]},{"id":13553,"url":"https:\/\/www.visiteobrasil.com.br\/news\/atrativos-culturais-sao-foco-de-novo-curso-do-ministerio-do-turismo\/","url_meta":{"origin":13449,"position":2},"title":"Atrativos culturais s\u00e3o foco de novo curso do Minist\u00e9rio do Turismo","author":"Ramon","date":"12 de outubro de 2025","format":false,"excerpt":"O Minist\u00e9rio do Turismo anunciou a abertura de inscri\u00e7\u00f5es para o novo curso de especializa\u00e7\u00e3o em atrativos culturais, voltado exclusivamente a guias regionais da regi\u00e3o Sudeste. Ao todo, s\u00e3o 215 vagas dispon\u00edveis, e as inscri\u00e7\u00f5es seguem at\u00e9 11 de outubro de 2025.A iniciativa integra o programa nacional de qualifica\u00e7\u00e3o do\u2026","rel":"","context":"Em &quot;Eventos&quot;","block_context":{"text":"Eventos","link":"https:\/\/www.visiteobrasil.com.br\/news\/eventos\/"},"img":{"alt_text":"Curso atrativos culturais","src":"https:\/\/i0.wp.com\/www.visiteobrasil.com.br\/news\/wp-content\/uploads\/2025\/10\/curso-atrativos-culturais.png?fit=900%2C600&ssl=1&resize=350%2C200","width":350,"height":200,"srcset":"https:\/\/i0.wp.com\/www.visiteobrasil.com.br\/news\/wp-content\/uploads\/2025\/10\/curso-atrativos-culturais.png?fit=900%2C600&ssl=1&resize=350%2C200 1x, https:\/\/i0.wp.com\/www.visiteobrasil.com.br\/news\/wp-content\/uploads\/2025\/10\/curso-atrativos-culturais.png?fit=900%2C600&ssl=1&resize=525%2C300 1.5x, https:\/\/i0.wp.com\/www.visiteobrasil.com.br\/news\/wp-content\/uploads\/2025\/10\/curso-atrativos-culturais.png?fit=900%2C600&ssl=1&resize=700%2C400 2x"},"classes":[]},{"id":13428,"url":"https:\/\/www.visiteobrasil.com.br\/news\/destinos-nacionais-imperdiveis-para-quem-quer-fugir-do-obvio\/","url_meta":{"origin":13449,"position":3},"title":"Destinos nacionais imperd\u00edveis para quem quer fugir do \u00f3bvio","author":"Ramon","date":"20 de julho de 2025","format":false,"excerpt":"Regi\u00f5es de natureza preservada e vilarejos com forte identidade cultural no Brasil proporcionam viv\u00eancias longe das multid\u00f5es e do circuito tur\u00edstico tradicional . O Brasil abriga uma diversidade de destinos pouco explorados, ideais para quem busca experi\u00eancias aut\u00eanticas e fora do circuito tradicional. Vilarejos isolados, parques estaduais e regi\u00f5es menos\u2026","rel":"","context":"Em &quot;Dicas legais&quot;","block_context":{"text":"Dicas legais","link":"https:\/\/www.visiteobrasil.com.br\/news\/dicas-legais\/"},"img":{"alt_text":"Destinos: vanessaobrzut \/ Pixabay","src":"https:\/\/i0.wp.com\/www.visiteobrasil.com.br\/news\/wp-content\/uploads\/2025\/07\/Destinos-Vanessaobrzut-Pixabay.jpg?fit=900%2C600&ssl=1&resize=350%2C200","width":350,"height":200,"srcset":"https:\/\/i0.wp.com\/www.visiteobrasil.com.br\/news\/wp-content\/uploads\/2025\/07\/Destinos-Vanessaobrzut-Pixabay.jpg?fit=900%2C600&ssl=1&resize=350%2C200 1x, https:\/\/i0.wp.com\/www.visiteobrasil.com.br\/news\/wp-content\/uploads\/2025\/07\/Destinos-Vanessaobrzut-Pixabay.jpg?fit=900%2C600&ssl=1&resize=525%2C300 1.5x, https:\/\/i0.wp.com\/www.visiteobrasil.com.br\/news\/wp-content\/uploads\/2025\/07\/Destinos-Vanessaobrzut-Pixabay.jpg?fit=900%2C600&ssl=1&resize=700%2C400 2x"},"classes":[]},{"id":13523,"url":"https:\/\/www.visiteobrasil.com.br\/news\/turismo-gastronomico-brasil-sera-sede-do-forum-mundial\/","url_meta":{"origin":13449,"position":4},"title":"Turismo Gastron\u00f4mico: Brasil ser\u00e1 sede do F\u00f3rum Mundial","author":"Ramon","date":"21 de setembro de 2025","format":false,"excerpt":"O Brasil se prepara para receber um dos eventos mais importantes do calend\u00e1rio internacional de turismo: o F\u00f3rum Mundial do Turismo Gastron\u00f4mico da ONU, marcado para 2026. Este encontro reunir\u00e1 especialistas, chefs renomados, representantes de governos e operadores do setor para debater tend\u00eancias, inova\u00e7\u00f5es e pol\u00edticas p\u00fablicas voltadas ao turismo\u2026","rel":"","context":"Em &quot;Eventos&quot;","block_context":{"text":"Eventos","link":"https:\/\/www.visiteobrasil.com.br\/news\/eventos\/"},"img":{"alt_text":"Chef brasileiro preparando prato t\u00edpico em cen\u00e1rio tur\u00edstico, com cores vibrantes e elementos culturais, representando o turismo gastron\u00f4mico.","src":"https:\/\/i0.wp.com\/www.visiteobrasil.com.br\/news\/wp-content\/uploads\/2025\/09\/Chef-brasileiro-preparando-prato-tipico.jpeg?fit=900%2C600&ssl=1&resize=350%2C200","width":350,"height":200,"srcset":"https:\/\/i0.wp.com\/www.visiteobrasil.com.br\/news\/wp-content\/uploads\/2025\/09\/Chef-brasileiro-preparando-prato-tipico.jpeg?fit=900%2C600&ssl=1&resize=350%2C200 1x, https:\/\/i0.wp.com\/www.visiteobrasil.com.br\/news\/wp-content\/uploads\/2025\/09\/Chef-brasileiro-preparando-prato-tipico.jpeg?fit=900%2C600&ssl=1&resize=525%2C300 1.5x, https:\/\/i0.wp.com\/www.visiteobrasil.com.br\/news\/wp-content\/uploads\/2025\/09\/Chef-brasileiro-preparando-prato-tipico.jpeg?fit=900%2C600&ssl=1&resize=700%2C400 2x"},"classes":[]},{"id":12962,"url":"https:\/\/www.visiteobrasil.com.br\/news\/explorando-o-turismo-em-maio-eventos-imperdiveis-em-todo-o-brasil\/","url_meta":{"origin":13449,"position":5},"title":"Explorando o Turismo em Maio: Eventos imperd\u00edveis em todo o Brasil","author":"Ramon","date":"5 de maio de 2024","format":false,"excerpt":"Maio chega repleto de atra\u00e7\u00f5es tur\u00edsticas dos quatro cantos do pa\u00eds. Este \u00e9 o m\u00eas do trabalhador, das noivas, das m\u00e3es e tamb\u00e9m de diversos eventos que impulsionam o turismo em v\u00e1rias cidades brasileiras. Do sul ao norte, do sudeste ao nordeste, passando pelo centro-oeste, o calend\u00e1rio do MTur oferece\u2026","rel":"","context":"Em &quot;Dicas legais&quot;","block_context":{"text":"Dicas legais","link":"https:\/\/www.visiteobrasil.com.br\/news\/dicas-legais\/"},"img":{"alt_text":"Evento junino, Soltando um busca-p\u00e9 - em Estancia-Se- Infonet","src":"https:\/\/i0.wp.com\/www.visiteobrasil.com.br\/news\/wp-content\/uploads\/2023\/11\/Barco-de-fogo-Turista-soltando-buscape-Infonet.jpg?fit=900%2C600&ssl=1&resize=350%2C200","width":350,"height":200,"srcset":"https:\/\/i0.wp.com\/www.visiteobrasil.com.br\/news\/wp-content\/uploads\/2023\/11\/Barco-de-fogo-Turista-soltando-buscape-Infonet.jpg?fit=900%2C600&ssl=1&resize=350%2C200 1x, https:\/\/i0.wp.com\/www.visiteobrasil.com.br\/news\/wp-content\/uploads\/2023\/11\/Barco-de-fogo-Turista-soltando-buscape-Infonet.jpg?fit=900%2C600&ssl=1&resize=525%2C300 1.5x, https:\/\/i0.wp.com\/www.visiteobrasil.com.br\/news\/wp-content\/uploads\/2023\/11\/Barco-de-fogo-Turista-soltando-buscape-Infonet.jpg?fit=900%2C600&ssl=1&resize=700%2C400 2x"},"classes":[]}],"jetpack_sharing_enabled":true,"jetpack_likes_enabled":true,"_links":{"self":[{"href":"https:\/\/www.visiteobrasil.com.br\/news\/wp-json\/wp\/v2\/posts\/13449","targetHints":{"allow":["GET"]}}],"collection":[{"href":"https:\/\/www.visiteobrasil.com.br\/news\/wp-json\/wp\/v2\/posts"}],"about":[{"href":"https:\/\/www.visiteobrasil.com.br\/news\/wp-json\/wp\/v2\/types\/post"}],"author":[{"embeddable":true,"href":"https:\/\/www.visiteobrasil.com.br\/news\/wp-json\/wp\/v2\/users\/2"}],"replies":[{"embeddable":true,"href":"https:\/\/www.visiteobrasil.com.br\/news\/wp-json\/wp\/v2\/comments?post=13449"}],"version-history":[{"count":1,"href":"https:\/\/www.visiteobrasil.com.br\/news\/wp-json\/wp\/v2\/posts\/13449\/revisions"}],"predecessor-version":[{"id":13451,"href":"https:\/\/www.visiteobrasil.com.br\/news\/wp-json\/wp\/v2\/posts\/13449\/revisions\/13451"}],"wp:featuredmedia":[{"embeddable":true,"href":"https:\/\/www.visiteobrasil.com.br\/news\/wp-json\/wp\/v2\/media\/13450"}],"wp:attachment":[{"href":"https:\/\/www.visiteobrasil.com.br\/news\/wp-json\/wp\/v2\/media?parent=13449"}],"wp:term":[{"taxonomy":"category","embeddable":true,"href":"https:\/\/www.visiteobrasil.com.br\/news\/wp-json\/wp\/v2\/categories?post=13449"},{"taxonomy":"post_tag","embeddable":true,"href":"https:\/\/www.visiteobrasil.com.br\/news\/wp-json\/wp\/v2\/tags?post=13449"}],"curies":[{"name":"wp","href":"https:\/\/api.w.org\/{rel}","templated":true}]}}