{"id":13441,"date":"2025-08-03T10:16:20","date_gmt":"2025-08-03T13:16:20","guid":{"rendered":"https:\/\/www.visiteobrasil.com.br\/news\/?p=13441"},"modified":"2025-08-03T10:16:20","modified_gmt":"2025-08-03T13:16:20","slug":"novo-fungetur","status":"publish","type":"post","link":"https:\/\/www.visiteobrasil.com.br\/news\/novo-fungetur\/","title":{"rendered":"Novo Fungetur: institui\u00e7\u00f5es t\u00eam at\u00e9 6 de agosto para se credenciar"},"content":{"rendered":"<p data-start=\"357\" data-end=\"838\">O setor tur\u00edstico brasileiro acaba de ganhar um novo f\u00f4lego com a reestrutura\u00e7\u00e3o do Fungetur \u2014 o Fundo Geral do <a href=\"https:\/\/www.visiteobrasil.com.br\/news\/o-que-levar-em-consideracao-ao-fazer-uma-viagem-de-carro-longa\/\">Turismo<\/a>. Agora chamado de <strong data-start=\"495\" data-end=\"512\">Novo Fungetur<\/strong>, o programa est\u00e1 com as portas abertas para que institui\u00e7\u00f5es financeiras se credenciem at\u00e9 o dia <strong data-start=\"610\" data-end=\"633\">6 de agosto de 2025<\/strong>. Essa \u00e9 uma oportunidade \u00fanica para bancos e cooperativas participarem diretamente da cadeia de fomento ao turismo, financiando desde pequenos empreendimentos at\u00e9 iniciativas maiores com impacto regional.<\/p>\n<p data-start=\"840\" data-end=\"1271\">Essa nova fase do fundo representa n\u00e3o s\u00f3 uma atualiza\u00e7\u00e3o operacional, mas tamb\u00e9m uma tentativa de descentralizar e democratizar o acesso ao cr\u00e9dito para micro, pequenas e m\u00e9dias empresas do setor. Para empres\u00e1rios e comunidades que vivem do turismo, o Novo Fungetur pode significar o impulso necess\u00e1rio para modernizar suas estruturas, ampliar servi\u00e7os e atrair mais visitantes \u2014 com impacto direto na gera\u00e7\u00e3o de renda e empregos.<\/p>\n<hr data-start=\"1273\" data-end=\"1276\" \/>\n<h2 data-start=\"1278\" data-end=\"1327\">O que \u00e9 o Novo Fungetur e por que ele importa?<\/h2>\n<p data-start=\"1329\" data-end=\"1654\">O <strong data-start=\"1331\" data-end=\"1348\">Novo Fungetur<\/strong> \u00e9 uma reformula\u00e7\u00e3o estrat\u00e9gica do Fundo Geral do Turismo, criado para viabilizar linhas de cr\u00e9dito voltadas exclusivamente para o setor tur\u00edstico. Com foco especial nas <strong data-start=\"1518\" data-end=\"1555\">micro, pequenas e m\u00e9dias empresas<\/strong>, o programa busca fortalecer a cadeia produtiva do turismo nacional em todas as <a href=\"https:\/\/www.visiteobrasil.com.br\/news\/regiao-nordeste\/\">regi\u00f5es do Brasil<\/a>.<\/p>\n<p data-start=\"1656\" data-end=\"1978\">A grande inova\u00e7\u00e3o est\u00e1 na amplia\u00e7\u00e3o do n\u00famero de agentes financeiros que podem operar com recursos do fundo. Ao inv\u00e9s de depender exclusivamente de grandes bancos, agora institui\u00e7\u00f5es menores \u2014 como cooperativas de cr\u00e9dito e bancos regionais \u2014 poder\u00e3o se credenciar e repassar esses recursos diretamente aos empreendedores.<\/p>\n<p data-start=\"1980\" data-end=\"2430\">Essa abordagem descentralizada \u00e9 vista como essencial para atender territ\u00f3rios menos assistidos pelos grandes centros financeiros, como pequenas cidades do interior e regi\u00f5es com alto potencial tur\u00edstico ainda inexplorado. Isso significa que uma pousada familiar em uma vila costeira ou um restaurante em uma rota hist\u00f3rica do interior poder\u00e3o ter acesso mais f\u00e1cil e r\u00e1pido ao cr\u00e9dito, com menos burocracia e mais sensibilidade \u00e0s realidades locais.<\/p>\n<hr data-start=\"2432\" data-end=\"2435\" \/>\n<h2 data-start=\"2437\" data-end=\"2499\">Como funciona o credenciamento das institui\u00e7\u00f5es financeiras<\/h2>\n<p data-start=\"2501\" data-end=\"2788\">O prazo para o credenciamento das institui\u00e7\u00f5es interessadas em operar com o <strong data-start=\"2577\" data-end=\"2594\">Novo Fungetur<\/strong> vai at\u00e9 <strong data-start=\"2603\" data-end=\"2639\">ter\u00e7a-feira, 6 de agosto de 2025<\/strong>. O processo \u00e9 conduzido pelo <strong data-start=\"2669\" data-end=\"2694\">Minist\u00e9rio do Turismo<\/strong>, que publicou um chamamento p\u00fablico com todas as regras, crit\u00e9rios e documenta\u00e7\u00e3o necess\u00e1ria.<\/p>\n<p data-start=\"2790\" data-end=\"2941\">As institui\u00e7\u00f5es financeiras que forem habilitadas atuar\u00e3o como repassadoras dos recursos do fundo. Elas poder\u00e3o oferecer cr\u00e9dito para finalidades como:<\/p>\n<ul data-start=\"2943\" data-end=\"3149\">\n<li data-start=\"2943\" data-end=\"2998\">\n<p data-start=\"2945\" data-end=\"2998\">Constru\u00e7\u00e3o e reforma de estabelecimentos tur\u00edsticos<\/p>\n<\/li>\n<li data-start=\"2999\" data-end=\"3037\">\n<p data-start=\"3001\" data-end=\"3037\">Aquisi\u00e7\u00e3o de equipamentos e m\u00f3veis<\/p>\n<\/li>\n<li data-start=\"3038\" data-end=\"3092\">\n<p data-start=\"3040\" data-end=\"3092\">Implementa\u00e7\u00e3o de acessibilidade e sustentabilidade<\/p>\n<\/li>\n<li data-start=\"3093\" data-end=\"3149\">\n<p data-start=\"3095\" data-end=\"3149\">Capital de giro para manter as atividades operacionais<\/p>\n<\/li>\n<\/ul>\n<p data-start=\"3151\" data-end=\"3374\">Segundo o minist\u00e9rio, a expectativa \u00e9 ampliar a cobertura geogr\u00e1fica do fundo e, ao mesmo tempo, garantir que as condi\u00e7\u00f5es de financiamento sejam atrativas \u2014 com <strong data-start=\"3313\" data-end=\"3335\">juros competitivos<\/strong> e <strong data-start=\"3338\" data-end=\"3373\">prazos de pagamento mais longos<\/strong>.<\/p>\n<blockquote data-start=\"3376\" data-end=\"3506\">\n<p data-start=\"3378\" data-end=\"3506\">? O edital completo do credenciamento pode ser acessado no <a class=\"cursor-pointer\" target=\"_new\" rel=\"noopener\" data-start=\"3438\" data-end=\"3505\">Portal do Minist\u00e9rio do Turismo<\/a>.<\/p>\n<\/blockquote>\n<hr data-start=\"3508\" data-end=\"3511\" \/>\n<h2 data-start=\"3513\" data-end=\"3566\">O impacto do Novo Fungetur para o turismo nacional<\/h2>\n<p data-start=\"3568\" data-end=\"3840\">A reformula\u00e7\u00e3o do Fungetur n\u00e3o acontece por acaso. O setor tur\u00edstico foi um dos mais impactados pela pandemia da Covid-19 e, embora tenha mostrado sinais de recupera\u00e7\u00e3o nos \u00faltimos anos, ainda enfrenta desafios estruturais \u2014 especialmente na retomada de pequenos neg\u00f3cios.<\/p>\n<p data-start=\"3842\" data-end=\"4029\">Com a chegada do <a href=\"https:\/\/www.gov.br\/secom\/pt-br\/acesso-a-informacao\/comunicabr\/fundo-geral-do-turismo-fungetur\" target=\"_blank\" rel=\"noopener\"><strong data-start=\"3859\" data-end=\"3876\">Novo Fungetur<\/strong><\/a>, a expectativa \u00e9 que empreendedores locais possam se reerguer, investir na profissionaliza\u00e7\u00e3o de seus servi\u00e7os e tornar seus destinos mais competitivos.<\/p>\n<p data-start=\"4031\" data-end=\"4323\">Al\u00e9m disso, h\u00e1 um potencial simb\u00f3lico envolvido: a iniciativa refor\u00e7a o papel do turismo como vetor de <strong data-start=\"4134\" data-end=\"4182\">desenvolvimento econ\u00f4mico, cultural e social<\/strong>. A presen\u00e7a de cr\u00e9dito mais acess\u00edvel pode reaquecer rotas tur\u00edsticas tradicionais, estimular novos roteiros e valorizar a cultura regional.<\/p>\n<p data-start=\"4325\" data-end=\"4684\">No portal <a class=\"cursor-pointer\" target=\"_new\" rel=\"noopener\" data-start=\"4335\" data-end=\"4453\">Visite o Brasil<\/a> \u2014 que re\u00fane informa\u00e7\u00f5es atualizadas sobre destinos e experi\u00eancias tur\u00edsticas \u2014 destaca-se, por exemplo, o crescimento do <strong data-start=\"4575\" data-end=\"4592\">turismo rural<\/strong>, um nicho que tem se consolidado e que pode ser diretamente beneficiado pelo Novo Fungetur.<\/p>\n<hr data-start=\"4686\" data-end=\"4689\" \/>\n<h2 data-start=\"4691\" data-end=\"4747\">Perspectivas futuras: quem ganha com o Novo Fungetur?<\/h2>\n<p data-start=\"4749\" data-end=\"4980\">O Novo Fungetur marca uma mudan\u00e7a de paradigma na forma como o Brasil lida com o financiamento do turismo. A expectativa \u00e9 de que, ao ampliar o leque de agentes financeiros, a capilaridade do programa se expanda significativamente.<\/p>\n<p data-start=\"4982\" data-end=\"5002\">Quem ganha com isso?<\/p>\n<ul data-start=\"5004\" data-end=\"5323\">\n<li data-start=\"5004\" data-end=\"5071\">\n<p data-start=\"5006\" data-end=\"5071\"><strong data-start=\"5006\" data-end=\"5031\">Empreendedores locais<\/strong>, que ter\u00e3o mais op\u00e7\u00f5es de financiamento<\/p>\n<\/li>\n<li data-start=\"5072\" data-end=\"5127\">\n<p data-start=\"5074\" data-end=\"5127\"><strong data-start=\"5074\" data-end=\"5100\">Comunidades tur\u00edsticas<\/strong>, com mais empregos e renda<\/p>\n<\/li>\n<li data-start=\"5128\" data-end=\"5214\">\n<p data-start=\"5130\" data-end=\"5214\"><strong data-start=\"5130\" data-end=\"5142\">Turistas<\/strong>, que encontrar\u00e3o servi\u00e7os mais estruturados e experi\u00eancias qualificadas<\/p>\n<\/li>\n<li data-start=\"5215\" data-end=\"5323\">\n<p data-start=\"5217\" data-end=\"5323\"><strong data-start=\"5217\" data-end=\"5245\">Institui\u00e7\u00f5es financeiras<\/strong>, que diversificam seu portf\u00f3lio de atua\u00e7\u00e3o e fortalecem sua presen\u00e7a regional<\/p>\n<\/li>\n<\/ul>\n<p data-start=\"5325\" data-end=\"5610\">Outro ponto positivo \u00e9 a abertura para projetos que incentivem <strong data-start=\"5388\" data-end=\"5435\">inova\u00e7\u00e3o, acessibilidade e sustentabilidade<\/strong> \u2014 crit\u00e9rios que tendem a ganhar for\u00e7a nos pr\u00f3ximos anos. O turismo respons\u00e1vel, inclusivo e verde pode ser um dos grandes benefici\u00e1rios desta nova abordagem de financiamento.<\/p>\n<hr data-start=\"5612\" data-end=\"5615\" \/>\n<h2 data-start=\"5617\" data-end=\"5629\">Conclus\u00e3o<\/h2>\n<p data-start=\"5631\" data-end=\"5999\">O <strong data-start=\"5633\" data-end=\"5650\">Novo Fungetur<\/strong> n\u00e3o \u00e9 apenas uma reformula\u00e7\u00e3o t\u00e9cnica \u2014 \u00e9 uma janela de oportunidade para transformar o <a href=\"https:\/\/www.visiteobrasil.com.br\/news\/dicas-essenciais-para-viajar-com-gatos\/\">turismo brasileiro<\/a> em um motor ainda mais din\u00e2mico de desenvolvimento. O credenciamento de institui\u00e7\u00f5es financeiras at\u00e9 o dia <strong data-start=\"5865\" data-end=\"5888\">6 de agosto de 2025<\/strong> \u00e9 o primeiro passo de um processo que pode beneficiar milhares de empreendimentos em todas as regi\u00f5es do pa\u00eds.<\/p>\n<p data-start=\"6001\" data-end=\"6277\">A abertura para novos agentes financeiros sinaliza um compromisso real com a descentraliza\u00e7\u00e3o e o fortalecimento da economia local. Para quem vive do turismo, ou acredita nele como pilar estrat\u00e9gico para o futuro do Brasil, vale acompanhar de perto cada etapa dessa nova fase.<\/p>\n","protected":false},"excerpt":{"rendered":"<p>O setor tur\u00edstico brasileiro acaba de ganhar um novo f\u00f4lego com a reestrutura\u00e7\u00e3o do Fungetur \u2014 o Fundo Geral do Turismo. Agora chamado de Novo Fungetur, o programa est\u00e1 com as portas abertas para que institui\u00e7\u00f5es financeiras se credenciem at\u00e9 o dia 6 de agosto de 2025. Essa \u00e9 uma oportunidade \u00fanica para bancos e [&hellip;]<\/p>\n","protected":false},"author":2,"featured_media":11971,"comment_status":"open","ping_status":"open","sticky":false,"template":"","format":"standard","meta":{"_jetpack_memberships_contains_paid_content":false,"footnotes":"","jetpack_publicize_message":"","jetpack_publicize_feature_enabled":true,"jetpack_social_post_already_shared":true,"jetpack_social_options":{"image_generator_settings":{"template":"highway","default_image_id":0,"font":"","enabled":false},"version":2}},"categories":[701],"tags":[639,887,885,886,888,108],"class_list":["post-13441","post","type-post","status-publish","format-standard","has-post-thumbnail","hentry","category-noticias","tag-brasil","tag-desenvolvimento-regional","tag-financiamento","tag-fungetur","tag-pequenas-empresas","tag-turismo"],"jetpack_publicize_connections":[],"jetpack_featured_media_url":"https:\/\/i0.wp.com\/www.visiteobrasil.com.br\/news\/wp-content\/uploads\/2024\/03\/Ilha-de-Mare-1.jpg?fit=900%2C611&ssl=1","jetpack-related-posts":[{"id":13016,"url":"https:\/\/www.visiteobrasil.com.br\/news\/inovacao-e-crescimento-novo-fungetur-eleva-o-potencial-turistico-de-sergipe\/","url_meta":{"origin":13441,"position":0},"title":"Inova\u00e7\u00e3o e Crescimento: Novo Fungetur Eleva o Potencial Tur\u00edstico de Sergipe","author":"Ramon","date":"22 de junho de 2024","format":false,"excerpt":"Introdu\u00e7\u00e3o do Novo Fungetur em Sergipe O Minist\u00e9rio do Turismo est\u00e1 promovendo o Novo Fungetur em Sergipe com iniciativas significativas para fortalecer o setor tur\u00edstico local. Na capital do estado, o Secret\u00e1rio Nacional de Infraestrutura detalhou os benef\u00edcios dessa linha de cr\u00e9dito, especialmente direcionada para micro, pequenas e m\u00e9dias empresas\u2026","rel":"","context":"Em &quot;Artigos&quot;","block_context":{"text":"Artigos","link":"https:\/\/www.visiteobrasil.com.br\/news\/artigos\/"},"img":{"alt_text":"Novo Fungetur - Canind\u00e9 do S\u00e3o Francisco - Se","src":"https:\/\/i0.wp.com\/www.visiteobrasil.com.br\/news\/wp-content\/uploads\/2024\/06\/caninde-do-sao-francisco-canionsnoriosaofrancisco-foto-clefersoncomarelalicenca-cc-by-sa-30gr.jpg?fit=850%2C566&ssl=1&resize=350%2C200","width":350,"height":200,"srcset":"https:\/\/i0.wp.com\/www.visiteobrasil.com.br\/news\/wp-content\/uploads\/2024\/06\/caninde-do-sao-francisco-canionsnoriosaofrancisco-foto-clefersoncomarelalicenca-cc-by-sa-30gr.jpg?fit=850%2C566&ssl=1&resize=350%2C200 1x, https:\/\/i0.wp.com\/www.visiteobrasil.com.br\/news\/wp-content\/uploads\/2024\/06\/caninde-do-sao-francisco-canionsnoriosaofrancisco-foto-clefersoncomarelalicenca-cc-by-sa-30gr.jpg?fit=850%2C566&ssl=1&resize=525%2C300 1.5x, https:\/\/i0.wp.com\/www.visiteobrasil.com.br\/news\/wp-content\/uploads\/2024\/06\/caninde-do-sao-francisco-canionsnoriosaofrancisco-foto-clefersoncomarelalicenca-cc-by-sa-30gr.jpg?fit=850%2C566&ssl=1&resize=700%2C400 2x"},"classes":[]},{"id":12964,"url":"https:\/\/www.visiteobrasil.com.br\/news\/medidas-emergenciais-para-apoio-ao-turismo-afetado-pelas-chuvas-no-rs\/","url_meta":{"origin":13441,"position":1},"title":"Medidas emergenciais para apoio ao turismo afetado pelas chuvas no RS","author":"Ramon","date":"12 de maio de 2024","format":false,"excerpt":"Medidas Emergenciais para Recupera\u00e7\u00e3o O Minist\u00e9rio do Turismo (MTur) adota medidas emergenciais para auxiliar empreendedores do setor tur\u00edstico no Rio Grande do Sul, afetados pelos danos das recentes chuvas. Em uma a\u00e7\u00e3o r\u00e1pida, uma portaria extraordin\u00e1ria publicada no Di\u00e1rio Oficial da Uni\u00e3o abre caminho para facilitar o acesso a cr\u00e9ditos\u2026","rel":"","context":"Em &quot;Noticias&quot;","block_context":{"text":"Noticias","link":"https:\/\/www.visiteobrasil.com.br\/news\/noticias\/"},"img":{"alt_text":"Medidas emergenciais - Enchentes no Rio Grande do Sul-Credito-Ricardo Stuckert-PR","src":"https:\/\/i0.wp.com\/www.visiteobrasil.com.br\/news\/wp-content\/uploads\/2024\/05\/Enchentes-no-Rio-Grande-do-Sul-Credito-Ricardo-Stuckert-PR.jpeg?fit=900%2C600&ssl=1&resize=350%2C200","width":350,"height":200,"srcset":"https:\/\/i0.wp.com\/www.visiteobrasil.com.br\/news\/wp-content\/uploads\/2024\/05\/Enchentes-no-Rio-Grande-do-Sul-Credito-Ricardo-Stuckert-PR.jpeg?fit=900%2C600&ssl=1&resize=350%2C200 1x, https:\/\/i0.wp.com\/www.visiteobrasil.com.br\/news\/wp-content\/uploads\/2024\/05\/Enchentes-no-Rio-Grande-do-Sul-Credito-Ricardo-Stuckert-PR.jpeg?fit=900%2C600&ssl=1&resize=525%2C300 1.5x, https:\/\/i0.wp.com\/www.visiteobrasil.com.br\/news\/wp-content\/uploads\/2024\/05\/Enchentes-no-Rio-Grande-do-Sul-Credito-Ricardo-Stuckert-PR.jpeg?fit=900%2C600&ssl=1&resize=700%2C400 2x"},"classes":[]},{"id":12520,"url":"https:\/\/www.visiteobrasil.com.br\/news\/aperfeicoamento-da-lei-do-turismo-uma-necessidade-crucial-para-o-setor\/","url_meta":{"origin":13441,"position":2},"title":"Aperfei\u00e7oamento da Lei do Turismo: Uma necessidade crucial para o setor","author":"Ramon","date":"11 de mar\u00e7o de 2024","format":false,"excerpt":"Esfor\u00e7os Conjuntos para Atualiza\u00e7\u00e3o Legislativa O Minist\u00e9rio do Turismo tem dedicado esfor\u00e7os significativos em colabora\u00e7\u00e3o com o Legislativo Federal para a atualiza\u00e7\u00e3o da Lei do Turismo n\u00ba 11.771, de 17 de setembro de 2008, que estabelece a Pol\u00edtica Nacional do Turismo. Esta iniciativa \u00e9 crucial, pois a revis\u00e3o da lei\u2026","rel":"","context":"Em &quot;Noticias&quot;","block_context":{"text":"Noticias","link":"https:\/\/www.visiteobrasil.com.br\/news\/noticias\/"},"img":{"alt_text":"Lei do turismo - Trem de passageiros, Esta\u00e7\u00e3o ferrociaria. Foto: Liliana Drew (Pexels)","src":"https:\/\/i0.wp.com\/www.visiteobrasil.com.br\/news\/wp-content\/uploads\/2024\/01\/pexels-marcos-araujo-1824169.jpg?fit=900%2C600&ssl=1&resize=350%2C200","width":350,"height":200,"srcset":"https:\/\/i0.wp.com\/www.visiteobrasil.com.br\/news\/wp-content\/uploads\/2024\/01\/pexels-marcos-araujo-1824169.jpg?fit=900%2C600&ssl=1&resize=350%2C200 1x, https:\/\/i0.wp.com\/www.visiteobrasil.com.br\/news\/wp-content\/uploads\/2024\/01\/pexels-marcos-araujo-1824169.jpg?fit=900%2C600&ssl=1&resize=525%2C300 1.5x, https:\/\/i0.wp.com\/www.visiteobrasil.com.br\/news\/wp-content\/uploads\/2024\/01\/pexels-marcos-araujo-1824169.jpg?fit=900%2C600&ssl=1&resize=700%2C400 2x"},"classes":[]},{"id":13324,"url":"https:\/\/www.visiteobrasil.com.br\/news\/brasileiros-escolhem-explorar-o-proprio-pais-em-2025-aponta-pesquisa\/","url_meta":{"origin":13441,"position":3},"title":"Brasileiros escolhem explorar o pr\u00f3prio pa\u00eds em 2025, aponta pesquisa","author":"Ramon","date":"27 de abril de 2025","format":false,"excerpt":"Em 2025, os brasileiros est\u00e3o cada vez mais voltados para o turismo nacional. Uma pesquisa realizada pela plataforma Booking.com revelou que 58% dos viajantes do pa\u00eds preferem explorar destinos dentro do Brasil, em vez de optar por viagens internacionais para a Europa ou Am\u00e9rica do Norte. O levantamento destacou que\u2026","rel":"","context":"Em &quot;Noticias&quot;","block_context":{"text":"Noticias","link":"https:\/\/www.visiteobrasil.com.br\/news\/noticias\/"},"img":{"alt_text":"Novo fungetur: . Novo Pier em Ilha de Mar\u00e9","src":"https:\/\/i0.wp.com\/www.visiteobrasil.com.br\/news\/wp-content\/uploads\/2024\/03\/Ilha-de-Mare-1.jpg?fit=900%2C611&ssl=1&resize=350%2C200","width":350,"height":200,"srcset":"https:\/\/i0.wp.com\/www.visiteobrasil.com.br\/news\/wp-content\/uploads\/2024\/03\/Ilha-de-Mare-1.jpg?fit=900%2C611&ssl=1&resize=350%2C200 1x, https:\/\/i0.wp.com\/www.visiteobrasil.com.br\/news\/wp-content\/uploads\/2024\/03\/Ilha-de-Mare-1.jpg?fit=900%2C611&ssl=1&resize=525%2C300 1.5x, https:\/\/i0.wp.com\/www.visiteobrasil.com.br\/news\/wp-content\/uploads\/2024\/03\/Ilha-de-Mare-1.jpg?fit=900%2C611&ssl=1&resize=700%2C400 2x"},"classes":[]},{"id":13553,"url":"https:\/\/www.visiteobrasil.com.br\/news\/atrativos-culturais-sao-foco-de-novo-curso-do-ministerio-do-turismo\/","url_meta":{"origin":13441,"position":4},"title":"Atrativos culturais s\u00e3o foco de novo curso do Minist\u00e9rio do Turismo","author":"Ramon","date":"12 de outubro de 2025","format":false,"excerpt":"O Minist\u00e9rio do Turismo anunciou a abertura de inscri\u00e7\u00f5es para o novo curso de especializa\u00e7\u00e3o em atrativos culturais, voltado exclusivamente a guias regionais da regi\u00e3o Sudeste. Ao todo, s\u00e3o 215 vagas dispon\u00edveis, e as inscri\u00e7\u00f5es seguem at\u00e9 11 de outubro de 2025.A iniciativa integra o programa nacional de qualifica\u00e7\u00e3o do\u2026","rel":"","context":"Em &quot;Eventos&quot;","block_context":{"text":"Eventos","link":"https:\/\/www.visiteobrasil.com.br\/news\/eventos\/"},"img":{"alt_text":"Curso atrativos culturais","src":"https:\/\/i0.wp.com\/www.visiteobrasil.com.br\/news\/wp-content\/uploads\/2025\/10\/curso-atrativos-culturais.png?fit=900%2C600&ssl=1&resize=350%2C200","width":350,"height":200,"srcset":"https:\/\/i0.wp.com\/www.visiteobrasil.com.br\/news\/wp-content\/uploads\/2025\/10\/curso-atrativos-culturais.png?fit=900%2C600&ssl=1&resize=350%2C200 1x, https:\/\/i0.wp.com\/www.visiteobrasil.com.br\/news\/wp-content\/uploads\/2025\/10\/curso-atrativos-culturais.png?fit=900%2C600&ssl=1&resize=525%2C300 1.5x, https:\/\/i0.wp.com\/www.visiteobrasil.com.br\/news\/wp-content\/uploads\/2025\/10\/curso-atrativos-culturais.png?fit=900%2C600&ssl=1&resize=700%2C400 2x"},"classes":[]},{"id":13613,"url":"https:\/\/www.visiteobrasil.com.br\/news\/empregos-em-2025\/","url_meta":{"origin":13441,"position":5},"title":"Empregos em 2025: Turismo supera 1,5 milh\u00e3o de contrata\u00e7\u00f5es no setor","author":"Ramon","date":"14 de dezembro de 2025","format":false,"excerpt":"Em 2025, o setor de turismo no Brasil alcan\u00e7ou um marco importante: mais de 1,5 milh\u00e3o de contrata\u00e7\u00f5es formais, um n\u00famero que representa uma significativa recupera\u00e7\u00e3o e crescimento para a economia nacional. Com o aumento da demanda por servi\u00e7os de hospedagem, alimenta\u00e7\u00e3o e atra\u00e7\u00f5es tur\u00edsticas, o turismo se consolidou como\u2026","rel":"","context":"Em &quot;Gastronomia&quot;","block_context":{"text":"Gastronomia","link":"https:\/\/www.visiteobrasil.com.br\/news\/gastronomia\/"},"img":{"alt_text":"Empregos em 2025 - Funcionarias felizes","src":"https:\/\/i0.wp.com\/www.visiteobrasil.com.br\/news\/wp-content\/uploads\/2025\/12\/empregos-2025.png?fit=900%2C600&ssl=1&resize=350%2C200","width":350,"height":200,"srcset":"https:\/\/i0.wp.com\/www.visiteobrasil.com.br\/news\/wp-content\/uploads\/2025\/12\/empregos-2025.png?fit=900%2C600&ssl=1&resize=350%2C200 1x, https:\/\/i0.wp.com\/www.visiteobrasil.com.br\/news\/wp-content\/uploads\/2025\/12\/empregos-2025.png?fit=900%2C600&ssl=1&resize=525%2C300 1.5x, https:\/\/i0.wp.com\/www.visiteobrasil.com.br\/news\/wp-content\/uploads\/2025\/12\/empregos-2025.png?fit=900%2C600&ssl=1&resize=700%2C400 2x"},"classes":[]}],"jetpack_sharing_enabled":true,"jetpack_likes_enabled":true,"_links":{"self":[{"href":"https:\/\/www.visiteobrasil.com.br\/news\/wp-json\/wp\/v2\/posts\/13441","targetHints":{"allow":["GET"]}}],"collection":[{"href":"https:\/\/www.visiteobrasil.com.br\/news\/wp-json\/wp\/v2\/posts"}],"about":[{"href":"https:\/\/www.visiteobrasil.com.br\/news\/wp-json\/wp\/v2\/types\/post"}],"author":[{"embeddable":true,"href":"https:\/\/www.visiteobrasil.com.br\/news\/wp-json\/wp\/v2\/users\/2"}],"replies":[{"embeddable":true,"href":"https:\/\/www.visiteobrasil.com.br\/news\/wp-json\/wp\/v2\/comments?post=13441"}],"version-history":[{"count":1,"href":"https:\/\/www.visiteobrasil.com.br\/news\/wp-json\/wp\/v2\/posts\/13441\/revisions"}],"predecessor-version":[{"id":13442,"href":"https:\/\/www.visiteobrasil.com.br\/news\/wp-json\/wp\/v2\/posts\/13441\/revisions\/13442"}],"wp:featuredmedia":[{"embeddable":true,"href":"https:\/\/www.visiteobrasil.com.br\/news\/wp-json\/wp\/v2\/media\/11971"}],"wp:attachment":[{"href":"https:\/\/www.visiteobrasil.com.br\/news\/wp-json\/wp\/v2\/media?parent=13441"}],"wp:term":[{"taxonomy":"category","embeddable":true,"href":"https:\/\/www.visiteobrasil.com.br\/news\/wp-json\/wp\/v2\/categories?post=13441"},{"taxonomy":"post_tag","embeddable":true,"href":"https:\/\/www.visiteobrasil.com.br\/news\/wp-json\/wp\/v2\/tags?post=13441"}],"curies":[{"name":"wp","href":"https:\/\/api.w.org\/{rel}","templated":true}]}}