{"id":13421,"date":"2025-07-13T10:05:54","date_gmt":"2025-07-13T13:05:54","guid":{"rendered":"https:\/\/www.visiteobrasil.com.br\/news\/?p=13421"},"modified":"2025-07-13T10:05:54","modified_gmt":"2025-07-13T13:05:54","slug":"seu-paraiso-a-beira-mar","status":"publish","type":"post","link":"https:\/\/www.visiteobrasil.com.br\/news\/seu-paraiso-a-beira-mar\/","title":{"rendered":"Praias brasileiras ganham prest\u00edgio internacional e atraem olhares do mundo"},"content":{"rendered":"<h2 data-start=\"484\" data-end=\"586\"><strong data-start=\"487\" data-end=\"586\">Belezas naturais, hospitalidade e sustentabilidade elevam litoral brasileiro a destaque mundial<\/strong><\/h2>\n<p data-start=\"588\" data-end=\"1025\">As praias do Brasil sempre foram motivo de orgulho nacional. Com um litoral que se estende por mais de 7 mil quil\u00f4metros, o pa\u00eds abriga uma diversidade impressionante de paisagens, ecossistemas e experi\u00eancias litor\u00e2neas. E esse patrim\u00f4nio natural acaba de receber mais um reconhecimento global: um levantamento recente classificou dezenas de praias brasileiras entre as mais bem avaliadas do mundo, com destaque nas Am\u00e9ricas e na Europa.<\/p>\n<p data-start=\"1027\" data-end=\"1348\">Mais do que um pr\u00eamio est\u00e9tico, o reconhecimento internacional ressalta o avan\u00e7o do pa\u00eds em termos de <a href=\"https:\/\/www.visiteobrasil.com.br\/news\/dicas-essenciais-para-viajar-com-gatos\/\">turismo<\/a> sustent\u00e1vel, infraestrutura e valoriza\u00e7\u00e3o das comunidades locais. Ao combinar belezas naturais com gest\u00e3o ambiental e cultural, o Brasil consolida seu espa\u00e7o entre os principais destinos de sol e mar do planeta.<\/p>\n<hr data-start=\"1350\" data-end=\"1353\" \/>\n<h2 data-start=\"1355\" data-end=\"1417\"><strong data-start=\"1358\" data-end=\"1417\">A for\u00e7a das melhores praias do Brasil no cen\u00e1rio global<\/strong><\/h2>\n<p data-start=\"1419\" data-end=\"1841\">Praias de \u00e1guas esverdeadas, cercadas por fal\u00e9sias, mata atl\u00e2ntica ou dunas douradas. Outras, com mar aberto e ondas fortes, ideais para o surfe. Algumas quase desertas, outras vibrantes e urbanas. A variedade das <strong data-start=\"1633\" data-end=\"1662\">melhores praias do Brasil<\/strong> \u00e9 uma das maiores riquezas do pa\u00eds, e isso ficou evidente no ranking divulgado por especialistas internacionais, que avaliam n\u00e3o apenas o apelo visual, mas tamb\u00e9m crit\u00e9rios como:<\/p>\n<ul data-start=\"1843\" data-end=\"2044\">\n<li data-start=\"1843\" data-end=\"1883\">\n<p data-start=\"1845\" data-end=\"1883\">Qualidade da \u00e1gua e limpeza da areia<\/p>\n<\/li>\n<li data-start=\"1884\" data-end=\"1935\">\n<p data-start=\"1886\" data-end=\"1935\">Gest\u00e3o ambiental e conserva\u00e7\u00e3o dos ecossistemas<\/p>\n<\/li>\n<li data-start=\"1936\" data-end=\"1969\">\n<p data-start=\"1938\" data-end=\"1969\">Estrutura de apoio ao turista<\/p>\n<\/li>\n<li data-start=\"1970\" data-end=\"2000\">\n<p data-start=\"1972\" data-end=\"2000\">Acessibilidade e seguran\u00e7a<\/p>\n<\/li>\n<li data-start=\"2001\" data-end=\"2044\">\n<p data-start=\"2003\" data-end=\"2044\">Inclus\u00e3o de comunidades locais no turismo<\/p>\n<\/li>\n<\/ul>\n<p data-start=\"2046\" data-end=\"2325\">Ao todo, praias de pelo menos nove estados brasileiros foram reconhecidas por atenderem a padr\u00f5es internacionais de excel\u00eancia. Um sinal de que o Brasil vai muito al\u00e9m da imagem cl\u00e1ssica de &#8220;sol e samba&#8221;: \u00e9 tamb\u00e9m um destino comprometido com a preserva\u00e7\u00e3o e o turismo consciente.<\/p>\n<hr data-start=\"2327\" data-end=\"2330\" \/>\n<h2 data-start=\"2332\" data-end=\"2383\"><strong data-start=\"2335\" data-end=\"2383\">Pontos de destaque: do Nordeste \u00e0 Regi\u00e3o Sul<\/strong><\/h2>\n<p data-start=\"2385\" data-end=\"2560\">O ranking confirmou o que muitos viajantes j\u00e1 sabem: o Brasil \u00e9 um verdadeiro mosaico de para\u00edsos naturais. No topo da lista das praias mais bem avaliadas, figuram joias como:<\/p>\n<h3 data-start=\"2562\" data-end=\"2612\"><strong data-start=\"2566\" data-end=\"2610\">Ba\u00eda do Sancho (Fernando de Noronha, PE)<\/strong><\/h3>\n<p data-start=\"2613\" data-end=\"2829\">Frequentemente listada entre as praias mais bonitas do mundo, o Sancho \u00e9 um espet\u00e1culo de biodiversidade e beleza. A \u00e1gua cristalina, os pared\u00f5es de pedra e a vida marinha abundante fazem dela um santu\u00e1rio ecol\u00f3gico.<\/p>\n<h3 data-start=\"2831\" data-end=\"2865\"><strong data-start=\"2835\" data-end=\"2863\">Praia do Espelho (Bahia)<\/strong><\/h3>\n<p data-start=\"2866\" data-end=\"3031\">Tranquila, cercada por fal\u00e9sias e com uma das paisagens mais buc\u00f3licas do litoral baiano. Seu charme r\u00fastico e exclusivo atrai casais e viajantes que buscam sossego.<\/p>\n<h3 data-start=\"3033\" data-end=\"3082\"><strong data-start=\"3037\" data-end=\"3080\">Pontal do Atalaia (Arraial do Cabo, RJ)<\/strong><\/h3>\n<p data-start=\"3083\" data-end=\"3280\">Com acesso por escadaria em meio \u00e0s dunas, a praia impressiona pela tonalidade azul-turquesa do mar. O contraste entre o cen\u00e1rio natural e a boa estrutura para o visitante garante sua popularidade.<\/p>\n<h3 data-start=\"3282\" data-end=\"3320\"><strong data-start=\"3286\" data-end=\"3318\">Praia do Rosa (Imbituba, SC)<\/strong><\/h3>\n<p data-start=\"3321\" data-end=\"3498\">Um destino querido pelos surfistas e praticantes do turismo ecol\u00f3gico. Rodeada por morros verdes e trilhas, tamb\u00e9m \u00e9 ponto de observa\u00e7\u00e3o de baleias-francas, durante a temporada.<\/p>\n<p data-start=\"3500\" data-end=\"3751\">Esses exemplos representam apenas uma fra\u00e7\u00e3o da riqueza natural do pa\u00eds. Lugares como Jericoacoara (CE), <a href=\"https:\/\/www.visiteobrasil.com.br\/nordeste\/bahia\">Praia do Forte (BA),<\/a> Maragogi (AL), Ilha do Mel (PR) e Guarda do Emba\u00fa (SC) tamb\u00e9m foram mencionados por sua beleza e avan\u00e7os em sustentabilidade.<\/p>\n<hr data-start=\"3753\" data-end=\"3756\" \/>\n<h2 data-start=\"3758\" data-end=\"3831\"><strong data-start=\"3761\" data-end=\"3831\">Turismo consciente: o diferencial que coloca o Brasil na vanguarda<\/strong><\/h2>\n<p data-start=\"3833\" data-end=\"4070\">O que diferencia o Brasil no cen\u00e1rio internacional n\u00e3o \u00e9 apenas a est\u00e9tica das praias, mas a evolu\u00e7\u00e3o no modo de cuidar delas. Nos \u00faltimos anos, o pa\u00eds tem se esfor\u00e7ado para profissionalizar o setor tur\u00edstico e preservar o meio ambiente.<\/p>\n<p data-start=\"4072\" data-end=\"4359\">A amplia\u00e7\u00e3o de iniciativas como o <strong data-start=\"4106\" data-end=\"4132\">Programa Bandeira Azul<\/strong>, que certifica praias com alto n\u00edvel de gest\u00e3o ambiental, seguran\u00e7a e qualidade da \u00e1gua, \u00e9 um reflexo disso. Atualmente, dezenas de praias brasileiras contam com esse selo, tornando-se refer\u00eancia global de turismo sustent\u00e1vel.<\/p>\n<p data-start=\"4361\" data-end=\"4613\">Al\u00e9m disso, projetos de educa\u00e7\u00e3o ambiental, uso consciente da faixa costeira e envolvimento da popula\u00e7\u00e3o local t\u00eam transformado a rela\u00e7\u00e3o entre turismo e meio ambiente. As melhores praias do Brasil, hoje, n\u00e3o s\u00e3o apenas belas \u2014 s\u00e3o tamb\u00e9m bem cuidadas.<\/p>\n<hr data-start=\"4615\" data-end=\"4618\" \/>\n<h2 data-start=\"4620\" data-end=\"4657\"><strong data-start=\"4623\" data-end=\"4657\">Valoriza\u00e7\u00e3o econ\u00f4mica e social<\/strong><\/h2>\n<p data-start=\"4659\" data-end=\"4945\">Com esse reconhecimento internacional, as praias brasileiras passam a ocupar lugar de destaque nos roteiros tur\u00edsticos do mundo. Isso representa uma enorme oportunidade econ\u00f4mica, especialmente para pequenas cidades litor\u00e2neas que dependem do turismo como principal atividade econ\u00f4mica.<\/p>\n<p data-start=\"4947\" data-end=\"5197\">Empregos diretos e indiretos s\u00e3o gerados, da hotelaria \u00e0 gastronomia, do artesanato ao transporte. Mas mais do que movimentar a economia, o turismo costeiro tem o poder de promover desenvolvimento com identidade cultural e responsabilidade ambiental.<\/p>\n<p data-start=\"5199\" data-end=\"5394\">Ao valorizar o que \u00e9 local \u2014 seja um prato t\u00edpico, uma festa tradicional ou um passeio com guia comunit\u00e1rio \u2014 o turista participa ativamente da conserva\u00e7\u00e3o do destino e do bem-estar da popula\u00e7\u00e3o.<\/p>\n<hr data-start=\"5396\" data-end=\"5399\" \/>\n<h2 data-start=\"5401\" data-end=\"5440\"><strong data-start=\"5404\" data-end=\"5440\">Desafios para manter o prest\u00edgio<\/strong><\/h2>\n<p data-start=\"5442\" data-end=\"5724\">Apesar dos avan\u00e7os, o Brasil ainda enfrenta desafios importantes. A conserva\u00e7\u00e3o ambiental precisa estar no centro das pol\u00edticas p\u00fablicas. A superlota\u00e7\u00e3o em alta temporada, o descarte irregular de res\u00edduos e a ocupa\u00e7\u00e3o desordenada do litoral amea\u00e7am a integridade de muitos destinos.<\/p>\n<p data-start=\"5726\" data-end=\"5967\">Outro ponto crucial \u00e9 a democratiza\u00e7\u00e3o do acesso. \u00c9 necess\u00e1rio garantir que pessoas com defici\u00eancia, idosos e moradores locais possam usufruir dos espa\u00e7os de forma digna e segura. Um turismo realmente sustent\u00e1vel \u00e9, acima de tudo, inclusivo.<\/p>\n<p data-start=\"5969\" data-end=\"6133\">Investir em infraestrutura b\u00e1sica, saneamento e educa\u00e7\u00e3o tur\u00edstica s\u00e3o passos essenciais para que o Brasil continue figurando entre os l\u00edderes mundiais nesse setor.<\/p>\n<hr data-start=\"6135\" data-end=\"6138\" \/>\n<h2 data-start=\"6140\" data-end=\"6200\"><strong data-start=\"6143\" data-end=\"6200\">Conclus\u00e3o: o Brasil \u00e0 beira-mar que o mundo reconhece<\/strong><\/h2>\n<p data-start=\"6202\" data-end=\"6499\">Ser reconhecido por suas praias n\u00e3o \u00e9 novidade para o Brasil. Mas ver tantas delas destacadas em rankings internacionais, com crit\u00e9rios que v\u00e3o al\u00e9m da beleza, \u00e9 um sinal de maturidade. Significa que estamos cuidando melhor do que temos de mais valioso: nossa natureza, nossa cultura e nosso povo.<\/p>\n<p data-start=\"6501\" data-end=\"6727\">As <a href=\"https:\/\/www.gov.br\/turismo\/pt-br\/assuntos\/noticias\/turismo-brasileiro-registra-o-dobro-do-crescimento-do-setor-de-servicos-em-12-meses-ate-maio\" target=\"_blank\" rel=\"noopener\"><strong data-start=\"6504\" data-end=\"6533\">melhores praias do Brasil<\/strong><\/a> est\u00e3o prontas para receber o mundo \u2014 mas com consci\u00eancia, responsabilidade e respeito. Para turistas, a mensagem \u00e9 clara: n\u00e3o \u00e9 preciso atravessar oceanos para viver experi\u00eancias inesquec\u00edveis.<\/p>\n","protected":false},"excerpt":{"rendered":"<p>Belezas naturais, hospitalidade e sustentabilidade elevam litoral brasileiro a destaque mundial As praias do Brasil sempre foram motivo de orgulho nacional. Com um litoral que se estende por mais de 7 mil quil\u00f4metros, o pa\u00eds abriga uma diversidade impressionante de paisagens, ecossistemas e experi\u00eancias litor\u00e2neas. E esse patrim\u00f4nio natural acaba de receber mais um reconhecimento [&hellip;]<\/p>\n","protected":false},"author":2,"featured_media":13422,"comment_status":"open","ping_status":"open","sticky":false,"template":"","format":"standard","meta":{"_jetpack_memberships_contains_paid_content":false,"footnotes":"","jetpack_publicize_message":"","jetpack_publicize_feature_enabled":true,"jetpack_social_post_already_shared":true,"jetpack_social_options":{"image_generator_settings":{"template":"highway","default_image_id":0,"font":"","enabled":false},"version":2}},"categories":[751,752,701],"tags":[],"class_list":["post-13421","post","type-post","status-publish","format-standard","has-post-thumbnail","hentry","category-curiosidades","category-meio-ambiente","category-noticias"],"jetpack_publicize_connections":[],"jetpack_featured_media_url":"https:\/\/i0.wp.com\/www.visiteobrasil.com.br\/news\/wp-content\/uploads\/2025\/07\/praias-do-brasil.jpeg?fit=900%2C600&ssl=1","jetpack-related-posts":[{"id":13443,"url":"https:\/\/www.visiteobrasil.com.br\/news\/praias-brasileiras\/","url_meta":{"origin":13421,"position":0},"title":"Praias brasileiras ganham destaque entre as melhores do mundo","author":"Ramon","date":"3 de agosto de 2025","format":false,"excerpt":"No dia 30 de julho de 2025, o Brasil teve mais uma prova do seu imenso potencial tur\u00edstico. Duas praias brasileiras \u2014 Ipanema (RJ) e Muro Alto (PE) \u2014 foram oficialmente reconhecidas como algumas das melhores do mundo segundo o Tripadvisor, uma das plataformas de turismo mais respeitadas entre viajantes\u2026","rel":"","context":"Em &quot;Noticias&quot;","block_context":{"text":"Noticias","link":"https:\/\/www.visiteobrasil.com.br\/news\/noticias\/"},"img":{"alt_text":"Praias brasileiras: Ilha dos Frades - Praia de Ponta de Nossa Senhora","src":"https:\/\/i0.wp.com\/www.visiteobrasil.com.br\/news\/wp-content\/uploads\/2023\/11\/Praia-de-Ponta-de-Nossa-Senhora2.jpg?fit=900%2C599&ssl=1&resize=350%2C200","width":350,"height":200,"srcset":"https:\/\/i0.wp.com\/www.visiteobrasil.com.br\/news\/wp-content\/uploads\/2023\/11\/Praia-de-Ponta-de-Nossa-Senhora2.jpg?fit=900%2C599&ssl=1&resize=350%2C200 1x, https:\/\/i0.wp.com\/www.visiteobrasil.com.br\/news\/wp-content\/uploads\/2023\/11\/Praia-de-Ponta-de-Nossa-Senhora2.jpg?fit=900%2C599&ssl=1&resize=525%2C300 1.5x, https:\/\/i0.wp.com\/www.visiteobrasil.com.br\/news\/wp-content\/uploads\/2023\/11\/Praia-de-Ponta-de-Nossa-Senhora2.jpg?fit=900%2C599&ssl=1&resize=700%2C400 2x"},"classes":[]},{"id":13547,"url":"https:\/\/www.visiteobrasil.com.br\/news\/selo-de-qualidade-60-praias-brasileiras-recebem-a-bandeira-azul\/","url_meta":{"origin":13421,"position":1},"title":"Selo de qualidade: 60 praias brasileiras recebem a Bandeira Azul","author":"Ramon","date":"6 de outubro de 2025","format":false,"excerpt":"O selo de qualidade Bandeira Azul, um dos mais respeitados certificados ambientais do planeta, acaba de reconhecer 60 praias e marinas brasileiras na temporada 2025\/2026. O an\u00fancio, feito pela Funda\u00e7\u00e3o para a Educa\u00e7\u00e3o Ambiental (FEE) e divulgado pelo Minist\u00e9rio do Turismo, confirma o avan\u00e7o do Brasil na promo\u00e7\u00e3o do turismo\u2026","rel":"","context":"Em &quot;Noticias&quot;","block_context":{"text":"Noticias","link":"https:\/\/www.visiteobrasil.com.br\/news\/noticias\/"},"img":{"alt_text":"Selo de qualidade - Foto: Bandeira Azul\/Divulga\u00e7\u00e3o","src":"https:\/\/i0.wp.com\/www.visiteobrasil.com.br\/news\/wp-content\/uploads\/2025\/10\/Foto-Bandeira-Azul-Divulgacao.jpg?fit=900%2C600&ssl=1&resize=350%2C200","width":350,"height":200,"srcset":"https:\/\/i0.wp.com\/www.visiteobrasil.com.br\/news\/wp-content\/uploads\/2025\/10\/Foto-Bandeira-Azul-Divulgacao.jpg?fit=900%2C600&ssl=1&resize=350%2C200 1x, https:\/\/i0.wp.com\/www.visiteobrasil.com.br\/news\/wp-content\/uploads\/2025\/10\/Foto-Bandeira-Azul-Divulgacao.jpg?fit=900%2C600&ssl=1&resize=525%2C300 1.5x, https:\/\/i0.wp.com\/www.visiteobrasil.com.br\/news\/wp-content\/uploads\/2025\/10\/Foto-Bandeira-Azul-Divulgacao.jpg?fit=900%2C600&ssl=1&resize=700%2C400 2x"},"classes":[]},{"id":13176,"url":"https:\/\/www.visiteobrasil.com.br\/news\/brasil-se-destaca-em-tres-categorias-do-turismo-mundial\/","url_meta":{"origin":13421,"position":2},"title":"Brasil se destaca em tr\u00eas categorias do turismo mundial","author":"Ramon","date":"10 de novembro de 2024","format":false,"excerpt":"O Brasil foi destaque na prestigiada premia\u00e7\u00e3o Wanderlust Travel Awards 2024, organizada pela influente revista brit\u00e2nica de turismo Wanderlust. O pa\u00eds foi reconhecido em tr\u00eas importantes categorias, reafirmando seu apelo internacional e consolidando-se como um dos destinos mais cobi\u00e7ados para viajantes do mundo todo. Na classifica\u00e7\u00e3o geral dos \"Destinos Mais\u2026","rel":"","context":"Em &quot;Noticias&quot;","block_context":{"text":"Noticias","link":"https:\/\/www.visiteobrasil.com.br\/news\/noticias\/"},"img":{"alt_text":"Brasil - Amazonia - Foto : jeangc-28587130 Pexels","src":"https:\/\/i0.wp.com\/www.visiteobrasil.com.br\/news\/wp-content\/uploads\/2024\/11\/Amazonia-pexels-jeangc-28587130.jpg?fit=900%2C600&ssl=1&resize=350%2C200","width":350,"height":200,"srcset":"https:\/\/i0.wp.com\/www.visiteobrasil.com.br\/news\/wp-content\/uploads\/2024\/11\/Amazonia-pexels-jeangc-28587130.jpg?fit=900%2C600&ssl=1&resize=350%2C200 1x, https:\/\/i0.wp.com\/www.visiteobrasil.com.br\/news\/wp-content\/uploads\/2024\/11\/Amazonia-pexels-jeangc-28587130.jpg?fit=900%2C600&ssl=1&resize=525%2C300 1.5x, https:\/\/i0.wp.com\/www.visiteobrasil.com.br\/news\/wp-content\/uploads\/2024\/11\/Amazonia-pexels-jeangc-28587130.jpg?fit=900%2C600&ssl=1&resize=700%2C400 2x"},"classes":[]},{"id":13306,"url":"https:\/\/www.visiteobrasil.com.br\/news\/os-cinco-melhores-destinos-brasileiros-para-viajar-em-2025\/","url_meta":{"origin":13421,"position":3},"title":"Os cinco melhores destinos brasileiros para viajar em 2025","author":"Ramon","date":"30 de mar\u00e7o de 2025","format":false,"excerpt":"O Brasil \u00e9 um pa\u00eds de dimens\u00f5es continentais, repleto de diversidade cultural, geogr\u00e1fica e hist\u00f3rica. De norte a sul, o pa\u00eds oferece uma vasta gama de destinos que atendem a todos os gostos e or\u00e7amentos, desde praias paradis\u00edacas at\u00e9 cidades hist\u00f3ricas, passando por experi\u00eancias gastron\u00f4micas \u00fanicas e ecoturismo em ambientes\u2026","rel":"","context":"Em &quot;Artigos&quot;","block_context":{"text":"Artigos","link":"https:\/\/www.visiteobrasil.com.br\/news\/artigos\/"},"img":{"alt_text":"Destino - Praia Jericoacoara-Ce - Freepick","src":"https:\/\/i0.wp.com\/www.visiteobrasil.com.br\/news\/wp-content\/uploads\/2025\/03\/Praia-Jericoacoara-ce-Freepick.jpg?fit=900%2C600&ssl=1&resize=350%2C200","width":350,"height":200,"srcset":"https:\/\/i0.wp.com\/www.visiteobrasil.com.br\/news\/wp-content\/uploads\/2025\/03\/Praia-Jericoacoara-ce-Freepick.jpg?fit=900%2C600&ssl=1&resize=350%2C200 1x, https:\/\/i0.wp.com\/www.visiteobrasil.com.br\/news\/wp-content\/uploads\/2025\/03\/Praia-Jericoacoara-ce-Freepick.jpg?fit=900%2C600&ssl=1&resize=525%2C300 1.5x, https:\/\/i0.wp.com\/www.visiteobrasil.com.br\/news\/wp-content\/uploads\/2025\/03\/Praia-Jericoacoara-ce-Freepick.jpg?fit=900%2C600&ssl=1&resize=700%2C400 2x"},"classes":[]},{"id":13238,"url":"https:\/\/www.visiteobrasil.com.br\/news\/destinos-brasileiros-concorrem-ao-green-destinations-stories-awards\/","url_meta":{"origin":13421,"position":4},"title":"Destinos brasileiros concorrem ao Green Destinations Stories Awards","author":"Ramon","date":"19 de janeiro de 2025","format":false,"excerpt":"O Brasil, com sua rica diversidade natural e cultural, tem se destacado mais uma vez no cen\u00e1rio internacional. Diversos destinos brasileiros est\u00e3o concorrendo ao Green Destinations Stories Awards, uma premia\u00e7\u00e3o que celebra iniciativas inspiradoras de turismo sustent\u00e1vel ao redor do mundo. A vota\u00e7\u00e3o est\u00e1 aberta at\u00e9 o dia 24 de\u2026","rel":"","context":"Em &quot;Noticias&quot;","block_context":{"text":"Noticias","link":"https:\/\/www.visiteobrasil.com.br\/news\/noticias\/"},"img":{"alt_text":"Green Destinations: Ilha de Itaparica-Praia do Jardim- Foto:Jota-Freitas","src":"https:\/\/i0.wp.com\/www.visiteobrasil.com.br\/news\/wp-content\/uploads\/2024\/10\/itaparica-boulevard2-praia-do-jardim-foto-jota-freitasgr.jpg?fit=850%2C565&ssl=1&resize=350%2C200","width":350,"height":200,"srcset":"https:\/\/i0.wp.com\/www.visiteobrasil.com.br\/news\/wp-content\/uploads\/2024\/10\/itaparica-boulevard2-praia-do-jardim-foto-jota-freitasgr.jpg?fit=850%2C565&ssl=1&resize=350%2C200 1x, https:\/\/i0.wp.com\/www.visiteobrasil.com.br\/news\/wp-content\/uploads\/2024\/10\/itaparica-boulevard2-praia-do-jardim-foto-jota-freitasgr.jpg?fit=850%2C565&ssl=1&resize=525%2C300 1.5x, https:\/\/i0.wp.com\/www.visiteobrasil.com.br\/news\/wp-content\/uploads\/2024\/10\/itaparica-boulevard2-praia-do-jardim-foto-jota-freitasgr.jpg?fit=850%2C565&ssl=1&resize=700%2C400 2x"},"classes":[]},{"id":13253,"url":"https:\/\/www.visiteobrasil.com.br\/news\/descubra-as-melhores-praias-brasileiras-certificadas-para-o-verao-2025\/","url_meta":{"origin":13421,"position":5},"title":"Descubra as melhores praias brasileiras certificadas para o ver\u00e3o 2025","author":"Ramon","date":"2 de fevereiro de 2025","format":false,"excerpt":"O ver\u00e3o \u00e9 a esta\u00e7\u00e3o perfeita para aproveitar o calor, o mar e as belas paisagens litor\u00e2neas do Brasil. N\u00e3o \u00e9 surpresa que os destinos de sol e praia sejam os mais procurados para viagens nesta \u00e9poca do ano. Para 2025, a lista de praias sustent\u00e1veis no pa\u00eds est\u00e1 ainda\u2026","rel":"","context":"Em &quot;Artigos&quot;","block_context":{"text":"Artigos","link":"https:\/\/www.visiteobrasil.com.br\/news\/artigos\/"},"img":{"alt_text":"Praias da Ilha dos Frades","src":"https:\/\/i0.wp.com\/www.visiteobrasil.com.br\/news\/wp-content\/uploads\/2025\/02\/Ilha-dos-Frades-Praia-de-Viracao-4.jpeg?fit=1000%2C750&ssl=1&resize=350%2C200","width":350,"height":200,"srcset":"https:\/\/i0.wp.com\/www.visiteobrasil.com.br\/news\/wp-content\/uploads\/2025\/02\/Ilha-dos-Frades-Praia-de-Viracao-4.jpeg?fit=1000%2C750&ssl=1&resize=350%2C200 1x, https:\/\/i0.wp.com\/www.visiteobrasil.com.br\/news\/wp-content\/uploads\/2025\/02\/Ilha-dos-Frades-Praia-de-Viracao-4.jpeg?fit=1000%2C750&ssl=1&resize=525%2C300 1.5x, https:\/\/i0.wp.com\/www.visiteobrasil.com.br\/news\/wp-content\/uploads\/2025\/02\/Ilha-dos-Frades-Praia-de-Viracao-4.jpeg?fit=1000%2C750&ssl=1&resize=700%2C400 2x"},"classes":[]}],"jetpack_sharing_enabled":true,"jetpack_likes_enabled":true,"_links":{"self":[{"href":"https:\/\/www.visiteobrasil.com.br\/news\/wp-json\/wp\/v2\/posts\/13421","targetHints":{"allow":["GET"]}}],"collection":[{"href":"https:\/\/www.visiteobrasil.com.br\/news\/wp-json\/wp\/v2\/posts"}],"about":[{"href":"https:\/\/www.visiteobrasil.com.br\/news\/wp-json\/wp\/v2\/types\/post"}],"author":[{"embeddable":true,"href":"https:\/\/www.visiteobrasil.com.br\/news\/wp-json\/wp\/v2\/users\/2"}],"replies":[{"embeddable":true,"href":"https:\/\/www.visiteobrasil.com.br\/news\/wp-json\/wp\/v2\/comments?post=13421"}],"version-history":[{"count":1,"href":"https:\/\/www.visiteobrasil.com.br\/news\/wp-json\/wp\/v2\/posts\/13421\/revisions"}],"predecessor-version":[{"id":13423,"href":"https:\/\/www.visiteobrasil.com.br\/news\/wp-json\/wp\/v2\/posts\/13421\/revisions\/13423"}],"wp:featuredmedia":[{"embeddable":true,"href":"https:\/\/www.visiteobrasil.com.br\/news\/wp-json\/wp\/v2\/media\/13422"}],"wp:attachment":[{"href":"https:\/\/www.visiteobrasil.com.br\/news\/wp-json\/wp\/v2\/media?parent=13421"}],"wp:term":[{"taxonomy":"category","embeddable":true,"href":"https:\/\/www.visiteobrasil.com.br\/news\/wp-json\/wp\/v2\/categories?post=13421"},{"taxonomy":"post_tag","embeddable":true,"href":"https:\/\/www.visiteobrasil.com.br\/news\/wp-json\/wp\/v2\/tags?post=13421"}],"curies":[{"name":"wp","href":"https:\/\/api.w.org\/{rel}","templated":true}]}}