{"id":13326,"date":"2025-04-27T09:48:05","date_gmt":"2025-04-27T12:48:05","guid":{"rendered":"https:\/\/www.visiteobrasil.com.br\/news\/?p=13326"},"modified":"2025-04-27T09:48:05","modified_gmt":"2025-04-27T12:48:05","slug":"brasil-reforca-protagonismo-internacional-no-combate-a-exploracao-sexual-infantil-no-turismo","status":"publish","type":"post","link":"https:\/\/www.visiteobrasil.com.br\/news\/brasil-reforca-protagonismo-internacional-no-combate-a-exploracao-sexual-infantil-no-turismo\/","title":{"rendered":"Brasil refor\u00e7a protagonismo internacional no combate \u00e0 explora\u00e7\u00e3o sexual infantil no turismo"},"content":{"rendered":"<p class=\"\" data-start=\"226\" data-end=\"675\">Em junho, Foz do Igua\u00e7u (PR) ser\u00e1 o centro de um importante movimento internacional liderado pelo Brasil contra a explora\u00e7\u00e3o sexual de crian\u00e7as e adolescentes no setor tur\u00edstico. O munic\u00edpio sediar\u00e1 o <strong data-start=\"427\" data-end=\"465\">2\u00ba Encontro de <a href=\"https:\/\/www.visiteobrasil.com.br\/news\/dicas-essenciais-para-viajar-com-gatos\/\">Turismo<\/a> Respons\u00e1vel<\/strong>, iniciativa promovida pelo <strong data-start=\"493\" data-end=\"525\">Minist\u00e9rio do Turismo (MTur)<\/strong> em parceria com o <strong data-start=\"544\" data-end=\"592\">Parque Tecnol\u00f3gico Itaipu (Itaipu Parquetec)<\/strong>, <strong data-start=\"594\" data-end=\"615\">Itaipu Binacional<\/strong> e a <strong data-start=\"620\" data-end=\"674\">Universidade Federal do Rio Grande do Norte (UFRN)<\/strong>.<\/p>\n<p class=\"\" data-start=\"677\" data-end=\"1158\">O evento ocorrer\u00e1 entre os dias <strong data-start=\"709\" data-end=\"727\">3 e 5 de junho<\/strong> e reunir\u00e1 representantes nacionais e internacionais em tr\u00eas frentes principais: um <strong data-start=\"811\" data-end=\"838\">Semin\u00e1rio Internacional<\/strong>, a <strong data-start=\"842\" data-end=\"909\">18\u00aa Reuni\u00e3o Anual do Grupo de A\u00e7\u00e3o Regional das Am\u00e9ricas (GARA)<\/strong> \u2014 que celebra duas d\u00e9cadas de atua\u00e7\u00e3o \u2014 e uma <strong data-start=\"956\" data-end=\"995\">oficina de planejamento estrat\u00e9gico<\/strong> para a\u00e7\u00f5es futuras. A programa\u00e7\u00e3o visa consolidar pol\u00edticas p\u00fablicas e refor\u00e7ar o compromisso \u00e9tico do turismo na defesa dos direitos das crian\u00e7as e adolescentes.<\/p>\n<p class=\"\" data-start=\"1160\" data-end=\"1557\">Durante o semin\u00e1rio, ser\u00e3o apresentadas experi\u00eancias bem-sucedidas e pr\u00e1ticas inovadoras adotadas em diversos pa\u00edses, com foco na sensibiliza\u00e7\u00e3o de gestores p\u00fablicos, profissionais do turismo e empresas do setor. Um dos destaques ser\u00e1 o fortalecimento do <strong data-start=\"1415\" data-end=\"1443\">C\u00f3digo de Conduta Brasil<\/strong>, ferramenta criada pelo MTur para incentivar o comprometimento da cadeia tur\u00edstica com a preven\u00e7\u00e3o desses crimes.<\/p>\n<p class=\"\" data-start=\"1559\" data-end=\"1962\">A secret\u00e1ria executiva do Minist\u00e9rio do Turismo, <strong data-start=\"1608\" data-end=\"1627\">Ana Carla Lopes<\/strong>, destaca que o Brasil tem assumido papel de lideran\u00e7a nesse debate, e que o evento simboliza uma uni\u00e3o de esfor\u00e7os. \u201cNosso objetivo \u00e9 criar uma frente s\u00f3lida contra a explora\u00e7\u00e3o sexual infantil. Ao promover esse encontro, o Brasil reafirma seu papel de protagonista na defesa dos direitos humanos e na prote\u00e7\u00e3o da inf\u00e2ncia\u201d, enfatiza.<\/p>\n<p class=\"\" data-start=\"1964\" data-end=\"2321\"><strong data-start=\"1964\" data-end=\"1983\">Carolina F\u00e1vero<\/strong>, coordenadora-geral de Turismo Sustent\u00e1vel e Respons\u00e1vel do MTur, refor\u00e7a a import\u00e2ncia de inspirar mudan\u00e7as al\u00e9m das fronteiras nacionais. \u201cAo sediar um evento internacional dessa magnitude, o Brasil se torna refer\u00eancia e incentiva outros pa\u00edses a adotar uma postura ativa e comprometida com o combate a esse tipo de viol\u00eancia\u201d, avalia.<\/p>\n<h3 class=\"\" data-start=\"2323\" data-end=\"2376\">Coopera\u00e7\u00e3o internacional contra crimes no turismo<\/h3>\n<p class=\"\" data-start=\"2378\" data-end=\"2707\">Criado em 2005 por iniciativa brasileira, o <strong data-start=\"2422\" data-end=\"2468\">Grupo de A\u00e7\u00e3o Regional das Am\u00e9ricas (GARA)<\/strong> \u00e9 composto por 15 pa\u00edses da Am\u00e9rica Latina e do Caribe. A rede atua no enfrentamento conjunto \u00e0 explora\u00e7\u00e3o sexual de menores no turismo, promovendo o interc\u00e2mbio de informa\u00e7\u00f5es, experi\u00eancias e estrat\u00e9gias eficazes entre os pa\u00edses membros.<\/p>\n<p class=\"\" data-start=\"2709\" data-end=\"3090\">Al\u00e9m do Brasil, fazem parte do GARA: <strong data-start=\"2746\" data-end=\"2888\">Argentina, Chile, Col\u00f4mbia, Costa Rica, El Salvador, Equador, Guatemala, Honduras, M\u00e9xico, Nicar\u00e1gua, Paraguai, Peru, Rep\u00fablica Dominicana<\/strong> e <strong data-start=\"2891\" data-end=\"2902\">Uruguai<\/strong>. A coopera\u00e7\u00e3o entre os pa\u00edses tem se mostrado fundamental para ampliar a vigil\u00e2ncia, desenvolver a\u00e7\u00f5es preventivas e promover ambientes tur\u00edsticos seguros e respons\u00e1veis em toda a regi\u00e3o.<\/p>\n","protected":false},"excerpt":{"rendered":"<p>Em junho, Foz do Igua\u00e7u (PR) ser\u00e1 o centro de um importante movimento internacional liderado pelo Brasil contra a explora\u00e7\u00e3o sexual de crian\u00e7as e adolescentes no setor tur\u00edstico. O munic\u00edpio sediar\u00e1 o 2\u00ba Encontro de Turismo Respons\u00e1vel, iniciativa promovida pelo Minist\u00e9rio do Turismo (MTur) em parceria com o Parque Tecnol\u00f3gico Itaipu (Itaipu Parquetec), Itaipu Binacional [&hellip;]<\/p>\n","protected":false},"author":2,"featured_media":13118,"comment_status":"open","ping_status":"open","sticky":false,"template":"","format":"standard","meta":{"_jetpack_memberships_contains_paid_content":false,"footnotes":"","jetpack_publicize_message":"","jetpack_publicize_feature_enabled":true,"jetpack_social_post_already_shared":true,"jetpack_social_options":{"image_generator_settings":{"template":"highway","default_image_id":0,"font":"","enabled":false},"version":2}},"categories":[701],"tags":[],"class_list":["post-13326","post","type-post","status-publish","format-standard","has-post-thumbnail","hentry","category-noticias"],"jetpack_publicize_connections":[],"jetpack_featured_media_url":"https:\/\/i0.wp.com\/www.visiteobrasil.com.br\/news\/wp-content\/uploads\/2024\/09\/Estudantes-infantis-Credito-Freepick.jpg?fit=900%2C600&ssl=1","jetpack-related-posts":[{"id":13328,"url":"https:\/\/www.visiteobrasil.com.br\/news\/brasil-e-chile-reforcam-cooperacao-turistica-com-foco-em-sustentabilidade\/","url_meta":{"origin":13326,"position":0},"title":"Brasil e Chile refor\u00e7am coopera\u00e7\u00e3o tur\u00edstica com foco em sustentabilidade","author":"Ramon","date":"27 de abril de 2025","format":false,"excerpt":"A coopera\u00e7\u00e3o tur\u00edstica entre Brasil e Chile avan\u00e7ou com uma reuni\u00e3o realizada em Bras\u00edlia (DF), onde representantes dos dois pa\u00edses discutiram estrat\u00e9gias para promover um setor mais sustent\u00e1vel, inclusivo e conectado. O encontro reuniu a secret\u00e1ria nacional de Pol\u00edticas de Turismo, Cristiane Sampaio, e a subsecret\u00e1ria de Turismo do Chile,\u2026","rel":"","context":"Em &quot;Artigos&quot;","block_context":{"text":"Artigos","link":"https:\/\/www.visiteobrasil.com.br\/news\/artigos\/"},"img":{"alt_text":"Representantes do Brasil e do Chile","src":"https:\/\/i0.wp.com\/www.visiteobrasil.com.br\/news\/wp-content\/uploads\/2025\/04\/Brasil-Chile-Credito-Roberto-Castro-MTur.jpeg?fit=900%2C600&ssl=1&resize=350%2C200","width":350,"height":200,"srcset":"https:\/\/i0.wp.com\/www.visiteobrasil.com.br\/news\/wp-content\/uploads\/2025\/04\/Brasil-Chile-Credito-Roberto-Castro-MTur.jpeg?fit=900%2C600&ssl=1&resize=350%2C200 1x, https:\/\/i0.wp.com\/www.visiteobrasil.com.br\/news\/wp-content\/uploads\/2025\/04\/Brasil-Chile-Credito-Roberto-Castro-MTur.jpeg?fit=900%2C600&ssl=1&resize=525%2C300 1.5x, https:\/\/i0.wp.com\/www.visiteobrasil.com.br\/news\/wp-content\/uploads\/2025\/04\/Brasil-Chile-Credito-Roberto-Castro-MTur.jpeg?fit=900%2C600&ssl=1&resize=700%2C400 2x"},"classes":[]},{"id":13073,"url":"https:\/\/www.visiteobrasil.com.br\/news\/recorde-historico-no-turismo-brasileiro-em-2024\/","url_meta":{"origin":13326,"position":1},"title":"Recorde hist\u00f3rico no turismo brasileiro em 2024","author":"Ramon","date":"5 de agosto de 2024","format":false,"excerpt":"A maior marca j\u00e1 registrada - Novo recorde O turismo nacional alcan\u00e7ou um novo recorde hist\u00f3rico em 2024! No primeiro semestre deste ano, os visitantes internacionais deixaram US$ 3,7 bilh\u00f5es no Brasil, o que representa a maior marca j\u00e1 registrada. Este valor corresponde a aproximadamente R$ 20,9 bilh\u00f5es injetados na\u2026","rel":"","context":"Em &quot;Noticias&quot;","block_context":{"text":"Noticias","link":"https:\/\/www.visiteobrasil.com.br\/news\/noticias\/"},"img":{"alt_text":"Recorde de turistas estrangeiros","src":"https:\/\/i0.wp.com\/www.visiteobrasil.com.br\/news\/wp-content\/uploads\/2024\/08\/Credito-arquivos-Mtur.jpg?fit=900%2C600&ssl=1&resize=350%2C200","width":350,"height":200,"srcset":"https:\/\/i0.wp.com\/www.visiteobrasil.com.br\/news\/wp-content\/uploads\/2024\/08\/Credito-arquivos-Mtur.jpg?fit=900%2C600&ssl=1&resize=350%2C200 1x, https:\/\/i0.wp.com\/www.visiteobrasil.com.br\/news\/wp-content\/uploads\/2024\/08\/Credito-arquivos-Mtur.jpg?fit=900%2C600&ssl=1&resize=525%2C300 1.5x, https:\/\/i0.wp.com\/www.visiteobrasil.com.br\/news\/wp-content\/uploads\/2024\/08\/Credito-arquivos-Mtur.jpg?fit=900%2C600&ssl=1&resize=700%2C400 2x"},"classes":[]},{"id":13171,"url":"https:\/\/www.visiteobrasil.com.br\/news\/turismo-internacional-impulsiona-economia-brasileira-em-2024\/","url_meta":{"origin":13326,"position":2},"title":"Turismo internacional impulsiona economia brasileira em 2024","author":"Ramon","date":"3 de novembro de 2024","format":false,"excerpt":"De janeiro a setembro de 2024, os turistas estrangeiros deixaram R$ 30,821 bilh\u00f5es na economia brasileira, um recorde para a \u00faltima d\u00e9cada. O valor representa um crescimento de 25% em rela\u00e7\u00e3o ao ano anterior, refletindo o aumento da presen\u00e7a de visitantes internacionais. Em setembro, o turismo estrangeiro gerou mais de\u2026","rel":"","context":"Em &quot;Noticias&quot;","block_context":{"text":"Noticias","link":"https:\/\/www.visiteobrasil.com.br\/news\/noticias\/"},"img":{"alt_text":"Turismo internacional","src":"https:\/\/i0.wp.com\/www.visiteobrasil.com.br\/news\/wp-content\/uploads\/2024\/07\/Viagens-internacionais.jpg?fit=900%2C600&ssl=1&resize=350%2C200","width":350,"height":200,"srcset":"https:\/\/i0.wp.com\/www.visiteobrasil.com.br\/news\/wp-content\/uploads\/2024\/07\/Viagens-internacionais.jpg?fit=900%2C600&ssl=1&resize=350%2C200 1x, https:\/\/i0.wp.com\/www.visiteobrasil.com.br\/news\/wp-content\/uploads\/2024\/07\/Viagens-internacionais.jpg?fit=900%2C600&ssl=1&resize=525%2C300 1.5x, https:\/\/i0.wp.com\/www.visiteobrasil.com.br\/news\/wp-content\/uploads\/2024\/07\/Viagens-internacionais.jpg?fit=900%2C600&ssl=1&resize=700%2C400 2x"},"classes":[]},{"id":13306,"url":"https:\/\/www.visiteobrasil.com.br\/news\/os-cinco-melhores-destinos-brasileiros-para-viajar-em-2025\/","url_meta":{"origin":13326,"position":3},"title":"Os cinco melhores destinos brasileiros para viajar em 2025","author":"Ramon","date":"30 de mar\u00e7o de 2025","format":false,"excerpt":"O Brasil \u00e9 um pa\u00eds de dimens\u00f5es continentais, repleto de diversidade cultural, geogr\u00e1fica e hist\u00f3rica. De norte a sul, o pa\u00eds oferece uma vasta gama de destinos que atendem a todos os gostos e or\u00e7amentos, desde praias paradis\u00edacas at\u00e9 cidades hist\u00f3ricas, passando por experi\u00eancias gastron\u00f4micas \u00fanicas e ecoturismo em ambientes\u2026","rel":"","context":"Em &quot;Artigos&quot;","block_context":{"text":"Artigos","link":"https:\/\/www.visiteobrasil.com.br\/news\/artigos\/"},"img":{"alt_text":"Destino - Praia Jericoacoara-Ce - Freepick","src":"https:\/\/i0.wp.com\/www.visiteobrasil.com.br\/news\/wp-content\/uploads\/2025\/03\/Praia-Jericoacoara-ce-Freepick.jpg?fit=900%2C600&ssl=1&resize=350%2C200","width":350,"height":200,"srcset":"https:\/\/i0.wp.com\/www.visiteobrasil.com.br\/news\/wp-content\/uploads\/2025\/03\/Praia-Jericoacoara-ce-Freepick.jpg?fit=900%2C600&ssl=1&resize=350%2C200 1x, https:\/\/i0.wp.com\/www.visiteobrasil.com.br\/news\/wp-content\/uploads\/2025\/03\/Praia-Jericoacoara-ce-Freepick.jpg?fit=900%2C600&ssl=1&resize=525%2C300 1.5x, https:\/\/i0.wp.com\/www.visiteobrasil.com.br\/news\/wp-content\/uploads\/2025\/03\/Praia-Jericoacoara-ce-Freepick.jpg?fit=900%2C600&ssl=1&resize=700%2C400 2x"},"classes":[]},{"id":12895,"url":"https:\/\/www.visiteobrasil.com.br\/news\/novas-rotas-aereas-ligam-santiago-ao-brasil-com-a-sky-airline\/","url_meta":{"origin":13326,"position":4},"title":"Com a SKY Airline novas rotas a\u00e9reas ligam Santiago ao Brasil","author":"Ramon","date":"24 de mar\u00e7o de 2024","format":false,"excerpt":"Expans\u00e3o do Turismo No cen\u00e1rio de crescimento do turismo internacional, a capital do Chile, Santiago, se destaca como um ponto crucial de conex\u00e3o com o Brasil. A partir de junho e julho deste ano, a cidade ganhar\u00e1 novas rotas a\u00e9reas diretas para Bras\u00edlia (DF), Belo Horizonte (MG) e Salvador (BA),\u2026","rel":"","context":"Em &quot;Artigos&quot;","block_context":{"text":"Artigos","link":"https:\/\/www.visiteobrasil.com.br\/news\/artigos\/"},"img":{"alt_text":"Sobrevoo do avi\u00e3o da SKY Airline","src":"https:\/\/i0.wp.com\/www.visiteobrasil.com.br\/news\/wp-content\/uploads\/2024\/03\/Aviao-SKY-A321XLR.jpg?fit=900%2C600&ssl=1&resize=350%2C200","width":350,"height":200,"srcset":"https:\/\/i0.wp.com\/www.visiteobrasil.com.br\/news\/wp-content\/uploads\/2024\/03\/Aviao-SKY-A321XLR.jpg?fit=900%2C600&ssl=1&resize=350%2C200 1x, https:\/\/i0.wp.com\/www.visiteobrasil.com.br\/news\/wp-content\/uploads\/2024\/03\/Aviao-SKY-A321XLR.jpg?fit=900%2C600&ssl=1&resize=525%2C300 1.5x, https:\/\/i0.wp.com\/www.visiteobrasil.com.br\/news\/wp-content\/uploads\/2024\/03\/Aviao-SKY-A321XLR.jpg?fit=900%2C600&ssl=1&resize=700%2C400 2x"},"classes":[]},{"id":13540,"url":"https:\/\/www.visiteobrasil.com.br\/news\/turismo-internacional-brasil-2025\/","url_meta":{"origin":13326,"position":5},"title":"Turismo internacional movimenta R$ 29 bilh\u00f5es no Brasil em 2025","author":"Ramon","date":"28 de setembro de 2025","format":false,"excerpt":"O turismo internacional segue em ascens\u00e3o no Brasil e alcan\u00e7ou um marco hist\u00f3rico em 2025. Segundo dados divulgados pelo Minist\u00e9rio do Turismo, visitantes estrangeiros injetaram R$ 29 bilh\u00f5es na economia nacional, representando um crescimento de 11% em rela\u00e7\u00e3o ao ano anterior. O resultado confirma a retomada vigorosa do setor ap\u00f3s\u2026","rel":"","context":"Em &quot;Noticias&quot;","block_context":{"text":"Noticias","link":"https:\/\/www.visiteobrasil.com.br\/news\/noticias\/"},"img":{"alt_text":"Turismo internacional. Turistas tirando fotos - Foto: GettyImages","src":"https:\/\/i0.wp.com\/www.visiteobrasil.com.br\/news\/wp-content\/uploads\/2025\/09\/turismo-internacional-Foto-GettyImages.jpeg?fit=900%2C600&ssl=1&resize=350%2C200","width":350,"height":200,"srcset":"https:\/\/i0.wp.com\/www.visiteobrasil.com.br\/news\/wp-content\/uploads\/2025\/09\/turismo-internacional-Foto-GettyImages.jpeg?fit=900%2C600&ssl=1&resize=350%2C200 1x, https:\/\/i0.wp.com\/www.visiteobrasil.com.br\/news\/wp-content\/uploads\/2025\/09\/turismo-internacional-Foto-GettyImages.jpeg?fit=900%2C600&ssl=1&resize=525%2C300 1.5x, https:\/\/i0.wp.com\/www.visiteobrasil.com.br\/news\/wp-content\/uploads\/2025\/09\/turismo-internacional-Foto-GettyImages.jpeg?fit=900%2C600&ssl=1&resize=700%2C400 2x"},"classes":[]}],"jetpack_sharing_enabled":true,"jetpack_likes_enabled":true,"_links":{"self":[{"href":"https:\/\/www.visiteobrasil.com.br\/news\/wp-json\/wp\/v2\/posts\/13326","targetHints":{"allow":["GET"]}}],"collection":[{"href":"https:\/\/www.visiteobrasil.com.br\/news\/wp-json\/wp\/v2\/posts"}],"about":[{"href":"https:\/\/www.visiteobrasil.com.br\/news\/wp-json\/wp\/v2\/types\/post"}],"author":[{"embeddable":true,"href":"https:\/\/www.visiteobrasil.com.br\/news\/wp-json\/wp\/v2\/users\/2"}],"replies":[{"embeddable":true,"href":"https:\/\/www.visiteobrasil.com.br\/news\/wp-json\/wp\/v2\/comments?post=13326"}],"version-history":[{"count":1,"href":"https:\/\/www.visiteobrasil.com.br\/news\/wp-json\/wp\/v2\/posts\/13326\/revisions"}],"predecessor-version":[{"id":13327,"href":"https:\/\/www.visiteobrasil.com.br\/news\/wp-json\/wp\/v2\/posts\/13326\/revisions\/13327"}],"wp:featuredmedia":[{"embeddable":true,"href":"https:\/\/www.visiteobrasil.com.br\/news\/wp-json\/wp\/v2\/media\/13118"}],"wp:attachment":[{"href":"https:\/\/www.visiteobrasil.com.br\/news\/wp-json\/wp\/v2\/media?parent=13326"}],"wp:term":[{"taxonomy":"category","embeddable":true,"href":"https:\/\/www.visiteobrasil.com.br\/news\/wp-json\/wp\/v2\/categories?post=13326"},{"taxonomy":"post_tag","embeddable":true,"href":"https:\/\/www.visiteobrasil.com.br\/news\/wp-json\/wp\/v2\/tags?post=13326"}],"curies":[{"name":"wp","href":"https:\/\/api.w.org\/{rel}","templated":true}]}}