{"id":13306,"date":"2025-03-30T10:35:05","date_gmt":"2025-03-30T13:35:05","guid":{"rendered":"https:\/\/www.visiteobrasil.com.br\/news\/?p=13306"},"modified":"2025-03-30T10:35:05","modified_gmt":"2025-03-30T13:35:05","slug":"os-cinco-melhores-destinos-brasileiros-para-viajar-em-2025","status":"publish","type":"post","link":"https:\/\/www.visiteobrasil.com.br\/news\/os-cinco-melhores-destinos-brasileiros-para-viajar-em-2025\/","title":{"rendered":"Os cinco melhores destinos brasileiros para viajar em 2025"},"content":{"rendered":"<p class=\"\" data-start=\"158\" data-end=\"612\">O Brasil \u00e9 um pa\u00eds de dimens\u00f5es continentais, repleto de diversidade cultural, geogr\u00e1fica e hist\u00f3rica. De norte a sul, o pa\u00eds oferece uma vasta gama de destinos que atendem a todos os gostos e or\u00e7amentos, desde praias paradis\u00edacas at\u00e9 cidades hist\u00f3ricas, passando por experi\u00eancias gastron\u00f4micas \u00fanicas e ecoturismo em ambientes naturais deslumbrantes. Em 2025, quem busca <a href=\"https:\/\/www.visiteobrasil.com.br\/news\/mtur-lanca-boletim-inedito-sobre-turismo-de-pesca-no-brasil\/\">viajar<\/a> pelo Brasil e viver experi\u00eancias \u00fanicas tem muitas op\u00e7\u00f5es \u00e0 sua disposi\u00e7\u00e3o.<\/p>\n<p class=\"\" data-start=\"614\" data-end=\"1092\">Recentemente, a plataforma de hospedagem <a href=\"https:\/\/www.booking.com\/\" target=\"_blank\" rel=\"noopener\">Booking.com<\/a> divulgou a sua lista com os cinco melhores destinos brasileiros para quem deseja viver momentos inesquec\u00edveis no pa\u00eds, levando em considera\u00e7\u00e3o as prefer\u00eancias de seus usu\u00e1rios e tend\u00eancias de <a href=\"https:\/\/www.visiteobrasil.com.br\/news\/o-que-nao-pode-faltar-na-mala-de-viagem-para-qualquer-destino\/\">viagem<\/a>. A sele\u00e7\u00e3o foi feita com base em uma combina\u00e7\u00e3o de fatores como inova\u00e7\u00e3o, atra\u00e7\u00f5es tur\u00edsticas, acolhimento e experi\u00eancias imersivas oferecidas aos turistas. A seguir, apresentamos os destinos eleitos pela plataforma para 2025.<\/p>\n<h3 class=\"\" data-start=\"1094\" data-end=\"1125\">1. <strong data-start=\"1101\" data-end=\"1125\">Cuiab\u00e1 (Mato Grosso)<\/strong><\/h3>\n<p class=\"\" data-start=\"1127\" data-end=\"1550\">Cuiab\u00e1, a capital de Mato Grosso, foi eleita um dos destinos imperd\u00edveis para 2025. Conhecida como a porta de entrada para o Pantanal, a maior plan\u00edcie alag\u00e1vel do mundo, e para o Parque Nacional de Chapada dos Guimar\u00e3es, Cuiab\u00e1 \u00e9 um local de transi\u00e7\u00e3o entre a Amaz\u00f4nia e o Cerrado. A cidade \u00e9 o ponto de partida ideal para quem deseja explorar o ecoturismo e viver aventuras imersivas em um dos biomas mais ricos do mundo.<\/p>\n<p class=\"\" data-start=\"1552\" data-end=\"2007\">Em 2025, Cuiab\u00e1 se destaca n\u00e3o s\u00f3 pela sua proximidade com as belezas naturais da regi\u00e3o, mas tamb\u00e9m pelo seu desenvolvimento em infraestrutura e cultura. A cidade oferece aos turistas um convite a vivenciar a gastronomia regional com sabores marcantes e t\u00edpicos da culin\u00e1ria mato-grossense, como o famoso arroz com pequi e o caldo de peixe. A popula\u00e7\u00e3o local, acolhedora e cheia de energia, adiciona um toque especial \u00e0 experi\u00eancia de quem visita Cuiab\u00e1.<\/p>\n<p class=\"\" data-start=\"2009\" data-end=\"2335\">Al\u00e9m disso, a cidade tem investido no <a href=\"https:\/\/www.visiteobrasil.com.br\/news\/dicas-essenciais-para-viajar-com-gatos\/\">turismo<\/a> sustent\u00e1vel e na promo\u00e7\u00e3o do turismo de aventura, com atividades como trilhas, observa\u00e7\u00e3o de vida selvagem, passeios de barco e visitas aos tradicionais pantaneiros. Em 2025, \u00e9 uma excelente oportunidade para explorar a biodiversidade e imers\u00e3o na natureza em sua forma mais pura.<\/p>\n<h3 class=\"\" data-start=\"2337\" data-end=\"2368\">2. <strong data-start=\"2344\" data-end=\"2368\">Jericoacoara (Cear\u00e1)<\/strong><\/h3>\n<p class=\"\" data-start=\"2370\" data-end=\"2764\"><a href=\"https:\/\/www.visiteobrasil.com.br\/nordeste\/ceara\/litoral-extremo-oeste\/jericoacoara\">Jericoacoara<\/a>, localizada no litoral do Cear\u00e1, \u00e9 um dos destinos mais charmosos e procurados do Brasil. Em 2025, essa vila de pescadores transformada em um verdadeiro para\u00edso ser\u00e1 um local privilegiado para aqueles que buscam uma combina\u00e7\u00e3o de relaxamento e aventura. Seu nome \u00e9 associado a praias paradis\u00edacas, dunas de areia branca, lagoas de \u00e1gua cristalina e um p\u00f4r do sol de tirar o f\u00f4lego.<\/p>\n<p class=\"\" data-start=\"2766\" data-end=\"3238\">O que torna Jericoacoara t\u00e3o especial \u00e9 a sua autenticidade e o charme simples de suas ruas de areia e constru\u00e7\u00f5es r\u00fasticas. No entanto, \u00e9 a sua capacidade de oferecer experi\u00eancias \u00fanicas que coloca o destino na lista dos melhores para 2025. Desde o famoso p\u00f4r do sol na Duna do P\u00f4r do Sol at\u00e9 as lagoas de \u00e1gua doce como a Lagoa do Para\u00edso, Jericoacoara \u00e9 um convite a relaxar, praticar esportes como kitesurf e windsurf e se conectar com a natureza de uma maneira \u00fanica.<\/p>\n<p class=\"\" data-start=\"3240\" data-end=\"3545\">Em termos de hospedagem, a vila oferece desde pousadas simples at\u00e9 luxuosos resorts \u00e0 beira-mar, onde os turistas podem descansar em meio ao cen\u00e1rio de beleza natural. Para os viajantes que buscam um lugar afastado da agita\u00e7\u00e3o urbana, mas com todas as comodidades modernas, Jericoacoara \u00e9 a escolha ideal.<\/p>\n<h3 class=\"\" data-start=\"3547\" data-end=\"3581\">3. <strong data-start=\"3554\" data-end=\"3581\">Paraty (Rio de Janeiro)<\/strong><\/h3>\n<p class=\"\" data-start=\"3583\" data-end=\"3967\">Paraty, no litoral do Rio de Janeiro, \u00e9 um dos destinos mais completos para quem deseja explorar a hist\u00f3ria, a cultura e a natureza. A cidade, que preserva um conjunto arquitet\u00f4nico colonial no Centro Hist\u00f3rico, \u00e9 um dos destinos mais charmosos do Brasil e uma escolha perfeita para quem quer vivenciar um passeio cultural e imersivo, sem abrir m\u00e3o da natureza exuberante que a cerca.<\/p>\n<p class=\"\" data-start=\"3969\" data-end=\"4352\">Em 2025, Paraty se destaca pelo seu cen\u00e1rio deslumbrante, que combina praias de \u00e1guas calmas e cristalinas, ilhas tropicais e uma exuberante Mata Atl\u00e2ntica. O turismo hist\u00f3rico tamb\u00e9m se faz presente, com visitas ao Centro Hist\u00f3rico, igrejas seculares, museus e o famoso Caminho do Ouro, uma trilha que remonta ao per\u00edodo colonial e leva os turistas por entre montanhas e cachoeiras.<\/p>\n<p class=\"\" data-start=\"4354\" data-end=\"4761\">Al\u00e9m de sua import\u00e2ncia hist\u00f3rica, Paraty \u00e9 um polo para a gastronomia e para a arte local. O destino se destaca por suas festivais, como a Festa Liter\u00e1ria Internacional de Paraty (Flip), e oferece uma excelente oferta de restaurantes e caf\u00e9s que servem pratos t\u00edpicos da culin\u00e1ria brasileira. Para quem busca um destino onde a cultura se encontra com a beleza natural, Paraty \u00e9 uma escolha ideal para 2025.<\/p>\n<h3 class=\"\" data-start=\"4763\" data-end=\"4804\">4. <strong data-start=\"4770\" data-end=\"4804\">Florian\u00f3polis (Santa Catarina)<\/strong><\/h3>\n<p class=\"\" data-start=\"4806\" data-end=\"5253\">Florian\u00f3polis, tamb\u00e9m conhecida como &#8220;Ilha da Magia&#8221;, \u00e9 um destino de destaque no <a href=\"https:\/\/www.visiteobrasil.com.br\/news\/turismo-de-inverno-no-sul-do-brasil\/\">sul do Brasil<\/a> e foi eleito pela Booking.com como um dos melhores lugares para viajar em 2025. A cidade oferece uma mistura \u00fanica de praias deslumbrantes, trilhas, lagos e uma vida urbana vibrante. Considerada um dos principais destinos de <a href=\"https:\/\/www.visiteobrasil.com.br\/news\/turismo-gastronomico-brasil-sera-sede-do-forum-mundial\/\">turismo no Brasil<\/a>, Florian\u00f3polis tem a capacidade de atrair tanto aqueles que buscam descanso quanto os que preferem aventura.<\/p>\n<p class=\"\" data-start=\"5255\" data-end=\"5761\">A cidade se destaca pela sua pluralidade de atividades. As praias, como a Praia Mole, Joaquina e Campeche, s\u00e3o famosas mundialmente pela qualidade de suas ondas, sendo muito procuradas por surfistas. J\u00e1 quem prefere relaxar pode aproveitar as \u00e1guas calmas da Lagoa da Concei\u00e7\u00e3o ou explorar as diversas trilhas que conectam praias escondidas e mirantes. Al\u00e9m disso, Florian\u00f3polis \u00e9 rica em cultura a\u00e7oriana, com destaque para suas festas t\u00edpicas, gastronomia baseada em frutos do mar e arquitetura colonial.<\/p>\n<p class=\"\" data-start=\"5763\" data-end=\"6020\">Florian\u00f3polis tamb\u00e9m \u00e9 um excelente destino para quem ama gastronomia, especialmente frutos do mar frescos. A cidade \u00e9 um dos maiores centros gastron\u00f4micos do sul do Brasil, e muitos turistas viajam para a regi\u00e3o apenas para experimentar as del\u00edcias locais.<\/p>\n<h3 class=\"\" data-start=\"6022\" data-end=\"6055\">5. <strong data-start=\"6029\" data-end=\"6055\">Foz do Igua\u00e7u (Paran\u00e1)<\/strong><\/h3>\n<p class=\"\" data-start=\"6057\" data-end=\"6393\">Por fim, Foz do Igua\u00e7u, localizada no Paran\u00e1, \u00e9 um dos destinos mais ic\u00f4nicos do Brasil e um dos mais procurados por turistas de todo o mundo. Em 2025, a cidade continua a ser o ponto de partida para uma das sete maravilhas naturais do mundo: as Cataratas do Igua\u00e7u, um espet\u00e1culo da natureza que atrai milh\u00f5es de visitantes anualmente.<\/p>\n<p class=\"\" data-start=\"6395\" data-end=\"6866\">Foz do Igua\u00e7u n\u00e3o se resume apenas \u00e0s Cataratas, embora esse seja o principal atrativo tur\u00edstico. A cidade tamb\u00e9m oferece atra\u00e7\u00f5es como o Parque das Aves, que abriga diversas esp\u00e9cies da fauna brasileira e mundial, e a Usina de Itaipu, uma das maiores hidrel\u00e9tricas do mundo. Al\u00e9m disso, a cidade est\u00e1 localizada em uma regi\u00e3o de tr\u00edplice fronteira, entre Brasil, Argentina e Paraguai, o que permite ao turista explorar diferentes culturas e cen\u00e1rios em um \u00fanico destino.<\/p>\n<p class=\"\" data-start=\"6868\" data-end=\"7121\">Foz do Igua\u00e7u \u00e9 um destino que agrada desde os aventureiros que buscam explorar a natureza at\u00e9 aqueles que preferem explorar aspectos culturais e hist\u00f3ricos, como a visita \u00e0 cidade de Ciudad del Este, no Paraguai, ou a cidade argentina de Puerto Iguaz\u00fa.<\/p>\n","protected":false},"excerpt":{"rendered":"<p>O Brasil \u00e9 um pa\u00eds de dimens\u00f5es continentais, repleto de diversidade cultural, geogr\u00e1fica e hist\u00f3rica. De norte a sul, o pa\u00eds oferece uma vasta gama de destinos que atendem a todos os gostos e or\u00e7amentos, desde praias paradis\u00edacas at\u00e9 cidades hist\u00f3ricas, passando por experi\u00eancias gastron\u00f4micas \u00fanicas e ecoturismo em ambientes naturais deslumbrantes. Em 2025, quem [&hellip;]<\/p>\n","protected":false},"author":2,"featured_media":13307,"comment_status":"open","ping_status":"open","sticky":false,"template":"","format":"standard","meta":{"_jetpack_memberships_contains_paid_content":false,"footnotes":"","jetpack_publicize_message":"","jetpack_publicize_feature_enabled":true,"jetpack_social_post_already_shared":true,"jetpack_social_options":{"image_generator_settings":{"template":"highway","default_image_id":0,"font":"","enabled":false},"version":2}},"categories":[1,702],"tags":[],"class_list":["post-13306","post","type-post","status-publish","format-standard","has-post-thumbnail","hentry","category-artigos","category-dicas-legais"],"jetpack_publicize_connections":[],"jetpack_featured_media_url":"https:\/\/i0.wp.com\/www.visiteobrasil.com.br\/news\/wp-content\/uploads\/2025\/03\/Praia-Jericoacoara-ce-Freepick.jpg?fit=900%2C600&ssl=1","jetpack-related-posts":[{"id":13159,"url":"https:\/\/www.visiteobrasil.com.br\/news\/do-nordeste-ao-sul-explore-o-brasil-antes-de-viajar-para-o-exterior\/","url_meta":{"origin":13306,"position":0},"title":"Do Nordeste ao Sul: explore o Brasil antes de viajar para o exterior","author":"Ramon","date":"20 de outubro de 2024","format":false,"excerpt":"Antes de pegar carimbar seu passaporte, que tal se aventurar e descobrir tudo o que nosso pa\u00eds tem a oferecer? Quem nasce no Brasil e ama viajar pode se considerar uma pessoa de sorte. Afinal, \u00e9 poss\u00edvel vivenciar paisagens e experi\u00eancias t\u00e3o incr\u00edveis e diferentes entre si sem ao menos\u2026","rel":"","context":"Em &quot;Dicas legais&quot;","block_context":{"text":"Dicas legais","link":"https:\/\/www.visiteobrasil.com.br\/news\/dicas-legais\/"},"img":{"alt_text":"Brasil - Cr\u00e9ditos bconzi Pixabay","src":"https:\/\/i0.wp.com\/www.visiteobrasil.com.br\/news\/wp-content\/uploads\/2024\/10\/Do-nordeste-ao-sul-Creditos-bconzi-Pixabay.jpg?fit=900%2C601&ssl=1&resize=350%2C200","width":350,"height":200,"srcset":"https:\/\/i0.wp.com\/www.visiteobrasil.com.br\/news\/wp-content\/uploads\/2024\/10\/Do-nordeste-ao-sul-Creditos-bconzi-Pixabay.jpg?fit=900%2C601&ssl=1&resize=350%2C200 1x, https:\/\/i0.wp.com\/www.visiteobrasil.com.br\/news\/wp-content\/uploads\/2024\/10\/Do-nordeste-ao-sul-Creditos-bconzi-Pixabay.jpg?fit=900%2C601&ssl=1&resize=525%2C300 1.5x, https:\/\/i0.wp.com\/www.visiteobrasil.com.br\/news\/wp-content\/uploads\/2024\/10\/Do-nordeste-ao-sul-Creditos-bconzi-Pixabay.jpg?fit=900%2C601&ssl=1&resize=700%2C400 2x"},"classes":[]},{"id":13324,"url":"https:\/\/www.visiteobrasil.com.br\/news\/brasileiros-escolhem-explorar-o-proprio-pais-em-2025-aponta-pesquisa\/","url_meta":{"origin":13306,"position":1},"title":"Brasileiros escolhem explorar o pr\u00f3prio pa\u00eds em 2025, aponta pesquisa","author":"Ramon","date":"27 de abril de 2025","format":false,"excerpt":"Em 2025, os brasileiros est\u00e3o cada vez mais voltados para o turismo nacional. Uma pesquisa realizada pela plataforma Booking.com revelou que 58% dos viajantes do pa\u00eds preferem explorar destinos dentro do Brasil, em vez de optar por viagens internacionais para a Europa ou Am\u00e9rica do Norte. O levantamento destacou que\u2026","rel":"","context":"Em &quot;Noticias&quot;","block_context":{"text":"Noticias","link":"https:\/\/www.visiteobrasil.com.br\/news\/noticias\/"},"img":{"alt_text":"Novo fungetur: . Novo Pier em Ilha de Mar\u00e9","src":"https:\/\/i0.wp.com\/www.visiteobrasil.com.br\/news\/wp-content\/uploads\/2024\/03\/Ilha-de-Mare-1.jpg?fit=900%2C611&ssl=1&resize=350%2C200","width":350,"height":200,"srcset":"https:\/\/i0.wp.com\/www.visiteobrasil.com.br\/news\/wp-content\/uploads\/2024\/03\/Ilha-de-Mare-1.jpg?fit=900%2C611&ssl=1&resize=350%2C200 1x, https:\/\/i0.wp.com\/www.visiteobrasil.com.br\/news\/wp-content\/uploads\/2024\/03\/Ilha-de-Mare-1.jpg?fit=900%2C611&ssl=1&resize=525%2C300 1.5x, https:\/\/i0.wp.com\/www.visiteobrasil.com.br\/news\/wp-content\/uploads\/2024\/03\/Ilha-de-Mare-1.jpg?fit=900%2C611&ssl=1&resize=700%2C400 2x"},"classes":[]},{"id":13407,"url":"https:\/\/www.visiteobrasil.com.br\/news\/gastos-no-brasil-por-turistas-estrangeiros-disparam-em-2025\/","url_meta":{"origin":13306,"position":2},"title":"Gastos no Brasil por turistas estrangeiros disparam em 2025","author":"Ramon","date":"27 de junho de 2025","format":false,"excerpt":"Os gastos no Brasil por turistas internacionais tiveram uma alta expressiva nos primeiros cinco meses de 2025, indicando uma forte retomada do setor tur\u00edstico no pa\u00eds. Segundo dados divulgados pelo Banco Central e pelo Minist\u00e9rio do Turismo, os visitantes estrangeiros j\u00e1 injetaram quase US$ 3,7 bilh\u00f5es na economia brasileira at\u00e9\u2026","rel":"","context":"Em &quot;Noticias&quot;","block_context":{"text":"Noticias","link":"https:\/\/www.visiteobrasil.com.br\/news\/noticias\/"},"img":{"alt_text":"Gastos-no-Brasil-Foto-GettyImages.","src":"https:\/\/i0.wp.com\/www.visiteobrasil.com.br\/news\/wp-content\/uploads\/2025\/06\/Gastos-no-Brasil-Foto-GettyImages.png?fit=768%2C434&ssl=1&resize=350%2C200","width":350,"height":200,"srcset":"https:\/\/i0.wp.com\/www.visiteobrasil.com.br\/news\/wp-content\/uploads\/2025\/06\/Gastos-no-Brasil-Foto-GettyImages.png?fit=768%2C434&ssl=1&resize=350%2C200 1x, https:\/\/i0.wp.com\/www.visiteobrasil.com.br\/news\/wp-content\/uploads\/2025\/06\/Gastos-no-Brasil-Foto-GettyImages.png?fit=768%2C434&ssl=1&resize=525%2C300 1.5x, https:\/\/i0.wp.com\/www.visiteobrasil.com.br\/news\/wp-content\/uploads\/2025\/06\/Gastos-no-Brasil-Foto-GettyImages.png?fit=768%2C434&ssl=1&resize=700%2C400 2x"},"classes":[]},{"id":13182,"url":"https:\/\/www.visiteobrasil.com.br\/news\/expectativa-no-turismo-brasileiro-157-bilhoes-em-movimentacao-economica\/","url_meta":{"origin":13306,"position":3},"title":"Expectativa no turismo brasileiro: 157 bilh\u00f5es em movimenta\u00e7\u00e3o econ\u00f4mica","author":"Ramon","date":"17 de novembro de 2024","format":false,"excerpt":"Turismo na Alta Temporada: Expectativa de R$ 157 Bilh\u00f5es em Movimenta\u00e7\u00e3o Econ\u00f4mica O turismo brasileiro promete um impacto econ\u00f4mico hist\u00f3rico na pr\u00f3xima alta temporada, com uma movimenta\u00e7\u00e3o estimada de R$ 157 bilh\u00f5es. Segundo a Confedera\u00e7\u00e3o Nacional do Com\u00e9rcio de Bens, Servi\u00e7os e Turismo (CNC), este ser\u00e1 o maior valor registrado\u2026","rel":"","context":"Em &quot;Noticias&quot;","block_context":{"text":"Noticias","link":"https:\/\/www.visiteobrasil.com.br\/news\/noticias\/"},"img":{"alt_text":"Hotel \u00e1rea externa - Economica - Foto: Pixabay","src":"https:\/\/i0.wp.com\/www.visiteobrasil.com.br\/news\/wp-content\/uploads\/2024\/11\/vacation-1038166_1280.jpg?fit=900%2C600&ssl=1&resize=350%2C200","width":350,"height":200,"srcset":"https:\/\/i0.wp.com\/www.visiteobrasil.com.br\/news\/wp-content\/uploads\/2024\/11\/vacation-1038166_1280.jpg?fit=900%2C600&ssl=1&resize=350%2C200 1x, https:\/\/i0.wp.com\/www.visiteobrasil.com.br\/news\/wp-content\/uploads\/2024\/11\/vacation-1038166_1280.jpg?fit=900%2C600&ssl=1&resize=525%2C300 1.5x, https:\/\/i0.wp.com\/www.visiteobrasil.com.br\/news\/wp-content\/uploads\/2024\/11\/vacation-1038166_1280.jpg?fit=900%2C600&ssl=1&resize=700%2C400 2x"},"classes":[]},{"id":13445,"url":"https:\/\/www.visiteobrasil.com.br\/news\/salao-do-turismo-2025-descubra-roteiros-unicos-do-brasil-no-evento\/","url_meta":{"origin":13306,"position":4},"title":"Sal\u00e3o do Turismo 2025: Descubra roteiros \u00fanicos do Brasil no evento","author":"Ramon","date":"10 de agosto de 2025","format":false,"excerpt":"O Sal\u00e3o do Turismo 2025 ser\u00e1 o ponto de encontro para aqueles que buscam explorar as maravilhas do Brasil de uma maneira \u00fanica e enriquecedora. Coordenado pelo Sebrae, o evento, que acontece entre 8 e 10 de agosto de 2025, promete ser uma vitrine para as mais variadas experi\u00eancias tur\u00edsticas\u2026","rel":"","context":"Em &quot;Artigos&quot;","block_context":{"text":"Artigos","link":"https:\/\/www.visiteobrasil.com.br\/news\/artigos\/"},"img":{"alt_text":"Sal\u00e3o do turismo: Trilha amaz\u00f4nia - Casal fazendo trilha - Pixabay","src":"https:\/\/i0.wp.com\/www.visiteobrasil.com.br\/news\/wp-content\/uploads\/2024\/10\/amazonia-hike-863454_1280.jpg?fit=900%2C599&ssl=1&resize=350%2C200","width":350,"height":200,"srcset":"https:\/\/i0.wp.com\/www.visiteobrasil.com.br\/news\/wp-content\/uploads\/2024\/10\/amazonia-hike-863454_1280.jpg?fit=900%2C599&ssl=1&resize=350%2C200 1x, https:\/\/i0.wp.com\/www.visiteobrasil.com.br\/news\/wp-content\/uploads\/2024\/10\/amazonia-hike-863454_1280.jpg?fit=900%2C599&ssl=1&resize=525%2C300 1.5x, https:\/\/i0.wp.com\/www.visiteobrasil.com.br\/news\/wp-content\/uploads\/2024\/10\/amazonia-hike-863454_1280.jpg?fit=900%2C599&ssl=1&resize=700%2C400 2x"},"classes":[]},{"id":13298,"url":"https:\/\/www.visiteobrasil.com.br\/news\/abril-esta-chegando-com-opcoes-nos-feriados-prolongados\/","url_meta":{"origin":13306,"position":5},"title":"Abril est\u00e1 chegando com op\u00e7\u00f5es nos feriados prolongados","author":"Ramon","date":"23 de mar\u00e7o de 2025","format":false,"excerpt":"O m\u00eas de abril de 2025 promete ser um per\u00edodo excelente para quem busca viajar e aproveitar momentos de descanso. Com o feriado prolongado da Sexta-feira Santa (18\/4) e o feriado de Tiradentes (21\/4), abril oferece uma \u00f3tima oportunidade para quem quer escapar da rotina e explorar novos destinos no\u2026","rel":"","context":"Em &quot;Dicas legais&quot;","block_context":{"text":"Dicas legais","link":"https:\/\/www.visiteobrasil.com.br\/news\/dicas-legais\/"},"img":{"alt_text":"Feriado - Feriados prolongados em Anril. Foto: AI-Freepick","src":"https:\/\/i0.wp.com\/www.visiteobrasil.com.br\/news\/wp-content\/uploads\/2025\/03\/freepik__criar-uma-imagem-de-turismo-de-natureza-no-brasil__83330-2.jpg?fit=900%2C600&ssl=1&resize=350%2C200","width":350,"height":200,"srcset":"https:\/\/i0.wp.com\/www.visiteobrasil.com.br\/news\/wp-content\/uploads\/2025\/03\/freepik__criar-uma-imagem-de-turismo-de-natureza-no-brasil__83330-2.jpg?fit=900%2C600&ssl=1&resize=350%2C200 1x, https:\/\/i0.wp.com\/www.visiteobrasil.com.br\/news\/wp-content\/uploads\/2025\/03\/freepik__criar-uma-imagem-de-turismo-de-natureza-no-brasil__83330-2.jpg?fit=900%2C600&ssl=1&resize=525%2C300 1.5x, https:\/\/i0.wp.com\/www.visiteobrasil.com.br\/news\/wp-content\/uploads\/2025\/03\/freepik__criar-uma-imagem-de-turismo-de-natureza-no-brasil__83330-2.jpg?fit=900%2C600&ssl=1&resize=700%2C400 2x"},"classes":[]}],"jetpack_sharing_enabled":true,"jetpack_likes_enabled":true,"_links":{"self":[{"href":"https:\/\/www.visiteobrasil.com.br\/news\/wp-json\/wp\/v2\/posts\/13306","targetHints":{"allow":["GET"]}}],"collection":[{"href":"https:\/\/www.visiteobrasil.com.br\/news\/wp-json\/wp\/v2\/posts"}],"about":[{"href":"https:\/\/www.visiteobrasil.com.br\/news\/wp-json\/wp\/v2\/types\/post"}],"author":[{"embeddable":true,"href":"https:\/\/www.visiteobrasil.com.br\/news\/wp-json\/wp\/v2\/users\/2"}],"replies":[{"embeddable":true,"href":"https:\/\/www.visiteobrasil.com.br\/news\/wp-json\/wp\/v2\/comments?post=13306"}],"version-history":[{"count":1,"href":"https:\/\/www.visiteobrasil.com.br\/news\/wp-json\/wp\/v2\/posts\/13306\/revisions"}],"predecessor-version":[{"id":13308,"href":"https:\/\/www.visiteobrasil.com.br\/news\/wp-json\/wp\/v2\/posts\/13306\/revisions\/13308"}],"wp:featuredmedia":[{"embeddable":true,"href":"https:\/\/www.visiteobrasil.com.br\/news\/wp-json\/wp\/v2\/media\/13307"}],"wp:attachment":[{"href":"https:\/\/www.visiteobrasil.com.br\/news\/wp-json\/wp\/v2\/media?parent=13306"}],"wp:term":[{"taxonomy":"category","embeddable":true,"href":"https:\/\/www.visiteobrasil.com.br\/news\/wp-json\/wp\/v2\/categories?post=13306"},{"taxonomy":"post_tag","embeddable":true,"href":"https:\/\/www.visiteobrasil.com.br\/news\/wp-json\/wp\/v2\/tags?post=13306"}],"curies":[{"name":"wp","href":"https:\/\/api.w.org\/{rel}","templated":true}]}}