{"id":13303,"date":"2025-03-30T10:21:38","date_gmt":"2025-03-30T13:21:38","guid":{"rendered":"https:\/\/www.visiteobrasil.com.br\/news\/?p=13303"},"modified":"2025-03-30T10:21:38","modified_gmt":"2025-03-30T13:21:38","slug":"extravio-de-bagagem-como-obter-o-reembolso-e-indenizacao-de-forma-eficiente","status":"publish","type":"post","link":"https:\/\/www.visiteobrasil.com.br\/news\/extravio-de-bagagem-como-obter-o-reembolso-e-indenizacao-de-forma-eficiente\/","title":{"rendered":"Extravio de bagagem: como obter o reembolso e indeniza\u00e7\u00e3o de forma eficiente?"},"content":{"rendered":"<p><span class=\"TextRun SCXW229068161 BCX0\" lang=\"PT-BR\" xml:lang=\"PT-BR\" data-contrast=\"auto\"><span class=\"NormalTextRun SCXW229068161 BCX0\">Registrar a reclama\u00e7\u00e3o corretamente, recorrer \u00e0 Anac em casos de recusa da companhia a\u00e9rea e contar com aux\u00edlio de profissionais s\u00e3o recomenda\u00e7\u00f5es para assegurar seus direitos.<\/span><\/span><\/p>\n<p><span data-contrast=\"auto\"><a href=\"https:\/\/www.visiteobrasil.com.br\/news\/mtur-lanca-boletim-inedito-sobre-turismo-de-pesca-no-brasil\/\">Viajar<\/a> \u00e9 sempre uma experi\u00eancia enriquecedora, mas imprevistos podem transformar momentos de lazer ou trabalho em verdadeiros transtornos. Um dos problemas mais comuns enfrentados por passageiros de companhias a\u00e9reas \u00e9 o extravio de bagagem.<\/span><span data-ccp-props=\"{}\">\u00a0<\/span><\/p>\n<p><span data-contrast=\"auto\">Saber como agir nessas situa\u00e7\u00f5es ajuda a assegurar seus direitos e agilizar o processo de ressarcimento. A seguir, veja os passos para relatar o problema, solicitar reembolso ou indeniza\u00e7\u00e3o e conduzir o processo de forma eficiente.<\/span><span data-ccp-props=\"{}\">\u00a0<\/span><\/p>\n<p aria-level=\"2\"><span data-contrast=\"auto\">O que fazer em caso de bagagem extraviada?<\/span><span data-ccp-props=\"{&quot;134245418&quot;:true,&quot;134245529&quot;:true,&quot;335559738&quot;:360,&quot;335559739&quot;:120}\">\u00a0<\/span><\/p>\n<p><span data-contrast=\"auto\">Manter a calma e agir rapidamente \u00e9 o primeiro passo para entender <\/span><a href=\"https:\/\/www.rosenbaum.adv.br\/extravio-de-bagagem-o-que-fazer\/\" target=\"_blank\" rel=\"noopener\"><span data-contrast=\"none\">o que fazer em caso de extravio de bagagem<\/span><\/a><span data-contrast=\"auto\">. Ainda no aeroporto, \u00e9 indicado dirigir-se imediatamente ao balc\u00e3o da companhia a\u00e9rea e registrar a ocorr\u00eancia preenchendo o Property Irregularity Report (PIR), um documento que serve para formalizar o problema.\u00a0<\/span><span data-ccp-props=\"{}\">\u00a0<\/span><\/p>\n<p><span data-ccp-props=\"{}\">\u00a0<\/span><\/p>\n<p><span data-contrast=\"auto\">O registro deve ser feito antes de sair da \u00e1rea de desembarque, pois \u00e9 a principal prova de que a mala n\u00e3o foi entregue.\u00a0<\/span><span data-ccp-props=\"{}\">\u00a0<\/span><\/p>\n<p><span data-contrast=\"auto\">Al\u00e9m disso, a Ag\u00eancia Nacional de Avia\u00e7\u00e3o Civil (Anac) determina que a empresa a\u00e9rea se responsabilize por localizar a bagagem e devolv\u00ea-la ao passageiro num prazo espec\u00edfico. Caso a mala seja considerada definitivamente extraviada, o passageiro tem direito a indeniza\u00e7\u00e3o, que pode incluir reembolso por itens essenciais adquiridos durante o per\u00edodo de espera.<\/span><span data-ccp-props=\"{}\">\u00a0<\/span><\/p>\n<p aria-level=\"3\"><span data-contrast=\"none\">Prazos para comunicar o extravio e solicitar indeniza\u00e7\u00e3o<\/span><span data-ccp-props=\"{&quot;134245418&quot;:true,&quot;134245529&quot;:true,&quot;335559738&quot;:320,&quot;335559739&quot;:80}\">\u00a0<\/span><\/p>\n<p><span data-contrast=\"auto\">O tempo \u00e9 um fator crucial para garantir seus direitos. Assim, \u00e9 recomendado que o passageiro comunique o extravio da bagagem imediatamente ap\u00f3s o desembarque. Se a bagagem foi extraviada em um voo nacional, a companhia a\u00e9rea tem at\u00e9 7 dias para localiz\u00e1-la e devolv\u00ea-la.\u00a0<\/span><span data-ccp-props=\"{}\">\u00a0<\/span><\/p>\n<p><span data-contrast=\"auto\">Em voos <a href=\"https:\/\/www.visiteobrasil.com.br\/internacional\">internacionais,<\/a> esse prazo pode ser de at\u00e9 21 dias. Se a mala n\u00e3o for encontrada dentro desse per\u00edodo, ela \u00e9 considerada extraviada definitivamente, e o passageiro pode solicitar indeniza\u00e7\u00e3o.<\/span><span data-ccp-props=\"{}\">\u00a0<\/span><\/p>\n<p aria-level=\"2\"><span data-contrast=\"auto\">Como registrar a reclama\u00e7\u00e3o junto \u00e0 companhia a\u00e9rea?<\/span><span data-ccp-props=\"{&quot;134245418&quot;:true,&quot;134245529&quot;:true,&quot;335559738&quot;:360,&quot;335559739&quot;:120}\">\u00a0<\/span><\/p>\n<p><span data-contrast=\"auto\">Ap\u00f3s relatar o extravio ainda no aeroporto, \u00e9 importante refor\u00e7ar a reclama\u00e7\u00e3o pelos canais oficiais da companhia a\u00e9rea, como e-mail, chat ou telefone. Se a empresa n\u00e3o apresentar uma solu\u00e7\u00e3o satisfat\u00f3ria dentro do prazo estabelecido, o passageiro pode registrar uma reclama\u00e7\u00e3o junto \u00e0 Anac \u2014 institui\u00e7\u00e3o que fiscaliza o cumprimento das normas pelas companhias a\u00e9reas e que pode intervir caso os direitos do passageiro n\u00e3o sejam respeitados.\u00a0<\/span><span data-ccp-props=\"{}\">\u00a0<\/span><\/p>\n<p aria-level=\"3\"><span data-contrast=\"none\">Valores e limites da indeniza\u00e7\u00e3o por extravio de bagagem<\/span><span data-ccp-props=\"{&quot;134245418&quot;:true,&quot;134245529&quot;:true,&quot;335559738&quot;:320,&quot;335559739&quot;:80}\">\u00a0<\/span><\/p>\n<p><span data-contrast=\"auto\">A indeniza\u00e7\u00e3o para casos de perda de bagagem pode levar em conta tanto danos materiais quanto danos morais. A por danos morais busca reparar o transtorno causado pela falha no servi\u00e7o, com valores que podem variar entre R$ 3 mil e R$ 15 mil, dependendo da situa\u00e7\u00e3o.<\/span><span data-ccp-props=\"{}\">\u00a0<\/span><\/p>\n<p><span data-ccp-props=\"{}\">\u00a0<\/span><\/p>\n<p><span data-contrast=\"auto\">J\u00e1 a indeniza\u00e7\u00e3o por dano material cobre a perda da mala e dos pertences que estavam dentro dela, com o valor do ressarcimento calculado conforme o preju\u00edzo comprovado. No entanto, itens de alto valor, como joias e eletr\u00f4nicos, podem n\u00e3o ser reembolsados caso tenham sido despachados sem a devida declara\u00e7\u00e3o, conforme previsto na Resolu\u00e7\u00e3o n\u00ba 400 da Anac.<\/span><span data-ccp-props=\"{}\">\u00a0<\/span><\/p>\n<p aria-level=\"2\"><span data-contrast=\"auto\">O que fazer se a companhia a\u00e9rea se recusar a indenizar?<\/span><span data-ccp-props=\"{&quot;134245418&quot;:true,&quot;134245529&quot;:true,&quot;335559738&quot;:360,&quot;335559739&quot;:120}\">\u00a0<\/span><\/p>\n<p><span data-contrast=\"auto\">Se a companhia a\u00e9rea n\u00e3o cumprir suas obriga\u00e7\u00f5es ou negar a indeniza\u00e7\u00e3o, o passageiro pode buscar outras alternativas. Uma delas \u00e9 a reclama\u00e7\u00e3o junto \u00e0 Anac, que pode ser feita pelo site da ag\u00eancia reguladora.\u00a0<\/span><span data-ccp-props=\"{}\">\u00a0<\/span><\/p>\n<p><span data-ccp-props=\"{}\">\u00a0<\/span><\/p>\n<p><span data-contrast=\"auto\">Outra op\u00e7\u00e3o \u00e9 registrar a queixa no Procon, que pode intermediar a negocia\u00e7\u00e3o com a empresa. Em casos mais complexos ou quando h\u00e1 necessidade de uma indeniza\u00e7\u00e3o maior, a contrata\u00e7\u00e3o de um advogado pode ajudar a garantir o ressarcimento.<\/span><span data-ccp-props=\"{}\">\u00a0<\/span><\/p>\n<p aria-level=\"2\"><span data-contrast=\"auto\">Dicas para evitar problemas com extravio de bagagem<\/span><span data-ccp-props=\"{&quot;134245418&quot;:true,&quot;134245529&quot;:true,&quot;335559738&quot;:360,&quot;335559739&quot;:120}\">\u00a0<\/span><\/p>\n<p><span data-contrast=\"auto\">Embora o extravio de bagagem seja um problema que pode acontecer com qualquer passageiro, algumas medidas preventivas podem minimizar os riscos. Utilizar rastreadores de bagagem, como dispositivos AirTags, por exemplo, permitem localizar a mala em tempo real.<\/span><span data-ccp-props=\"{}\">\u00a0<\/span><\/p>\n<p><span data-ccp-props=\"{}\">\u00a0<\/span><\/p>\n<p><span data-contrast=\"auto\">Investir em seguro <a href=\"https:\/\/www.visiteobrasil.com.br\/news\/o-que-nao-pode-faltar-na-mala-de-viagem-para-qualquer-destino\/\">viagem<\/a> tamb\u00e9m \u00e9 uma boa ideia, tendo em vista que muitos cobrem despesas em caso de extravio. Outra recomenda\u00e7\u00e3o \u00e9 identificar bem a bagagem com etiquetas contendo nome e contato, facilitando a devolu\u00e7\u00e3o.<\/span><span data-ccp-props=\"{}\">\u00a0<\/span><\/p>\n<p><span data-ccp-props=\"{}\">\u00a0<\/span><\/p>\n<p><span data-contrast=\"auto\">Al\u00e9m disso, carregar itens essenciais na mala de m\u00e3o, como roupas extras, carregadores e objetos de valor, pode evitar transtornos maiores. Caso a bagagem despachada n\u00e3o seja recuperada, manter os comprovantes de despacho e notas fiscais de itens importantes pode agilizar o processo de indeniza\u00e7\u00e3o.<\/span><span data-ccp-props=\"{}\">\u00a0<\/span><\/p>\n","protected":false},"excerpt":{"rendered":"<p>Registrar a reclama\u00e7\u00e3o corretamente, recorrer \u00e0 Anac em casos de recusa da companhia a\u00e9rea e contar com aux\u00edlio de profissionais s\u00e3o recomenda\u00e7\u00f5es para assegurar seus direitos. Viajar \u00e9 sempre uma experi\u00eancia enriquecedora, mas imprevistos podem transformar momentos de lazer ou trabalho em verdadeiros transtornos. Um dos problemas mais comuns enfrentados por passageiros de companhias a\u00e9reas [&hellip;]<\/p>\n","protected":false},"author":2,"featured_media":13304,"comment_status":"open","ping_status":"open","sticky":false,"template":"","format":"standard","meta":{"_jetpack_memberships_contains_paid_content":false,"footnotes":"","jetpack_publicize_message":"","jetpack_publicize_feature_enabled":true,"jetpack_social_post_already_shared":true,"jetpack_social_options":{"image_generator_settings":{"template":"highway","default_image_id":0,"font":"","enabled":false},"version":2}},"categories":[702],"tags":[],"class_list":["post-13303","post","type-post","status-publish","format-standard","has-post-thumbnail","hentry","category-dicas-legais"],"jetpack_publicize_connections":[],"jetpack_featured_media_url":"https:\/\/i0.wp.com\/www.visiteobrasil.com.br\/news\/wp-content\/uploads\/2025\/03\/Bagagem-travel-suitcase-preparations-packing.jpg?fit=900%2C600&ssl=1","jetpack-related-posts":[{"id":13213,"url":"https:\/\/www.visiteobrasil.com.br\/news\/como-se-preparar-financeiramente-para-a-primeira-viagem-internacional\/","url_meta":{"origin":13303,"position":0},"title":"Como se preparar financeiramente para a primeira viagem internacional","author":"Ramon","date":"15 de dezembro de 2024","format":false,"excerpt":"Sonha em fazer sua primeira viagem internacional? Com um bom planejamento financeiro, \u00e9 poss\u00edvel realizar esse sonho sem comprometer sua estabilidade financeira. Uma viagem internacional \u00e9 uma oportunidade incr\u00edvel para conhecer n\u00e3o s\u00f3 outros lugares, mas tamb\u00e9m outras culturas e modos de viver. Para conseguir vivenciar essa experi\u00eancia, \u00e9 necess\u00e1rio\u2026","rel":"","context":"Em &quot;Dicas legais&quot;","block_context":{"text":"Dicas legais","link":"https:\/\/www.visiteobrasil.com.br\/news\/dicas-legais\/"},"img":{"alt_text":"Viagem internacional","src":"https:\/\/i0.wp.com\/www.visiteobrasil.com.br\/news\/wp-content\/uploads\/2024\/12\/Viagem-internacional.jpg?fit=900%2C608&ssl=1&resize=350%2C200","width":350,"height":200,"srcset":"https:\/\/i0.wp.com\/www.visiteobrasil.com.br\/news\/wp-content\/uploads\/2024\/12\/Viagem-internacional.jpg?fit=900%2C608&ssl=1&resize=350%2C200 1x, https:\/\/i0.wp.com\/www.visiteobrasil.com.br\/news\/wp-content\/uploads\/2024\/12\/Viagem-internacional.jpg?fit=900%2C608&ssl=1&resize=525%2C300 1.5x, https:\/\/i0.wp.com\/www.visiteobrasil.com.br\/news\/wp-content\/uploads\/2024\/12\/Viagem-internacional.jpg?fit=900%2C608&ssl=1&resize=700%2C400 2x"},"classes":[]},{"id":13467,"url":"https:\/\/www.visiteobrasil.com.br\/news\/o-que-nao-pode-faltar-na-mala-de-viagem-para-qualquer-destino\/","url_meta":{"origin":13303,"position":1},"title":"O que n\u00e3o pode faltar na mala de viagem para qualquer destino","author":"Ramon","date":"31 de agosto de 2025","format":false,"excerpt":"Planejamento cuidadoso da bagagem previne imprevistos e assegura uma viagem tranquila. Viajar requer um planejamento minucioso, especialmente no que diz respeito \u00e0 bagagem. Escolher as roupas, cal\u00e7ados e itens de uso pessoal com cuidado pode prevenir imprevistos e garantir um maior conforto durante a viagem. A organiza\u00e7\u00e3o inteligente da mala\u2026","rel":"","context":"Em &quot;Dicas legais&quot;","block_context":{"text":"Dicas legais","link":"https:\/\/www.visiteobrasil.com.br\/news\/dicas-legais\/"},"img":{"alt_text":"Mala: Conjunto de malas para viagem","src":"https:\/\/i0.wp.com\/www.visiteobrasil.com.br\/news\/wp-content\/uploads\/2025\/08\/Malas-Creditos-Ivabalk-Pixabay.jpg?fit=893%2C572&ssl=1&resize=350%2C200","width":350,"height":200,"srcset":"https:\/\/i0.wp.com\/www.visiteobrasil.com.br\/news\/wp-content\/uploads\/2025\/08\/Malas-Creditos-Ivabalk-Pixabay.jpg?fit=893%2C572&ssl=1&resize=350%2C200 1x, https:\/\/i0.wp.com\/www.visiteobrasil.com.br\/news\/wp-content\/uploads\/2025\/08\/Malas-Creditos-Ivabalk-Pixabay.jpg?fit=893%2C572&ssl=1&resize=525%2C300 1.5x, https:\/\/i0.wp.com\/www.visiteobrasil.com.br\/news\/wp-content\/uploads\/2025\/08\/Malas-Creditos-Ivabalk-Pixabay.jpg?fit=893%2C572&ssl=1&resize=700%2C400 2x"},"classes":[]},{"id":12960,"url":"https:\/\/www.visiteobrasil.com.br\/news\/stopover-desbrave-o-brasil-com-apenas-uma-pasagem-aerea\/","url_meta":{"origin":13303,"position":2},"title":"Stopover: Desbrave o Brasil com apenas uma pasagem a\u00e9rea","author":"Ramon","date":"1 de maio de 2024","format":false,"excerpt":"Desvendando o Conceito do Stopover A ideia de poder explorar diversos destinos, em diferentes estados, com apenas uma passagem a\u00e9rea parece algo sa\u00eddo de um conto de fadas. No entanto, gra\u00e7as ao programa \"Conhe\u00e7a o Brasil: Voando\", do Minist\u00e9rio do Turismo (MTur), isso se tornou uma realidade tang\u00edvel. Agora, al\u00e9m\u2026","rel":"","context":"Em &quot;Artigos&quot;","block_context":{"text":"Artigos","link":"https:\/\/www.visiteobrasil.com.br\/news\/artigos\/"},"img":{"alt_text":"Crescimento: stopover: Passagens a\u00e9reas - Avi\u00e3o taxiando na pista","src":"https:\/\/i0.wp.com\/www.visiteobrasil.com.br\/news\/wp-content\/uploads\/2023\/12\/rocker-sta-RSYBi_1fhfM-unsplash.jpg?fit=900%2C600&ssl=1&resize=350%2C200","width":350,"height":200,"srcset":"https:\/\/i0.wp.com\/www.visiteobrasil.com.br\/news\/wp-content\/uploads\/2023\/12\/rocker-sta-RSYBi_1fhfM-unsplash.jpg?fit=900%2C600&ssl=1&resize=350%2C200 1x, https:\/\/i0.wp.com\/www.visiteobrasil.com.br\/news\/wp-content\/uploads\/2023\/12\/rocker-sta-RSYBi_1fhfM-unsplash.jpg?fit=900%2C600&ssl=1&resize=525%2C300 1.5x, https:\/\/i0.wp.com\/www.visiteobrasil.com.br\/news\/wp-content\/uploads\/2023\/12\/rocker-sta-RSYBi_1fhfM-unsplash.jpg?fit=900%2C600&ssl=1&resize=700%2C400 2x"},"classes":[]},{"id":13565,"url":"https:\/\/www.visiteobrasil.com.br\/news\/viagens-empresariais\/","url_meta":{"origin":13303,"position":3},"title":"Viagens empresariais: Guia completo para organizar","author":"Ramon","date":"17 de outubro de 2025","format":false,"excerpt":"As viagens empresariais s\u00e3o uma parte essencial da vida profissional de muitos executivos e colaboradores. Seja para reuni\u00f5es importantes, confer\u00eancias, feiras ou encontros com clientes, as viagens empresariais exigem planejamento e organiza\u00e7\u00e3o cuidadosos para garantir o sucesso e a efici\u00eancia.\u00a0 \u00a0 Neste guia completo, vamos explorar as melhores pr\u00e1ticas para\u2026","rel":"","context":"Em &quot;Dicas legais&quot;","block_context":{"text":"Dicas legais","link":"https:\/\/www.visiteobrasil.com.br\/news\/dicas-legais\/"},"img":{"alt_text":"Viagens empresariais : wavebreakmedia_micro \/ Freepik","src":"https:\/\/i0.wp.com\/www.visiteobrasil.com.br\/news\/wp-content\/uploads\/2025\/10\/Viagens-empresariais-wavebreakmedia_micro-Freepik.jpg?fit=900%2C600&ssl=1&resize=350%2C200","width":350,"height":200,"srcset":"https:\/\/i0.wp.com\/www.visiteobrasil.com.br\/news\/wp-content\/uploads\/2025\/10\/Viagens-empresariais-wavebreakmedia_micro-Freepik.jpg?fit=900%2C600&ssl=1&resize=350%2C200 1x, https:\/\/i0.wp.com\/www.visiteobrasil.com.br\/news\/wp-content\/uploads\/2025\/10\/Viagens-empresariais-wavebreakmedia_micro-Freepik.jpg?fit=900%2C600&ssl=1&resize=525%2C300 1.5x, https:\/\/i0.wp.com\/www.visiteobrasil.com.br\/news\/wp-content\/uploads\/2025\/10\/Viagens-empresariais-wavebreakmedia_micro-Freepik.jpg?fit=900%2C600&ssl=1&resize=700%2C400 2x"},"classes":[]},{"id":13232,"url":"https:\/\/www.visiteobrasil.com.br\/news\/como-planejar-viagens-com-tranquilidade-e-protecao-garantida\/","url_meta":{"origin":13303,"position":4},"title":"Como planejar viagens com tranquilidade e prote\u00e7\u00e3o garantida","author":"Ramon","date":"15 de janeiro de 2025","format":false,"excerpt":"Para quem sonha com uma experi\u00eancia perfeita, planejar \u00e9 fundamental! Para estar tranquilo durante a viagem, \u00e9 preciso conferir os documentos, separar os recursos necess\u00e1rios e contar com seguros para viagem, aproveitando os momentos com tranquilidade e sem preocupa\u00e7\u00f5es. De acordo com dados da Superintend\u00eancia de Seguros Privados (SUSEP), de\u2026","rel":"","context":"Em &quot;Dicas legais&quot;","block_context":{"text":"Dicas legais","link":"https:\/\/www.visiteobrasil.com.br\/news\/dicas-legais\/"},"img":{"alt_text":"Planejar - Fa\u00e7a uma viagem planejada","src":"https:\/\/i0.wp.com\/www.visiteobrasil.com.br\/news\/wp-content\/uploads\/2025\/01\/viagem-planejada.jpg?fit=900%2C600&ssl=1&resize=350%2C200","width":350,"height":200,"srcset":"https:\/\/i0.wp.com\/www.visiteobrasil.com.br\/news\/wp-content\/uploads\/2025\/01\/viagem-planejada.jpg?fit=900%2C600&ssl=1&resize=350%2C200 1x, https:\/\/i0.wp.com\/www.visiteobrasil.com.br\/news\/wp-content\/uploads\/2025\/01\/viagem-planejada.jpg?fit=900%2C600&ssl=1&resize=525%2C300 1.5x, https:\/\/i0.wp.com\/www.visiteobrasil.com.br\/news\/wp-content\/uploads\/2025\/01\/viagem-planejada.jpg?fit=900%2C600&ssl=1&resize=700%2C400 2x"},"classes":[]},{"id":13235,"url":"https:\/\/www.visiteobrasil.com.br\/news\/10-dicas-essenciais-para-nao-cair-em-ciladas-na-sua-proxima-viagem\/","url_meta":{"origin":13303,"position":5},"title":"10 dicas essenciais para n\u00e3o cair em ciladas na sua pr\u00f3xima viagem","author":"Ramon","date":"19 de janeiro de 2025","format":false,"excerpt":"Viajar \u00e9 uma experi\u00eancia que muitos consideram indispens\u00e1vel, seja para relaxar, explorar novos lugares ou simplesmente fugir da rotina. No entanto, para que sua viagem seja tranquila e inesquec\u00edvel pelos motivos certos, \u00e9 fundamental tomar precau\u00e7\u00f5es ao contratar servi\u00e7os tur\u00edsticos. A Ag\u00eancia de Not\u00edcias do Minist\u00e9rio do Turismo compilou uma\u2026","rel":"","context":"Em &quot;Dicas legais&quot;","block_context":{"text":"Dicas legais","link":"https:\/\/www.visiteobrasil.com.br\/news\/dicas-legais\/"},"img":{"alt_text":"Viagem. Passageirs a bordo de trem de turismo","src":"https:\/\/i0.wp.com\/www.visiteobrasil.com.br\/news\/wp-content\/uploads\/2025\/01\/Imagem-ilustrativa-Trem-Restaurante.jpg?fit=900%2C600&ssl=1&resize=350%2C200","width":350,"height":200,"srcset":"https:\/\/i0.wp.com\/www.visiteobrasil.com.br\/news\/wp-content\/uploads\/2025\/01\/Imagem-ilustrativa-Trem-Restaurante.jpg?fit=900%2C600&ssl=1&resize=350%2C200 1x, https:\/\/i0.wp.com\/www.visiteobrasil.com.br\/news\/wp-content\/uploads\/2025\/01\/Imagem-ilustrativa-Trem-Restaurante.jpg?fit=900%2C600&ssl=1&resize=525%2C300 1.5x, https:\/\/i0.wp.com\/www.visiteobrasil.com.br\/news\/wp-content\/uploads\/2025\/01\/Imagem-ilustrativa-Trem-Restaurante.jpg?fit=900%2C600&ssl=1&resize=700%2C400 2x"},"classes":[]}],"jetpack_sharing_enabled":true,"jetpack_likes_enabled":true,"_links":{"self":[{"href":"https:\/\/www.visiteobrasil.com.br\/news\/wp-json\/wp\/v2\/posts\/13303","targetHints":{"allow":["GET"]}}],"collection":[{"href":"https:\/\/www.visiteobrasil.com.br\/news\/wp-json\/wp\/v2\/posts"}],"about":[{"href":"https:\/\/www.visiteobrasil.com.br\/news\/wp-json\/wp\/v2\/types\/post"}],"author":[{"embeddable":true,"href":"https:\/\/www.visiteobrasil.com.br\/news\/wp-json\/wp\/v2\/users\/2"}],"replies":[{"embeddable":true,"href":"https:\/\/www.visiteobrasil.com.br\/news\/wp-json\/wp\/v2\/comments?post=13303"}],"version-history":[{"count":1,"href":"https:\/\/www.visiteobrasil.com.br\/news\/wp-json\/wp\/v2\/posts\/13303\/revisions"}],"predecessor-version":[{"id":13305,"href":"https:\/\/www.visiteobrasil.com.br\/news\/wp-json\/wp\/v2\/posts\/13303\/revisions\/13305"}],"wp:featuredmedia":[{"embeddable":true,"href":"https:\/\/www.visiteobrasil.com.br\/news\/wp-json\/wp\/v2\/media\/13304"}],"wp:attachment":[{"href":"https:\/\/www.visiteobrasil.com.br\/news\/wp-json\/wp\/v2\/media?parent=13303"}],"wp:term":[{"taxonomy":"category","embeddable":true,"href":"https:\/\/www.visiteobrasil.com.br\/news\/wp-json\/wp\/v2\/categories?post=13303"},{"taxonomy":"post_tag","embeddable":true,"href":"https:\/\/www.visiteobrasil.com.br\/news\/wp-json\/wp\/v2\/tags?post=13303"}],"curies":[{"name":"wp","href":"https:\/\/api.w.org\/{rel}","templated":true}]}}