{"id":13265,"date":"2025-02-16T08:19:14","date_gmt":"2025-02-16T11:19:14","guid":{"rendered":"https:\/\/www.visiteobrasil.com.br\/news\/?p=13265"},"modified":"2025-02-16T08:19:14","modified_gmt":"2025-02-16T11:19:14","slug":"explorando-a-noite-carioca-melhores-dicas-para-turistas","status":"publish","type":"post","link":"https:\/\/www.visiteobrasil.com.br\/news\/explorando-a-noite-carioca-melhores-dicas-para-turistas\/","title":{"rendered":"Explorando a noite carioca: melhores dicas para turistas"},"content":{"rendered":"<p>O Rio de Janeiro \u00e9 um destino que vai muito al\u00e9m de suas deslumbrantes belezas naturais, oferecendo experi\u00eancias \u00fanicas para todos os tipos de visitantes. Quando a noite chega, a cidade se revela com uma vida noturna vibrante e repleta de op\u00e7\u00f5es.<\/p>\n<p>De botecos tradicionais e rodas de samba a bares de rooftop, o Rio tem alternativas para agradar a todos os gostos. A seguir, confira dicas imperd\u00edveis para aproveitar a noite carioca em grande estilo!<\/p>\n<h2>Bares tradicionais<\/h2>\n<p>Vai <a href=\"https:\/\/www.letsatlantica.com.br\/destino\/riodejaneiro\" target=\"_blank\" rel=\"noopener\">viajar para o Rio de Janeiro<\/a> e quer desfrutar da t\u00edpica boemia carioca? A Lapa \u00e9 o lugar perfeito! Com bares animados e uma atmosfera vibrante, a regi\u00e3o \u00e9 um verdadeiro centro cultural, oferecendo desde samba de raiz at\u00e9 m\u00fasica ao vivo de diversos estilos.<\/p>\n<p>Outra op\u00e7\u00e3o \u00e9 visitar os bares na Zona Sul, como o Bar Astor, em Ipanema, e o Bip Bip, em Copacabana, que oferecem um clima mais tranquilo, mas com boa comida e drinques. Esses bares s\u00e3o perfeitos para quem quer relaxar e aproveitar a noite de forma mais descontra\u00edda.<\/p>\n<p>Para quem busca uma experi\u00eancia ainda mais aut\u00eantica, o bairro de Santa Teresa \u00e9 uma excelente pedida. Com ruas charmosas e bo\u00eamia descomplicada, o bairro abriga bares como o Bar do Mineiro e o Bar do Gomes, ideais para quem quer apreciar petiscos t\u00edpicos e ouvir boa m\u00fasica.<\/p>\n<h2>Experi\u00eancias culturais<\/h2>\n<p>N\u00e3o h\u00e1 d\u00favidas de que o Rio de Janeiro \u00e9 lar de uma cultura vibrante e uma diversidade de experi\u00eancias \u00fanicas. A cidade oferece uma fus\u00e3o perfeita entre suas belezas naturais e uma cena cultural din\u00e2mica, que atrai visitantes de todo o mundo.<\/p>\n<p>Quem busca uma experi\u00eancia aut\u00eantica pode se divertir nas tradicionais rodas de samba, espalhadas por bairros como Santa Teresa e Sa\u00fade. Esses encontros proporcionam uma imers\u00e3o no samba de raiz, permitindo que os turistas dancem e curtam a verdadeira m\u00fasica carioca em um ambiente descontra\u00eddo.<\/p>\n<p>Tamb\u00e9m \u00e9\u00a0 poss\u00edvel curtir a noite com outras brasilidades, em lugares como a Fundi\u00e7\u00e3o Progresso e o Circo Voador, que s\u00e3o palco de shows inesquec\u00edveis e uma verdadeira celebra\u00e7\u00e3o da m\u00fasica brasileira. Para quem busca algo mais sofisticado, o Theatro Municipal e o Centro Cultural Banco do Brasil contam com uma programa\u00e7\u00e3o recheada, com apresenta\u00e7\u00f5es teatrais, musicais e exposi\u00e7\u00f5es.<\/p>\n<h2>Vista panor\u00e2mica da cidade<\/h2>\n<p>A vista noturna do <a href=\"https:\/\/www.visiteobrasil.com.br\/sudeste\/rio-de-janeiro\">Rio de Janeiro<\/a> \u00e9 considerada uma das mais bonitas do mundo, e subir o P\u00e3o de A\u00e7\u00facar \u00e9 uma das maneiras mais ic\u00f4nicas de apreci\u00e1-la. A cidade iluminada \u00e0 noite oferece um panorama impressionante, com as praias, montanhas e a ba\u00eda de Guanabara se destacando sob o c\u00e9u noturno.<\/p>\n<p>Os mirantes de Santa Teresa e o Cristo Redentor, no Corcovado, tamb\u00e9m s\u00e3o excelentes op\u00e7\u00f5es para quem busca vistas panor\u00e2micas. Esses pontos oferecem uma vis\u00e3o privilegiada da cidade, especialmente ao anoitecer, quando a ilumina\u00e7\u00e3o natural e artificial cria uma atmosfera \u00fanica.<\/p>\n<p>Para quem deseja continuar a experi\u00eancia, os bares de rooftop, como o Skyline e o Terra\u00e7o Jardim Bot\u00e2nico, oferecem uma vista espetacular da cidade. Com um ambiente tranquilo e sofisticado, esses locais s\u00e3o perfeitos para curtir a noite com uma bebida, enquanto desfruta de uma vis\u00e3o panor\u00e2mica do Rio.<\/p>\n<h2>Boa gastronomia<\/h2>\n<p>A gastronomia carioca \u00e9 uma verdadeira celebra\u00e7\u00e3o de sabores, especialmente quando se trata de comida de rua e petiscos. Os quiosques de praia s\u00e3o um cl\u00e1ssico, oferecendo desde o famoso bolinho de bacalhau at\u00e9 o refrescante mate gelado, uma combina\u00e7\u00e3o perfeita para o calor carioca.<\/p>\n<p>Para quem aprecia um bom churrasco, as churrascarias da cidade s\u00e3o uma excelente escolha. Elas oferecem cortes suculentos e aquele tempero \u00fanico que \u00e9 a cara do Rio, al\u00e9m da tradicional feijoada, um prato indispens\u00e1vel na cultura carioca, perfeito para compartilhar entre amigos.<\/p>\n<p>Se a ideia \u00e9 elevar a experi\u00eancia culin\u00e1ria, os restaurantes sofisticados com vista para o mar s\u00e3o imperd\u00edveis. Situados em pontos privilegiados, como Copacabana e Leblon, esses estabelecimentos encantam por seus menus requintados \u00e0 base de frutos do mar, como o camar\u00e3o, a lagosta e o peixe fresco.<\/p>\n<h2>Dicas para aproveitar a noite carioca com conforto e seguran\u00e7a<\/h2>\n<p>Para aproveitar a noite carioca com conforto e seguran\u00e7a, prefira se locomover de t\u00e1xi, aplicativos de transporte particulares ou transporte p\u00fablico. Evite andar sozinho em locais menos tur\u00edsticos e opte por vestimentas leves para curtir a noite com mais praticidade.<\/p>\n<p>Se for sair para festas ou bares, evite carregar grandes quantias de dinheiro ou objetos de valor. Fique atento ao consumo de bebidas e sempre pe\u00e7a para ver o fechamento do seu pedido antes de aceit\u00e1-las.<\/p>\n<p>Sempre procure se informar sobre a \u00e1rea onde est\u00e1, principalmente se for explorar regi\u00f5es menos conhecidas. Ao se sentir inseguro, procure abrigo em lugares bem iluminados e movimentados, e, se poss\u00edvel, prefira se reunir com amigos em grupos.<\/p>\n","protected":false},"excerpt":{"rendered":"<p>O Rio de Janeiro \u00e9 um destino que vai muito al\u00e9m de suas deslumbrantes belezas naturais, oferecendo experi\u00eancias \u00fanicas para todos os tipos de visitantes. Quando a noite chega, a cidade se revela com uma vida noturna vibrante e repleta de op\u00e7\u00f5es. De botecos tradicionais e rodas de samba a bares de rooftop, o Rio [&hellip;]<\/p>\n","protected":false},"author":2,"featured_media":13267,"comment_status":"open","ping_status":"open","sticky":false,"template":"","format":"standard","meta":{"_jetpack_memberships_contains_paid_content":false,"footnotes":"","jetpack_publicize_message":"","jetpack_publicize_feature_enabled":true,"jetpack_social_post_already_shared":true,"jetpack_social_options":{"image_generator_settings":{"template":"highway","default_image_id":0,"font":"","enabled":false},"version":2}},"categories":[1,702],"tags":[],"class_list":["post-13265","post","type-post","status-publish","format-standard","has-post-thumbnail","hentry","category-artigos","category-dicas-legais"],"jetpack_publicize_connections":[],"jetpack_featured_media_url":"https:\/\/i0.wp.com\/www.visiteobrasil.com.br\/news\/wp-content\/uploads\/2025\/02\/Rio-de-janeiro-Wirestock-Freepik.jpg?fit=900%2C600&ssl=1","jetpack-related-posts":[{"id":6354,"url":"https:\/\/www.visiteobrasil.com.br\/news\/dicas-dos-10-melhores-destinos-para-a-virada-do-ano-2023\/","url_meta":{"origin":13265,"position":0},"title":"Dicas dos 10 melhores destinos para a virada do ano 2023","author":"Ramon","date":"3 de dezembro de 2023","format":false,"excerpt":"O final do ano se aproxima e, com ele, a expectativa de celebrar a virada de 2023 em destinos tur\u00edsticos inesquec\u00edveis ao redor do mundo. Seja em solo brasileiro ou al\u00e9m das fronteiras, h\u00e1 uma variedade de op\u00e7\u00f5es que prometem experi\u00eancias \u00fanicas para receber o novo ano com estilo. Neste\u2026","rel":"","context":"Em &quot;Mat\u00e9rias especiais&quot;","block_context":{"text":"Mat\u00e9rias especiais","link":"https:\/\/www.visiteobrasil.com.br\/news\/materias-especiais\/"},"img":{"alt_text":"Virada do ano: Reveillon 2023 - Salvador-Ba: Farol da Barra \u00e0 noite - Foto: Jo\u00e3o Ramos (Bahiatursa)","src":"https:\/\/i0.wp.com\/www.visiteobrasil.com.br\/news\/wp-content\/uploads\/2023\/12\/Reveillon-2023-Farol-da-barra-ssa-foto-joao-ramos-bahiatursa.jpg?fit=900%2C599&ssl=1&resize=350%2C200","width":350,"height":200,"srcset":"https:\/\/i0.wp.com\/www.visiteobrasil.com.br\/news\/wp-content\/uploads\/2023\/12\/Reveillon-2023-Farol-da-barra-ssa-foto-joao-ramos-bahiatursa.jpg?fit=900%2C599&ssl=1&resize=350%2C200 1x, https:\/\/i0.wp.com\/www.visiteobrasil.com.br\/news\/wp-content\/uploads\/2023\/12\/Reveillon-2023-Farol-da-barra-ssa-foto-joao-ramos-bahiatursa.jpg?fit=900%2C599&ssl=1&resize=525%2C300 1.5x, https:\/\/i0.wp.com\/www.visiteobrasil.com.br\/news\/wp-content\/uploads\/2023\/12\/Reveillon-2023-Farol-da-barra-ssa-foto-joao-ramos-bahiatursa.jpg?fit=900%2C599&ssl=1&resize=700%2C400 2x"},"classes":[]},{"id":12911,"url":"https:\/\/www.visiteobrasil.com.br\/news\/uma-jornada-futebolistica-pelo-brasil-destinos-essenciais-para-os-amantes-do-esporte\/","url_meta":{"origin":13265,"position":1},"title":"Uma jornada futebol\u00edstica pelo Brasil: destinos essenciais para os amantes do esporte","author":"Ramon","date":"28 de mar\u00e7o de 2024","format":false,"excerpt":"O Brasil respira futebol. E para os verdadeiros apaixonados pelo esporte, nada como uma jornada pelos principais redutos futebol\u00edsticos do pa\u00eds para vivenciar essa paix\u00e3o em sua plenitude. Prepare-se para uma viagem emocionante, onde cada est\u00e1dio, cada jogo, cada conversa com outros torcedores ser\u00e1 uma experi\u00eancia inesquec\u00edvel. Desde as areias\u2026","rel":"","context":"Em &quot;Entretenimento&quot;","block_context":{"text":"Entretenimento","link":"https:\/\/www.visiteobrasil.com.br\/news\/entretenimento\/"},"img":{"alt_text":"Futebol - Estadio do Maracan\u00e3","src":"https:\/\/i0.wp.com\/www.visiteobrasil.com.br\/news\/wp-content\/uploads\/2024\/03\/Imagem2-Estadio-do-Maracana.jpg?fit=900%2C600&ssl=1&resize=350%2C200","width":350,"height":200,"srcset":"https:\/\/i0.wp.com\/www.visiteobrasil.com.br\/news\/wp-content\/uploads\/2024\/03\/Imagem2-Estadio-do-Maracana.jpg?fit=900%2C600&ssl=1&resize=350%2C200 1x, https:\/\/i0.wp.com\/www.visiteobrasil.com.br\/news\/wp-content\/uploads\/2024\/03\/Imagem2-Estadio-do-Maracana.jpg?fit=900%2C600&ssl=1&resize=525%2C300 1.5x, https:\/\/i0.wp.com\/www.visiteobrasil.com.br\/news\/wp-content\/uploads\/2024\/03\/Imagem2-Estadio-do-Maracana.jpg?fit=900%2C600&ssl=1&resize=700%2C400 2x"},"classes":[]},{"id":5954,"url":"https:\/\/www.visiteobrasil.com.br\/news\/novembro-negro-a-celebracao-das-raizes-afro-brasileiras\/","url_meta":{"origin":13265,"position":2},"title":"Novembro Negro: A celebra\u00e7\u00e3o das ra\u00edzes Afro-brasileiras","author":"Ramon","date":"19 de novembro de 2023","format":false,"excerpt":"O m\u00eas de novembro, conhecido como Novembro Negro, assume um papel de destaque no Brastil, celebrando a cultura e a contribui\u00e7\u00e3o significativa da popula\u00e7\u00e3o afrodescendente para a forma\u00e7\u00e3o da identidade nacional. Al\u00e9m de ser um momento de reflex\u00e3o sobre a hist\u00f3ria e a luta contra o racismo, o Novembro Negro\u2026","rel":"","context":"Em &quot;Artigos&quot;","block_context":{"text":"Artigos","link":"https:\/\/www.visiteobrasil.com.br\/news\/artigos\/"},"img":{"alt_text":"Novembro negro - Largo do Pelourinho \u00e0 noite - Foto: Jota Freitas\/Setur","src":"https:\/\/i0.wp.com\/www.visiteobrasil.com.br\/news\/wp-content\/uploads\/2023\/11\/largo-do-pelourinho-foto-jota-freitas-seturgr.jpg?fit=900%2C597&ssl=1&resize=350%2C200","width":350,"height":200,"srcset":"https:\/\/i0.wp.com\/www.visiteobrasil.com.br\/news\/wp-content\/uploads\/2023\/11\/largo-do-pelourinho-foto-jota-freitas-seturgr.jpg?fit=900%2C597&ssl=1&resize=350%2C200 1x, https:\/\/i0.wp.com\/www.visiteobrasil.com.br\/news\/wp-content\/uploads\/2023\/11\/largo-do-pelourinho-foto-jota-freitas-seturgr.jpg?fit=900%2C597&ssl=1&resize=525%2C300 1.5x, https:\/\/i0.wp.com\/www.visiteobrasil.com.br\/news\/wp-content\/uploads\/2023\/11\/largo-do-pelourinho-foto-jota-freitas-seturgr.jpg?fit=900%2C597&ssl=1&resize=700%2C400 2x"},"classes":[]},{"id":13449,"url":"https:\/\/www.visiteobrasil.com.br\/news\/atividades-culturais-imperdiveis-para-quem-quer-explorar-a-regiao-sudeste-do-brasil\/","url_meta":{"origin":13265,"position":3},"title":"Atividades culturais imperd\u00edveis para quem quer explorar a regi\u00e3o sudeste do Brasil","author":"Ramon","date":"17 de agosto de 2025","format":false,"excerpt":"A diversidade cultural do Sudeste brasileiro oferece experi\u00eancias \u00fanicas em roteiros curtos, com destaque para S\u00e3o Paulo, Rio de Janeiro, Vit\u00f3ria e Ouro Preto. A diversidade cultural do Sudeste brasileiro oferece experi\u00eancias \u00fanicas, mesmo em roteiros de curta dura\u00e7\u00e3o. Cidades como S\u00e3o Paulo, Rio de Janeiro, Vit\u00f3ria e Ouro Preto\u2026","rel":"","context":"Em &quot;Cultura&quot;","block_context":{"text":"Cultura","link":"https:\/\/www.visiteobrasil.com.br\/news\/cultura\/"},"img":{"alt_text":"sudeste-Orquestra-sinfonica-Foto-mallerba-Pixabay","src":"https:\/\/i0.wp.com\/www.visiteobrasil.com.br\/news\/wp-content\/uploads\/2025\/08\/sudeste-Orquestra-sinfonica-Foto-mallerba-Pixabay.jpg?fit=600%2C399&ssl=1&resize=350%2C200","width":350,"height":200,"srcset":"https:\/\/i0.wp.com\/www.visiteobrasil.com.br\/news\/wp-content\/uploads\/2025\/08\/sudeste-Orquestra-sinfonica-Foto-mallerba-Pixabay.jpg?fit=600%2C399&ssl=1&resize=350%2C200 1x, https:\/\/i0.wp.com\/www.visiteobrasil.com.br\/news\/wp-content\/uploads\/2025\/08\/sudeste-Orquestra-sinfonica-Foto-mallerba-Pixabay.jpg?fit=600%2C399&ssl=1&resize=525%2C300 1.5x"},"classes":[]},{"id":13176,"url":"https:\/\/www.visiteobrasil.com.br\/news\/brasil-se-destaca-em-tres-categorias-do-turismo-mundial\/","url_meta":{"origin":13265,"position":4},"title":"Brasil se destaca em tr\u00eas categorias do turismo mundial","author":"Ramon","date":"10 de novembro de 2024","format":false,"excerpt":"O Brasil foi destaque na prestigiada premia\u00e7\u00e3o Wanderlust Travel Awards 2024, organizada pela influente revista brit\u00e2nica de turismo Wanderlust. O pa\u00eds foi reconhecido em tr\u00eas importantes categorias, reafirmando seu apelo internacional e consolidando-se como um dos destinos mais cobi\u00e7ados para viajantes do mundo todo. Na classifica\u00e7\u00e3o geral dos \"Destinos Mais\u2026","rel":"","context":"Em &quot;Noticias&quot;","block_context":{"text":"Noticias","link":"https:\/\/www.visiteobrasil.com.br\/news\/noticias\/"},"img":{"alt_text":"Brasil - Amazonia - Foto : jeangc-28587130 Pexels","src":"https:\/\/i0.wp.com\/www.visiteobrasil.com.br\/news\/wp-content\/uploads\/2024\/11\/Amazonia-pexels-jeangc-28587130.jpg?fit=900%2C600&ssl=1&resize=350%2C200","width":350,"height":200,"srcset":"https:\/\/i0.wp.com\/www.visiteobrasil.com.br\/news\/wp-content\/uploads\/2024\/11\/Amazonia-pexels-jeangc-28587130.jpg?fit=900%2C600&ssl=1&resize=350%2C200 1x, https:\/\/i0.wp.com\/www.visiteobrasil.com.br\/news\/wp-content\/uploads\/2024\/11\/Amazonia-pexels-jeangc-28587130.jpg?fit=900%2C600&ssl=1&resize=525%2C300 1.5x, https:\/\/i0.wp.com\/www.visiteobrasil.com.br\/news\/wp-content\/uploads\/2024\/11\/Amazonia-pexels-jeangc-28587130.jpg?fit=900%2C600&ssl=1&resize=700%2C400 2x"},"classes":[]},{"id":13298,"url":"https:\/\/www.visiteobrasil.com.br\/news\/abril-esta-chegando-com-opcoes-nos-feriados-prolongados\/","url_meta":{"origin":13265,"position":5},"title":"Abril est\u00e1 chegando com op\u00e7\u00f5es nos feriados prolongados","author":"Ramon","date":"23 de mar\u00e7o de 2025","format":false,"excerpt":"O m\u00eas de abril de 2025 promete ser um per\u00edodo excelente para quem busca viajar e aproveitar momentos de descanso. Com o feriado prolongado da Sexta-feira Santa (18\/4) e o feriado de Tiradentes (21\/4), abril oferece uma \u00f3tima oportunidade para quem quer escapar da rotina e explorar novos destinos no\u2026","rel":"","context":"Em &quot;Dicas legais&quot;","block_context":{"text":"Dicas legais","link":"https:\/\/www.visiteobrasil.com.br\/news\/dicas-legais\/"},"img":{"alt_text":"Feriado - Feriados prolongados em Anril. Foto: AI-Freepick","src":"https:\/\/i0.wp.com\/www.visiteobrasil.com.br\/news\/wp-content\/uploads\/2025\/03\/freepik__criar-uma-imagem-de-turismo-de-natureza-no-brasil__83330-2.jpg?fit=900%2C600&ssl=1&resize=350%2C200","width":350,"height":200,"srcset":"https:\/\/i0.wp.com\/www.visiteobrasil.com.br\/news\/wp-content\/uploads\/2025\/03\/freepik__criar-uma-imagem-de-turismo-de-natureza-no-brasil__83330-2.jpg?fit=900%2C600&ssl=1&resize=350%2C200 1x, https:\/\/i0.wp.com\/www.visiteobrasil.com.br\/news\/wp-content\/uploads\/2025\/03\/freepik__criar-uma-imagem-de-turismo-de-natureza-no-brasil__83330-2.jpg?fit=900%2C600&ssl=1&resize=525%2C300 1.5x, https:\/\/i0.wp.com\/www.visiteobrasil.com.br\/news\/wp-content\/uploads\/2025\/03\/freepik__criar-uma-imagem-de-turismo-de-natureza-no-brasil__83330-2.jpg?fit=900%2C600&ssl=1&resize=700%2C400 2x"},"classes":[]}],"jetpack_sharing_enabled":true,"jetpack_likes_enabled":true,"_links":{"self":[{"href":"https:\/\/www.visiteobrasil.com.br\/news\/wp-json\/wp\/v2\/posts\/13265","targetHints":{"allow":["GET"]}}],"collection":[{"href":"https:\/\/www.visiteobrasil.com.br\/news\/wp-json\/wp\/v2\/posts"}],"about":[{"href":"https:\/\/www.visiteobrasil.com.br\/news\/wp-json\/wp\/v2\/types\/post"}],"author":[{"embeddable":true,"href":"https:\/\/www.visiteobrasil.com.br\/news\/wp-json\/wp\/v2\/users\/2"}],"replies":[{"embeddable":true,"href":"https:\/\/www.visiteobrasil.com.br\/news\/wp-json\/wp\/v2\/comments?post=13265"}],"version-history":[{"count":1,"href":"https:\/\/www.visiteobrasil.com.br\/news\/wp-json\/wp\/v2\/posts\/13265\/revisions"}],"predecessor-version":[{"id":13268,"href":"https:\/\/www.visiteobrasil.com.br\/news\/wp-json\/wp\/v2\/posts\/13265\/revisions\/13268"}],"wp:featuredmedia":[{"embeddable":true,"href":"https:\/\/www.visiteobrasil.com.br\/news\/wp-json\/wp\/v2\/media\/13267"}],"wp:attachment":[{"href":"https:\/\/www.visiteobrasil.com.br\/news\/wp-json\/wp\/v2\/media?parent=13265"}],"wp:term":[{"taxonomy":"category","embeddable":true,"href":"https:\/\/www.visiteobrasil.com.br\/news\/wp-json\/wp\/v2\/categories?post=13265"},{"taxonomy":"post_tag","embeddable":true,"href":"https:\/\/www.visiteobrasil.com.br\/news\/wp-json\/wp\/v2\/tags?post=13265"}],"curies":[{"name":"wp","href":"https:\/\/api.w.org\/{rel}","templated":true}]}}