{"id":13257,"date":"2025-02-09T10:06:30","date_gmt":"2025-02-09T13:06:30","guid":{"rendered":"https:\/\/www.visiteobrasil.com.br\/news\/?p=13257"},"modified":"2025-02-09T10:06:30","modified_gmt":"2025-02-09T13:06:30","slug":"conheca-os-melhores-bairros-de-fortaleza-para-morar","status":"publish","type":"post","link":"https:\/\/www.visiteobrasil.com.br\/news\/conheca-os-melhores-bairros-de-fortaleza-para-morar\/","title":{"rendered":"Conhe\u00e7a os melhores bairros de Fortaleza para morar"},"content":{"rendered":"<p>O Nordeste brasileiro \u00e9 conhecido por ser um dos destinos favoritos dos turistas nas f\u00e9rias. Segundo dados do Instituto Brasileiro de <a href=\"https:\/\/www.visiteobrasil.com.br\/news\/dicas-essenciais-para-viajar-com-gatos\/\">Turismo<\/a> (Embratur), a regi\u00e3o recebeu 225 mil visitantes estrangeiros no per\u00edodo de janeiro a setembro de 2024. A procura no mercado interno de <a href=\"https:\/\/www.visiteobrasil.com.br\/news\/como-planejar-uma-viagem-em-familia-que-agrade-a-todos\/\">viagens<\/a> tamb\u00e9m costuma ser tradicionalmente expressiva. Mas a boa not\u00edcia \u00e9 que a estadia n\u00e3o precisa ser passageira, o mercado imobili\u00e1rio oferece op\u00e7\u00f5es para quem deseja se mudar para a regi\u00e3o.<\/p>\n<p>Fortaleza, capital do Cear\u00e1, chamada carinhosamente de \u201cFortal\u201d \u00e9 um exemplo. Pesquisas mostram que h\u00e1 bairros na cidade que se destacam como op\u00e7\u00f5es para quem est\u00e1 procurando mudan\u00e7as em 2025.<\/p>\n<p>Meireles, Coc\u00f3, Guararapes, Mucuripe e Aldeota foram citados no levantamento da Prefeitura de Fortaleza como os bairros que se destacam quando o assunto \u00e9 seguran\u00e7a, com \u00cdndice de Desenvolvimento Humano (IDH) elevado em compara\u00e7\u00e3o ao restante da cidade.<\/p>\n<p>Os interessados em conhecer as op\u00e7\u00f5es de im\u00f3veis dispon\u00edveis na cidade e nos bairros destacados podem fazer pesquisas pela internet. Em uma <a href=\"https:\/\/www.portalzuk.com.br\/\" target=\"_blank\" rel=\"noopener\">plataforma de leil\u00e3o de im\u00f3veis<\/a>, por exemplo, \u00e9 poss\u00edvel encontrar casas, apartamentos, s\u00edtios e terrenos com informa\u00e7\u00f5es sobre cada propriedade e valores at\u00e9 80% mais baratos em compara\u00e7\u00e3o com o mercado tradicional, segundo a JusBrasil.<\/p>\n<h2>Meireles<\/h2>\n<p>Meireles \u00e9 um bairro localizado na orla de <a href=\"https:\/\/www.visiteobrasil.com.br\/nordeste\/ceara\/capital\/fortaleza\">Fortaleza<\/a>, sendo considerado um dos mais tradicionais e nobres da cidade. H\u00e1 espa\u00e7os para o lazer, especialmente para quem gosta de caminhar, correr e relaxar. O IDH de Meireles 0,953, caracter\u00edstica que traz para a localidade resid\u00eancias de alto padr\u00e3o e hot\u00e9is de renome internacional.<\/p>\n<p>De acordo com informa\u00e7\u00f5es divulgadas pela Prefeitura de Fortaleza, a infraestrutura de Meireles tamb\u00e9m \u00e9 um atrativo. O local conta com um com\u00e9rcio variado, que inclui restaurantes, shoppings, escolas, hospitais, teatros, galerias de arte e feiras de artesanato, que costuma agrada a todos os p\u00fablicos.<\/p>\n<p>Para quem est\u00e1 interessado em adquirir uma propriedade em Meireles, uma das formas mais pr\u00e1ticas \u00e9 realizar buscas direcionadas na internet. Ao colocar \u201c<a href=\"https:\/\/www.portalzuk.com.br\/leilao-de-imoveis\/c\/todos-imoveis\/ce\/regiao\/fortaleza\" target=\"_blank\" rel=\"noopener\">Leil\u00e3o de casas em Fortaleza<\/a>\u201d ou \u201cLeil\u00e3o de im\u00f3veis em Meireles\u201d, por exemplo, \u00e9 poss\u00edvel encontrar op\u00e7\u00f5es no Google ou em outras plataformas de pesquisa.<\/p>\n<p>Uma curiosidade interessante sobre Meireles \u00e9 que uma das principais avenidas do bairro, a Avenida Beira Mar, \u00e9 respons\u00e1vel por ser um dos cart\u00f5es postais da capital cearenses.<\/p>\n<h2>Coc\u00f3<\/h2>\n<p>Coc\u00f3 \u00e9 uma op\u00e7\u00e3o para aqueles que buscam mais contato com a natureza. O bairro apresenta uma vasta \u00e1rea verde e alternativas de lazer ao ar livre. Nos parques, os moradores e visitantes podem desfrutar de pra\u00e7as, trilhas e espa\u00e7os dedicados a <a href=\"https:\/\/www.visiteobrasil.com.br\/news\/turismo-de-inverno-no-sul-do-brasil\/\">eventos<\/a> e atividades f\u00edsicas.<\/p>\n<p>A estrutura residencial \u00e9 um diferencial do bairro, conforme a Prefeitura de Fortaleza. Em Coc\u00f3, existem diferentes condom\u00ednios que garantem seguran\u00e7a e privacidade aos moradores.<\/p>\n<p>O IDH do bairro \u00e9 0,762. Ainda de acordo com a Prefeitura de Fortaleza, a boa pontua\u00e7\u00e3o se d\u00e1 pela infraestrutura, que inclui academias, restaurantes, shoppings e f\u00e1cil acesso a outras partes da cidade. Um dos principais atrativos \u00e9 o Parque Ecol\u00f3gico do Coc\u00f3, o maior do Brasil, cortado pelo Rio Coc\u00f3.<\/p>\n<h2>Guararapes<\/h2>\n<p>Guararapes \u00e9 um bairro que se destacou nos \u00faltimos anos, sendo reconhecido tanto pelo desenvolvimento, quanto pela seguran\u00e7a, segundo a Prefeitura de Fortaleza. O IDH do local \u00e9 0,768.<\/p>\n<p>Com uma localiza\u00e7\u00e3o privilegiada, o bairro est\u00e1 pr\u00f3ximo \u00e0s principais vias de acesso e aos grandes centros comerciais, como o Shopping Iguatemi. A comodidade faz de Guararapes uma escolha para quem busca tranquilidade e praticidade.<\/p>\n<h2>Mucuripe<\/h2>\n<p>Localizado na orla de Fortaleza, Mucuripe \u00e9 um bairro que alia a beleza natural da praia com uma infraestrutura urbana bem desenvolvida. Segundo informa\u00e7\u00f5es da Prefeitura, a regi\u00e3o recebeu um IDH de 0,793.<\/p>\n<p>Conhecido por sua tranquilidade, Mucuripe \u00e9 um dos bairros mais seguros de Fortaleza. O local permite f\u00e1cil acesso a Meireles e conta com uma diversificada oferta de restaurantes, bares e \u00e1reas de lazer.<\/p>\n<h2>Aldeota<\/h2>\n<p>Com IDH de 0,867, Aldeota \u00e9 um dos bairros mais sofisticados e seguros de Fortaleza. A regi\u00e3o \u00e9 residencial que garante a oferta de servi\u00e7os e com\u00e9rcio, incluindo centros m\u00e9dicos, escolas e op\u00e7\u00f5es de lazer.<\/p>\n<p>A pra\u00e7a do bairro \u00e9 muito utilizada para atividades f\u00edsicas. Os moradores tamb\u00e9m contam com supermercados, bancos, farm\u00e1cias, col\u00e9gios, faculdades, padarias e dois shopping centers. A infraestrutura de sa\u00fade \u00e9 assegurada pela presen\u00e7a de dois hospitais.<\/p>\n<p>Al\u00e9m disso, a proximidade com a Praia de Iracema, a apenas 3 quil\u00f4metros de dist\u00e2ncia, oferece uma op\u00e7\u00e3o de lazer em contato com a natureza, perto da \u00e1rea urbana.<\/p>\n<p>&nbsp;<\/p>\n<p>&nbsp;<\/p>\n","protected":false},"excerpt":{"rendered":"<p>O Nordeste brasileiro \u00e9 conhecido por ser um dos destinos favoritos dos turistas nas f\u00e9rias. Segundo dados do Instituto Brasileiro de Turismo (Embratur), a regi\u00e3o recebeu 225 mil visitantes estrangeiros no per\u00edodo de janeiro a setembro de 2024. A procura no mercado interno de viagens tamb\u00e9m costuma ser tradicionalmente expressiva. Mas a boa not\u00edcia \u00e9 [&hellip;]<\/p>\n","protected":false},"author":2,"featured_media":13258,"comment_status":"open","ping_status":"open","sticky":false,"template":"","format":"standard","meta":{"_jetpack_memberships_contains_paid_content":false,"footnotes":"","jetpack_publicize_message":"","jetpack_publicize_feature_enabled":true,"jetpack_social_post_already_shared":true,"jetpack_social_options":{"image_generator_settings":{"template":"highway","default_image_id":0,"font":"","enabled":false},"version":2}},"categories":[1,702],"tags":[],"class_list":["post-13257","post","type-post","status-publish","format-standard","has-post-thumbnail","hentry","category-artigos","category-dicas-legais"],"jetpack_publicize_connections":[],"jetpack_featured_media_url":"https:\/\/i0.wp.com\/www.visiteobrasil.com.br\/news\/wp-content\/uploads\/2025\/02\/Fortaleza-Foto-Vanessa-Barcellos.jpg?fit=900%2C600&ssl=1","jetpack-related-posts":[{"id":13217,"url":"https:\/\/www.visiteobrasil.com.br\/news\/turistas-lotarao-aeroportos-brasileiros-nas-festas-de-fim-de-ano\/","url_meta":{"origin":13257,"position":0},"title":"Turistas lotar\u00e3o aeroportos brasileiros nas festas de fim de ano","author":"Ramon","date":"22 de dezembro de 2024","format":false,"excerpt":"As festas de fim de ano prometem movimentar intensamente os aeroportos brasileiros, com uma previs\u00e3o de 14,3 milh\u00f5es de passageiros viajando entre as comemora\u00e7\u00f5es de Natal e R\u00e9veillon. Esse dado foi divulgado pelo Minist\u00e9rio do Turismo com base em informa\u00e7\u00f5es fornecidas pelas administradoras dos terminais a\u00e9reos do pa\u00eds. Aeroporto de\u2026","rel":"","context":"Em &quot;Dicas legais&quot;","block_context":{"text":"Dicas legais","link":"https:\/\/www.visiteobrasil.com.br\/news\/dicas-legais\/"},"img":{"alt_text":"festas natalinas","src":"https:\/\/i0.wp.com\/www.visiteobrasil.com.br\/news\/wp-content\/uploads\/2024\/12\/festa-natalina-sylvester-6897648_1280.jpg?fit=900%2C600&ssl=1&resize=350%2C200","width":350,"height":200,"srcset":"https:\/\/i0.wp.com\/www.visiteobrasil.com.br\/news\/wp-content\/uploads\/2024\/12\/festa-natalina-sylvester-6897648_1280.jpg?fit=900%2C600&ssl=1&resize=350%2C200 1x, https:\/\/i0.wp.com\/www.visiteobrasil.com.br\/news\/wp-content\/uploads\/2024\/12\/festa-natalina-sylvester-6897648_1280.jpg?fit=900%2C600&ssl=1&resize=525%2C300 1.5x, https:\/\/i0.wp.com\/www.visiteobrasil.com.br\/news\/wp-content\/uploads\/2024\/12\/festa-natalina-sylvester-6897648_1280.jpg?fit=900%2C600&ssl=1&resize=700%2C400 2x"},"classes":[]},{"id":12986,"url":"https:\/\/www.visiteobrasil.com.br\/news\/investimentos-na-hotelaria-brasileira-alcancam-r-84-bilhoes-ate-2028\/","url_meta":{"origin":13257,"position":1},"title":"Investimentos na Hotelaria Brasileira Alcan\u00e7am R$ 8,4 Bilh\u00f5es at\u00e9 2028","author":"Ramon","date":"2 de junho de 2024","format":false,"excerpt":"A ind\u00fastria hoteleira brasileira encerrou o ano de 2023 com perspectivas promissoras, aproximando-se significativamente dos n\u00edveis de desempenho observados em 2019, per\u00edodo pr\u00e9-pand\u00eamico. Esse impulso foi impulsionado pelo an\u00fancio de investimentos substanciais, totalizando impressionantes R$ 8,4 bilh\u00f5es projetados at\u00e9 o ano de 2028. Como resultado, foram firmados contratos para a\u2026","rel":"","context":"Em &quot;Noticias&quot;","block_context":{"text":"Noticias","link":"https:\/\/www.visiteobrasil.com.br\/news\/noticias\/"},"img":{"alt_text":"Hotelaria","src":"https:\/\/i0.wp.com\/www.visiteobrasil.com.br\/news\/wp-content\/uploads\/2024\/06\/Hotelaria-JxjEs3wI-HotelInvest.jpg?fit=900%2C619&ssl=1&resize=350%2C200","width":350,"height":200,"srcset":"https:\/\/i0.wp.com\/www.visiteobrasil.com.br\/news\/wp-content\/uploads\/2024\/06\/Hotelaria-JxjEs3wI-HotelInvest.jpg?fit=900%2C619&ssl=1&resize=350%2C200 1x, https:\/\/i0.wp.com\/www.visiteobrasil.com.br\/news\/wp-content\/uploads\/2024\/06\/Hotelaria-JxjEs3wI-HotelInvest.jpg?fit=900%2C619&ssl=1&resize=525%2C300 1.5x, https:\/\/i0.wp.com\/www.visiteobrasil.com.br\/news\/wp-content\/uploads\/2024\/06\/Hotelaria-JxjEs3wI-HotelInvest.jpg?fit=900%2C619&ssl=1&resize=700%2C400 2x"},"classes":[]},{"id":13124,"url":"https:\/\/www.visiteobrasil.com.br\/news\/cidades-do-sul-qualidade-e-estilo-de-vida-em-jogo\/","url_meta":{"origin":13257,"position":2},"title":"Cidades do Sul: qualidade e estilo de vida em jogo","author":"Ramon","date":"1 de outubro de 2024","format":false,"excerpt":"Cidades do sul: Ah, o Sul do Brasil! Quem nunca sonhou em visitar ou mesmo morar nesse lugar maravilhoso? Essa regi\u00e3o \u00e9 famosa pelas suas cidades com belas paisagens, qualidade de vida e boas oportunidades de emprego. N\u00e3o \u00e0 toa, pessoas de diferentes estados e regi\u00f5es idealizam uma vida melhor\u2026","rel":"","context":"Em &quot;Dicas legais&quot;","block_context":{"text":"Dicas legais","link":"https:\/\/www.visiteobrasil.com.br\/news\/dicas-legais\/"},"img":{"alt_text":"Camboriu-SC - Cidades do Sul - Freepick","src":"https:\/\/i0.wp.com\/www.visiteobrasil.com.br\/news\/wp-content\/uploads\/2024\/10\/Camboriu-Sc-Freepick.jpg?fit=900%2C600&ssl=1&resize=350%2C200","width":350,"height":200,"srcset":"https:\/\/i0.wp.com\/www.visiteobrasil.com.br\/news\/wp-content\/uploads\/2024\/10\/Camboriu-Sc-Freepick.jpg?fit=900%2C600&ssl=1&resize=350%2C200 1x, https:\/\/i0.wp.com\/www.visiteobrasil.com.br\/news\/wp-content\/uploads\/2024\/10\/Camboriu-Sc-Freepick.jpg?fit=900%2C600&ssl=1&resize=525%2C300 1.5x, https:\/\/i0.wp.com\/www.visiteobrasil.com.br\/news\/wp-content\/uploads\/2024\/10\/Camboriu-Sc-Freepick.jpg?fit=900%2C600&ssl=1&resize=700%2C400 2x"},"classes":[]},{"id":13550,"url":"https:\/\/www.visiteobrasil.com.br\/news\/turismo-domestico-impulsiona-economia-brasileira\/","url_meta":{"origin":13257,"position":3},"title":"Turismo dom\u00e9stico impulsiona economia em R$ 22,8 bilh\u00f5es","author":"Ramon","date":"6 de outubro de 2025","format":false,"excerpt":"O turismo dom\u00e9stico brasileiro voltou a demonstrar sua for\u00e7a e relev\u00e2ncia para a economia nacional. Segundo dados recentes da PNAD Cont\u00ednua: Turismo, divulgada pelo Instituto Brasileiro de Geografia e Estat\u00edstica (IBGE) em parceria com o Minist\u00e9rio do Turismo, o setor movimentou R$ 22,8 bilh\u00f5es em 2024, impulsionado especialmente pelas viagens\u2026","rel":"","context":"Em &quot;Noticias&quot;","block_context":{"text":"Noticias","link":"https:\/\/www.visiteobrasil.com.br\/news\/noticias\/"},"img":{"alt_text":"Turismo dom\u00e9stico: Aeroporto- Foto Freepick","src":"https:\/\/i0.wp.com\/www.visiteobrasil.com.br\/news\/wp-content\/uploads\/2025\/10\/aeroporto-Freepick.jpg?fit=900%2C600&ssl=1&resize=350%2C200","width":350,"height":200,"srcset":"https:\/\/i0.wp.com\/www.visiteobrasil.com.br\/news\/wp-content\/uploads\/2025\/10\/aeroporto-Freepick.jpg?fit=900%2C600&ssl=1&resize=350%2C200 1x, https:\/\/i0.wp.com\/www.visiteobrasil.com.br\/news\/wp-content\/uploads\/2025\/10\/aeroporto-Freepick.jpg?fit=900%2C600&ssl=1&resize=525%2C300 1.5x, https:\/\/i0.wp.com\/www.visiteobrasil.com.br\/news\/wp-content\/uploads\/2025\/10\/aeroporto-Freepick.jpg?fit=900%2C600&ssl=1&resize=700%2C400 2x"},"classes":[]},{"id":13265,"url":"https:\/\/www.visiteobrasil.com.br\/news\/explorando-a-noite-carioca-melhores-dicas-para-turistas\/","url_meta":{"origin":13257,"position":4},"title":"Explorando a noite carioca: melhores dicas para turistas","author":"Ramon","date":"16 de fevereiro de 2025","format":false,"excerpt":"O Rio de Janeiro \u00e9 um destino que vai muito al\u00e9m de suas deslumbrantes belezas naturais, oferecendo experi\u00eancias \u00fanicas para todos os tipos de visitantes. Quando a noite chega, a cidade se revela com uma vida noturna vibrante e repleta de op\u00e7\u00f5es. De botecos tradicionais e rodas de samba a\u2026","rel":"","context":"Em &quot;Artigos&quot;","block_context":{"text":"Artigos","link":"https:\/\/www.visiteobrasil.com.br\/news\/artigos\/"},"img":{"alt_text":"Carioca - Rio de janeiro -Wirestock-Freepik","src":"https:\/\/i0.wp.com\/www.visiteobrasil.com.br\/news\/wp-content\/uploads\/2025\/02\/Rio-de-janeiro-Wirestock-Freepik.jpg?fit=900%2C600&ssl=1&resize=350%2C200","width":350,"height":200,"srcset":"https:\/\/i0.wp.com\/www.visiteobrasil.com.br\/news\/wp-content\/uploads\/2025\/02\/Rio-de-janeiro-Wirestock-Freepik.jpg?fit=900%2C600&ssl=1&resize=350%2C200 1x, https:\/\/i0.wp.com\/www.visiteobrasil.com.br\/news\/wp-content\/uploads\/2025\/02\/Rio-de-janeiro-Wirestock-Freepik.jpg?fit=900%2C600&ssl=1&resize=525%2C300 1.5x, https:\/\/i0.wp.com\/www.visiteobrasil.com.br\/news\/wp-content\/uploads\/2025\/02\/Rio-de-janeiro-Wirestock-Freepik.jpg?fit=900%2C600&ssl=1&resize=700%2C400 2x"},"classes":[]},{"id":12517,"url":"https:\/\/www.visiteobrasil.com.br\/news\/prepare-as-malas-para-os-proximos-feriados-prolongados\/","url_meta":{"origin":13257,"position":5},"title":"Prepare as malas para os pr\u00f3ximos feriados prolongados","author":"Ramon","date":"11 de mar\u00e7o de 2024","format":false,"excerpt":"Planos para os feriados prolongados:\u00a0 Com a virada do ano, chegam tamb\u00e9m as oportunidades de desfrutar de alguns per\u00edodos prolongados para relaxar e viajar. Ap\u00f3s o frenesi do carnaval em fevereiro de 2024, o primeiro semestre reserva duas datas especiais para quem deseja fazer uma pausa e aproveitar os feriados\u2026","rel":"","context":"Em &quot;Artigos&quot;","block_context":{"text":"Artigos","link":"https:\/\/www.visiteobrasil.com.br\/news\/artigos\/"},"img":{"alt_text":"Feriados prolongados em 2024 - Morro-de-S\u00e3o-Paulo-Foto: Renato Trentin-Unsplash","src":"https:\/\/i0.wp.com\/www.visiteobrasil.com.br\/news\/wp-content\/uploads\/2023\/12\/Morro-de-Sao-Paulo-renato-trentin-YIYS2ZnRM20-unsplash.jpg?fit=900%2C675&ssl=1&resize=350%2C200","width":350,"height":200,"srcset":"https:\/\/i0.wp.com\/www.visiteobrasil.com.br\/news\/wp-content\/uploads\/2023\/12\/Morro-de-Sao-Paulo-renato-trentin-YIYS2ZnRM20-unsplash.jpg?fit=900%2C675&ssl=1&resize=350%2C200 1x, https:\/\/i0.wp.com\/www.visiteobrasil.com.br\/news\/wp-content\/uploads\/2023\/12\/Morro-de-Sao-Paulo-renato-trentin-YIYS2ZnRM20-unsplash.jpg?fit=900%2C675&ssl=1&resize=525%2C300 1.5x, https:\/\/i0.wp.com\/www.visiteobrasil.com.br\/news\/wp-content\/uploads\/2023\/12\/Morro-de-Sao-Paulo-renato-trentin-YIYS2ZnRM20-unsplash.jpg?fit=900%2C675&ssl=1&resize=700%2C400 2x"},"classes":[]}],"jetpack_sharing_enabled":true,"jetpack_likes_enabled":true,"_links":{"self":[{"href":"https:\/\/www.visiteobrasil.com.br\/news\/wp-json\/wp\/v2\/posts\/13257","targetHints":{"allow":["GET"]}}],"collection":[{"href":"https:\/\/www.visiteobrasil.com.br\/news\/wp-json\/wp\/v2\/posts"}],"about":[{"href":"https:\/\/www.visiteobrasil.com.br\/news\/wp-json\/wp\/v2\/types\/post"}],"author":[{"embeddable":true,"href":"https:\/\/www.visiteobrasil.com.br\/news\/wp-json\/wp\/v2\/users\/2"}],"replies":[{"embeddable":true,"href":"https:\/\/www.visiteobrasil.com.br\/news\/wp-json\/wp\/v2\/comments?post=13257"}],"version-history":[{"count":1,"href":"https:\/\/www.visiteobrasil.com.br\/news\/wp-json\/wp\/v2\/posts\/13257\/revisions"}],"predecessor-version":[{"id":13259,"href":"https:\/\/www.visiteobrasil.com.br\/news\/wp-json\/wp\/v2\/posts\/13257\/revisions\/13259"}],"wp:featuredmedia":[{"embeddable":true,"href":"https:\/\/www.visiteobrasil.com.br\/news\/wp-json\/wp\/v2\/media\/13258"}],"wp:attachment":[{"href":"https:\/\/www.visiteobrasil.com.br\/news\/wp-json\/wp\/v2\/media?parent=13257"}],"wp:term":[{"taxonomy":"category","embeddable":true,"href":"https:\/\/www.visiteobrasil.com.br\/news\/wp-json\/wp\/v2\/categories?post=13257"},{"taxonomy":"post_tag","embeddable":true,"href":"https:\/\/www.visiteobrasil.com.br\/news\/wp-json\/wp\/v2\/tags?post=13257"}],"curies":[{"name":"wp","href":"https:\/\/api.w.org\/{rel}","templated":true}]}}