{"id":13250,"date":"2025-02-02T08:11:58","date_gmt":"2025-02-02T11:11:58","guid":{"rendered":"https:\/\/www.visiteobrasil.com.br\/news\/?p=13250"},"modified":"2025-02-02T08:25:14","modified_gmt":"2025-02-02T11:25:14","slug":"carnaval-2025-preparativos-e-festas-antecipadas-pelo-brasil","status":"publish","type":"post","link":"https:\/\/www.visiteobrasil.com.br\/news\/carnaval-2025-preparativos-e-festas-antecipadas-pelo-brasil\/","title":{"rendered":"Carnaval 2025: Preparativos e festas antecipadas pelo Brasil"},"content":{"rendered":"<p data-pm-slice=\"1 1 []\">O m\u00eas de fevereiro marca o in\u00edcio dos preparativos para um dos per\u00edodos mais esperados do ano: o <a href=\"https:\/\/www.visiteobrasil.com.br\/brasil\/carnaval\">Carnaval<\/a>. Em 2025, a festa oficial acontece no dia 4 de mar\u00e7o, mas diversas cidades pelo pa\u00eds j\u00e1 come\u00e7am a movimentar suas ruas com festividades antecipadas, garantindo muita anima\u00e7\u00e3o para foli\u00f5es de todas as idades. De norte a sul, h\u00e1 op\u00e7\u00f5es que v\u00e3o desde celebra\u00e7\u00f5es tradicionais at\u00e9 <a href=\"https:\/\/www.visiteobrasil.com.br\/news\/turismo-de-inverno-no-sul-do-brasil\/\">eventos<\/a> alternativos que oferecem novas experi\u00eancias aos participantes.<\/p>\n<p>Confira alguns destaques das pr\u00e9vias carnavalescas e eventos especiais que prometem agitar diferentes regi\u00f5es do Brasil!<\/p>\n<h3><strong>Parintins (AM) \u2013 A Tradi\u00e7\u00e3o da Kam\u00e9lia<\/strong><\/h3>\n<p>A cidade de Parintins, no Amazonas, inicia suas celebra\u00e7\u00f5es no dia 7 de fevereiro com a ic\u00f4nica \u201cChegada da Kam\u00e9lia\u201d. Esse evento, realizado no Mercado Municipal Leopoldo Neves, simboliza o pontap\u00e9 inicial do Carnaval local e atrai moradores e turistas em busca de muita m\u00fasica e folia. A boneca Kam\u00e9lia, que chegou ao estado em 1938, tornou-se um s\u00edmbolo do Carnaval amazonense, sendo reconhecida como Patrim\u00f4nio Cultural Imaterial desde 2015.<\/p>\n<h3><strong>Juazeiro (BA) \u2013 O Carnaval Come\u00e7a Mais Cedo<\/strong><\/h3>\n<p>No dia 13 de fevereiro, Juazeiro, na Bahia, d\u00e1 in\u00edcio ao \u201cCarnaval de Todos\u201d, uma festa vibrante que acontece antes do per\u00edodo oficial da folia. A cidade mescla tradi\u00e7\u00e3o e inova\u00e7\u00e3o ao reunir blocos tradicionais e coletivos culturais que reinventam a experi\u00eancia carnavalesca. Com forte participa\u00e7\u00e3o da comunidade e apoio da prefeitura, o evento atrai milhares de foli\u00f5es que tomam as ruas ao som de ritmos contagiantes.<\/p>\n<h3><strong>Holambra (SP) \u2013 CarnaFlores, Uma Festa Diferente<\/strong><\/h3>\n<p>No Sudeste, Holambra (SP) promove uma celebra\u00e7\u00e3o \u00fanica com o \u201cCarnaFlores\u201d, que acontece a partir do dia 28 de fevereiro. O evento se destaca por seus blocos carnavalescos que desfilam em carretas puxadas por tratores, criando um espet\u00e1culo visual diferente dos carnavais de rua tradicionais. Al\u00e9m dos desfiles, a programa\u00e7\u00e3o inclui bailes, matin\u00eas e competi\u00e7\u00f5es entre blocos, garantindo divers\u00e3o para toda a fam\u00edlia.<\/p>\n<h3><strong>Bento Gon\u00e7alves (RS) \u2013 Um Carnaval com Sabor de Vinho<\/strong><\/h3>\n<p>Para quem prefere um Carnaval mais tranquilo, Bento Gon\u00e7alves (RS) oferece uma alternativa diferenciada no dia 9 de fevereiro com a \u201cMaratona do Vinho\u201d. O evento celebra a colheita da uva e re\u00fane amantes da enogastronomia em uma festa que combina cultura, esporte e tradi\u00e7\u00e3o. Os participantes percorrem vin\u00edcolas da regi\u00e3o enquanto degustam vinhos e conhecem mais sobre a produ\u00e7\u00e3o local, criando uma experi\u00eancia \u00fanica para os visitantes.<\/p>\n<h3><strong>Blumenau (SC) \u2013 Feira da Esta\u00e7\u00e3o e Economia Criativa<\/strong><\/h3>\n<p>J\u00e1 em Santa Catarina, a cidade de Blumenau promove, a partir do dia 9 de fevereiro, a \u201cFeira da Esta\u00e7\u00e3o\u201d. O evento valoriza a economia criativa e re\u00fane pequenos empreendedores que exp\u00f5em produtos de moda, artesanato, gastronomia e decora\u00e7\u00e3o. Com apresenta\u00e7\u00f5es art\u00edsticas e shows ao ar livre, a feira transforma o centro da cidade em um espa\u00e7o vibrante e culturalmente enriquecedor para moradores e turistas.<\/p>\n<p>Seja com m\u00fasica, desfiles, tradi\u00e7\u00f5es ou at\u00e9 mesmo eventos alternativos, o Carnaval de 2025 promete agradar a todos os gostos. Independentemente do destino escolhido, a certeza \u00e9 de muita anima\u00e7\u00e3o e boas mem\u00f3rias para quem decidir <a href=\"https:\/\/www.turismo.gov.br\/agenda-eventos\/views\/calendario.php\" target=\"_blank\" rel=\"noopener\">cair na folia<\/a>!<\/p>\n<p>&nbsp;<\/p>\n","protected":false},"excerpt":{"rendered":"<p>O m\u00eas de fevereiro marca o in\u00edcio dos preparativos para um dos per\u00edodos mais esperados do ano: o Carnaval. Em 2025, a festa oficial acontece no dia 4 de mar\u00e7o, mas diversas cidades pelo pa\u00eds j\u00e1 come\u00e7am a movimentar suas ruas com festividades antecipadas, garantindo muita anima\u00e7\u00e3o para foli\u00f5es de todas as idades. De norte [&hellip;]<\/p>\n","protected":false},"author":2,"featured_media":13251,"comment_status":"open","ping_status":"open","sticky":false,"template":"","format":"standard","meta":{"_jetpack_memberships_contains_paid_content":false,"footnotes":"","jetpack_publicize_message":"","jetpack_publicize_feature_enabled":true,"jetpack_social_post_already_shared":true,"jetpack_social_options":{"image_generator_settings":{"template":"highway","default_image_id":0,"font":"","enabled":false},"version":2}},"categories":[1,702],"tags":[],"class_list":["post-13250","post","type-post","status-publish","format-standard","has-post-thumbnail","hentry","category-artigos","category-dicas-legais"],"jetpack_publicize_connections":[],"jetpack_featured_media_url":"https:\/\/i0.wp.com\/www.visiteobrasil.com.br\/news\/wp-content\/uploads\/2025\/02\/carnaval-da-bahia-axe-music-olodum-foto-divulgacao-olodum.jpg?fit=850%2C566&ssl=1","jetpack-related-posts":[{"id":13101,"url":"https:\/\/www.visiteobrasil.com.br\/news\/conheca-destinos-brasileiros-que-mantem-vivas-as-tradicoes-folcloricas\/","url_meta":{"origin":13250,"position":0},"title":"Conhe\u00e7a destinos brasileiros que mant\u00eam vivas as tradi\u00e7\u00f5es folcl\u00f3ricas","author":"Ramon","date":"26 de agosto de 2024","format":false,"excerpt":"O Brasil \u00e9 um pa\u00eds riqu\u00edssimo em diversidade cultural, e essa riqueza se reflete nas in\u00fameras tradi\u00e7\u00f5es folcl\u00f3ricas espalhadas por seu vasto territ\u00f3rio. Cada regi\u00e3o tem suas hist\u00f3rias, lendas, dan\u00e7as, m\u00fasicas e festas que se mant\u00eam vivas ao longo dos s\u00e9culos, preservando a ess\u00eancia de um povo que celebra sua\u2026","rel":"","context":"Em &quot;Dicas legais&quot;","block_context":{"text":"Dicas legais","link":"https:\/\/www.visiteobrasil.com.br\/news\/dicas-legais\/"},"img":{"alt_text":"Manifesta\u00e7\u00f5es folcl\u00f3ricas - Bumba meu boi de Pirin\u00f3polis","src":"https:\/\/i0.wp.com\/www.visiteobrasil.com.br\/news\/wp-content\/uploads\/2024\/08\/Folclore-de-Pirenopolis-Foto-Prefeitura-de-Pirenopolis-.jpg?fit=900%2C600&ssl=1&resize=350%2C200","width":350,"height":200,"srcset":"https:\/\/i0.wp.com\/www.visiteobrasil.com.br\/news\/wp-content\/uploads\/2024\/08\/Folclore-de-Pirenopolis-Foto-Prefeitura-de-Pirenopolis-.jpg?fit=900%2C600&ssl=1&resize=350%2C200 1x, https:\/\/i0.wp.com\/www.visiteobrasil.com.br\/news\/wp-content\/uploads\/2024\/08\/Folclore-de-Pirenopolis-Foto-Prefeitura-de-Pirenopolis-.jpg?fit=900%2C600&ssl=1&resize=525%2C300 1.5x, https:\/\/i0.wp.com\/www.visiteobrasil.com.br\/news\/wp-content\/uploads\/2024\/08\/Folclore-de-Pirenopolis-Foto-Prefeitura-de-Pirenopolis-.jpg?fit=900%2C600&ssl=1&resize=700%2C400 2x"},"classes":[]},{"id":9505,"url":"https:\/\/www.visiteobrasil.com.br\/news\/saiba-como-aproveitar-o-carnaval-em-trancoso\/","url_meta":{"origin":13250,"position":1},"title":"Saiba como aproveitar o Carnaval em Trancoso","author":"Ramon","date":"15 de janeiro de 2024","format":false,"excerpt":"Comece os preparativos para o Carnaval com uma viagem incr\u00edvel para a Bahia. O Carnaval no Brasil \u00e9 conhecido pela alegria contagiante, ritmos envolventes e festividades vibrantes, e Trancoso, na Bahia, oferece uma abordagem singular para essa celebra\u00e7\u00e3o t\u00e3o aguardada. Este pequeno para\u00edso no litoral sul do pa\u00eds se destaca\u2026","rel":"","context":"Em &quot;Dicas legais&quot;","block_context":{"text":"Dicas legais","link":"https:\/\/www.visiteobrasil.com.br\/news\/dicas-legais\/"},"img":{"alt_text":"Praia de Trancoso - Cr\u00e9dito: Arquivo Mtur","src":"https:\/\/i0.wp.com\/www.visiteobrasil.com.br\/news\/wp-content\/uploads\/2024\/01\/Trancoso.jpg?fit=900%2C600&ssl=1&resize=350%2C200","width":350,"height":200,"srcset":"https:\/\/i0.wp.com\/www.visiteobrasil.com.br\/news\/wp-content\/uploads\/2024\/01\/Trancoso.jpg?fit=900%2C600&ssl=1&resize=350%2C200 1x, https:\/\/i0.wp.com\/www.visiteobrasil.com.br\/news\/wp-content\/uploads\/2024\/01\/Trancoso.jpg?fit=900%2C600&ssl=1&resize=525%2C300 1.5x, https:\/\/i0.wp.com\/www.visiteobrasil.com.br\/news\/wp-content\/uploads\/2024\/01\/Trancoso.jpg?fit=900%2C600&ssl=1&resize=700%2C400 2x"},"classes":[]},{"id":13476,"url":"https:\/\/www.visiteobrasil.com.br\/news\/veja-dicas-de-viagens-pelo-brasil-em-setembro-2025\/","url_meta":{"origin":13250,"position":2},"title":"Veja dicas de viagens pelo Brasil em setembro-2025","author":"Ramon","date":"7 de setembro de 2025","format":false,"excerpt":"De manifesta\u00e7\u00f5es culturais enraizadas na hist\u00f3ria do Sul do pa\u00eds a festivais vibrantes no calor amaz\u00f4nico, passando por encontros po\u00e9ticos, celebra\u00e7\u00f5es religiosas e aventuras ao ar livre, o m\u00eas de setembro se mostra perfeito para quem quer explorar novos destinos e vivenciar experi\u00eancias \u00fanicas pelo Brasil. Para te ajudar a\u2026","rel":"","context":"Em &quot;Dicas legais&quot;","block_context":{"text":"Dicas legais","link":"https:\/\/www.visiteobrasil.com.br\/news\/dicas-legais\/"},"img":{"alt_text":"Setembro: Destinos amig\u00e1veis - Turista tirando fotos tur\u00edsticas","src":"https:\/\/i0.wp.com\/www.visiteobrasil.com.br\/news\/wp-content\/uploads\/2024\/04\/Viagens-sem-complicacoes-medium-shot-man-taking-photos-seaside.jpg?fit=900%2C601&ssl=1&resize=350%2C200","width":350,"height":200,"srcset":"https:\/\/i0.wp.com\/www.visiteobrasil.com.br\/news\/wp-content\/uploads\/2024\/04\/Viagens-sem-complicacoes-medium-shot-man-taking-photos-seaside.jpg?fit=900%2C601&ssl=1&resize=350%2C200 1x, https:\/\/i0.wp.com\/www.visiteobrasil.com.br\/news\/wp-content\/uploads\/2024\/04\/Viagens-sem-complicacoes-medium-shot-man-taking-photos-seaside.jpg?fit=900%2C601&ssl=1&resize=525%2C300 1.5x, https:\/\/i0.wp.com\/www.visiteobrasil.com.br\/news\/wp-content\/uploads\/2024\/04\/Viagens-sem-complicacoes-medium-shot-man-taking-photos-seaside.jpg?fit=900%2C601&ssl=1&resize=700%2C400 2x"},"classes":[]},{"id":8691,"url":"https:\/\/www.visiteobrasil.com.br\/news\/planeje-suas-viagens-para-os-feriados-em-2024\/","url_meta":{"origin":13250,"position":3},"title":"Planeje suas viagens para os feriados em 2024","author":"Ramon","date":"31 de dezembro de 2023","format":false,"excerpt":"Feriados Nacionais e Oportunidades de Pausa em 2024 O esp\u00edrito brasileiro, caracterizado por uma antecipa\u00e7\u00e3o constante ao pr\u00f3ximo momento de descanso, nos feriados em 2024 j\u00e1 est\u00e1 direcionado para as possibilidades que esse ano oferece. Com\u00a0 lista robusta de feriados nacionais, o pr\u00f3ximo ano se revela como uma excelente oportunidade\u2026","rel":"","context":"Em &quot;Dicas legais&quot;","block_context":{"text":"Dicas legais","link":"https:\/\/www.visiteobrasil.com.br\/news\/dicas-legais\/"},"img":{"alt_text":"Feriados prolongados em 2024 - Morro-de-S\u00e3o-Paulo-Foto: Renato Trentin-Unsplash","src":"https:\/\/i0.wp.com\/www.visiteobrasil.com.br\/news\/wp-content\/uploads\/2023\/12\/Morro-de-Sao-Paulo-renato-trentin-YIYS2ZnRM20-unsplash.jpg?fit=900%2C675&ssl=1&resize=350%2C200","width":350,"height":200,"srcset":"https:\/\/i0.wp.com\/www.visiteobrasil.com.br\/news\/wp-content\/uploads\/2023\/12\/Morro-de-Sao-Paulo-renato-trentin-YIYS2ZnRM20-unsplash.jpg?fit=900%2C675&ssl=1&resize=350%2C200 1x, https:\/\/i0.wp.com\/www.visiteobrasil.com.br\/news\/wp-content\/uploads\/2023\/12\/Morro-de-Sao-Paulo-renato-trentin-YIYS2ZnRM20-unsplash.jpg?fit=900%2C675&ssl=1&resize=525%2C300 1.5x, https:\/\/i0.wp.com\/www.visiteobrasil.com.br\/news\/wp-content\/uploads\/2023\/12\/Morro-de-Sao-Paulo-renato-trentin-YIYS2ZnRM20-unsplash.jpg?fit=900%2C675&ssl=1&resize=700%2C400 2x"},"classes":[]},{"id":13663,"url":"https:\/\/www.visiteobrasil.com.br\/news\/festas-juninas-nordeste\/","url_meta":{"origin":13250,"position":4},"title":"Festas juninas: Nordeste transforma tradi\u00e7\u00e3o em motor econ\u00f4mico","author":"Ramon","date":"12 de abril de 2026","format":false,"excerpt":"As festas juninas j\u00e1 come\u00e7aram a tomar conta do Nordeste \u2014 e, como acontece todos os anos, n\u00e3o se trata apenas de celebra\u00e7\u00e3o cultural. O que muitos chamam de \u201csegundo carnaval do Brasil\u201d movimenta milh\u00f5es, aquece economias locais e reafirma a for\u00e7a de uma tradi\u00e7\u00e3o que atravessa gera\u00e7\u00f5es. Em cidades\u2026","rel":"","context":"Em &quot;Cultura&quot;","block_context":{"text":"Cultura","link":"https:\/\/www.visiteobrasil.com.br\/news\/cultura\/"},"img":{"alt_text":"Festas junias no nordeste: FOTO: Deivid Menezes\/Jackson Gusm\u00e3o","src":"https:\/\/i0.wp.com\/www.visiteobrasil.com.br\/news\/wp-content\/uploads\/2026\/04\/festas-juninas-FOTO-Deivid-Menezes-Jackson-Gusmao.jpeg?fit=900%2C600&ssl=1&resize=350%2C200","width":350,"height":200,"srcset":"https:\/\/i0.wp.com\/www.visiteobrasil.com.br\/news\/wp-content\/uploads\/2026\/04\/festas-juninas-FOTO-Deivid-Menezes-Jackson-Gusmao.jpeg?fit=900%2C600&ssl=1&resize=350%2C200 1x, https:\/\/i0.wp.com\/www.visiteobrasil.com.br\/news\/wp-content\/uploads\/2026\/04\/festas-juninas-FOTO-Deivid-Menezes-Jackson-Gusmao.jpeg?fit=900%2C600&ssl=1&resize=525%2C300 1.5x, https:\/\/i0.wp.com\/www.visiteobrasil.com.br\/news\/wp-content\/uploads\/2026\/04\/festas-juninas-FOTO-Deivid-Menezes-Jackson-Gusmao.jpeg?fit=900%2C600&ssl=1&resize=700%2C400 2x"},"classes":[]},{"id":12962,"url":"https:\/\/www.visiteobrasil.com.br\/news\/explorando-o-turismo-em-maio-eventos-imperdiveis-em-todo-o-brasil\/","url_meta":{"origin":13250,"position":5},"title":"Explorando o Turismo em Maio: Eventos imperd\u00edveis em todo o Brasil","author":"Ramon","date":"5 de maio de 2024","format":false,"excerpt":"Maio chega repleto de atra\u00e7\u00f5es tur\u00edsticas dos quatro cantos do pa\u00eds. Este \u00e9 o m\u00eas do trabalhador, das noivas, das m\u00e3es e tamb\u00e9m de diversos eventos que impulsionam o turismo em v\u00e1rias cidades brasileiras. Do sul ao norte, do sudeste ao nordeste, passando pelo centro-oeste, o calend\u00e1rio do MTur oferece\u2026","rel":"","context":"Em &quot;Dicas legais&quot;","block_context":{"text":"Dicas legais","link":"https:\/\/www.visiteobrasil.com.br\/news\/dicas-legais\/"},"img":{"alt_text":"Evento junino, Soltando um busca-p\u00e9 - em Estancia-Se- Infonet","src":"https:\/\/i0.wp.com\/www.visiteobrasil.com.br\/news\/wp-content\/uploads\/2023\/11\/Barco-de-fogo-Turista-soltando-buscape-Infonet.jpg?fit=900%2C600&ssl=1&resize=350%2C200","width":350,"height":200,"srcset":"https:\/\/i0.wp.com\/www.visiteobrasil.com.br\/news\/wp-content\/uploads\/2023\/11\/Barco-de-fogo-Turista-soltando-buscape-Infonet.jpg?fit=900%2C600&ssl=1&resize=350%2C200 1x, https:\/\/i0.wp.com\/www.visiteobrasil.com.br\/news\/wp-content\/uploads\/2023\/11\/Barco-de-fogo-Turista-soltando-buscape-Infonet.jpg?fit=900%2C600&ssl=1&resize=525%2C300 1.5x, https:\/\/i0.wp.com\/www.visiteobrasil.com.br\/news\/wp-content\/uploads\/2023\/11\/Barco-de-fogo-Turista-soltando-buscape-Infonet.jpg?fit=900%2C600&ssl=1&resize=700%2C400 2x"},"classes":[]}],"jetpack_sharing_enabled":true,"jetpack_likes_enabled":true,"_links":{"self":[{"href":"https:\/\/www.visiteobrasil.com.br\/news\/wp-json\/wp\/v2\/posts\/13250","targetHints":{"allow":["GET"]}}],"collection":[{"href":"https:\/\/www.visiteobrasil.com.br\/news\/wp-json\/wp\/v2\/posts"}],"about":[{"href":"https:\/\/www.visiteobrasil.com.br\/news\/wp-json\/wp\/v2\/types\/post"}],"author":[{"embeddable":true,"href":"https:\/\/www.visiteobrasil.com.br\/news\/wp-json\/wp\/v2\/users\/2"}],"replies":[{"embeddable":true,"href":"https:\/\/www.visiteobrasil.com.br\/news\/wp-json\/wp\/v2\/comments?post=13250"}],"version-history":[{"count":1,"href":"https:\/\/www.visiteobrasil.com.br\/news\/wp-json\/wp\/v2\/posts\/13250\/revisions"}],"predecessor-version":[{"id":13252,"href":"https:\/\/www.visiteobrasil.com.br\/news\/wp-json\/wp\/v2\/posts\/13250\/revisions\/13252"}],"wp:featuredmedia":[{"embeddable":true,"href":"https:\/\/www.visiteobrasil.com.br\/news\/wp-json\/wp\/v2\/media\/13251"}],"wp:attachment":[{"href":"https:\/\/www.visiteobrasil.com.br\/news\/wp-json\/wp\/v2\/media?parent=13250"}],"wp:term":[{"taxonomy":"category","embeddable":true,"href":"https:\/\/www.visiteobrasil.com.br\/news\/wp-json\/wp\/v2\/categories?post=13250"},{"taxonomy":"post_tag","embeddable":true,"href":"https:\/\/www.visiteobrasil.com.br\/news\/wp-json\/wp\/v2\/tags?post=13250"}],"curies":[{"name":"wp","href":"https:\/\/api.w.org\/{rel}","templated":true}]}}