{"id":13188,"date":"2024-11-24T09:31:49","date_gmt":"2024-11-24T12:31:49","guid":{"rendered":"https:\/\/www.visiteobrasil.com.br\/news\/?p=13188"},"modified":"2024-11-24T09:31:49","modified_gmt":"2024-11-24T12:31:49","slug":"turismo-e-destaque-na-programacao-oficial-da-cop29","status":"publish","type":"post","link":"https:\/\/www.visiteobrasil.com.br\/news\/turismo-e-destaque-na-programacao-oficial-da-cop29\/","title":{"rendered":"Turismo \u00e9 destaque na programa\u00e7\u00e3o oficial da COP29"},"content":{"rendered":"<p>Na COP29, o <a href=\"https:\/\/www.visiteobrasil.com.br\/news\/o-que-levar-em-consideracao-ao-fazer-uma-viagem-de-carro-longa\/\">turismo<\/a> ocupou um lugar central como tema de discuss\u00e3o. O evento, realizado na cidade de Bras\u00edlia, trouxe um dia exclusivo para debater a rela\u00e7\u00e3o entre turismo sustent\u00e1vel, mudan\u00e7as clim\u00e1ticas e prote\u00e7\u00e3o ambiental. Especialistas, l\u00edderes governamentais, organiza\u00e7\u00f5es n\u00e3o governamentais e representantes do setor privado reuniram-se para explorar como o turismo pode ser um aliado no combate \u00e0 crise clim\u00e1tica global.<\/p>\n<h4>A Conex\u00e3o entre Turismo e Sustentabilidade<\/h4>\n<p>O turismo representa 10% do PIB global e \u00e9 uma das ind\u00fastrias que mais gera empregos no mundo. No entanto, seu impacto ambiental \u00e9 significativo, contribuindo para emiss\u00f5es de carbono, degrada\u00e7\u00e3o de ecossistemas e desperd\u00edcio de recursos naturais. Reconhecendo esses desafios, a COP29 incluiu um dia dedicado a transformar o setor em um modelo de sustentabilidade.<\/p>\n<p>A programa\u00e7\u00e3o destacou pr\u00e1ticas que promovem a <a href=\"https:\/\/www.visiteobrasil.com.br\/sudeste\">conserva\u00e7\u00e3o ambiental<\/a>, como <a href=\"https:\/\/www.visiteobrasil.com.br\/news\/mtur-lanca-boletim-inedito-sobre-turismo-de-pesca-no-brasil\/\">turismo de base comunit\u00e1ria<\/a>, iniciativas de carbono neutro e ado\u00e7\u00e3o de tecnologias verdes. Projetos emblem\u00e1ticos, como resorts ecol\u00f3gicos e iniciativas para reduzir o impacto ambiental de cruzeiros, foram apresentados como exemplos de inova\u00e7\u00e3o no setor.<\/p>\n<h4>Pain\u00e9is de Debate<\/h4>\n<p>O &#8220;Dia do Turismo&#8221; na COP29 foi marcado por pain\u00e9is interativos e apresenta\u00e7\u00f5es de estudos de caso. Um dos destaques foi a palestra de Maria S\u00e1nchez, diretora da Organiza\u00e7\u00e3o Mundial do Turismo (OMT), que enfatizou o papel do turismo sustent\u00e1vel na preserva\u00e7\u00e3o de patrim\u00f4nios naturais e culturais.<\/p>\n<p>&#8220;A transforma\u00e7\u00e3o do turismo n\u00e3o \u00e9 apenas uma oportunidade, mas uma necessidade para garantir a resili\u00eancia dos destinos diante das mudan\u00e7as clim\u00e1ticas,&#8221; afirmou S\u00e1nchez.<\/p>\n<p>Outro painel discutiu como a digitaliza\u00e7\u00e3o pode ajudar na mitiga\u00e7\u00e3o de impactos. Aplicativos que monitoram pegadas de carbono e promovem escolhas conscientes entre os turistas foram apresentados como ferramentas essenciais.<\/p>\n<h4>Acordos e Compromissos<\/h4>\n<p>Durante o evento, foi firmado um compromisso in\u00e9dito entre governos e <a href=\"https:\/\/centraldeescunas.com.br\/passeio-as-ilhas-salvador-ilha-dos-frades-itaparica-passeio-de-escuna\/\" target=\"_blank\" rel=\"noopener\">empresas do setor tur\u00edstico<\/a>. Este acordo, conhecido como <em>Alian\u00e7a Global para o Turismo Sustent\u00e1vel<\/em>, estabelece metas para reduzir as emiss\u00f5es de carbono em 50% at\u00e9 2035. Al\u00e9m disso, incentiva a recupera\u00e7\u00e3o de ecossistemas degradados em <a href=\"https:\/\/www.visiteobrasil.com.br\/news\/dicas-essenciais-para-viajar-com-gatos\/\">destinos tur\u00edsticos<\/a>.<\/p>\n<p>Organiza\u00e7\u00f5es como a Rede de Turismo de Base Comunit\u00e1ria da Amaz\u00f4nia tamb\u00e9m anunciaram projetos que unem turismo e conserva\u00e7\u00e3o. Um deles \u00e9 o incentivo ao ecoturismo como forma de proteger a floresta tropical e criar oportunidades econ\u00f4micas para comunidades locais.<\/p>\n<h4>O Futuro do Turismo Sustent\u00e1vel<\/h4>\n<p>Ao fim do dia, ficou evidente que o turismo possui um papel estrat\u00e9gico na luta contra as mudan\u00e7as clim\u00e1ticas. Para l\u00edderes e especialistas reunidos na COP29, a transforma\u00e7\u00e3o sustent\u00e1vel do setor \u00e9 essencial n\u00e3o apenas para o futuro do planeta, mas tamb\u00e9m para assegurar que as pr\u00f3ximas gera\u00e7\u00f5es possam continuar explorando o mundo de forma consciente e respons\u00e1vel.<\/p>\n<p>As discuss\u00f5es do &#8220;Dia do Turismo&#8221; encerraram-se com um apelo coletivo: que cada <a href=\"https:\/\/www.visiteobrasil.com.br\/news\/o-que-nao-pode-faltar-na-mala-de-viagem-para-qualquer-destino\/\">viagem<\/a> seja uma oportunidade de contribuir para a preserva\u00e7\u00e3o do planeta. A COP29, ao colocar o turismo no centro das aten\u00e7\u00f5es, deu um passo importante na constru\u00e7\u00e3o de um setor mais verde e inclusivo.<\/p>\n","protected":false},"excerpt":{"rendered":"<p>Na COP29, o turismo ocupou um lugar central como tema de discuss\u00e3o. O evento, realizado na cidade de Bras\u00edlia, trouxe um dia exclusivo para debater a rela\u00e7\u00e3o entre turismo sustent\u00e1vel, mudan\u00e7as clim\u00e1ticas e prote\u00e7\u00e3o ambiental. Especialistas, l\u00edderes governamentais, organiza\u00e7\u00f5es n\u00e3o governamentais e representantes do setor privado reuniram-se para explorar como o turismo pode ser um [&hellip;]<\/p>\n","protected":false},"author":2,"featured_media":13189,"comment_status":"open","ping_status":"open","sticky":false,"template":"","format":"standard","meta":{"_jetpack_memberships_contains_paid_content":false,"footnotes":"","jetpack_publicize_message":"","jetpack_publicize_feature_enabled":true,"jetpack_social_post_already_shared":true,"jetpack_social_options":{"image_generator_settings":{"template":"highway","default_image_id":0,"font":"","enabled":false},"version":2}},"categories":[701,752],"tags":[],"class_list":["post-13188","post","type-post","status-publish","format-standard","has-post-thumbnail","hentry","category-noticias","category-meio-ambiente"],"jetpack_publicize_connections":[],"jetpack_featured_media_url":"https:\/\/i0.wp.com\/www.visiteobrasil.com.br\/news\/wp-content\/uploads\/2024\/11\/Praias-RJ-Credito-Melest-Pixabay-sea-4434933_1280.jpg?fit=900%2C600&ssl=1","jetpack-related-posts":[{"id":5757,"url":"https:\/\/www.visiteobrasil.com.br\/news\/mudancas-climaticas-e-viagens-impacto-nas-escolhas-turisticas-dos-brasileiros\/","url_meta":{"origin":13188,"position":0},"title":"Mudan\u00e7as clim\u00e1ticas e viagens: Impacto nas escolhas tur\u00edsticas dos brasileiros","author":"Ramon","date":"13 de novembro de 2023","format":false,"excerpt":"Turismo sustent\u00e1vel e as mudan\u00e7as clim\u00e1ticas:\u00a0 As mudan\u00e7as clim\u00e1ticas est\u00e3o remodelando n\u00e3o apenas o panorama ambiental, mas tamb\u00e9m as escolhas e comportamentos dos viajantes. De acordo com a pesquisa \"Previs\u00f5es de Viagem para 2024\" realizada pela plataforma de reservas de viagens Booking, \u00e9 evidente que as condi\u00e7\u00f5es clim\u00e1ticas ter\u00e3o um\u2026","rel":"","context":"Em &quot;Artigos&quot;","block_context":{"text":"Artigos","link":"https:\/\/www.visiteobrasil.com.br\/news\/artigos\/"},"img":{"alt_text":"Mudan\u00e7as clim\u00e1ticas: Alter do Ch\u00e3o - Foto- Tiago Silveira","src":"https:\/\/i0.wp.com\/www.visiteobrasil.com.br\/news\/wp-content\/uploads\/2023\/11\/Alter-do-Chao-Foto-Tiago-Silveira.jpg?fit=900%2C599&ssl=1&resize=350%2C200","width":350,"height":200,"srcset":"https:\/\/i0.wp.com\/www.visiteobrasil.com.br\/news\/wp-content\/uploads\/2023\/11\/Alter-do-Chao-Foto-Tiago-Silveira.jpg?fit=900%2C599&ssl=1&resize=350%2C200 1x, https:\/\/i0.wp.com\/www.visiteobrasil.com.br\/news\/wp-content\/uploads\/2023\/11\/Alter-do-Chao-Foto-Tiago-Silveira.jpg?fit=900%2C599&ssl=1&resize=525%2C300 1.5x, https:\/\/i0.wp.com\/www.visiteobrasil.com.br\/news\/wp-content\/uploads\/2023\/11\/Alter-do-Chao-Foto-Tiago-Silveira.jpg?fit=900%2C599&ssl=1&resize=700%2C400 2x"},"classes":[]},{"id":13396,"url":"https:\/\/www.visiteobrasil.com.br\/news\/turismo-na-regiao-norte-do-brasil-alcanca-novo-recorde-de-passageiros\/","url_meta":{"origin":13188,"position":1},"title":"Turismo na regi\u00e3o norte do Brasil alcan\u00e7a novo recorde de passageiros","author":"Ramon","date":"9 de junho de 2025","format":false,"excerpt":"A regi\u00e3o Norte do Brasil, famosa por sua biodiversidade e rica cultura, alcan\u00e7ou um marco significativo no setor tur\u00edstico no m\u00eas de abril, quando os aeroportos de Bel\u00e9m (PA), Manaus (AM) e Porto Velho (RO) lideraram o crescimento no n\u00famero de passageiros desembarcando na regi\u00e3o. Este aumento de visitantes, registrado\u2026","rel":"","context":"Em &quot;Artigos&quot;","block_context":{"text":"Artigos","link":"https:\/\/www.visiteobrasil.com.br\/news\/artigos\/"},"img":{"alt_text":"Recorde de passageiros - aeroporto-de-belem-pa-foto-Infraero","src":"https:\/\/i0.wp.com\/www.visiteobrasil.com.br\/news\/wp-content\/uploads\/2025\/06\/aeroporto-de-belem-pa-foto-Infraero.png?fit=900%2C600&ssl=1&resize=350%2C200","width":350,"height":200,"srcset":"https:\/\/i0.wp.com\/www.visiteobrasil.com.br\/news\/wp-content\/uploads\/2025\/06\/aeroporto-de-belem-pa-foto-Infraero.png?fit=900%2C600&ssl=1&resize=350%2C200 1x, https:\/\/i0.wp.com\/www.visiteobrasil.com.br\/news\/wp-content\/uploads\/2025\/06\/aeroporto-de-belem-pa-foto-Infraero.png?fit=900%2C600&ssl=1&resize=525%2C300 1.5x, https:\/\/i0.wp.com\/www.visiteobrasil.com.br\/news\/wp-content\/uploads\/2025\/06\/aeroporto-de-belem-pa-foto-Infraero.png?fit=900%2C600&ssl=1&resize=700%2C400 2x"},"classes":[]},{"id":5951,"url":"https:\/\/www.visiteobrasil.com.br\/news\/impressionante-desempenho-do-setor-de-turismo-em-2023\/","url_meta":{"origin":13188,"position":2},"title":"Impressionante desempenho do setor de turismo em 2023","author":"Ramon","date":"19 de novembro de 2023","format":false,"excerpt":"Os dados recentemente sobre o turismo em 2023, divulgados pelo Instituto Brasileiro de Geografia e Estat\u00edstica (IBGE) revelam um impressionante desempenho do setor de turismo ao longo de 2023, marcando uma not\u00e1vel recupera\u00e7\u00e3o em rela\u00e7\u00e3o aos impactos da pandemia. A Pesquisa Mensal de Servi\u00e7os (PMS) destaca um crescimento significativo de\u2026","rel":"","context":"Em &quot;Noticias&quot;","block_context":{"text":"Noticias","link":"https:\/\/www.visiteobrasil.com.br\/news\/noticias\/"},"img":{"alt_text":"Turismo em 2023 - Jericoccoara -Ce ( Lagoa do Paraiso)","src":"https:\/\/i0.wp.com\/www.visiteobrasil.com.br\/news\/wp-content\/uploads\/2023\/11\/jericoacoara-lagoa-do-paraiso2-foto-idobi-licenca-cc-by-30gr.jpg?fit=900%2C599&ssl=1&resize=350%2C200","width":350,"height":200,"srcset":"https:\/\/i0.wp.com\/www.visiteobrasil.com.br\/news\/wp-content\/uploads\/2023\/11\/jericoacoara-lagoa-do-paraiso2-foto-idobi-licenca-cc-by-30gr.jpg?fit=900%2C599&ssl=1&resize=350%2C200 1x, https:\/\/i0.wp.com\/www.visiteobrasil.com.br\/news\/wp-content\/uploads\/2023\/11\/jericoacoara-lagoa-do-paraiso2-foto-idobi-licenca-cc-by-30gr.jpg?fit=900%2C599&ssl=1&resize=525%2C300 1.5x, https:\/\/i0.wp.com\/www.visiteobrasil.com.br\/news\/wp-content\/uploads\/2023\/11\/jericoacoara-lagoa-do-paraiso2-foto-idobi-licenca-cc-by-30gr.jpg?fit=900%2C599&ssl=1&resize=700%2C400 2x"},"classes":[]},{"id":13584,"url":"https:\/\/www.visiteobrasil.com.br\/news\/abih-e-onu-turismo\/","url_meta":{"origin":13188,"position":3},"title":"ABIH e ONU Turismo firmam parceria hist\u00f3rica com apoio do MTur","author":"Ramon","date":"10 de novembro de 2025","format":false,"excerpt":"A hotelaria brasileira alcan\u00e7ou um novo patamar no cen\u00e1rio internacional. Neste domingo (9), durante a 26\u00aa Assembleia Geral da ONU Turismo, realizada em Riade, capital da Ar\u00e1bia Saudita, foi anunciado que a Associa\u00e7\u00e3o Brasileira da Ind\u00fastria de Hot\u00e9is (ABIH) passa a integrar oficialmente a ONU Turismo como entidade afiliada. O\u2026","rel":"","context":"Em &quot;Hospedagem&quot;","block_context":{"text":"Hospedagem","link":"https:\/\/www.visiteobrasil.com.br\/news\/hospedagem\/"},"img":{"alt_text":"Reuni\u00e3o ABIH e ONU - Foto: Livia Nascimento","src":"https:\/\/i0.wp.com\/www.visiteobrasil.com.br\/news\/wp-content\/uploads\/2025\/11\/ABIH-e-ONU-foto-Livia-Nascimento.png?fit=900%2C600&ssl=1&resize=350%2C200","width":350,"height":200,"srcset":"https:\/\/i0.wp.com\/www.visiteobrasil.com.br\/news\/wp-content\/uploads\/2025\/11\/ABIH-e-ONU-foto-Livia-Nascimento.png?fit=900%2C600&ssl=1&resize=350%2C200 1x, https:\/\/i0.wp.com\/www.visiteobrasil.com.br\/news\/wp-content\/uploads\/2025\/11\/ABIH-e-ONU-foto-Livia-Nascimento.png?fit=900%2C600&ssl=1&resize=525%2C300 1.5x, https:\/\/i0.wp.com\/www.visiteobrasil.com.br\/news\/wp-content\/uploads\/2025\/11\/ABIH-e-ONU-foto-Livia-Nascimento.png?fit=900%2C600&ssl=1&resize=700%2C400 2x"},"classes":[]},{"id":13394,"url":"https:\/\/www.visiteobrasil.com.br\/news\/turismo-se-firma-como-pilar-de-crescimento-economico-no-brasil-e-na-america-latina\/","url_meta":{"origin":13188,"position":4},"title":"Turismo se Firma como Pilar de Crescimento Econ\u00f4mico no Brasil e na Am\u00e9rica Latina","author":"Ramon","date":"9 de junho de 2025","format":false,"excerpt":"Nos \u00faltimos anos, o turismo tem se consolidado como um dos principais pilares do crescimento econ\u00f4mico no Brasil e em toda a Am\u00e9rica Latina. Com n\u00fameros recordes de turistas internacionais, expans\u00e3o das infraestruturas e forte presen\u00e7a no ranking global de turismo de neg\u00f3cios, o setor tem demonstrado sua relev\u00e2ncia estrat\u00e9gica\u2026","rel":"","context":"Em &quot;Artigos&quot;","block_context":{"text":"Artigos","link":"https:\/\/www.visiteobrasil.com.br\/news\/artigos\/"},"img":{"alt_text":"Crescimento: stopover: Passagens a\u00e9reas - Avi\u00e3o taxiando na pista","src":"https:\/\/i0.wp.com\/www.visiteobrasil.com.br\/news\/wp-content\/uploads\/2023\/12\/rocker-sta-RSYBi_1fhfM-unsplash.jpg?fit=900%2C600&ssl=1&resize=350%2C200","width":350,"height":200,"srcset":"https:\/\/i0.wp.com\/www.visiteobrasil.com.br\/news\/wp-content\/uploads\/2023\/12\/rocker-sta-RSYBi_1fhfM-unsplash.jpg?fit=900%2C600&ssl=1&resize=350%2C200 1x, https:\/\/i0.wp.com\/www.visiteobrasil.com.br\/news\/wp-content\/uploads\/2023\/12\/rocker-sta-RSYBi_1fhfM-unsplash.jpg?fit=900%2C600&ssl=1&resize=525%2C300 1.5x, https:\/\/i0.wp.com\/www.visiteobrasil.com.br\/news\/wp-content\/uploads\/2023\/12\/rocker-sta-RSYBi_1fhfM-unsplash.jpg?fit=900%2C600&ssl=1&resize=700%2C400 2x"},"classes":[]},{"id":12979,"url":"https:\/\/www.visiteobrasil.com.br\/news\/cnt-estabelece-subcamara-para-gestao-de-crises-em-turismo\/","url_meta":{"origin":13188,"position":5},"title":"CNT estabelece subc\u00e2mara para Gest\u00e3o de Crises em Turismo","author":"Ramon","date":"26 de maio de 2024","format":false,"excerpt":"A Confedera\u00e7\u00e3o Nacional do Turismo (CNT) anunciou recentemente a cria\u00e7\u00e3o de uma subc\u00e2mara dedicada \u00e0 gest\u00e3o de crises relacionadas a desastres que impactam o setor do turismo. Esta iniciativa reflete a crescente conscientiza\u00e7\u00e3o sobre a import\u00e2ncia de se preparar e responder de forma eficaz a eventos adversos que possam afetar\u2026","rel":"","context":"Em &quot;Artigos&quot;","block_context":{"text":"Artigos","link":"https:\/\/www.visiteobrasil.com.br\/news\/artigos\/"},"img":{"alt_text":"Gest\u00e3o de Crises -Praticagem no Brasil - Navio no Porto","src":"https:\/\/i0.wp.com\/www.visiteobrasil.com.br\/news\/wp-content\/uploads\/2023\/12\/Praticagem-no-Brasil-Foto-divulgacao-Camara-dos-Deputados.jpg?fit=900%2C600&ssl=1&resize=350%2C200","width":350,"height":200,"srcset":"https:\/\/i0.wp.com\/www.visiteobrasil.com.br\/news\/wp-content\/uploads\/2023\/12\/Praticagem-no-Brasil-Foto-divulgacao-Camara-dos-Deputados.jpg?fit=900%2C600&ssl=1&resize=350%2C200 1x, https:\/\/i0.wp.com\/www.visiteobrasil.com.br\/news\/wp-content\/uploads\/2023\/12\/Praticagem-no-Brasil-Foto-divulgacao-Camara-dos-Deputados.jpg?fit=900%2C600&ssl=1&resize=525%2C300 1.5x, https:\/\/i0.wp.com\/www.visiteobrasil.com.br\/news\/wp-content\/uploads\/2023\/12\/Praticagem-no-Brasil-Foto-divulgacao-Camara-dos-Deputados.jpg?fit=900%2C600&ssl=1&resize=700%2C400 2x"},"classes":[]}],"jetpack_sharing_enabled":true,"jetpack_likes_enabled":true,"_links":{"self":[{"href":"https:\/\/www.visiteobrasil.com.br\/news\/wp-json\/wp\/v2\/posts\/13188","targetHints":{"allow":["GET"]}}],"collection":[{"href":"https:\/\/www.visiteobrasil.com.br\/news\/wp-json\/wp\/v2\/posts"}],"about":[{"href":"https:\/\/www.visiteobrasil.com.br\/news\/wp-json\/wp\/v2\/types\/post"}],"author":[{"embeddable":true,"href":"https:\/\/www.visiteobrasil.com.br\/news\/wp-json\/wp\/v2\/users\/2"}],"replies":[{"embeddable":true,"href":"https:\/\/www.visiteobrasil.com.br\/news\/wp-json\/wp\/v2\/comments?post=13188"}],"version-history":[{"count":1,"href":"https:\/\/www.visiteobrasil.com.br\/news\/wp-json\/wp\/v2\/posts\/13188\/revisions"}],"predecessor-version":[{"id":13190,"href":"https:\/\/www.visiteobrasil.com.br\/news\/wp-json\/wp\/v2\/posts\/13188\/revisions\/13190"}],"wp:featuredmedia":[{"embeddable":true,"href":"https:\/\/www.visiteobrasil.com.br\/news\/wp-json\/wp\/v2\/media\/13189"}],"wp:attachment":[{"href":"https:\/\/www.visiteobrasil.com.br\/news\/wp-json\/wp\/v2\/media?parent=13188"}],"wp:term":[{"taxonomy":"category","embeddable":true,"href":"https:\/\/www.visiteobrasil.com.br\/news\/wp-json\/wp\/v2\/categories?post=13188"},{"taxonomy":"post_tag","embeddable":true,"href":"https:\/\/www.visiteobrasil.com.br\/news\/wp-json\/wp\/v2\/tags?post=13188"}],"curies":[{"name":"wp","href":"https:\/\/api.w.org\/{rel}","templated":true}]}}