{"id":13070,"date":"2024-08-05T11:05:12","date_gmt":"2024-08-05T14:05:12","guid":{"rendered":"https:\/\/www.visiteobrasil.com.br\/news\/?p=13070"},"modified":"2024-08-05T11:05:12","modified_gmt":"2024-08-05T14:05:12","slug":"grandes-eventos-turisticos-na-agenda-de-agosto-no-brasil","status":"publish","type":"post","link":"https:\/\/www.visiteobrasil.com.br\/news\/grandes-eventos-turisticos-na-agenda-de-agosto-no-brasil\/","title":{"rendered":"Grandes eventos tur\u00edsticos na agenda de agosto no Brasil"},"content":{"rendered":"<h2>Agosto oferece uma variedade de op\u00e7\u00f5es<\/h2>\n<p>O m\u00eas de agosto promete movimentar o setor de <a href=\"https:\/\/www.visiteobrasil.com.br\/news\/o-que-levar-em-consideracao-ao-fazer-uma-viagem-de-carro-longa\/\">turismo<\/a> no Brasil com dois grandes <a href=\"https:\/\/www.visiteobrasil.com.br\/news\/turismo-de-inverno-no-sul-do-brasil\/\">eventos<\/a> que n\u00e3o podem ser perdidos! Entre os dias 8 e 11, o Rio de Janeiro sediar\u00e1 o 8\u00ba Sal\u00e3o do Turismo: Conhe\u00e7a o Brasil, a maior vitrine de <a href=\"https:\/\/www.visiteobrasil.com.br\/news\/dicas-essenciais-para-viajar-com-gatos\/\">destinos tur\u00edsticos<\/a> do pa\u00eds. Promovido pelo Minist\u00e9rio do Turismo, o evento acontecer\u00e1 no Riocentro e apresentar\u00e1 uma vasta diversidade de experi\u00eancias tur\u00edsticas de todos os estados brasileiros. Al\u00e9m disso, o sal\u00e3o contar\u00e1 com palestras e oficinas sobre temas relevantes para o setor, espa\u00e7os dedicados \u00e0 gastronomia, artesanato e <a href=\"https:\/\/www.visiteobrasil.com.br\/brasil\/festas-populares\">manifesta\u00e7\u00f5es culturais<\/a> regionais. Garanta sua inscri\u00e7\u00e3o e obtenha mais informa\u00e7\u00f5es nos links disponibilizados pelo evento.<\/p>\n<h3>Feir\u00e3o do Turismo: Conhe\u00e7a o Brasil<\/h3>\n<p>No final do m\u00eas, de 24 a 26 de agosto, o Minist\u00e9rio do Turismo organizar\u00e1 o 1\u00ba Feir\u00e3o do Turismo: Conhe\u00e7a o Brasil, uma iniciativa in\u00e9dita que oferecer\u00e1 condi\u00e7\u00f5es exclusivas e descontos para a compra de passagens a\u00e9reas, pacotes de <a href=\"https:\/\/www.visiteobrasil.com.br\/news\/o-que-nao-pode-faltar-na-mala-de-viagem-para-qualquer-destino\/\">viagem<\/a>, hospedagem e passeios tur\u00edsticos durante a baixa temporada. O evento contar\u00e1 com encontros presenciais simult\u00e2neos em 17 capitais, al\u00e9m de uma extens\u00e3o digital at\u00e9 o dia 26 de agosto, permitindo que mais brasileiros aproveitem as ofertas das operadoras de turismo participantes. Fiquem atentos ao <a href=\"https:\/\/www.gov.br\/turismo\/pt-br\/assuntos\/noticias\/agosto-chegou-trazendo-o-maior-evento-de-promocao-dos-destinos-turisticos-brasileiros-confira-o-calendario-de-eventos-do-mtur\" target=\"_blank\" rel=\"noopener\">Portal do MTur<\/a> para mais informa\u00e7\u00f5es.<\/p>\n<h3>Destinos e Eventos Imperd\u00edveis pelo Brasil<\/h3>\n<p>Al\u00e9m desses eventos, agosto oferece uma variedade de op\u00e7\u00f5es para quem deseja explorar mais os destinos nacionais. O Calend\u00e1rio de Eventos do Minist\u00e9rio do Turismo lista diversas atividades que v\u00e3o desde festivais gastron\u00f4micos at\u00e9 competi\u00e7\u00f5es esportivas e festas agropecu\u00e1rias, distribu\u00eddas pelas cinco regi\u00f5es do pa\u00eds. Acesse o calend\u00e1rio e planeje sua pr\u00f3xima viagem!<\/p>\n<h4>Gastronomia<\/h4>\n<p>De 2 a 10 de agosto, Arma\u00e7\u00e3o dos B\u00fazios (RJ) realizar\u00e1 a 24\u00aa edi\u00e7\u00e3o do Degusta B\u00fazios, o maior festival gastron\u00f4mico da Regi\u00e3o dos Lagos fluminense. O evento contar\u00e1 com mais de 100 restaurantes participantes, apresentando a riqueza culin\u00e1ria local. Em Trindade (GO), entre os dias 9 e 10, o Festival Gastron\u00f4mico de Trindade oferecer\u00e1 30 receitas de doces e salgados t\u00edpicos \u00e0 base de mandioca.<\/p>\n<h4>Esporte<\/h4>\n<p>Belo Horizonte (MG) ser\u00e1 palco da 7\u00aa etapa da Stock Car Pro Series, de 15 a 18 de agosto, com a programa\u00e7\u00e3o acontecendo ao redor do Est\u00e1dio Mineir\u00e3o e incluindo shows musicais. Em Ariquemes (RO), o 2\u00ba Campeonato de Pesca Esportiva, que come\u00e7ou em junho, se encerra no dia 5 de agosto, reunindo cerca de 100 praticantes.<\/p>\n<h4>Festas<\/h4>\n<p>A cidade de Ariquemes (RO) tamb\u00e9m ser\u00e1 cen\u00e1rio da 39\u00aa Expoari (Exposi\u00e7\u00e3o Agropecu\u00e1ria de Ariquemes) at\u00e9 4 de agosto, com uma agenda recheada de shows de artistas locais e regionais. Paragominas (PA) organizar\u00e1 a 57\u00aa Feira Agropecu\u00e1ria (Agropec) de 10 a 18 de agosto, oferecendo diversas apresenta\u00e7\u00f5es musicais.<\/p>\n<h4>Rio Grande do Sul<\/h4>\n<p>Ap\u00f3s as fortes chuvas no estado, as cidades ga\u00fachas continuam com uma programa\u00e7\u00e3o rica de eventos em agosto. O 52\u00ba Festival de Cinema de Gramado, de 9 a 17 de agosto, \u00e9 o maior encontro do tipo na Am\u00e9rica Latina. Em Nova Petr\u00f3polis, o 51\u00ba Festival Internacional de Folclore, que come\u00e7ou em julho, terminar\u00e1 no dia 4 de agosto, trazendo grupos de v\u00e1rias partes do mundo para compartilhar tradi\u00e7\u00f5es.<\/p>\n<h3>Calend\u00e1rio de Eventos do MTur<\/h3>\n<p>O Calend\u00e1rio de Eventos do Minist\u00e9rio do Turismo re\u00fane informa\u00e7\u00f5es sobre os principais eventos tur\u00edsticos do Brasil, fornecendo dados \u00fateis para os turistas planejarem suas <a href=\"https:\/\/www.visiteobrasil.com.br\/news\/como-planejar-uma-viagem-em-familia-que-agrade-a-todos\/\">viagens<\/a>. As informa\u00e7\u00f5es s\u00e3o coletadas de forma colaborativa e cedidas por secretarias estaduais e municipais de turismo, al\u00e9m de promotores de eventos. Cadastre seu evento e acesse o calend\u00e1rio para saber mais.<\/p>\n<h3>8\u00ba Sal\u00e3o do Turismo: Conhe\u00e7a o Brasil<\/h3>\n<p>Com o Riocentro no Rio de Janeiro como palco, o 8\u00ba Sal\u00e3o do Turismo: Conhe\u00e7a o Brasil exibir\u00e1 atra\u00e7\u00f5es de todo o pa\u00eds em um espa\u00e7o de 40 mil m\u00b2. O evento, organizado pelo Minist\u00e9rio do Turismo em parceria com diversas entidades, espera receber cerca de 100 mil visitantes, que poder\u00e3o conhecer a diversidade tur\u00edstica do Brasil. Para mais informa\u00e7\u00f5es, acesse os links disponibilizados.<\/p>\n<h3>1\u00ba Feir\u00e3o do Turismo: Conhe\u00e7a o Brasil<\/h3>\n<p>O Feir\u00e3o do Turismo, uma iniciativa pioneira do Minist\u00e9rio do Turismo e do Conselho Nacional de Turismo, oferecer\u00e1 descontos e condi\u00e7\u00f5es especiais para a compra de passagens a\u00e9reas, pacotes de viagem, hospedagem e passeios tur\u00edsticos na baixa temporada. O evento contar\u00e1 com encontros presenciais em v\u00e1rias capitais e uma extens\u00e3o digital at\u00e9 26 de agosto, permitindo que mais brasileiros aproveitem as ofertas dispon\u00edveis. Saibam mais no portal do evento.<\/p>\n","protected":false},"excerpt":{"rendered":"<p>Agosto oferece uma variedade de op\u00e7\u00f5es O m\u00eas de agosto promete movimentar o setor de turismo no Brasil com dois grandes eventos que n\u00e3o podem ser perdidos! Entre os dias 8 e 11, o Rio de Janeiro sediar\u00e1 o 8\u00ba Sal\u00e3o do Turismo: Conhe\u00e7a o Brasil, a maior vitrine de destinos tur\u00edsticos do pa\u00eds. Promovido [&hellip;]<\/p>\n","protected":false},"author":2,"featured_media":13071,"comment_status":"open","ping_status":"open","sticky":false,"template":"","format":"standard","meta":{"_jetpack_memberships_contains_paid_content":false,"footnotes":"","jetpack_publicize_message":"","jetpack_publicize_feature_enabled":true,"jetpack_social_post_already_shared":true,"jetpack_social_options":{"image_generator_settings":{"template":"highway","default_image_id":0,"font":"","enabled":false},"version":2}},"categories":[789],"tags":[],"class_list":["post-13070","post","type-post","status-publish","format-standard","has-post-thumbnail","hentry","category-entretenimento"],"jetpack_publicize_connections":[],"jetpack_featured_media_url":"https:\/\/i0.wp.com\/www.visiteobrasil.com.br\/news\/wp-content\/uploads\/2024\/08\/Feira-de-turismo-pexels-emilio-martinez-1057015936-24964794.jpg?fit=900%2C600&ssl=1","jetpack-related-posts":[{"id":7346,"url":"https:\/\/www.visiteobrasil.com.br\/news\/reflexoes-e-conquistas-no-ultimo-dia-do-salao-nacional-do-turismo\/","url_meta":{"origin":13070,"position":0},"title":"Reflex\u00f5es e conquistas no \u00faltimo dia do Sal\u00e3o Nacional do Turismo","author":"Ramon","date":"18 de dezembro de 2023","format":false,"excerpt":"Encerramento da 7\u00aa Edi\u00e7\u00e3o de O Sal\u00e3o Nacional do Turismo Com uma rica variedade de manifesta\u00e7\u00f5es culturais, atra\u00e7\u00f5es art\u00edsticas e uma ampla gama de atividades destinadas a promover o turismo brasileiro, encerrou-se a s\u00e9tima e marcante edi\u00e7\u00e3o do Sal\u00e3o Nacional do Turismo. Ao longo de tr\u00eas dias, o evento celebrou\u2026","rel":"","context":"Em &quot;Noticias&quot;","block_context":{"text":"Noticias","link":"https:\/\/www.visiteobrasil.com.br\/news\/noticias\/"},"img":{"alt_text":"O Sal\u00e3o nacional do turismo - Participantes da feira","src":"https:\/\/i0.wp.com\/www.visiteobrasil.com.br\/news\/wp-content\/uploads\/2023\/12\/salao-nacional-de-turismo-foto-RobertoCastro-DF.jpeg?fit=768%2C512&ssl=1&resize=350%2C200","width":350,"height":200,"srcset":"https:\/\/i0.wp.com\/www.visiteobrasil.com.br\/news\/wp-content\/uploads\/2023\/12\/salao-nacional-de-turismo-foto-RobertoCastro-DF.jpeg?fit=768%2C512&ssl=1&resize=350%2C200 1x, https:\/\/i0.wp.com\/www.visiteobrasil.com.br\/news\/wp-content\/uploads\/2023\/12\/salao-nacional-de-turismo-foto-RobertoCastro-DF.jpeg?fit=768%2C512&ssl=1&resize=525%2C300 1.5x, https:\/\/i0.wp.com\/www.visiteobrasil.com.br\/news\/wp-content\/uploads\/2023\/12\/salao-nacional-de-turismo-foto-RobertoCastro-DF.jpeg?fit=768%2C512&ssl=1&resize=700%2C400 2x"},"classes":[]},{"id":13094,"url":"https:\/\/www.visiteobrasil.com.br\/news\/mtur-avanca-na-promocao-do-afroturismo-no-brasil\/","url_meta":{"origin":13070,"position":1},"title":"Mtur avan\u00e7a na promo\u00e7\u00e3o do Afroturismo no Brasil","author":"Ramon","date":"18 de agosto de 2024","format":false,"excerpt":"O Minist\u00e9rio do Turismo (MTur) divulgou nesta quarta-feira, 14 de agosto, o resultado do edital para a contrata\u00e7\u00e3o de uma consultoria especializada em afroturismo no Brasil. Ap\u00f3s um rigoroso processo de sele\u00e7\u00e3o, iniciado em junho em parceria com a UNESCO, a turism\u00f3loga Thais Rosa Pinheiro, fundadora da ag\u00eancia Conectando Territ\u00f3rios,\u2026","rel":"","context":"Em &quot;Noticias&quot;","block_context":{"text":"Noticias","link":"https:\/\/www.visiteobrasil.com.br\/news\/noticias\/"},"img":{"alt_text":"Festival Salvador Afroturismo-Foto: Embratur","src":"https:\/\/i0.wp.com\/www.visiteobrasil.com.br\/news\/wp-content\/uploads\/2024\/08\/Afroturismo-Foto-Embratur.jpg?fit=900%2C600&ssl=1&resize=350%2C200","width":350,"height":200,"srcset":"https:\/\/i0.wp.com\/www.visiteobrasil.com.br\/news\/wp-content\/uploads\/2024\/08\/Afroturismo-Foto-Embratur.jpg?fit=900%2C600&ssl=1&resize=350%2C200 1x, https:\/\/i0.wp.com\/www.visiteobrasil.com.br\/news\/wp-content\/uploads\/2024\/08\/Afroturismo-Foto-Embratur.jpg?fit=900%2C600&ssl=1&resize=525%2C300 1.5x, https:\/\/i0.wp.com\/www.visiteobrasil.com.br\/news\/wp-content\/uploads\/2024\/08\/Afroturismo-Foto-Embratur.jpg?fit=900%2C600&ssl=1&resize=700%2C400 2x"},"classes":[]},{"id":13445,"url":"https:\/\/www.visiteobrasil.com.br\/news\/salao-do-turismo-2025-descubra-roteiros-unicos-do-brasil-no-evento\/","url_meta":{"origin":13070,"position":2},"title":"Sal\u00e3o do Turismo 2025: Descubra roteiros \u00fanicos do Brasil no evento","author":"Ramon","date":"10 de agosto de 2025","format":false,"excerpt":"O Sal\u00e3o do Turismo 2025 ser\u00e1 o ponto de encontro para aqueles que buscam explorar as maravilhas do Brasil de uma maneira \u00fanica e enriquecedora. Coordenado pelo Sebrae, o evento, que acontece entre 8 e 10 de agosto de 2025, promete ser uma vitrine para as mais variadas experi\u00eancias tur\u00edsticas\u2026","rel":"","context":"Em &quot;Artigos&quot;","block_context":{"text":"Artigos","link":"https:\/\/www.visiteobrasil.com.br\/news\/artigos\/"},"img":{"alt_text":"Sal\u00e3o do turismo: Trilha amaz\u00f4nia - Casal fazendo trilha - Pixabay","src":"https:\/\/i0.wp.com\/www.visiteobrasil.com.br\/news\/wp-content\/uploads\/2024\/10\/amazonia-hike-863454_1280.jpg?fit=900%2C599&ssl=1&resize=350%2C200","width":350,"height":200,"srcset":"https:\/\/i0.wp.com\/www.visiteobrasil.com.br\/news\/wp-content\/uploads\/2024\/10\/amazonia-hike-863454_1280.jpg?fit=900%2C599&ssl=1&resize=350%2C200 1x, https:\/\/i0.wp.com\/www.visiteobrasil.com.br\/news\/wp-content\/uploads\/2024\/10\/amazonia-hike-863454_1280.jpg?fit=900%2C599&ssl=1&resize=525%2C300 1.5x, https:\/\/i0.wp.com\/www.visiteobrasil.com.br\/news\/wp-content\/uploads\/2024\/10\/amazonia-hike-863454_1280.jpg?fit=900%2C599&ssl=1&resize=700%2C400 2x"},"classes":[]},{"id":6190,"url":"https:\/\/www.visiteobrasil.com.br\/news\/destinos-em-foco-o-renascimento-do-salao-nacional-do-turismo-em-brasilia\/","url_meta":{"origin":13070,"position":3},"title":"Destinos em Foco: O Renascimento do Sal\u00e3o Nacional do Turismo em Bras\u00edlia","author":"Ramon","date":"26 de novembro de 2023","format":false,"excerpt":"O Retorno triunfal do Sal\u00e3o Nacional do Turismo: Ap\u00f3s uma pausa significativa de 12 anos, o aguardado retorno do Sal\u00e3o Nacional do Turismo est\u00e1 prestes a acontecer. Dentro de apenas 20 dias, a Capital Federal se transformar\u00e1 no epicentro de algumas das experi\u00eancias tur\u00edsticas mais destacadas do Brasil, recebendo visitantes\u2026","rel":"","context":"Em &quot;Noticias&quot;","block_context":{"text":"Noticias","link":"https:\/\/www.visiteobrasil.com.br\/news\/noticias\/"},"img":{"alt_text":"Sal\u00e3o Nacional do Turismo - Brasilia: Palacio do Itamaraty","src":"https:\/\/i0.wp.com\/www.visiteobrasil.com.br\/news\/wp-content\/uploads\/2023\/11\/brasilia-palaciodoitamaraty-foto-xenia-antunes-licenca-cc-by-sa-20gr.jpg?fit=900%2C599&ssl=1&resize=350%2C200","width":350,"height":200,"srcset":"https:\/\/i0.wp.com\/www.visiteobrasil.com.br\/news\/wp-content\/uploads\/2023\/11\/brasilia-palaciodoitamaraty-foto-xenia-antunes-licenca-cc-by-sa-20gr.jpg?fit=900%2C599&ssl=1&resize=350%2C200 1x, https:\/\/i0.wp.com\/www.visiteobrasil.com.br\/news\/wp-content\/uploads\/2023\/11\/brasilia-palaciodoitamaraty-foto-xenia-antunes-licenca-cc-by-sa-20gr.jpg?fit=900%2C599&ssl=1&resize=525%2C300 1.5x, https:\/\/i0.wp.com\/www.visiteobrasil.com.br\/news\/wp-content\/uploads\/2023\/11\/brasilia-palaciodoitamaraty-foto-xenia-antunes-licenca-cc-by-sa-20gr.jpg?fit=900%2C599&ssl=1&resize=700%2C400 2x"},"classes":[]},{"id":13531,"url":"https:\/\/www.visiteobrasil.com.br\/news\/turismo-nautico-boat-show\/","url_meta":{"origin":13070,"position":4},"title":"Turismo N\u00e1utico: Guia em destaque na 28\u00aa S\u00e3o Paulo Boat Show","author":"Ramon","date":"21 de setembro de 2025","format":false,"excerpt":"O turismo n\u00e1utico brasileiro ganha um importante impulso com a divulga\u00e7\u00e3o de um guia especializado pelo Minist\u00e9rio do Turismo durante a 28\u00aa edi\u00e7\u00e3o do S\u00e3o Paulo Boat Show. O evento, considerado o maior do setor na Am\u00e9rica Latina, reuniu fabricantes, empres\u00e1rios, profissionais do setor e entusiastas, oferecendo uma vitrine estrat\u00e9gica\u2026","rel":"","context":"Em &quot;Dicas legais&quot;","block_context":{"text":"Dicas legais","link":"https:\/\/www.visiteobrasil.com.br\/news\/dicas-legais\/"},"img":{"alt_text":"Embarca\u00e7\u00e3o de luxo navegando em \u00e1guas brasileiras, com cen\u00e1rio tur\u00edstico e elementos n\u00e1uticos, representando o turismo n\u00e1utico","src":"https:\/\/i0.wp.com\/www.visiteobrasil.com.br\/news\/wp-content\/uploads\/2025\/09\/Embarcacao-de-luxo-navegando-em-aguas-brasileiras.jpeg?fit=900%2C600&ssl=1&resize=350%2C200","width":350,"height":200,"srcset":"https:\/\/i0.wp.com\/www.visiteobrasil.com.br\/news\/wp-content\/uploads\/2025\/09\/Embarcacao-de-luxo-navegando-em-aguas-brasileiras.jpeg?fit=900%2C600&ssl=1&resize=350%2C200 1x, https:\/\/i0.wp.com\/www.visiteobrasil.com.br\/news\/wp-content\/uploads\/2025\/09\/Embarcacao-de-luxo-navegando-em-aguas-brasileiras.jpeg?fit=900%2C600&ssl=1&resize=525%2C300 1.5x, https:\/\/i0.wp.com\/www.visiteobrasil.com.br\/news\/wp-content\/uploads\/2025\/09\/Embarcacao-de-luxo-navegando-em-aguas-brasileiras.jpeg?fit=900%2C600&ssl=1&resize=700%2C400 2x"},"classes":[]},{"id":13041,"url":"https:\/\/www.visiteobrasil.com.br\/news\/ministerio-do-turismo-abre-223-vagas-para-cursos-de-qualificacao-online\/","url_meta":{"origin":13070,"position":5},"title":"Minist\u00e9rio do Turismo abre 223 vagas para cursos de qualifica\u00e7\u00e3o online","author":"Ramon","date":"14 de julho de 2024","format":false,"excerpt":"O Minist\u00e9rio do Turismo, em colabora\u00e7\u00e3o com o Servi\u00e7o Nacional de Aprendizagem Comercial do Paran\u00e1 (SENAC-PR), est\u00e1 oferecendo 223 vagas em diversos cursos de qualifica\u00e7\u00e3o online para profissionais do setor. As inscri\u00e7\u00f5es est\u00e3o abertas at\u00e9 o dia 4 de agosto, e as aulas come\u00e7am no dia 12 de agosto. Cursos\u2026","rel":"","context":"Em &quot;Noticias&quot;","block_context":{"text":"Noticias","link":"https:\/\/www.visiteobrasil.com.br\/news\/noticias\/"},"img":{"alt_text":"Cursos Mtur - Slots Online_ Dicas para Maximizar seus Ganhos Jovem \u00e0 frente de um notebookf","src":"https:\/\/i0.wp.com\/www.visiteobrasil.com.br\/news\/wp-content\/uploads\/2023\/11\/Slots-Online_-Dicas-para-Maximizar-seus-Ganhos.jpg?fit=900%2C600&ssl=1&resize=350%2C200","width":350,"height":200,"srcset":"https:\/\/i0.wp.com\/www.visiteobrasil.com.br\/news\/wp-content\/uploads\/2023\/11\/Slots-Online_-Dicas-para-Maximizar-seus-Ganhos.jpg?fit=900%2C600&ssl=1&resize=350%2C200 1x, https:\/\/i0.wp.com\/www.visiteobrasil.com.br\/news\/wp-content\/uploads\/2023\/11\/Slots-Online_-Dicas-para-Maximizar-seus-Ganhos.jpg?fit=900%2C600&ssl=1&resize=525%2C300 1.5x, https:\/\/i0.wp.com\/www.visiteobrasil.com.br\/news\/wp-content\/uploads\/2023\/11\/Slots-Online_-Dicas-para-Maximizar-seus-Ganhos.jpg?fit=900%2C600&ssl=1&resize=700%2C400 2x"},"classes":[]}],"jetpack_sharing_enabled":true,"jetpack_likes_enabled":true,"_links":{"self":[{"href":"https:\/\/www.visiteobrasil.com.br\/news\/wp-json\/wp\/v2\/posts\/13070","targetHints":{"allow":["GET"]}}],"collection":[{"href":"https:\/\/www.visiteobrasil.com.br\/news\/wp-json\/wp\/v2\/posts"}],"about":[{"href":"https:\/\/www.visiteobrasil.com.br\/news\/wp-json\/wp\/v2\/types\/post"}],"author":[{"embeddable":true,"href":"https:\/\/www.visiteobrasil.com.br\/news\/wp-json\/wp\/v2\/users\/2"}],"replies":[{"embeddable":true,"href":"https:\/\/www.visiteobrasil.com.br\/news\/wp-json\/wp\/v2\/comments?post=13070"}],"version-history":[{"count":1,"href":"https:\/\/www.visiteobrasil.com.br\/news\/wp-json\/wp\/v2\/posts\/13070\/revisions"}],"predecessor-version":[{"id":13072,"href":"https:\/\/www.visiteobrasil.com.br\/news\/wp-json\/wp\/v2\/posts\/13070\/revisions\/13072"}],"wp:featuredmedia":[{"embeddable":true,"href":"https:\/\/www.visiteobrasil.com.br\/news\/wp-json\/wp\/v2\/media\/13071"}],"wp:attachment":[{"href":"https:\/\/www.visiteobrasil.com.br\/news\/wp-json\/wp\/v2\/media?parent=13070"}],"wp:term":[{"taxonomy":"category","embeddable":true,"href":"https:\/\/www.visiteobrasil.com.br\/news\/wp-json\/wp\/v2\/categories?post=13070"},{"taxonomy":"post_tag","embeddable":true,"href":"https:\/\/www.visiteobrasil.com.br\/news\/wp-json\/wp\/v2\/tags?post=13070"}],"curies":[{"name":"wp","href":"https:\/\/api.w.org\/{rel}","templated":true}]}}