{"id":13053,"date":"2024-07-29T11:21:48","date_gmt":"2024-07-29T14:21:48","guid":{"rendered":"https:\/\/www.visiteobrasil.com.br\/news\/?p=13053"},"modified":"2024-07-29T11:21:48","modified_gmt":"2024-07-29T14:21:48","slug":"turismo-de-inverno-em-campos-do-jordao-o-encanto-da-suica-brasileira","status":"publish","type":"post","link":"https:\/\/www.visiteobrasil.com.br\/news\/turismo-de-inverno-em-campos-do-jordao-o-encanto-da-suica-brasileira\/","title":{"rendered":"Turismo de inverno em Campos do Jord\u00e3o: O Encanto da Su\u00ed\u00e7a Brasileira"},"content":{"rendered":"<div class=\"flex-1 overflow-hidden\">\n<div class=\"h-full\">\n<div class=\"react-scroll-to-bottom--css-liguo-79elbk h-full\">\n<div class=\"react-scroll-to-bottom--css-liguo-1n7m0yu\">\n<div class=\"flex flex-col text-sm md:pb-9\">\n<div class=\"w-full text-token-text-primary\" dir=\"auto\" data-testid=\"conversation-turn-5\" data-scroll-anchor=\"true\">\n<div class=\"text-base py-[18px] px-3 md:px-4 m-auto md:px-5 lg:px-1 xl:px-5\">\n<div class=\"mx-auto flex flex-1 gap-4 text-base md:gap-5 lg:gap-6 md:max-w-3xl lg:max-w-[40rem] xl:max-w-[48rem]\">\n<div class=\"group\/conversation-turn relative flex w-full min-w-0 flex-col agent-turn\">\n<div class=\"flex-col gap-1 md:gap-3\">\n<div class=\"flex flex-grow flex-col max-w-full\">\n<div class=\"min-h-[20px] text-message flex w-full flex-col items-end gap-2 whitespace-pre-wrap break-words [.text-message+&amp;]:mt-5 overflow-x-auto\" dir=\"auto\" data-message-author-role=\"assistant\" data-message-id=\"32d1ea2d-37a9-445d-b617-926b880cee8e\">\n<div class=\"flex w-full flex-col gap-1 empty:hidden first:pt-[3px]\">\n<div class=\"markdown prose w-full break-words dark:prose-invert light\">\n<h3>Turismo de inverno em Campos do Jord\u00e3o<\/h3>\n<p><a href=\"https:\/\/www.visiteobrasil.com.br\/sudeste\/sao-paulo\/regiao-vale-do-paraiba\/campos-do-jordao\">Campos do Jord\u00e3o<\/a>, carinhosamente conhecida como a \u201cSu\u00ed\u00e7a Brasileira\u201d, \u00e9 uma cidade localizada na Serra da Mantiqueira, no estado de S\u00e3o Paulo. A cidade se destaca como um dos principais <a href=\"https:\/\/www.visiteobrasil.com.br\/news\/dicas-essenciais-para-viajar-com-gatos\/\">destinos tur\u00edsticos<\/a> do Brasil durante o inverno, atraindo milhares de visitantes com seu clima ameno, arquitetura europeia e uma vasta gama de atra\u00e7\u00f5es culturais e gastron\u00f4micas. Este artigo explora os principais aspectos que fazem de Campos do Jord\u00e3o um destino irresist\u00edvel durante a temporada de inverno.<\/p>\n<h4>Clima e Paisagens<\/h4>\n<p>Durante o inverno, Campos do Jord\u00e3o oferece um clima t\u00edpico de montanha, com temperaturas que podem chegar a zero grau ou at\u00e9 abaixo disso, criando um cen\u00e1rio perfeito para os amantes do frio. As paisagens cobertas por n\u00e9voa, as montanhas ao redor e a vegeta\u00e7\u00e3o caracter\u00edstica da Serra da Mantiqueira comp\u00f5em um visual pitoresco que remete \u00e0s vilas europeias. Esse clima torna a cidade especialmente atrativa para turistas em busca de uma experi\u00eancia invernal aut\u00eantica.<\/p>\n<figure id=\"attachment_13054\" aria-describedby=\"caption-attachment-13054\" style=\"width: 550px\" class=\"wp-caption aligncenter\"><img data-recalc-dims=\"1\" fetchpriority=\"high\" decoding=\"async\" class=\"wp-image-13054\" src=\"https:\/\/i0.wp.com\/www.visiteobrasil.com.br\/news\/wp-content\/uploads\/2024\/07\/Abernessia_Campos_do_Jordao_-_SP_Brazil_-_panoramio-.jpg?resize=550%2C367&#038;ssl=1\" alt=\"Abern\u00e9ssia-Campos_do_Jord\u00e3o-SP,_Brazil\" width=\"550\" height=\"367\" title=\"\" srcset=\"https:\/\/i0.wp.com\/www.visiteobrasil.com.br\/news\/wp-content\/uploads\/2024\/07\/Abernessia_Campos_do_Jordao_-_SP_Brazil_-_panoramio-.jpg?resize=300%2C200&amp;ssl=1 300w, https:\/\/i0.wp.com\/www.visiteobrasil.com.br\/news\/wp-content\/uploads\/2024\/07\/Abernessia_Campos_do_Jordao_-_SP_Brazil_-_panoramio-.jpg?resize=768%2C512&amp;ssl=1 768w, https:\/\/i0.wp.com\/www.visiteobrasil.com.br\/news\/wp-content\/uploads\/2024\/07\/Abernessia_Campos_do_Jordao_-_SP_Brazil_-_panoramio-.jpg?w=900&amp;ssl=1 900w\" sizes=\"(max-width: 550px) 100vw, 550px\" \/><figcaption id=\"caption-attachment-13054\" class=\"wp-caption-text\">Abern\u00e9ssia-Campos_do_Jord\u00e3o-SP,_Brazil<\/figcaption><\/figure>\n<h4>Arquitetura e Cultura<\/h4>\n<p>Um dos maiores encantos de Campos do Jord\u00e3o \u00e9 sua arquitetura. A cidade \u00e9 marcada por constru\u00e7\u00f5es em estilo enxaimel, que remetem \u00e0s constru\u00e7\u00f5es t\u00edpicas da Alemanha e da Su\u00ed\u00e7a. Edif\u00edcios com fachadas de madeira, janelas adornadas e telhados inclinados se destacam na paisagem urbana, proporcionando um charme especial.<\/p>\n<p>Culturalmente, a cidade tamb\u00e9m oferece uma rica programa\u00e7\u00e3o. O Festival Internacional de Inverno de Campos do Jord\u00e3o \u00e9 o maior festival de m\u00fasica cl\u00e1ssica da Am\u00e9rica Latina, atraindo m\u00fasicos e amantes da m\u00fasica de todo o mundo. Durante o festival, diversas apresenta\u00e7\u00f5es ocorrem em locais ic\u00f4nicos da cidade, como o Audit\u00f3rio Claudio Santoro e a Pra\u00e7a do Capivari, espalhando m\u00fasica e cultura por todos os cantos.<\/p>\n<figure id=\"attachment_13055\" aria-describedby=\"caption-attachment-13055\" style=\"width: 550px\" class=\"wp-caption aligncenter\"><img data-recalc-dims=\"1\" decoding=\"async\" class=\"wp-image-13055\" src=\"https:\/\/i0.wp.com\/www.visiteobrasil.com.br\/news\/wp-content\/uploads\/2024\/07\/800px-Vista_de_Campos_do_Jordao-Wikimedia-Commons.jpg?resize=550%2C367&#038;ssl=1\" alt=\"Vista_de_Campos_do_Jordao-Wikimedia-Commons.\" width=\"550\" height=\"367\" title=\"\" srcset=\"https:\/\/i0.wp.com\/www.visiteobrasil.com.br\/news\/wp-content\/uploads\/2024\/07\/800px-Vista_de_Campos_do_Jordao-Wikimedia-Commons.jpg?resize=300%2C200&amp;ssl=1 300w, https:\/\/i0.wp.com\/www.visiteobrasil.com.br\/news\/wp-content\/uploads\/2024\/07\/800px-Vista_de_Campos_do_Jordao-Wikimedia-Commons.jpg?resize=768%2C512&amp;ssl=1 768w, https:\/\/i0.wp.com\/www.visiteobrasil.com.br\/news\/wp-content\/uploads\/2024\/07\/800px-Vista_de_Campos_do_Jordao-Wikimedia-Commons.jpg?w=900&amp;ssl=1 900w\" sizes=\"(max-width: 550px) 100vw, 550px\" \/><figcaption id=\"caption-attachment-13055\" class=\"wp-caption-text\">Vista panor\u00e2mica de Campos do Jordao-Wikimedia- Commons.<\/figcaption><\/figure>\n<h4>Gastronomia<\/h4>\n<p>A gastronomia \u00e9 outro ponto forte de <a href=\"https:\/\/camposdojordao.sp.gov.br\/realizacoes-em-campos\/?c=Turismo\" target=\"_blank\" rel=\"noopener\">Campos do Jord\u00e3o<\/a>, especialmente durante o inverno. Os restaurantes da cidade oferecem pratos que s\u00e3o a cara da esta\u00e7\u00e3o, como fondues, racletes e sopas, al\u00e9m de uma vasta oferta de vinhos e chocolates artesanais. A culin\u00e1ria local \u00e9 influenciada pelas tradi\u00e7\u00f5es europeias, mas tamb\u00e9m incorpora ingredientes e sabores brasileiros, resultando em uma mistura \u00fanica e deliciosa.<\/p>\n<h4>Atividades ao Ar Livre<\/h4>\n<p>Para os amantes de atividades ao ar livre, Campos do Jord\u00e3o oferece diversas op\u00e7\u00f5es, mesmo durante o inverno. As trilhas da regi\u00e3o, como a do Horto Florestal e a do Pico do Itapeva, proporcionam caminhadas por paisagens deslumbrantes, com vistas panor\u00e2micas das montanhas e vales. O Parque Amantikir, com seus belos jardins tem\u00e1ticos, \u00e9 outra atra\u00e7\u00e3o imperd\u00edvel, oferecendo um passeio tranquilo em meio a uma vegeta\u00e7\u00e3o exuberante.<\/p>\n<p>Para os mais aventureiros, a cidade oferece atividades como arvorismo, tirolesa e cavalgadas, que permitem explorar a natureza local de forma emocionante. O Morro do Elefante, acess\u00edvel por telef\u00e9rico, oferece uma vista incr\u00edvel da cidade e \u00e9 uma parada obrigat\u00f3ria para quem visita Campos do Jord\u00e3o.<\/p>\n<figure id=\"attachment_13063\" aria-describedby=\"caption-attachment-13063\" style=\"width: 550px\" class=\"wp-caption aligncenter\"><img data-recalc-dims=\"1\" decoding=\"async\" class=\"wp-image-13063\" src=\"https:\/\/i0.wp.com\/www.visiteobrasil.com.br\/news\/wp-content\/uploads\/2024\/07\/Campos_do_Jordao_SP_Brasil_-_Arquitetura_de_inspiracao_europeia_-_panoramio-Wikimedia-Commons.jpg?resize=550%2C367&#038;ssl=1\" alt=\"Arquitetura_de_inspiracao_europeia_-_panoramio-Wikimedia-Commons.\" width=\"550\" height=\"367\" title=\"\" srcset=\"https:\/\/i0.wp.com\/www.visiteobrasil.com.br\/news\/wp-content\/uploads\/2024\/07\/Campos_do_Jordao_SP_Brasil_-_Arquitetura_de_inspiracao_europeia_-_panoramio-Wikimedia-Commons.jpg?resize=300%2C200&amp;ssl=1 300w, https:\/\/i0.wp.com\/www.visiteobrasil.com.br\/news\/wp-content\/uploads\/2024\/07\/Campos_do_Jordao_SP_Brasil_-_Arquitetura_de_inspiracao_europeia_-_panoramio-Wikimedia-Commons.jpg?resize=768%2C512&amp;ssl=1 768w, https:\/\/i0.wp.com\/www.visiteobrasil.com.br\/news\/wp-content\/uploads\/2024\/07\/Campos_do_Jordao_SP_Brasil_-_Arquitetura_de_inspiracao_europeia_-_panoramio-Wikimedia-Commons.jpg?w=900&amp;ssl=1 900w\" sizes=\"(max-width: 550px) 100vw, 550px\" \/><figcaption id=\"caption-attachment-13063\" class=\"wp-caption-text\">Arquitetura de inspiracao europeia_-_panoramio-Wikimedia-Commons.<\/figcaption><\/figure>\n<h4>Hospedagem<\/h4>\n<p>A oferta de hospedagem em Campos do Jord\u00e3o \u00e9 ampla e variada, com op\u00e7\u00f5es que v\u00e3o desde pousadas aconchegantes at\u00e9 hot\u00e9is de luxo. Durante a temporada de inverno, muitas acomoda\u00e7\u00f5es oferecem pacotes especiais que incluem jantares tem\u00e1ticos, passeios e outras atividades voltadas para o p\u00fablico que busca aproveitar o frio com conforto e estilo.<\/p>\n<figure id=\"attachment_13056\" aria-describedby=\"caption-attachment-13056\" style=\"width: 550px\" class=\"wp-caption aligncenter\"><img data-recalc-dims=\"1\" loading=\"lazy\" decoding=\"async\" class=\"wp-image-13056\" src=\"https:\/\/i0.wp.com\/www.visiteobrasil.com.br\/news\/wp-content\/uploads\/2024\/07\/foto-de-Andre-licenciada-como-Attribution-NonCommercial-CompartilhaIgual.846537718_a4cb537da1_k.jpg?resize=550%2C367&#038;ssl=1\" alt=\"Hotel de luxo- Foto: Andre-licenciada-como-Attribution-NonCommercial-\" width=\"550\" height=\"367\" title=\"\" srcset=\"https:\/\/i0.wp.com\/www.visiteobrasil.com.br\/news\/wp-content\/uploads\/2024\/07\/foto-de-Andre-licenciada-como-Attribution-NonCommercial-CompartilhaIgual.846537718_a4cb537da1_k.jpg?resize=300%2C200&amp;ssl=1 300w, https:\/\/i0.wp.com\/www.visiteobrasil.com.br\/news\/wp-content\/uploads\/2024\/07\/foto-de-Andre-licenciada-como-Attribution-NonCommercial-CompartilhaIgual.846537718_a4cb537da1_k.jpg?resize=768%2C512&amp;ssl=1 768w, https:\/\/i0.wp.com\/www.visiteobrasil.com.br\/news\/wp-content\/uploads\/2024\/07\/foto-de-Andre-licenciada-como-Attribution-NonCommercial-CompartilhaIgual.846537718_a4cb537da1_k.jpg?w=900&amp;ssl=1 900w\" sizes=\"(max-width: 550px) 100vw, 550px\" \/><figcaption id=\"caption-attachment-13056\" class=\"wp-caption-text\">Hotel de luxo- Foto: Andre-licenciada-como-Attribution-NonCommercial-<\/figcaption><\/figure>\n<h4>Compras e Artesanato<\/h4>\n<p>O centro tur\u00edstico de Vila Capivari \u00e9 o cora\u00e7\u00e3o da cidade e o principal ponto de encontro dos visitantes. L\u00e1, encontram-se diversas lojas de artesanato, malharias e boutiques que oferecem desde roupas de l\u00e3 at\u00e9 lembran\u00e7as t\u00edpicas da regi\u00e3o. Os turistas tamb\u00e9m podem visitar a famosa Cervejaria Baden Baden, onde \u00e9 poss\u00edvel fazer um tour e degustar cervejas artesanais de alta qualidade.<\/p>\n<figure id=\"attachment_13062\" aria-describedby=\"caption-attachment-13062\" style=\"width: 550px\" class=\"wp-caption aligncenter\"><img data-recalc-dims=\"1\" loading=\"lazy\" decoding=\"async\" class=\"wp-image-13062\" src=\"https:\/\/i0.wp.com\/www.visiteobrasil.com.br\/news\/wp-content\/uploads\/2024\/07\/Condominio_Vila_Holandesa_Campos_do_Jordao-Wikimedia-Commons.jpg?resize=550%2C366&#038;ssl=1\" alt=\"Condominio_Vila_Holandesa_Campos_do_Jordao-Wikimedia-Commons\" width=\"550\" height=\"366\" title=\"\" srcset=\"https:\/\/i0.wp.com\/www.visiteobrasil.com.br\/news\/wp-content\/uploads\/2024\/07\/Condominio_Vila_Holandesa_Campos_do_Jordao-Wikimedia-Commons.jpg?resize=300%2C200&amp;ssl=1 300w, https:\/\/i0.wp.com\/www.visiteobrasil.com.br\/news\/wp-content\/uploads\/2024\/07\/Condominio_Vila_Holandesa_Campos_do_Jordao-Wikimedia-Commons.jpg?resize=768%2C511&amp;ssl=1 768w, https:\/\/i0.wp.com\/www.visiteobrasil.com.br\/news\/wp-content\/uploads\/2024\/07\/Condominio_Vila_Holandesa_Campos_do_Jordao-Wikimedia-Commons.jpg?w=900&amp;ssl=1 900w\" sizes=\"(max-width: 550px) 100vw, 550px\" \/><figcaption id=\"caption-attachment-13062\" class=\"wp-caption-text\">Condominio_Vila_Holandesa_Campos_do_Jordao-Wikimedia-Commons<\/figcaption><\/figure>\n<h4>Eventos e Entretenimento<\/h4>\n<p>Al\u00e9m do Festival de Inverno, Campos do Jord\u00e3o oferece uma programa\u00e7\u00e3o variada de <a href=\"https:\/\/www.visiteobrasil.com.br\/news\/turismo-de-inverno-no-sul-do-brasil\/\">eventos<\/a> durante a temporada. Feiras de artesanato, festivais gastron\u00f4micos e apresenta\u00e7\u00f5es culturais animam a cidade, oferecendo entretenimento para todas as idades. A cidade tamb\u00e9m \u00e9 conhecida por suas festas tem\u00e1ticas, que celebram tradi\u00e7\u00f5es europeias com muita m\u00fasica, dan\u00e7a e culin\u00e1ria t\u00edpica.<\/p>\n<figure id=\"attachment_13057\" aria-describedby=\"caption-attachment-13057\" style=\"width: 550px\" class=\"wp-caption aligncenter\"><img data-recalc-dims=\"1\" loading=\"lazy\" decoding=\"async\" class=\"wp-image-13057\" src=\"https:\/\/i0.wp.com\/www.visiteobrasil.com.br\/news\/wp-content\/uploads\/2024\/07\/Foto-de-Andre-Fotos-de-viagem-Licenciada-como-Attribution-NonCommercial-CompartilhaIgual-845431043_68466d23f1_k.jpg?resize=550%2C367&#038;ssl=1\" alt=\"Eventos e entretenimentos - Foto: Andre-licenciada-como-Attribution-NonCommercial-\" width=\"550\" height=\"367\" title=\"\" srcset=\"https:\/\/i0.wp.com\/www.visiteobrasil.com.br\/news\/wp-content\/uploads\/2024\/07\/Foto-de-Andre-Fotos-de-viagem-Licenciada-como-Attribution-NonCommercial-CompartilhaIgual-845431043_68466d23f1_k.jpg?resize=300%2C200&amp;ssl=1 300w, https:\/\/i0.wp.com\/www.visiteobrasil.com.br\/news\/wp-content\/uploads\/2024\/07\/Foto-de-Andre-Fotos-de-viagem-Licenciada-como-Attribution-NonCommercial-CompartilhaIgual-845431043_68466d23f1_k.jpg?resize=768%2C512&amp;ssl=1 768w, https:\/\/i0.wp.com\/www.visiteobrasil.com.br\/news\/wp-content\/uploads\/2024\/07\/Foto-de-Andre-Fotos-de-viagem-Licenciada-como-Attribution-NonCommercial-CompartilhaIgual-845431043_68466d23f1_k.jpg?w=900&amp;ssl=1 900w\" sizes=\"(max-width: 550px) 100vw, 550px\" \/><figcaption id=\"caption-attachment-13057\" class=\"wp-caption-text\">Eventos e entretenimentos &#8211; Foto: Andre-licenciada-como-Attribution-NonCommercial-<\/figcaption><\/figure>\n<h4>Bem-estar e Relaxamento<\/h4>\n<p>Campos do Jord\u00e3o tamb\u00e9m \u00e9 um destino perfeito para aqueles que buscam relaxar e cuidar do bem-estar. A cidade oferece diversos spas e centros de bem-estar que proporcionam tratamentos terap\u00eauticos e est\u00e9ticos, ideais para revigorar o corpo e a mente. Massagens relaxantes, banhos de imers\u00e3o e terapias com ervas s\u00e3o apenas algumas das op\u00e7\u00f5es dispon\u00edveis para quem deseja um momento de tranquilidade em meio \u00e0 natureza.<\/p>\n<p>&nbsp;<\/p>\n<figure id=\"attachment_13059\" aria-describedby=\"caption-attachment-13059\" style=\"width: 550px\" class=\"wp-caption aligncenter\"><img data-recalc-dims=\"1\" loading=\"lazy\" decoding=\"async\" class=\"wp-image-13059\" src=\"https:\/\/i0.wp.com\/www.visiteobrasil.com.br\/news\/wp-content\/uploads\/2024\/07\/Campos-do-Jordao-SP-Brasil-Gabriela-Sakamoto-Flickr-19329112925_d518e6502b_k.jpg?resize=550%2C367&#038;ssl=1\" alt=\"Entardecer de Campos do Jord\u00e3o - Gabriela-Sakamoto-Flickr-\" width=\"550\" height=\"367\" title=\"\" srcset=\"https:\/\/i0.wp.com\/www.visiteobrasil.com.br\/news\/wp-content\/uploads\/2024\/07\/Campos-do-Jordao-SP-Brasil-Gabriela-Sakamoto-Flickr-19329112925_d518e6502b_k.jpg?resize=300%2C200&amp;ssl=1 300w, https:\/\/i0.wp.com\/www.visiteobrasil.com.br\/news\/wp-content\/uploads\/2024\/07\/Campos-do-Jordao-SP-Brasil-Gabriela-Sakamoto-Flickr-19329112925_d518e6502b_k.jpg?resize=768%2C512&amp;ssl=1 768w, https:\/\/i0.wp.com\/www.visiteobrasil.com.br\/news\/wp-content\/uploads\/2024\/07\/Campos-do-Jordao-SP-Brasil-Gabriela-Sakamoto-Flickr-19329112925_d518e6502b_k.jpg?w=900&amp;ssl=1 900w\" sizes=\"(max-width: 550px) 100vw, 550px\" \/><figcaption id=\"caption-attachment-13059\" class=\"wp-caption-text\">Entardecer de Campos do Jord\u00e3o &#8211; Gabriela-Sakamoto-Flickr-<\/figcaption><\/figure>\n<h4>Turismo de Luxo<\/h4>\n<p>A cidade se destaca ainda como um destino de luxo, com hot\u00e9is cinco estrelas e resorts que oferecem uma experi\u00eancia sofisticada e exclusiva. Esses estabelecimentos costumam disponibilizar servi\u00e7os personalizados, como transporte privativo, jantares gourmet e atividades exclusivas para os h\u00f3spedes. Campos do Jord\u00e3o \u00e9 ideal para casais em lua de mel ou para quem deseja celebrar uma ocasi\u00e3o especial com todo o conforto e requinte.<\/p>\n<figure id=\"attachment_13060\" aria-describedby=\"caption-attachment-13060\" style=\"width: 550px\" class=\"wp-caption aligncenter\"><img data-recalc-dims=\"1\" loading=\"lazy\" decoding=\"async\" class=\"wp-image-13060\" src=\"https:\/\/i0.wp.com\/www.visiteobrasil.com.br\/news\/wp-content\/uploads\/2024\/07\/Campos_do_Jordao_-_panoramio_12-Wikimedia-Commons.jpg?resize=550%2C367&#038;ssl=1\" alt=\"Portal de entrada - panoramio_12-Wikimedia-Commons.j\" width=\"550\" height=\"367\" title=\"\" srcset=\"https:\/\/i0.wp.com\/www.visiteobrasil.com.br\/news\/wp-content\/uploads\/2024\/07\/Campos_do_Jordao_-_panoramio_12-Wikimedia-Commons.jpg?resize=300%2C200&amp;ssl=1 300w, https:\/\/i0.wp.com\/www.visiteobrasil.com.br\/news\/wp-content\/uploads\/2024\/07\/Campos_do_Jordao_-_panoramio_12-Wikimedia-Commons.jpg?resize=768%2C512&amp;ssl=1 768w, https:\/\/i0.wp.com\/www.visiteobrasil.com.br\/news\/wp-content\/uploads\/2024\/07\/Campos_do_Jordao_-_panoramio_12-Wikimedia-Commons.jpg?w=900&amp;ssl=1 900w\" sizes=\"(max-width: 550px) 100vw, 550px\" \/><figcaption id=\"caption-attachment-13060\" class=\"wp-caption-text\">Portal de entrada &#8211; panoramio_12-Wikimedia-Commons.j<\/figcaption><\/figure>\n<h4>Sustentabilidade e Ecoturismo<\/h4>\n<p>Outro aspecto interessante do <a href=\"https:\/\/www.visiteobrasil.com.br\/news\/o-que-levar-em-consideracao-ao-fazer-uma-viagem-de-carro-longa\/\">turismo<\/a> em Campos do Jord\u00e3o \u00e9 o foco na sustentabilidade e no ecoturismo. Muitos estabelecimentos e atra\u00e7\u00f5es na cidade t\u00eam adotado pr\u00e1ticas ecologicamente corretas, como o uso de energia solar, reciclagem e preserva\u00e7\u00e3o da fauna e flora locais. O ecoturismo \u00e9 incentivado atrav\u00e9s de trilhas ecol\u00f3gicas, visitas a reservas naturais e atividades que promovem a conscientiza\u00e7\u00e3o ambiental, permitindo que os visitantes apreciem a beleza natural da regi\u00e3o de maneira respons\u00e1vel e sustent\u00e1vel.<\/p>\n<figure id=\"attachment_13061\" aria-describedby=\"caption-attachment-13061\" style=\"width: 550px\" class=\"wp-caption aligncenter\"><img data-recalc-dims=\"1\" loading=\"lazy\" decoding=\"async\" class=\"wp-image-13061\" src=\"https:\/\/i0.wp.com\/www.visiteobrasil.com.br\/news\/wp-content\/uploads\/2024\/07\/Rua_Djalma_Forjaz_Campos_do_Jordao_SP-Wikimedia-Commons.jpg?resize=550%2C367&#038;ssl=1\" alt=\"Rua_Djalma_Forjaz_Campos_do_Jordao_SP-Wikimedia-Common\" width=\"550\" height=\"367\" title=\"\" srcset=\"https:\/\/i0.wp.com\/www.visiteobrasil.com.br\/news\/wp-content\/uploads\/2024\/07\/Rua_Djalma_Forjaz_Campos_do_Jordao_SP-Wikimedia-Commons.jpg?resize=300%2C200&amp;ssl=1 300w, https:\/\/i0.wp.com\/www.visiteobrasil.com.br\/news\/wp-content\/uploads\/2024\/07\/Rua_Djalma_Forjaz_Campos_do_Jordao_SP-Wikimedia-Commons.jpg?resize=768%2C512&amp;ssl=1 768w, https:\/\/i0.wp.com\/www.visiteobrasil.com.br\/news\/wp-content\/uploads\/2024\/07\/Rua_Djalma_Forjaz_Campos_do_Jordao_SP-Wikimedia-Commons.jpg?w=900&amp;ssl=1 900w\" sizes=\"(max-width: 550px) 100vw, 550px\" \/><figcaption id=\"caption-attachment-13061\" class=\"wp-caption-text\">Rua_Djalma_Forjaz_Campos_do_Jordao_SP-Wikimedia-Common<\/figcaption><\/figure>\n<h4>Conclus\u00e3o<\/h4>\n<p>Campos do Jord\u00e3o \u00e9 um destino que encanta por sua beleza, cultura e variedade de atra\u00e7\u00f5es. Durante o inverno, a cidade se transforma em um verdadeiro ref\u00fagio para aqueles que buscam aproveitar o frio com charme e sofistica\u00e7\u00e3o. Seja para um fim de semana rom\u00e2ntico, uma <a href=\"https:\/\/www.visiteobrasil.com.br\/news\/como-planejar-uma-viagem-em-familia-que-agrade-a-todos\/\">viagem em fam\u00edlia<\/a> ou uma aventura com amigos, Campos do Jord\u00e3o oferece uma experi\u00eancia inesquec\u00edvel, tornando-se um dos destinos mais desejados do Brasil durante a temporada de inverno. Com sua mistura \u00fanica de natureza, cultura e gastronomia, a \u201cSu\u00ed\u00e7a Brasileira\u201d continua a atrair e encantar visitantes de todo o mundo, reafirmando sua posi\u00e7\u00e3o como um dos principais polos tur\u00edsticos do pa\u00eds.<\/p>\n<\/div>\n<\/div>\n<\/div>\n<\/div>\n<\/div>\n<\/div>\n<\/div>\n<\/div>\n<\/div>\n<\/div>\n<\/div>\n<\/div>\n<\/div>\n<\/div>\n<div class=\"md:pt-0 dark:border-white\/20 md:border-transparent md:dark:border-transparent w-full\">\n<div class=\"text-base px-3 md:px-4 m-auto md:px-5 lg:px-1 xl:px-5\">\n<div class=\"mx-auto flex flex-1 gap-4 text-base md:gap-5 lg:gap-6 md:max-w-3xl lg:max-w-[40rem] xl:max-w-[48rem]\">\n<form class=\"w-full\" aria-haspopup=\"dialog\" aria-expanded=\"false\" aria-controls=\"radix-:r2:\" data-state=\"closed\">\n<div class=\"relative flex h-full max-w-full flex-1 flex-col\">\n<div class=\"flex w-full items-center\">\n<div class=\"flex w-full flex-col gap-1.5 rounded-[26px] p-1.5 transition-colors bg-[#f4f4f4] dark:bg-token-main-surface-secondary\">\n<div class=\"flex items-end gap-1.5 md:gap-2\">\n<div class=\"flex min-w-0 flex-1 flex-col\"><\/div>\n<\/div>\n<\/div>\n<\/div>\n<\/div>\n<\/form>\n<\/div>\n<\/div>\n<\/div>\n","protected":false},"excerpt":{"rendered":"<p>Turismo de inverno em Campos do Jord\u00e3o Campos do Jord\u00e3o, carinhosamente conhecida como a \u201cSu\u00ed\u00e7a Brasileira\u201d, \u00e9 uma cidade localizada na Serra da Mantiqueira, no estado de S\u00e3o Paulo. A cidade se destaca como um dos principais destinos tur\u00edsticos do Brasil durante o inverno, atraindo milhares de visitantes com seu clima ameno, arquitetura europeia e [&hellip;]<\/p>\n","protected":false},"author":2,"featured_media":13054,"comment_status":"open","ping_status":"open","sticky":false,"template":"","format":"standard","meta":{"_jetpack_memberships_contains_paid_content":false,"footnotes":"","jetpack_publicize_message":"","jetpack_publicize_feature_enabled":true,"jetpack_social_post_already_shared":true,"jetpack_social_options":{"image_generator_settings":{"template":"highway","default_image_id":0,"font":"","enabled":false},"version":2}},"categories":[750],"tags":[],"class_list":["post-13053","post","type-post","status-publish","format-standard","has-post-thumbnail","hentry","category-materias-especiais"],"jetpack_publicize_connections":[],"jetpack_featured_media_url":"https:\/\/i0.wp.com\/www.visiteobrasil.com.br\/news\/wp-content\/uploads\/2024\/07\/Abernessia_Campos_do_Jordao_-_SP_Brazil_-_panoramio-.jpg?fit=900%2C600&ssl=1","jetpack-related-posts":[{"id":13295,"url":"https:\/\/www.visiteobrasil.com.br\/news\/o-outono-oferece-diversas-opcoes-de-viagens-pelo-brasil\/","url_meta":{"origin":13053,"position":0},"title":"O Outono oferece diversas op\u00e7\u00f5es de viagens pelo Brasil","author":"Ramon","date":"23 de mar\u00e7o de 2025","format":false,"excerpt":"O outono de 2025 no Brasil j\u00e1 come\u00e7ou! Se voc\u00ea est\u00e1 pensando em explorar destinos no pa\u00eds durante essa esta\u00e7\u00e3o, marcada pela queda das folhas e pelas temperaturas mais amenas entre mar\u00e7o e junho, temos sugest\u00f5es imperd\u00edveis. Al\u00e9m de serem mais acess\u00edveis que na alta temporada, o outono \u00e9 a\u2026","rel":"","context":"Em &quot;Artigos&quot;","block_context":{"text":"Artigos","link":"https:\/\/www.visiteobrasil.com.br\/news\/artigos\/"},"img":{"alt_text":"Outono no Brasil - Foto : AI Freepick","src":"https:\/\/i0.wp.com\/www.visiteobrasil.com.br\/news\/wp-content\/uploads\/2025\/03\/freepik__criar-uma-imagem-de-turismo-de-natureza-no-brasil__83329.jpeg?fit=900%2C600&ssl=1&resize=350%2C200","width":350,"height":200,"srcset":"https:\/\/i0.wp.com\/www.visiteobrasil.com.br\/news\/wp-content\/uploads\/2025\/03\/freepik__criar-uma-imagem-de-turismo-de-natureza-no-brasil__83329.jpeg?fit=900%2C600&ssl=1&resize=350%2C200 1x, https:\/\/i0.wp.com\/www.visiteobrasil.com.br\/news\/wp-content\/uploads\/2025\/03\/freepik__criar-uma-imagem-de-turismo-de-natureza-no-brasil__83329.jpeg?fit=900%2C600&ssl=1&resize=525%2C300 1.5x, https:\/\/i0.wp.com\/www.visiteobrasil.com.br\/news\/wp-content\/uploads\/2025\/03\/freepik__criar-uma-imagem-de-turismo-de-natureza-no-brasil__83329.jpeg?fit=900%2C600&ssl=1&resize=700%2C400 2x"},"classes":[]},{"id":13066,"url":"https:\/\/www.visiteobrasil.com.br\/news\/belezas-naturais-do-brasil-a-beleza-da-florada-das-cerejeiras\/","url_meta":{"origin":13053,"position":1},"title":"Belezas naturais do Brasil &#8211; A beleza da florada das cerejeiras","author":"Ramon","date":"5 de agosto de 2024","format":false,"excerpt":"A florada das cerejeiras A florada das cerejeiras \u00e9 um fen\u00f4meno natural deslumbrante que atrai turistas durante o inverno, transformando paisagens em magn\u00edficas obras de arte com tons rosados. No Brasil, as regi\u00f5es Sul e Sudeste s\u00e3o as principais \u00e1reas onde essas \u00e1rvores, tradicionalmente associadas \u00e0 cultura japonesa, florescem com\u2026","rel":"","context":"Em &quot;Meio ambiente&quot;","block_context":{"text":"Meio ambiente","link":"https:\/\/www.visiteobrasil.com.br\/news\/meio-ambiente\/"},"img":{"alt_text":"A florada das cerejeiras","src":"https:\/\/i0.wp.com\/www.visiteobrasil.com.br\/news\/wp-content\/uploads\/2024\/08\/Cerejeiras-ornamental-cherry-7852285_1280.jpg?fit=900%2C600&ssl=1&resize=350%2C200","width":350,"height":200,"srcset":"https:\/\/i0.wp.com\/www.visiteobrasil.com.br\/news\/wp-content\/uploads\/2024\/08\/Cerejeiras-ornamental-cherry-7852285_1280.jpg?fit=900%2C600&ssl=1&resize=350%2C200 1x, https:\/\/i0.wp.com\/www.visiteobrasil.com.br\/news\/wp-content\/uploads\/2024\/08\/Cerejeiras-ornamental-cherry-7852285_1280.jpg?fit=900%2C600&ssl=1&resize=525%2C300 1.5x, https:\/\/i0.wp.com\/www.visiteobrasil.com.br\/news\/wp-content\/uploads\/2024\/08\/Cerejeiras-ornamental-cherry-7852285_1280.jpg?fit=900%2C600&ssl=1&resize=700%2C400 2x"},"classes":[]},{"id":13418,"url":"https:\/\/www.visiteobrasil.com.br\/news\/ferias-de-julho-turistas-brasileiros-escolhem-destinos-nacionais-para-viajar\/","url_meta":{"origin":13053,"position":2},"title":"F\u00e9rias de julho: Turistas brasileiros escolhem destinos nacionais para viajar","author":"Ramon","date":"13 de julho de 2025","format":false,"excerpt":"Com a chegada das f\u00e9rias escolares de julho, milh\u00f5es de brasileiros aproveitam o per\u00edodo para descansar e explorar novos destinos. Um recente levantamento realizado por ag\u00eancias de turismo e plataformas de reserva aponta uma tend\u00eancia consolidada nos \u00faltimos anos: a prefer\u00eancia dos turistas brasileiros por destinos nacionais. Quest\u00f5es como c\u00e2mbio\u2026","rel":"","context":"Em &quot;Artigos&quot;","block_context":{"text":"Artigos","link":"https:\/\/www.visiteobrasil.com.br\/news\/artigos\/"},"img":{"alt_text":"Turismo de f\u00e9rias : Pai e filho no aeroporto","src":"https:\/\/i0.wp.com\/www.visiteobrasil.com.br\/news\/wp-content\/uploads\/2025\/07\/Turismo-de-ferias-Credito-GettyImages.jpeg?fit=900%2C600&ssl=1&resize=350%2C200","width":350,"height":200,"srcset":"https:\/\/i0.wp.com\/www.visiteobrasil.com.br\/news\/wp-content\/uploads\/2025\/07\/Turismo-de-ferias-Credito-GettyImages.jpeg?fit=900%2C600&ssl=1&resize=350%2C200 1x, https:\/\/i0.wp.com\/www.visiteobrasil.com.br\/news\/wp-content\/uploads\/2025\/07\/Turismo-de-ferias-Credito-GettyImages.jpeg?fit=900%2C600&ssl=1&resize=525%2C300 1.5x, https:\/\/i0.wp.com\/www.visiteobrasil.com.br\/news\/wp-content\/uploads\/2025\/07\/Turismo-de-ferias-Credito-GettyImages.jpeg?fit=900%2C600&ssl=1&resize=700%2C400 2x"},"classes":[]},{"id":13410,"url":"https:\/\/www.visiteobrasil.com.br\/news\/turismo-de-inverno-no-sul-do-brasil\/","url_meta":{"origin":13053,"position":3},"title":"Turismo de inverno no Sul do Brasil encanta com frio gostoso e bem-estar","author":"Ramon","date":"6 de julho de 2025","format":false,"excerpt":"Turismo de inverno no Sul do Brasil \u00e9 convite ao acolhimento e equil\u00edbrio emocional O turismo de inverno no Sul do Brasil tem se consolidado como uma das experi\u00eancias mais acolhedoras e transformadoras para brasileiros e estrangeiros. Al\u00e9m de oferecer paisagens encantadoras, gastronomia diferenciada e cidades com forte influ\u00eancia europeia,\u2026","rel":"","context":"Em &quot;Artigos&quot;","block_context":{"text":"Artigos","link":"https:\/\/www.visiteobrasil.com.br\/news\/artigos\/"},"img":{"alt_text":"turismo de inverno no Sul do Brasil. Um casal comemorando o frio, bebendo chocolate quente","src":"https:\/\/i0.wp.com\/www.visiteobrasil.com.br\/news\/wp-content\/uploads\/2025\/07\/turismo-de-inverno-no-sul-do-brasil.jpeg?fit=900%2C600&ssl=1&resize=350%2C200","width":350,"height":200,"srcset":"https:\/\/i0.wp.com\/www.visiteobrasil.com.br\/news\/wp-content\/uploads\/2025\/07\/turismo-de-inverno-no-sul-do-brasil.jpeg?fit=900%2C600&ssl=1&resize=350%2C200 1x, https:\/\/i0.wp.com\/www.visiteobrasil.com.br\/news\/wp-content\/uploads\/2025\/07\/turismo-de-inverno-no-sul-do-brasil.jpeg?fit=900%2C600&ssl=1&resize=525%2C300 1.5x, https:\/\/i0.wp.com\/www.visiteobrasil.com.br\/news\/wp-content\/uploads\/2025\/07\/turismo-de-inverno-no-sul-do-brasil.jpeg?fit=900%2C600&ssl=1&resize=700%2C400 2x"},"classes":[]},{"id":13556,"url":"https:\/\/www.visiteobrasil.com.br\/news\/pesca-esportiva-estados-brasileiros\/","url_meta":{"origin":13053,"position":4},"title":"Pesca esportiva cresce no Brasil e movimenta o turismo de natureza","author":"Ramon","date":"12 de outubro de 2025","format":false,"excerpt":"A pesca esportiva vem se consolidando como uma das atividades de turismo mais promissoras do Brasil. Com rios extensos, biodiversidade impressionante e paisagens que variam do Pantanal \u00e0 Amaz\u00f4nia, o pa\u00eds oferece um verdadeiro para\u00edso aos amantes da pesca recreativa \u2014 e agora desponta como l\u00edder mundial no segmento. Segundo\u2026","rel":"","context":"Em &quot;Cultura&quot;","block_context":{"text":"Cultura","link":"https:\/\/www.visiteobrasil.com.br\/news\/cultura\/"},"img":{"alt_text":"Pesca esportiva - Foto Gety Images","src":"https:\/\/i0.wp.com\/www.visiteobrasil.com.br\/news\/wp-content\/uploads\/2025\/10\/pesca-esportiva.png?fit=900%2C600&ssl=1&resize=350%2C200","width":350,"height":200,"srcset":"https:\/\/i0.wp.com\/www.visiteobrasil.com.br\/news\/wp-content\/uploads\/2025\/10\/pesca-esportiva.png?fit=900%2C600&ssl=1&resize=350%2C200 1x, https:\/\/i0.wp.com\/www.visiteobrasil.com.br\/news\/wp-content\/uploads\/2025\/10\/pesca-esportiva.png?fit=900%2C600&ssl=1&resize=525%2C300 1.5x, https:\/\/i0.wp.com\/www.visiteobrasil.com.br\/news\/wp-content\/uploads\/2025\/10\/pesca-esportiva.png?fit=900%2C600&ssl=1&resize=700%2C400 2x"},"classes":[]},{"id":13610,"url":"https:\/\/www.visiteobrasil.com.br\/news\/ecoturismo-brasil\/","url_meta":{"origin":13053,"position":5},"title":"Ecoturismo ganha for\u00e7a com novo cat\u00e1logo de experi\u00eancias de observa\u00e7\u00e3o de aves","author":"Ramon","date":"8 de dezembro de 2025","format":false,"excerpt":"O ecoturismo brasileiro acaba de ganhar um novo refor\u00e7o: o Minist\u00e9rio do Turismo lan\u00e7ou o Cat\u00e1logo de Experi\u00eancias de Observa\u00e7\u00e3o de Aves, reunindo atividades, destinos e iniciativas que valorizam a biodiversidade e estimulam pr\u00e1ticas sustent\u00e1veis. Em uma era em que viajantes buscam mais contato com a natureza e experi\u00eancias aut\u00eanticas,\u2026","rel":"","context":"Em &quot;Meio ambiente&quot;","block_context":{"text":"Meio ambiente","link":"https:\/\/www.visiteobrasil.com.br\/news\/meio-ambiente\/"},"img":{"alt_text":"Aves-Ecoturismo Brasil : Cr\u00e9dito: MTur Destinos\/Chico Rasta","src":"https:\/\/i0.wp.com\/www.visiteobrasil.com.br\/news\/wp-content\/uploads\/2025\/12\/aves-Credito-MTur-Destinos-Chico-Rasta.jpeg?fit=900%2C600&ssl=1&resize=350%2C200","width":350,"height":200,"srcset":"https:\/\/i0.wp.com\/www.visiteobrasil.com.br\/news\/wp-content\/uploads\/2025\/12\/aves-Credito-MTur-Destinos-Chico-Rasta.jpeg?fit=900%2C600&ssl=1&resize=350%2C200 1x, https:\/\/i0.wp.com\/www.visiteobrasil.com.br\/news\/wp-content\/uploads\/2025\/12\/aves-Credito-MTur-Destinos-Chico-Rasta.jpeg?fit=900%2C600&ssl=1&resize=525%2C300 1.5x, https:\/\/i0.wp.com\/www.visiteobrasil.com.br\/news\/wp-content\/uploads\/2025\/12\/aves-Credito-MTur-Destinos-Chico-Rasta.jpeg?fit=900%2C600&ssl=1&resize=700%2C400 2x"},"classes":[]}],"jetpack_sharing_enabled":true,"jetpack_likes_enabled":true,"_links":{"self":[{"href":"https:\/\/www.visiteobrasil.com.br\/news\/wp-json\/wp\/v2\/posts\/13053","targetHints":{"allow":["GET"]}}],"collection":[{"href":"https:\/\/www.visiteobrasil.com.br\/news\/wp-json\/wp\/v2\/posts"}],"about":[{"href":"https:\/\/www.visiteobrasil.com.br\/news\/wp-json\/wp\/v2\/types\/post"}],"author":[{"embeddable":true,"href":"https:\/\/www.visiteobrasil.com.br\/news\/wp-json\/wp\/v2\/users\/2"}],"replies":[{"embeddable":true,"href":"https:\/\/www.visiteobrasil.com.br\/news\/wp-json\/wp\/v2\/comments?post=13053"}],"version-history":[{"count":1,"href":"https:\/\/www.visiteobrasil.com.br\/news\/wp-json\/wp\/v2\/posts\/13053\/revisions"}],"predecessor-version":[{"id":13064,"href":"https:\/\/www.visiteobrasil.com.br\/news\/wp-json\/wp\/v2\/posts\/13053\/revisions\/13064"}],"wp:featuredmedia":[{"embeddable":true,"href":"https:\/\/www.visiteobrasil.com.br\/news\/wp-json\/wp\/v2\/media\/13054"}],"wp:attachment":[{"href":"https:\/\/www.visiteobrasil.com.br\/news\/wp-json\/wp\/v2\/media?parent=13053"}],"wp:term":[{"taxonomy":"category","embeddable":true,"href":"https:\/\/www.visiteobrasil.com.br\/news\/wp-json\/wp\/v2\/categories?post=13053"},{"taxonomy":"post_tag","embeddable":true,"href":"https:\/\/www.visiteobrasil.com.br\/news\/wp-json\/wp\/v2\/tags?post=13053"}],"curies":[{"name":"wp","href":"https:\/\/api.w.org\/{rel}","templated":true}]}}