{"id":13036,"date":"2024-07-07T10:08:34","date_gmt":"2024-07-07T13:08:34","guid":{"rendered":"https:\/\/www.visiteobrasil.com.br\/news\/?p=13036"},"modified":"2024-07-07T10:08:34","modified_gmt":"2024-07-07T13:08:34","slug":"opcoes-de-inverno-em-destinos-brasileiros-no-calendario-de-julho","status":"publish","type":"post","link":"https:\/\/www.visiteobrasil.com.br\/news\/opcoes-de-inverno-em-destinos-brasileiros-no-calendario-de-julho\/","title":{"rendered":"Op\u00e7\u00f5es de inverno em destinos brasileiros no calend\u00e1rio de julho"},"content":{"rendered":"<p>Julho chegou e o Minist\u00e9rio do <a href=\"https:\/\/www.visiteobrasil.com.br\/news\/o-que-levar-em-consideracao-ao-fazer-uma-viagem-de-carro-longa\/\">Turismo<\/a> apresenta as op\u00e7\u00f5es de inverno em um <a href=\"https:\/\/www.turismo.gov.br\/agenda-eventos\/views\/calendario.php\" target=\"_blank\" rel=\"noopener\">calend\u00e1rio<\/a> vibrante de <a href=\"https:\/\/www.visiteobrasil.com.br\/news\/turismo-de-inverno-no-sul-do-brasil\/\">eventos<\/a>, ideal para quem busca explorar <a href=\"https:\/\/www.visiteobrasil.com.br\/news\/dicas-essenciais-para-viajar-com-gatos\/\">destinos tur\u00edsticos<\/a> ou participar de eventos culturais, gastron\u00f4micos e religiosos. Com uma variedade de op\u00e7\u00f5es, o setor tur\u00edstico brasileiro se aquece neste inverno com uma agenda repleta de atra\u00e7\u00f5es imperd\u00edveis.<\/p>\n<h3><strong>Op\u00e7\u00f5es de inverno: Temporada de inverno em Santo Ant\u00f4nio do Pinhal (SP)<\/strong><\/h3>\n<p>Em Santo Ant\u00f4nio do Pinhal (SP), a Temporada de Inverno \u00e9 aguardada com expectativa, come\u00e7ando no dia 4 e estendendo-se ao longo de todo o m\u00eas de julho. Os visitantes poder\u00e3o desfrutar de uma programa\u00e7\u00e3o cultural diversificada, que inclui shows de m\u00fasica, dan\u00e7a, teatro e uma mostra de cinema. Esses eventos n\u00e3o apenas enriquecem a experi\u00eancia dos turistas, mas tamb\u00e9m destacam a rica oferta cultural da regi\u00e3o.<\/p>\n<h3><strong>Festival de inverno de Po\u00e7os de Caldas (MG)<\/strong><\/h3>\n<p>Em <a href=\"https:\/\/www.visiteobrasil.com.br\/sudeste\/minas-gerais\">Minas Gerais<\/a>, o Festival de Inverno de Po\u00e7os de Caldas \u00e9 um dos maiores eventos do estado, ocorrendo de 12 a 28 de julho. Com mais de 150 atividades planejadas ao longo de 17 dias, o festival promete transformar a cidade em um epicentro de arte e entretenimento. A programa\u00e7\u00e3o diversificada atende a todas as idades e interesses, oferecendo desde apresenta\u00e7\u00f5es art\u00edsticas at\u00e9 workshops educativos, garantindo uma experi\u00eancia enriquecedora para todos os p\u00fablicos.<\/p>\n<h3><strong>Festival de inverno de Itabira (MG)<\/strong><\/h3>\n<p>Tamb\u00e9m em Minas Gerais, o Festival de Inverno de Itabira \u00e9 um marco cultural que celebra meio s\u00e9culo de tradi\u00e7\u00e3o. De 4 a 21 de julho, a cidade, conhecida como ber\u00e7o de Carlos Drummond de Andrade, hospeda uma s\u00e9rie de atividades que incluem oficinas de arte, express\u00e3o corporal e musical, al\u00e9m de apresenta\u00e7\u00f5es teatrais e shows com artistas renomados. Com entrada gratuita, o festival \u00e9 uma oportunidade para os visitantes explorarem a hist\u00f3ria local e apreciarem manifesta\u00e7\u00f5es culturais diversificadas.<\/p>\n<h3><strong>Festival de cervejas de inverno em Guarapuava (PR)<\/strong><\/h3>\n<p>No Sul do pa\u00eds, Guarapuava (PR) se destaca com seu Festival de Cervejas de Inverno, marcado para os dias 13 e 14 de julho. Este evento celebra o crescente mercado de cervejas artesanais na regi\u00e3o, oferecendo uma experi\u00eancia \u00fanica para os amantes da boa cerveja. Al\u00e9m das degusta\u00e7\u00f5es, o festival inclui atividades culturais e gastron\u00f4micas que atraem tanto os moradores locais quanto turistas, contribuindo para o dinamismo econ\u00f4mico e cultural da cidade.<\/p>\n<h3><strong>Enriquecendo a agenda cultural do Brasil<\/strong><\/h3>\n<p>Esses festivais n\u00e3o apenas enriquecem a agenda cultural do Brasil, mas tamb\u00e9m fortalecem o turismo regional ao atrair visitantes de todo o pa\u00eds. Com uma mistura de tradi\u00e7\u00e3o e inova\u00e7\u00e3o, cada evento proporciona uma oportunidade \u00fanica para explorar novos lugares, sabores e experi\u00eancias culturais durante o inverno brasileiro. Essas celebra\u00e7\u00f5es n\u00e3o s\u00f3 promovem o patrim\u00f4nio cultural local, mas tamb\u00e9m impulsionam a economia criativa e sustent\u00e1vel das comunidades anfitri\u00e3s.<\/p>\n<h3><strong>Cultura e tradi\u00e7\u00e3o nas esta\u00e7\u00f5es do ano<\/strong><\/h3>\n<p>Al\u00e9m dos eventos destacados, o calend\u00e1rio cultural de inverno do Brasil \u00e9 marcado por uma diversidade de celebra\u00e7\u00f5es regionais que refletem a rica heran\u00e7a cultural do pa\u00eds. Em diversas cidades, festivais folcl\u00f3ricos, como festas juninas estendidas at\u00e9 julho, e celebra\u00e7\u00f5es religiosas tradicionais proporcionam aos visitantes uma imers\u00e3o \u00fanica na cultura local. Essas festividades n\u00e3o s\u00f3 preservam tradi\u00e7\u00f5es antigas, mas tamb\u00e9m incentivam o turismo sustent\u00e1vel, promovendo a valoriza\u00e7\u00e3o das comunidades e seus costumes \u00fanicos.<\/p>\n<h3><strong>Experi\u00eancias gastron\u00f4micas e culin\u00e1rias<\/strong><\/h3>\n<p>Al\u00e9m das atividades culturais e art\u00edsticas, os festivais de inverno no Brasil s\u00e3o conhecidos por suas experi\u00eancias gastron\u00f4micas distintas. De festivais de comida de rua a degusta\u00e7\u00f5es de pratos t\u00edpicos da esta\u00e7\u00e3o, os eventos oferecem aos visitantes a oportunidade de explorar a diversidade culin\u00e1ria do pa\u00eds. Em locais como Po\u00e7os de Caldas e Guarapuava, os participantes podem saborear desde pratos tradicionais da regi\u00e3o at\u00e9 cria\u00e7\u00f5es inovadoras de chefs locais, combinando ingredientes locais com t\u00e9cnicas contempor\u00e2neas.<\/p>\n<h3><strong>Impacto econ\u00f4mico e social<\/strong><\/h3>\n<p>Al\u00e9m de proporcionar entretenimento e cultura, as op\u00e7\u00f5es de inverno como festivais de inverno t\u00eam um impacto econ\u00f4mico significativo nas comunidades anfitri\u00e3s. Eles geram empregos tempor\u00e1rios e permanentes no setor de hospitalidade, impulsionam o com\u00e9rcio local e estimulam investimentos em infraestrutura tur\u00edstica. Al\u00e9m disso, esses eventos promovem a conscientiza\u00e7\u00e3o ambiental e social, incentivando pr\u00e1ticas sustent\u00e1veis ??e respons\u00e1veis ??entre os participantes e organizadores.<\/p>\n<h3><strong>Conclus\u00e3o<\/strong><\/h3>\n<p>Em resumo, as op\u00e7\u00f5es de inverno como os festivais de inverno no Brasil n\u00e3o s\u00e3o apenas eventos de entretenimento; eles s\u00e3o celebra\u00e7\u00f5es vibrantes da cultura, gastronomia e tradi\u00e7\u00f5es locais que enriquecem o tecido social e econ\u00f4mico do pa\u00eds. Ao explorar esses eventos, os visitantes n\u00e3o apenas t\u00eam a oportunidade de se divertir e relaxar, mas tamb\u00e9m de aprender e apreciar a diversidade cultural do Brasil em um ambiente acolhedor e festivo.<\/p>\n","protected":false},"excerpt":{"rendered":"<p>Julho chegou e o Minist\u00e9rio do Turismo apresenta as op\u00e7\u00f5es de inverno em um calend\u00e1rio vibrante de eventos, ideal para quem busca explorar destinos tur\u00edsticos ou participar de eventos culturais, gastron\u00f4micos e religiosos. Com uma variedade de op\u00e7\u00f5es, o setor tur\u00edstico brasileiro se aquece neste inverno com uma agenda repleta de atra\u00e7\u00f5es imperd\u00edveis. Op\u00e7\u00f5es de [&hellip;]<\/p>\n","protected":false},"author":2,"featured_media":12944,"comment_status":"open","ping_status":"open","sticky":false,"template":"","format":"standard","meta":{"_jetpack_memberships_contains_paid_content":false,"footnotes":"","jetpack_publicize_message":"","jetpack_publicize_feature_enabled":true,"jetpack_social_post_already_shared":true,"jetpack_social_options":{"image_generator_settings":{"template":"highway","default_image_id":0,"font":"","enabled":false},"version":2}},"categories":[702],"tags":[],"class_list":["post-13036","post","type-post","status-publish","format-standard","has-post-thumbnail","hentry","category-dicas-legais"],"jetpack_publicize_connections":[],"jetpack_featured_media_url":"https:\/\/i0.wp.com\/www.visiteobrasil.com.br\/news\/wp-content\/uploads\/2024\/04\/Caminho-das-missoes-Rota-turistica-RS-Foto-Flick-Mtur-Destinos.jpg?fit=900%2C600&ssl=1","jetpack-related-posts":[{"id":13053,"url":"https:\/\/www.visiteobrasil.com.br\/news\/turismo-de-inverno-em-campos-do-jordao-o-encanto-da-suica-brasileira\/","url_meta":{"origin":13036,"position":0},"title":"Turismo de inverno em Campos do Jord\u00e3o: O Encanto da Su\u00ed\u00e7a Brasileira","author":"Ramon","date":"29 de julho de 2024","format":false,"excerpt":"Turismo de inverno em Campos do Jord\u00e3o Campos do Jord\u00e3o, carinhosamente conhecida como a \u201cSu\u00ed\u00e7a Brasileira\u201d, \u00e9 uma cidade localizada na Serra da Mantiqueira, no estado de S\u00e3o Paulo. A cidade se destaca como um dos principais destinos tur\u00edsticos do Brasil durante o inverno, atraindo milhares de visitantes com seu\u2026","rel":"","context":"Em &quot;Mat\u00e9rias especiais&quot;","block_context":{"text":"Mat\u00e9rias especiais","link":"https:\/\/www.visiteobrasil.com.br\/news\/materias-especiais\/"},"img":{"alt_text":"Abern\u00e9ssia-Campos_do_Jord\u00e3o-SP,_Brazil","src":"https:\/\/i0.wp.com\/www.visiteobrasil.com.br\/news\/wp-content\/uploads\/2024\/07\/Abernessia_Campos_do_Jordao_-_SP_Brazil_-_panoramio-.jpg?fit=900%2C600&ssl=1&resize=350%2C200","width":350,"height":200,"srcset":"https:\/\/i0.wp.com\/www.visiteobrasil.com.br\/news\/wp-content\/uploads\/2024\/07\/Abernessia_Campos_do_Jordao_-_SP_Brazil_-_panoramio-.jpg?fit=900%2C600&ssl=1&resize=350%2C200 1x, https:\/\/i0.wp.com\/www.visiteobrasil.com.br\/news\/wp-content\/uploads\/2024\/07\/Abernessia_Campos_do_Jordao_-_SP_Brazil_-_panoramio-.jpg?fit=900%2C600&ssl=1&resize=525%2C300 1.5x, https:\/\/i0.wp.com\/www.visiteobrasil.com.br\/news\/wp-content\/uploads\/2024\/07\/Abernessia_Campos_do_Jordao_-_SP_Brazil_-_panoramio-.jpg?fit=900%2C600&ssl=1&resize=700%2C400 2x"},"classes":[]},{"id":13418,"url":"https:\/\/www.visiteobrasil.com.br\/news\/ferias-de-julho-turistas-brasileiros-escolhem-destinos-nacionais-para-viajar\/","url_meta":{"origin":13036,"position":1},"title":"F\u00e9rias de julho: Turistas brasileiros escolhem destinos nacionais para viajar","author":"Ramon","date":"13 de julho de 2025","format":false,"excerpt":"Com a chegada das f\u00e9rias escolares de julho, milh\u00f5es de brasileiros aproveitam o per\u00edodo para descansar e explorar novos destinos. Um recente levantamento realizado por ag\u00eancias de turismo e plataformas de reserva aponta uma tend\u00eancia consolidada nos \u00faltimos anos: a prefer\u00eancia dos turistas brasileiros por destinos nacionais. Quest\u00f5es como c\u00e2mbio\u2026","rel":"","context":"Em &quot;Artigos&quot;","block_context":{"text":"Artigos","link":"https:\/\/www.visiteobrasil.com.br\/news\/artigos\/"},"img":{"alt_text":"Turismo de f\u00e9rias : Pai e filho no aeroporto","src":"https:\/\/i0.wp.com\/www.visiteobrasil.com.br\/news\/wp-content\/uploads\/2025\/07\/Turismo-de-ferias-Credito-GettyImages.jpeg?fit=900%2C600&ssl=1&resize=350%2C200","width":350,"height":200,"srcset":"https:\/\/i0.wp.com\/www.visiteobrasil.com.br\/news\/wp-content\/uploads\/2025\/07\/Turismo-de-ferias-Credito-GettyImages.jpeg?fit=900%2C600&ssl=1&resize=350%2C200 1x, https:\/\/i0.wp.com\/www.visiteobrasil.com.br\/news\/wp-content\/uploads\/2025\/07\/Turismo-de-ferias-Credito-GettyImages.jpeg?fit=900%2C600&ssl=1&resize=525%2C300 1.5x, https:\/\/i0.wp.com\/www.visiteobrasil.com.br\/news\/wp-content\/uploads\/2025\/07\/Turismo-de-ferias-Credito-GettyImages.jpeg?fit=900%2C600&ssl=1&resize=700%2C400 2x"},"classes":[]},{"id":13410,"url":"https:\/\/www.visiteobrasil.com.br\/news\/turismo-de-inverno-no-sul-do-brasil\/","url_meta":{"origin":13036,"position":2},"title":"Turismo de inverno no Sul do Brasil encanta com frio gostoso e bem-estar","author":"Ramon","date":"6 de julho de 2025","format":false,"excerpt":"Turismo de inverno no Sul do Brasil \u00e9 convite ao acolhimento e equil\u00edbrio emocional O turismo de inverno no Sul do Brasil tem se consolidado como uma das experi\u00eancias mais acolhedoras e transformadoras para brasileiros e estrangeiros. Al\u00e9m de oferecer paisagens encantadoras, gastronomia diferenciada e cidades com forte influ\u00eancia europeia,\u2026","rel":"","context":"Em &quot;Artigos&quot;","block_context":{"text":"Artigos","link":"https:\/\/www.visiteobrasil.com.br\/news\/artigos\/"},"img":{"alt_text":"turismo de inverno no Sul do Brasil. Um casal comemorando o frio, bebendo chocolate quente","src":"https:\/\/i0.wp.com\/www.visiteobrasil.com.br\/news\/wp-content\/uploads\/2025\/07\/turismo-de-inverno-no-sul-do-brasil.jpeg?fit=900%2C600&ssl=1&resize=350%2C200","width":350,"height":200,"srcset":"https:\/\/i0.wp.com\/www.visiteobrasil.com.br\/news\/wp-content\/uploads\/2025\/07\/turismo-de-inverno-no-sul-do-brasil.jpeg?fit=900%2C600&ssl=1&resize=350%2C200 1x, https:\/\/i0.wp.com\/www.visiteobrasil.com.br\/news\/wp-content\/uploads\/2025\/07\/turismo-de-inverno-no-sul-do-brasil.jpeg?fit=900%2C600&ssl=1&resize=525%2C300 1.5x, https:\/\/i0.wp.com\/www.visiteobrasil.com.br\/news\/wp-content\/uploads\/2025\/07\/turismo-de-inverno-no-sul-do-brasil.jpeg?fit=900%2C600&ssl=1&resize=700%2C400 2x"},"classes":[]},{"id":13066,"url":"https:\/\/www.visiteobrasil.com.br\/news\/belezas-naturais-do-brasil-a-beleza-da-florada-das-cerejeiras\/","url_meta":{"origin":13036,"position":3},"title":"Belezas naturais do Brasil &#8211; A beleza da florada das cerejeiras","author":"Ramon","date":"5 de agosto de 2024","format":false,"excerpt":"A florada das cerejeiras A florada das cerejeiras \u00e9 um fen\u00f4meno natural deslumbrante que atrai turistas durante o inverno, transformando paisagens em magn\u00edficas obras de arte com tons rosados. No Brasil, as regi\u00f5es Sul e Sudeste s\u00e3o as principais \u00e1reas onde essas \u00e1rvores, tradicionalmente associadas \u00e0 cultura japonesa, florescem com\u2026","rel":"","context":"Em &quot;Meio ambiente&quot;","block_context":{"text":"Meio ambiente","link":"https:\/\/www.visiteobrasil.com.br\/news\/meio-ambiente\/"},"img":{"alt_text":"A florada das cerejeiras","src":"https:\/\/i0.wp.com\/www.visiteobrasil.com.br\/news\/wp-content\/uploads\/2024\/08\/Cerejeiras-ornamental-cherry-7852285_1280.jpg?fit=900%2C600&ssl=1&resize=350%2C200","width":350,"height":200,"srcset":"https:\/\/i0.wp.com\/www.visiteobrasil.com.br\/news\/wp-content\/uploads\/2024\/08\/Cerejeiras-ornamental-cherry-7852285_1280.jpg?fit=900%2C600&ssl=1&resize=350%2C200 1x, https:\/\/i0.wp.com\/www.visiteobrasil.com.br\/news\/wp-content\/uploads\/2024\/08\/Cerejeiras-ornamental-cherry-7852285_1280.jpg?fit=900%2C600&ssl=1&resize=525%2C300 1.5x, https:\/\/i0.wp.com\/www.visiteobrasil.com.br\/news\/wp-content\/uploads\/2024\/08\/Cerejeiras-ornamental-cherry-7852285_1280.jpg?fit=900%2C600&ssl=1&resize=700%2C400 2x"},"classes":[]},{"id":13070,"url":"https:\/\/www.visiteobrasil.com.br\/news\/grandes-eventos-turisticos-na-agenda-de-agosto-no-brasil\/","url_meta":{"origin":13036,"position":4},"title":"Grandes eventos tur\u00edsticos na agenda de agosto no Brasil","author":"Ramon","date":"5 de agosto de 2024","format":false,"excerpt":"Agosto oferece uma variedade de op\u00e7\u00f5es O m\u00eas de agosto promete movimentar o setor de turismo no Brasil com dois grandes eventos que n\u00e3o podem ser perdidos! Entre os dias 8 e 11, o Rio de Janeiro sediar\u00e1 o 8\u00ba Sal\u00e3o do Turismo: Conhe\u00e7a o Brasil, a maior vitrine de\u2026","rel":"","context":"Em &quot;Entretenimento&quot;","block_context":{"text":"Entretenimento","link":"https:\/\/www.visiteobrasil.com.br\/news\/entretenimento\/"},"img":{"alt_text":"Agenda cultural para o m\u00eas de agosto no Brasil","src":"https:\/\/i0.wp.com\/www.visiteobrasil.com.br\/news\/wp-content\/uploads\/2024\/08\/Feira-de-turismo-pexels-emilio-martinez-1057015936-24964794.jpg?fit=900%2C600&ssl=1&resize=350%2C200","width":350,"height":200,"srcset":"https:\/\/i0.wp.com\/www.visiteobrasil.com.br\/news\/wp-content\/uploads\/2024\/08\/Feira-de-turismo-pexels-emilio-martinez-1057015936-24964794.jpg?fit=900%2C600&ssl=1&resize=350%2C200 1x, https:\/\/i0.wp.com\/www.visiteobrasil.com.br\/news\/wp-content\/uploads\/2024\/08\/Feira-de-turismo-pexels-emilio-martinez-1057015936-24964794.jpg?fit=900%2C600&ssl=1&resize=525%2C300 1.5x, https:\/\/i0.wp.com\/www.visiteobrasil.com.br\/news\/wp-content\/uploads\/2024\/08\/Feira-de-turismo-pexels-emilio-martinez-1057015936-24964794.jpg?fit=900%2C600&ssl=1&resize=700%2C400 2x"},"classes":[]},{"id":13295,"url":"https:\/\/www.visiteobrasil.com.br\/news\/o-outono-oferece-diversas-opcoes-de-viagens-pelo-brasil\/","url_meta":{"origin":13036,"position":5},"title":"O Outono oferece diversas op\u00e7\u00f5es de viagens pelo Brasil","author":"Ramon","date":"23 de mar\u00e7o de 2025","format":false,"excerpt":"O outono de 2025 no Brasil j\u00e1 come\u00e7ou! Se voc\u00ea est\u00e1 pensando em explorar destinos no pa\u00eds durante essa esta\u00e7\u00e3o, marcada pela queda das folhas e pelas temperaturas mais amenas entre mar\u00e7o e junho, temos sugest\u00f5es imperd\u00edveis. Al\u00e9m de serem mais acess\u00edveis que na alta temporada, o outono \u00e9 a\u2026","rel":"","context":"Em &quot;Artigos&quot;","block_context":{"text":"Artigos","link":"https:\/\/www.visiteobrasil.com.br\/news\/artigos\/"},"img":{"alt_text":"Outono no Brasil - Foto : AI Freepick","src":"https:\/\/i0.wp.com\/www.visiteobrasil.com.br\/news\/wp-content\/uploads\/2025\/03\/freepik__criar-uma-imagem-de-turismo-de-natureza-no-brasil__83329.jpeg?fit=900%2C600&ssl=1&resize=350%2C200","width":350,"height":200,"srcset":"https:\/\/i0.wp.com\/www.visiteobrasil.com.br\/news\/wp-content\/uploads\/2025\/03\/freepik__criar-uma-imagem-de-turismo-de-natureza-no-brasil__83329.jpeg?fit=900%2C600&ssl=1&resize=350%2C200 1x, https:\/\/i0.wp.com\/www.visiteobrasil.com.br\/news\/wp-content\/uploads\/2025\/03\/freepik__criar-uma-imagem-de-turismo-de-natureza-no-brasil__83329.jpeg?fit=900%2C600&ssl=1&resize=525%2C300 1.5x, https:\/\/i0.wp.com\/www.visiteobrasil.com.br\/news\/wp-content\/uploads\/2025\/03\/freepik__criar-uma-imagem-de-turismo-de-natureza-no-brasil__83329.jpeg?fit=900%2C600&ssl=1&resize=700%2C400 2x"},"classes":[]}],"jetpack_sharing_enabled":true,"jetpack_likes_enabled":true,"_links":{"self":[{"href":"https:\/\/www.visiteobrasil.com.br\/news\/wp-json\/wp\/v2\/posts\/13036","targetHints":{"allow":["GET"]}}],"collection":[{"href":"https:\/\/www.visiteobrasil.com.br\/news\/wp-json\/wp\/v2\/posts"}],"about":[{"href":"https:\/\/www.visiteobrasil.com.br\/news\/wp-json\/wp\/v2\/types\/post"}],"author":[{"embeddable":true,"href":"https:\/\/www.visiteobrasil.com.br\/news\/wp-json\/wp\/v2\/users\/2"}],"replies":[{"embeddable":true,"href":"https:\/\/www.visiteobrasil.com.br\/news\/wp-json\/wp\/v2\/comments?post=13036"}],"version-history":[{"count":1,"href":"https:\/\/www.visiteobrasil.com.br\/news\/wp-json\/wp\/v2\/posts\/13036\/revisions"}],"predecessor-version":[{"id":13037,"href":"https:\/\/www.visiteobrasil.com.br\/news\/wp-json\/wp\/v2\/posts\/13036\/revisions\/13037"}],"wp:featuredmedia":[{"embeddable":true,"href":"https:\/\/www.visiteobrasil.com.br\/news\/wp-json\/wp\/v2\/media\/12944"}],"wp:attachment":[{"href":"https:\/\/www.visiteobrasil.com.br\/news\/wp-json\/wp\/v2\/media?parent=13036"}],"wp:term":[{"taxonomy":"category","embeddable":true,"href":"https:\/\/www.visiteobrasil.com.br\/news\/wp-json\/wp\/v2\/categories?post=13036"},{"taxonomy":"post_tag","embeddable":true,"href":"https:\/\/www.visiteobrasil.com.br\/news\/wp-json\/wp\/v2\/tags?post=13036"}],"curies":[{"name":"wp","href":"https:\/\/api.w.org\/{rel}","templated":true}]}}