{"id":13033,"date":"2024-07-07T09:54:41","date_gmt":"2024-07-07T12:54:41","guid":{"rendered":"https:\/\/www.visiteobrasil.com.br\/news\/?p=13033"},"modified":"2024-07-07T09:54:41","modified_gmt":"2024-07-07T12:54:41","slug":"crescimento-solido-no-turismo-brasileiro-em-abril","status":"publish","type":"post","link":"https:\/\/www.visiteobrasil.com.br\/news\/crescimento-solido-no-turismo-brasileiro-em-abril\/","title":{"rendered":"Crescimento s\u00f3lido no turismo brasileiro em abril"},"content":{"rendered":"<p>Em abril deste ano, o setor do <a href=\"https:\/\/www.visiteobrasil.com.br\/news\/dicas-essenciais-para-viajar-com-gatos\/\">turismo brasileiro<\/a> registrou um faturamento total de R$ 15,7 bilh\u00f5es, marcando um crescimento de 4,7% em compara\u00e7\u00e3o ao mesmo per\u00edodo do ano anterior, segundo dados divulgados pela FecomercioSP.<\/p>\n<h3><strong>Transporte a\u00e9reo: Lideran\u00e7a no crescimento<\/strong><\/h3>\n<p>O segmento de transporte a\u00e9reo se destacou, alcan\u00e7ando um faturamento de R$ 3,73 bilh\u00f5es, o que representa um aumento de 3,7% em rela\u00e7\u00e3o a abril de 2023.<\/p>\n<h3><strong>Iniciativas governamentais para fortalecer a conectividade<\/strong><\/h3>\n<p>Celso Sabino, ministro do <a href=\"https:\/\/www.visiteobrasil.com.br\/news\/veja-dicas-de-viagens-pelo-brasil-em-setembro-2025\/\">Turismo<\/a>, enfatizou os esfor\u00e7os do governo federal atrav\u00e9s do programa &#8220;Conhe\u00e7a o Brasil: Voando&#8221; para ampliar a conectividade a\u00e9rea no pa\u00eds, facilitando o acesso dos visitantes aos diversos atrativos brasileiros.<\/p>\n<h3><strong>Loca\u00e7\u00e3o de meios de transporte: Expans\u00e3o not\u00e1vel<\/strong><\/h3>\n<p>O setor de loca\u00e7\u00e3o de meios de transporte apresentou o maior crescimento percentual, com um aumento de 11,9% em rela\u00e7\u00e3o ao ano anterior, atingindo um faturamento de R$ 2,2 bilh\u00f5es em abril.<\/p>\n<h3><strong>Desempenho variado nos segmentos do turismo<\/strong><\/h3>\n<p>Al\u00e9m disso, outros segmentos tamb\u00e9m registraram crescimentos importantes: alojamento (9,6%), alimenta\u00e7\u00e3o (3,3%), atividades culturais, recreativas e esportivas (5,6%), ag\u00eancias, operadoras e outros servi\u00e7os (5,4%), e transportes aquavi\u00e1rios (5,1%).<\/p>\n<h3><strong>Desafios no segmento rodovi\u00e1rio de passageiros<\/strong><\/h3>\n<p>No entanto, o segmento rodovi\u00e1rio de passageiros apresentou uma leve retra\u00e7\u00e3o de 1,2% em compara\u00e7\u00e3o a 2023, acumulando uma perda de 9,6% nos primeiros quatro meses deste ano, influenciado pela alta base de compara\u00e7\u00e3o do ano anterior.<\/p>\n<h3><strong>An\u00e1lise regional: Destaques e varia\u00e7\u00f5es<\/strong><\/h3>\n<p>Em termos regionais, Amazonas e Esp\u00edrito Santo foram os destaques do m\u00eas, com crescimentos de 13,9% e 13,4%, respectivamente. Por outro lado, Tocantins (-10,2%), Mato Grosso do Sul (-5%) e Rio Grande do Sul (-2,9%) registraram quedas significativas.<\/p>\n<h3><strong>Perspectivas promissoras para 2024 no turismo brasileiro<\/strong><\/h3>\n<p>Esses dados refletem uma recupera\u00e7\u00e3o consistente do setor do tur\u00edsmo brasileiro em 2024, impulsionada pelo aumento da demanda interna e pelos esfor\u00e7os cont\u00ednuos do governo federal para melhorar a infraestrutura e a conectividade a\u00e9rea no pa\u00eds.<\/p>\n<h3><strong>Efeitos positivos no mercado de turismo<\/strong><\/h3>\n<p>O crescimento de 4,7% no faturamento do <a href=\"https:\/\/visiteobrasil.com.br\/\">turismo brasileiro<\/a> em abril deste ano reflete uma tend\u00eancia positiva para o setor, que continua a se recuperar das adversidades enfrentadas nos \u00faltimos anos. Com a retomada gradual das atividades econ\u00f4micas e o avan\u00e7o na vacina\u00e7\u00e3o contra a COVID-19, mais turistas est\u00e3o optando por destinos nacionais, impulsionando diversas \u00e1reas relacionadas, como hospedagem, alimenta\u00e7\u00e3o e atividades de lazer.<\/p>\n<h3><strong>Impacto do transporte a\u00e9reo na economia local<\/strong><\/h3>\n<p>O segmento de transporte a\u00e9reo n\u00e3o apenas liderou o crescimento, mas tamb\u00e9m desempenha um papel crucial na economia local, criando empregos diretos e indiretos e estimulando o desenvolvimento de infraestrutura em aeroportos e \u00e1reas adjacentes. A amplia\u00e7\u00e3o da conectividade a\u00e9rea n\u00e3o s\u00f3 facilita o deslocamento dos turistas dentro do pa\u00eds, mas tamb\u00e9m fortalece as economias regionais ao promover o turismo em \u00e1reas menos exploradas.<\/p>\n<h3><strong>Investimentos em infraestrutura e conectividade<\/strong><\/h3>\n<p>Os esfor\u00e7os do governo federal atrav\u00e9s do programa &#8220;<a href=\"https:\/\/www.gov.br\/turismo\/pt-br\" target=\"_blank\" rel=\"noopener\">Conhe\u00e7a o Brasil<\/a>: Voando&#8221; visam n\u00e3o apenas aumentar o n\u00famero de voos para <a href=\"https:\/\/www.visiteobrasil.com.br\/news\/o-que-levar-em-consideracao-ao-fazer-uma-viagem-de-carro-longa\/\">destinos tur\u00edsticos<\/a>, mas tamb\u00e9m melhorar a qualidade dos servi\u00e7os aeroportu\u00e1rios e aumentar a competitividade do setor. A iniciativa inclui parcerias com companhias a\u00e9reas e incentivos fiscais para atrair investimentos privados em infraestrutura aeroportu\u00e1ria, contribuindo para uma experi\u00eancia de <a href=\"https:\/\/www.visiteobrasil.com.br\/news\/o-que-nao-pode-faltar-na-mala-de-viagem-para-qualquer-destino\/\">viagem<\/a> mais eficiente e satisfat\u00f3ria.<\/p>\n<h3><strong>Diversifica\u00e7\u00e3o e expans\u00e3o de servi\u00e7os<\/strong><\/h3>\n<p>Al\u00e9m do transporte a\u00e9reo e da loca\u00e7\u00e3o de meios de transporte, outros servi\u00e7os tur\u00edsticos t\u00eam demonstrado resili\u00eancia e expans\u00e3o. Setores como hospedagem, alimenta\u00e7\u00e3o e atividades culturais t\u00eam respondido de maneira positiva \u00e0s mudan\u00e7as nas prefer\u00eancias dos consumidores e \u00e0s novas tend\u00eancias de viagem, adaptando-se para oferecer experi\u00eancias mais diversificadas e atrativas aos visitantes.<\/p>\n<h3><strong>Turismo brasileiro: Desafios e oportunidades para o futuro<\/strong><\/h3>\n<p>Apesar dos avan\u00e7os, o segmento rodovi\u00e1rio de passageiros enfrenta desafios persistentes, como a necessidade de moderniza\u00e7\u00e3o da infraestrutura vi\u00e1ria e a melhoria dos servi\u00e7os de transporte terrestre. No entanto, esses desafios tamb\u00e9m representam oportunidades para inova\u00e7\u00e3o e investimento em solu\u00e7\u00f5es sustent\u00e1veis, como o desenvolvimento de rotas tur\u00edsticas integradas e o uso de tecnologias para melhorar a seguran\u00e7a e o conforto dos passageiros.<\/p>\n<h3><strong>Perspectivas de crescimento regional e sustentabilidade<\/strong><\/h3>\n<p>A an\u00e1lise regional revela disparidades significativas no desempenho do turismo brasileiro entre diferentes estados. Enquanto Amazonas, Esp\u00edrito Santo e Maranh\u00e3o registram crescimentos robustos, estados como Tocantins, Mato Grosso do Sul e Rio Grande do Sul enfrentam desafios espec\u00edficos que requerem estrat\u00e9gias adaptadas \u00e0s suas realidades locais. A promo\u00e7\u00e3o do turismo sustent\u00e1vel e respons\u00e1vel emerge como uma prioridade para garantir que o crescimento do setor beneficie as comunidades locais e preserve o meio ambiente.<\/p>\n","protected":false},"excerpt":{"rendered":"<p>Em abril deste ano, o setor do turismo brasileiro registrou um faturamento total de R$ 15,7 bilh\u00f5es, marcando um crescimento de 4,7% em compara\u00e7\u00e3o ao mesmo per\u00edodo do ano anterior, segundo dados divulgados pela FecomercioSP. Transporte a\u00e9reo: Lideran\u00e7a no crescimento O segmento de transporte a\u00e9reo se destacou, alcan\u00e7ando um faturamento de R$ 3,73 bilh\u00f5es, o [&hellip;]<\/p>\n","protected":false},"author":2,"featured_media":10206,"comment_status":"open","ping_status":"open","sticky":false,"template":"","format":"standard","meta":{"_jetpack_memberships_contains_paid_content":false,"footnotes":"","jetpack_publicize_message":"","jetpack_publicize_feature_enabled":true,"jetpack_social_post_already_shared":true,"jetpack_social_options":{"image_generator_settings":{"template":"highway","default_image_id":0,"font":"","enabled":false},"version":2}},"categories":[701],"tags":[],"class_list":["post-13033","post","type-post","status-publish","format-standard","has-post-thumbnail","hentry","category-noticias"],"jetpack_publicize_connections":[],"jetpack_featured_media_url":"https:\/\/i0.wp.com\/www.visiteobrasil.com.br\/news\/wp-content\/uploads\/2024\/01\/not-trem-de-minas-Mtur.jpg?fit=900%2C600&ssl=1","jetpack-related-posts":[{"id":13165,"url":"https:\/\/www.visiteobrasil.com.br\/news\/turismo-lidera-crescimento-nas-vendas-online-em-setembro\/","url_meta":{"origin":13033,"position":0},"title":"Turismo lidera crescimento nas vendas online em setembro","author":"Ramon","date":"27 de outubro de 2024","format":false,"excerpt":"O setor de turismo destacou-se como o segmento de maior crescimento nas vendas online em setembro, segundo o Relat\u00f3rio Setores do E-commerce do Brasil. Entre os 18 setores avaliados, Viagens e Hospedagem lideraram com um aumento de 6,4%, impulsionado pelo aumento da demanda por hospedagens e passagens a\u00e9reas. Um dos\u2026","rel":"","context":"Em &quot;Noticias&quot;","block_context":{"text":"Noticias","link":"https:\/\/www.visiteobrasil.com.br\/news\/noticias\/"},"img":{"alt_text":"Turismo - Compras online","src":"https:\/\/i0.wp.com\/www.visiteobrasil.com.br\/news\/wp-content\/uploads\/2024\/10\/ecommerce-2140603_1280.jpg?fit=900%2C600&ssl=1&resize=350%2C200","width":350,"height":200,"srcset":"https:\/\/i0.wp.com\/www.visiteobrasil.com.br\/news\/wp-content\/uploads\/2024\/10\/ecommerce-2140603_1280.jpg?fit=900%2C600&ssl=1&resize=350%2C200 1x, https:\/\/i0.wp.com\/www.visiteobrasil.com.br\/news\/wp-content\/uploads\/2024\/10\/ecommerce-2140603_1280.jpg?fit=900%2C600&ssl=1&resize=525%2C300 1.5x, https:\/\/i0.wp.com\/www.visiteobrasil.com.br\/news\/wp-content\/uploads\/2024\/10\/ecommerce-2140603_1280.jpg?fit=900%2C600&ssl=1&resize=700%2C400 2x"},"classes":[]},{"id":13625,"url":"https:\/\/www.visiteobrasil.com.br\/news\/turismo-de-negocios-recorde-2025\/","url_meta":{"origin":13033,"position":1},"title":"Turismo de neg\u00f3cios impulsiona economia e bate recorde hist\u00f3rico em 2025","author":"Ramon","date":"1 de fevereiro de 2026","format":false,"excerpt":"O Turismo de neg\u00f3cios deixou de ser apenas um segmento estrat\u00e9gico para se tornar um dos grandes motores da economia tur\u00edstica brasileira. Em 2025, o setor alcan\u00e7ou um faturamento hist\u00f3rico de R$ 13,7 bilh\u00f5es, segundo dados consolidados da Abracorp (Associa\u00e7\u00e3o Brasileira de Ag\u00eancias de Viagens Corporativas). O n\u00famero n\u00e3o apenas\u2026","rel":"","context":"Em &quot;Eventos&quot;","block_context":{"text":"Eventos","link":"https:\/\/www.visiteobrasil.com.br\/news\/eventos\/"},"img":{"alt_text":"Turismo de neg\u00f3cios","src":"https:\/\/i0.wp.com\/www.visiteobrasil.com.br\/news\/wp-content\/uploads\/2026\/02\/turismo-de-negocios.jpeg?fit=900%2C600&ssl=1&resize=350%2C200","width":350,"height":200,"srcset":"https:\/\/i0.wp.com\/www.visiteobrasil.com.br\/news\/wp-content\/uploads\/2026\/02\/turismo-de-negocios.jpeg?fit=900%2C600&ssl=1&resize=350%2C200 1x, https:\/\/i0.wp.com\/www.visiteobrasil.com.br\/news\/wp-content\/uploads\/2026\/02\/turismo-de-negocios.jpeg?fit=900%2C600&ssl=1&resize=525%2C300 1.5x, https:\/\/i0.wp.com\/www.visiteobrasil.com.br\/news\/wp-content\/uploads\/2026\/02\/turismo-de-negocios.jpeg?fit=900%2C600&ssl=1&resize=700%2C400 2x"},"classes":[]},{"id":13616,"url":"https:\/\/www.visiteobrasil.com.br\/news\/viagens-corporativas-brasil\/","url_meta":{"origin":13033,"position":2},"title":"Viagens corporativas impulsionam turismo de neg\u00f3cios e batem R$ 12,7 bi","author":"Ramon","date":"22 de dezembro de 2025","format":false,"excerpt":"As viagens corporativas seguem como um dos pilares mais s\u00f3lidos do turismo brasileiro e mostram f\u00f4lego mesmo diante de oscila\u00e7\u00f5es econ\u00f4micas globais. Entre janeiro e novembro deste ano, o setor movimentou R$ 12,7 bilh\u00f5es, segundo o levantamento mensal da Abracorp (Associa\u00e7\u00e3o Brasileira de Ag\u00eancias de Viagens Corporativas). O resultado refor\u00e7a\u2026","rel":"","context":"Em &quot;Eventos&quot;","block_context":{"text":"Eventos","link":"https:\/\/www.visiteobrasil.com.br\/news\/eventos\/"},"img":{"alt_text":"Viagens corporativas","src":"https:\/\/i0.wp.com\/www.visiteobrasil.com.br\/news\/wp-content\/uploads\/2025\/12\/viagens-corporativas.png?fit=900%2C600&ssl=1&resize=350%2C200","width":350,"height":200,"srcset":"https:\/\/i0.wp.com\/www.visiteobrasil.com.br\/news\/wp-content\/uploads\/2025\/12\/viagens-corporativas.png?fit=900%2C600&ssl=1&resize=350%2C200 1x, https:\/\/i0.wp.com\/www.visiteobrasil.com.br\/news\/wp-content\/uploads\/2025\/12\/viagens-corporativas.png?fit=900%2C600&ssl=1&resize=525%2C300 1.5x, https:\/\/i0.wp.com\/www.visiteobrasil.com.br\/news\/wp-content\/uploads\/2025\/12\/viagens-corporativas.png?fit=900%2C600&ssl=1&resize=700%2C400 2x"},"classes":[]},{"id":9129,"url":"https:\/\/www.visiteobrasil.com.br\/news\/recorde-historico-em-gastos-turisticos-em-novembro-de-2023\/","url_meta":{"origin":13033,"position":3},"title":"Recorde hist\u00f3rico em gastos tur\u00edsticos em novembro de 2023","author":"Ramon","date":"7 de janeiro de 2024","format":false,"excerpt":"Em novembro de 2023, os turistas estrangeiros que escolheram o Brasil como destino contribu\u00edram significativamente para a economia do pa\u00eds, com gastos tur\u00edsticos estabelecendo um marco hist\u00f3rico ao injetarem cerca de R$ 3,019 bilh\u00f5es (US$ 616,1 milh\u00f5es), conforme revelado por um levantamento do Banco Central do Brasil (Bacen) divulgado em\u2026","rel":"","context":"Em &quot;Noticias&quot;","block_context":{"text":"Noticias","link":"https:\/\/www.visiteobrasil.com.br\/news\/noticias\/"},"img":{"alt_text":"Gastos tur\u00edsticos - Cristo redentor em volta dos turistas","src":"https:\/\/i0.wp.com\/www.visiteobrasil.com.br\/news\/wp-content\/uploads\/2024\/01\/Cristo-Redentor-Rio-RJ-Credito-Arquivo-Mtur.jpg?fit=900%2C600&ssl=1&resize=350%2C200","width":350,"height":200,"srcset":"https:\/\/i0.wp.com\/www.visiteobrasil.com.br\/news\/wp-content\/uploads\/2024\/01\/Cristo-Redentor-Rio-RJ-Credito-Arquivo-Mtur.jpg?fit=900%2C600&ssl=1&resize=350%2C200 1x, https:\/\/i0.wp.com\/www.visiteobrasil.com.br\/news\/wp-content\/uploads\/2024\/01\/Cristo-Redentor-Rio-RJ-Credito-Arquivo-Mtur.jpg?fit=900%2C600&ssl=1&resize=525%2C300 1.5x, https:\/\/i0.wp.com\/www.visiteobrasil.com.br\/news\/wp-content\/uploads\/2024\/01\/Cristo-Redentor-Rio-RJ-Credito-Arquivo-Mtur.jpg?fit=900%2C600&ssl=1&resize=700%2C400 2x"},"classes":[]},{"id":13162,"url":"https:\/\/www.visiteobrasil.com.br\/news\/turismo-aereo-nacional-bate-recorde-em-setembro-9-milhoes-de-passageiros\/","url_meta":{"origin":13033,"position":4},"title":"Turismo a\u00e9reo nacional bate recorde em setembro: 9 milh\u00f5es de Passageiros","author":"Ramon","date":"27 de outubro de 2024","format":false,"excerpt":"Em setembro, o transporte a\u00e9reo brasileiro registrou um movimento significativo, com cerca de 10 milh\u00f5es de passageiros passando pelos aeroportos do pa\u00eds. Desses, aproximadamente 80% optaram por voos nacionais, totalizando 7,9 milh\u00f5es de pessoas e marcando um aumento de 4,3% em rela\u00e7\u00e3o ao mesmo per\u00edodo do ano anterior. Esse n\u00famero\u2026","rel":"","context":"Em &quot;Noticias&quot;","block_context":{"text":"Noticias","link":"https:\/\/www.visiteobrasil.com.br\/news\/noticias\/"},"img":{"alt_text":"A\u00e9reo - Aeroporto de Salvador","src":"https:\/\/i0.wp.com\/www.visiteobrasil.com.br\/news\/wp-content\/uploads\/2024\/10\/aereo-airport-2373727_1280.jpg?fit=900%2C617&ssl=1&resize=350%2C200","width":350,"height":200,"srcset":"https:\/\/i0.wp.com\/www.visiteobrasil.com.br\/news\/wp-content\/uploads\/2024\/10\/aereo-airport-2373727_1280.jpg?fit=900%2C617&ssl=1&resize=350%2C200 1x, https:\/\/i0.wp.com\/www.visiteobrasil.com.br\/news\/wp-content\/uploads\/2024\/10\/aereo-airport-2373727_1280.jpg?fit=900%2C617&ssl=1&resize=525%2C300 1.5x, https:\/\/i0.wp.com\/www.visiteobrasil.com.br\/news\/wp-content\/uploads\/2024\/10\/aereo-airport-2373727_1280.jpg?fit=900%2C617&ssl=1&resize=700%2C400 2x"},"classes":[]},{"id":13349,"url":"https:\/\/www.visiteobrasil.com.br\/news\/mais-de-56-maracanas-lotados-um-marco-para-o-turismo-brasileiro\/","url_meta":{"origin":13033,"position":5},"title":"Mais de 56 Maracan\u00e3s lotados: um marco para o turismo brasileiro","author":"Ramon","date":"18 de maio de 2025","format":false,"excerpt":"O turismo internacional no Brasil vive um momento hist\u00f3rico. Entre janeiro e abril de 2025, o pa\u00eds recebeu 4,4 milh\u00f5es de visitantes estrangeiros \u2014 um n\u00famero que equivale a mais de 56 est\u00e1dios do Maracan\u00e3 completamente lotados. Esse desempenho ultrapassa a metade da meta anual estabelecida pelo Minist\u00e9rio do Turismo\u2026","rel":"","context":"Em &quot;Noticias&quot;","block_context":{"text":"Noticias","link":"https:\/\/www.visiteobrasil.com.br\/news\/noticias\/"},"img":{"alt_text":"Turiso internacional","src":"https:\/\/i0.wp.com\/www.visiteobrasil.com.br\/news\/wp-content\/uploads\/2024\/06\/Turismo-internacional-aeroport-tokyo.jpg?fit=900%2C600&ssl=1&resize=350%2C200","width":350,"height":200,"srcset":"https:\/\/i0.wp.com\/www.visiteobrasil.com.br\/news\/wp-content\/uploads\/2024\/06\/Turismo-internacional-aeroport-tokyo.jpg?fit=900%2C600&ssl=1&resize=350%2C200 1x, https:\/\/i0.wp.com\/www.visiteobrasil.com.br\/news\/wp-content\/uploads\/2024\/06\/Turismo-internacional-aeroport-tokyo.jpg?fit=900%2C600&ssl=1&resize=525%2C300 1.5x, https:\/\/i0.wp.com\/www.visiteobrasil.com.br\/news\/wp-content\/uploads\/2024\/06\/Turismo-internacional-aeroport-tokyo.jpg?fit=900%2C600&ssl=1&resize=700%2C400 2x"},"classes":[]}],"jetpack_sharing_enabled":true,"jetpack_likes_enabled":true,"_links":{"self":[{"href":"https:\/\/www.visiteobrasil.com.br\/news\/wp-json\/wp\/v2\/posts\/13033","targetHints":{"allow":["GET"]}}],"collection":[{"href":"https:\/\/www.visiteobrasil.com.br\/news\/wp-json\/wp\/v2\/posts"}],"about":[{"href":"https:\/\/www.visiteobrasil.com.br\/news\/wp-json\/wp\/v2\/types\/post"}],"author":[{"embeddable":true,"href":"https:\/\/www.visiteobrasil.com.br\/news\/wp-json\/wp\/v2\/users\/2"}],"replies":[{"embeddable":true,"href":"https:\/\/www.visiteobrasil.com.br\/news\/wp-json\/wp\/v2\/comments?post=13033"}],"version-history":[{"count":2,"href":"https:\/\/www.visiteobrasil.com.br\/news\/wp-json\/wp\/v2\/posts\/13033\/revisions"}],"predecessor-version":[{"id":13035,"href":"https:\/\/www.visiteobrasil.com.br\/news\/wp-json\/wp\/v2\/posts\/13033\/revisions\/13035"}],"wp:featuredmedia":[{"embeddable":true,"href":"https:\/\/www.visiteobrasil.com.br\/news\/wp-json\/wp\/v2\/media\/10206"}],"wp:attachment":[{"href":"https:\/\/www.visiteobrasil.com.br\/news\/wp-json\/wp\/v2\/media?parent=13033"}],"wp:term":[{"taxonomy":"category","embeddable":true,"href":"https:\/\/www.visiteobrasil.com.br\/news\/wp-json\/wp\/v2\/categories?post=13033"},{"taxonomy":"post_tag","embeddable":true,"href":"https:\/\/www.visiteobrasil.com.br\/news\/wp-json\/wp\/v2\/tags?post=13033"}],"curies":[{"name":"wp","href":"https:\/\/api.w.org\/{rel}","templated":true}]}}