{"id":13023,"date":"2024-06-29T13:56:53","date_gmt":"2024-06-29T16:56:53","guid":{"rendered":"https:\/\/www.visiteobrasil.com.br\/news\/?p=13023"},"modified":"2024-06-29T14:34:05","modified_gmt":"2024-06-29T17:34:05","slug":"elba-ramalho-cancela-show-em-sergipe-momentos-antes-do-inicio","status":"publish","type":"post","link":"https:\/\/www.visiteobrasil.com.br\/news\/elba-ramalho-cancela-show-em-sergipe-momentos-antes-do-inicio\/","title":{"rendered":"Elba Ramalho cancela show em Sergipe momentos antes do in\u00edcio"},"content":{"rendered":"<p>Na \u00faltima sexta-feira, dia 28 de junho, os f\u00e3s da consagrada cantora Elba Ramalho foram surpreendidos com o cancelamento abrupto de seu aguardado show na cidade de <a href=\"https:\/\/www.visiteobrasil.com.br\/nordeste\/sergipe\/polo-costa-dos-coqueirais\/estancia\">Est\u00e2ncia<\/a>, Sergipe, em comemora\u00e7\u00e3o ao dia de S\u00e3o Pedro. O motivo relatado por v\u00e1rias pessoas que aguardavam ansiosamente pela a apresenta\u00e7\u00e3o frustrada, foi a falta de prepara\u00e7\u00e3o adequada do palco, bem como um atestado de <strong>vistoria<\/strong> do mesmo, uma responsabilidade direta dos organizadores do evento, especialmente a Secretaria de Cultura do munic\u00edpio.<\/p>\n<p>Segundo informa\u00e7\u00f5es, devido aos problemas ocasionados nos festejos juninos, o palco estava sendo ajustado para a realiza\u00e7\u00e3o desse evento, entretanto os ajustes terminariam por volta de 1:00 da manh\u00e3, mas o show de Elba estava previsto para as 12 horas (meia noite). Como o palco n\u00e3o estava pronto, o qual deveria estar em condi\u00e7\u00f5es 24 horas antes do show, a produ\u00e7\u00e3o de <a href=\"http:\/\/www.elbaramalho.com.br\/discos\" target=\"_blank\" rel=\"noopener\">Elba<\/a> decidiu por cancelar sua apresenta\u00e7\u00e3o.<\/p>\n<p>O cancelamento ocorreu poucas horas antes do hor\u00e1rio programado para o in\u00edcio do espet\u00e1culo, causando decep\u00e7\u00e3o generalizada entre os moradores e visitantes que esperavam ansiosamente pela apresenta\u00e7\u00e3o. A falta de compet\u00eancia na organiza\u00e7\u00e3o do evento se tornou evidente, refletindo diretamente na reputa\u00e7\u00e3o do munic\u00edpio como anfitri\u00e3o de <a href=\"https:\/\/www.visiteobrasil.com.br\/news\/turismo-de-inverno-no-sul-do-brasil\/\">eventos<\/a> culturais.<\/p>\n<h3>Rea\u00e7\u00f5es e Cr\u00edticas<\/h3>\n<p>Ap\u00f3s o an\u00fancio do cancelamento, as redes sociais foram inundadas com cr\u00edticas \u00e0 Secretaria de Cultura de Est\u00e2ncia, acusando-a de neglig\u00eancia e falta de profissionalismo na prepara\u00e7\u00e3o do evento. Muitos residentes e principalmente turistas, expressaram sua frustra\u00e7\u00e3o, n\u00e3o apenas pela oportunidade perdida de assistir a Elba Ramalho, mas tamb\u00e9m pela imagem negativa que isso trouxe \u00e0 cidade.<\/p>\n<h3>Frustra\u00e7\u00e3o dos Turistas e f\u00e3s de Elba<\/h3>\n<p>Al\u00e9m dos moradores locais, muitos turistas que vieram a Est\u00e2ncia especialmente para assistir ao show de Elba Ramalho tamb\u00e9m ficaram profundamente frustrados. Muitos deles aproveitaram a oportunidade para participar das tradicionais apresenta\u00e7\u00f5es do <a href=\"https:\/\/www.visiteobrasil.com.br\/news\/o-barco-de-fogo-e-sua-importancia-cultural-para-o-sao-joao-de-sergipe\/\">barco de fogo<\/a> e do festival de buscap\u00e9s, eventos culturais muito apreciados na regi\u00e3o. O cancelamento do show principal, no entanto, ofuscou a experi\u00eancia e deixou uma impress\u00e3o negativa sobre a capacidade da cidade de organizar eventos de grande porte.<\/p>\n<h3>Preju\u00edzos financeiros<\/h3>\n<p>O impacto negativo n\u00e3o se limitou aos espectadores. Os donos de barracas de bebidas e comidas t\u00edpicas tamb\u00e9m sofreram preju\u00edzos financeiros significativos. Ap\u00f3s o an\u00fancio do cancelamento, a maioria do p\u00fablico se evadiu, deixando os comerciantes com estoques n\u00e3o vendidos e despesas n\u00e3o recuperadas. Muitos haviam investido significativamente na prepara\u00e7\u00e3o para o evento, esperando um grande p\u00fablico e vendas substanciais. Al\u00e9m disso, a organiza\u00e7\u00e3o do evento tamb\u00e9m teve possivelmente preju\u00edzos consider\u00e1veis com o pagamento dos 50% de adiantamento geralmente exigidos pelo contratado para fechamento de contrato de shows art\u00edsticos. Esse valor, muitas vezes n\u00e3o reembols\u00e1vel, adiciona uma carga financeira extra aos organizadores, neste caso, uma perda lastim\u00e1vel para os cofres p\u00fablicos do munic\u00edpio.<\/p>\n<h3>Estrutura do palco: Suspens\u00e3o de shows no S\u00e3o Jo\u00e3o<\/h3>\n<p>Durante os festejos juninos na cidade de Est\u00e2ncia, Sergipe, um novo epis\u00f3dio de incompet\u00eancia por parte dos organizadores do evento veio \u00e0 tona, causando frustra\u00e7\u00e3o e indigna\u00e7\u00e3o entre os participantes. A s\u00e9rie de shows programados para a celebra\u00e7\u00e3o foi abruptamente interrompida pela empresa de som respons\u00e1vel, devido \u00e0s condi\u00e7\u00f5es inadequadas do palco.<\/p>\n<p>A estrutura do palco, que deveria garantir seguran\u00e7a e prote\u00e7\u00e3o tanto para os artistas quanto para os equipamentos t\u00e9cnicos, foi mal planejada e mal constru\u00edda. Com a chegada das chuvas t\u00edpicas da \u00e9poca, a cobertura incipiente revelou-se insuficiente, permitindo que a \u00e1gua invadisse a \u00e1rea destinada aos equipamentos de som e ilumina\u00e7\u00e3o.<\/p>\n<h3>Decis\u00e3o da empresa de som<\/h3>\n<p>Diante do risco iminente de danos s\u00e9rios aos seus equipamentos, a empresa de som tomou a decis\u00e3o de cancelar os shows. Essa medida foi necess\u00e1ria para evitar preju\u00edzos financeiros ainda maiores e garantir a seguran\u00e7a de todos os envolvidos. A incapacidade dos organizadores de prever e solucionar problemas b\u00e1sicos de infraestrutura foi a principal causa dessa situa\u00e7\u00e3o.<\/p>\n<h3>Problemas de planejamento de tr\u00e1fego<\/h3>\n<p>Outro problema not\u00e1vel foi o mal planejamento da engenharia de tr\u00e1fego. Durante eventos de grande porte, como este show, houve uma significativa dificuldade de estacionamento. Apesar de existirem espa\u00e7os adequados, inclusive nas ruas paralelas e de acesso, a prefeitura instalou diversas placas de proibi\u00e7\u00e3o de estacionamento. Havia possibilidade de explorar esses espa\u00e7os sem consequ\u00eancias para os transeuntes, mas a m\u00e1 gest\u00e3o da situa\u00e7\u00e3o apenas contribuiu para a frustra\u00e7\u00e3o dos visitantes.<\/p>\n<h3>Responsabilidades e consequ\u00eancias<\/h3>\n<p>A responsabilidade pelo incidente recai diretamente sobre os ombros dos organizadores do evento, especialmente a Secretaria de Cultura do munic\u00edpio, que falhou em garantir as condi\u00e7\u00f5es adequadas para a realiza\u00e7\u00e3o do show. O p\u00fablico esperava uma experi\u00eancia cultural de qualidade, e a incompet\u00eancia na gest\u00e3o do evento resultou em desapontamento generalizado.<\/p>\n<h3>Li\u00e7\u00f5es a serem aprendidas<\/h3>\n<p>Este epis\u00f3dio sublinha a import\u00e2ncia da compet\u00eancia e da responsabilidade na organiza\u00e7\u00e3o de eventos p\u00fablicos. A falta de planejamento adequado n\u00e3o apenas prejudica a experi\u00eancia dos espectadores, mas tamb\u00e9m afeta negativamente a reputa\u00e7\u00e3o da cidade como um destino cultural. \u00c9 crucial que medidas sejam tomadas para garantir que falhas como essa n\u00e3o se repitam no futuro, assegurando assim que eventos culturais sejam realizados de maneira profissional e organizada.<\/p>\n<p>Em resumo, o cancelamento do show de Elba Ramalho em Est\u00e2ncia, devido \u00e0 incompet\u00eancia dos organizadores do evento, especialmente a Secretaria de Cultura do munic\u00edpio, foi um incidente lament\u00e1vel que destaca a necessidade urgente de uma gest\u00e3o mais eficiente e respons\u00e1vel na promo\u00e7\u00e3o de eventos culturais.<\/p>\n<p>Tentamos contato com a assessoria de comunica\u00e7\u00e3o da prefeitura de Est\u00e2ncia, mas at\u00e9 o momento da publica\u00e7\u00e3o desse artigo, n\u00e3o obtivemos \u00eaxito.<\/p>\n<h4><a href=\"https:\/\/www.visiteobrasil.com.br\/nordeste\/sergipe\/polo-costa-dos-coqueirais\/estancia\">Visite Est\u00e2ncia, a capital brasileira do Barco de Fogo<\/a><\/h4>\n<p>&nbsp;<\/p>\n","protected":false},"excerpt":{"rendered":"<p>Na \u00faltima sexta-feira, dia 28 de junho, os f\u00e3s da consagrada cantora Elba Ramalho foram surpreendidos com o cancelamento abrupto de seu aguardado show na cidade de Est\u00e2ncia, Sergipe, em comemora\u00e7\u00e3o ao dia de S\u00e3o Pedro. O motivo relatado por v\u00e1rias pessoas que aguardavam ansiosamente pela a apresenta\u00e7\u00e3o frustrada, foi a falta de prepara\u00e7\u00e3o adequada [&hellip;]<\/p>\n","protected":false},"author":2,"featured_media":13025,"comment_status":"open","ping_status":"open","sticky":false,"template":"","format":"standard","meta":{"_jetpack_memberships_contains_paid_content":false,"footnotes":"","jetpack_publicize_message":"","jetpack_publicize_feature_enabled":true,"jetpack_social_post_already_shared":true,"jetpack_social_options":{"image_generator_settings":{"template":"highway","default_image_id":0,"font":"","enabled":false},"version":2}},"categories":[1],"tags":[],"class_list":["post-13023","post","type-post","status-publish","format-standard","has-post-thumbnail","hentry","category-artigos"],"jetpack_publicize_connections":[],"jetpack_featured_media_url":"https:\/\/i0.wp.com\/www.visiteobrasil.com.br\/news\/wp-content\/uploads\/2024\/06\/elba-ramalho.jpg?fit=900%2C600&ssl=1","jetpack-related-posts":[{"id":6190,"url":"https:\/\/www.visiteobrasil.com.br\/news\/destinos-em-foco-o-renascimento-do-salao-nacional-do-turismo-em-brasilia\/","url_meta":{"origin":13023,"position":0},"title":"Destinos em Foco: O Renascimento do Sal\u00e3o Nacional do Turismo em Bras\u00edlia","author":"Ramon","date":"26 de novembro de 2023","format":false,"excerpt":"O Retorno triunfal do Sal\u00e3o Nacional do Turismo: Ap\u00f3s uma pausa significativa de 12 anos, o aguardado retorno do Sal\u00e3o Nacional do Turismo est\u00e1 prestes a acontecer. Dentro de apenas 20 dias, a Capital Federal se transformar\u00e1 no epicentro de algumas das experi\u00eancias tur\u00edsticas mais destacadas do Brasil, recebendo visitantes\u2026","rel":"","context":"Em &quot;Noticias&quot;","block_context":{"text":"Noticias","link":"https:\/\/www.visiteobrasil.com.br\/news\/noticias\/"},"img":{"alt_text":"Sal\u00e3o Nacional do Turismo - Brasilia: Palacio do Itamaraty","src":"https:\/\/i0.wp.com\/www.visiteobrasil.com.br\/news\/wp-content\/uploads\/2023\/11\/brasilia-palaciodoitamaraty-foto-xenia-antunes-licenca-cc-by-sa-20gr.jpg?fit=900%2C599&ssl=1&resize=350%2C200","width":350,"height":200,"srcset":"https:\/\/i0.wp.com\/www.visiteobrasil.com.br\/news\/wp-content\/uploads\/2023\/11\/brasilia-palaciodoitamaraty-foto-xenia-antunes-licenca-cc-by-sa-20gr.jpg?fit=900%2C599&ssl=1&resize=350%2C200 1x, https:\/\/i0.wp.com\/www.visiteobrasil.com.br\/news\/wp-content\/uploads\/2023\/11\/brasilia-palaciodoitamaraty-foto-xenia-antunes-licenca-cc-by-sa-20gr.jpg?fit=900%2C599&ssl=1&resize=525%2C300 1.5x, https:\/\/i0.wp.com\/www.visiteobrasil.com.br\/news\/wp-content\/uploads\/2023\/11\/brasilia-palaciodoitamaraty-foto-xenia-antunes-licenca-cc-by-sa-20gr.jpg?fit=900%2C599&ssl=1&resize=700%2C400 2x"},"classes":[]},{"id":13531,"url":"https:\/\/www.visiteobrasil.com.br\/news\/turismo-nautico-boat-show\/","url_meta":{"origin":13023,"position":1},"title":"Turismo N\u00e1utico: Guia em destaque na 28\u00aa S\u00e3o Paulo Boat Show","author":"Ramon","date":"21 de setembro de 2025","format":false,"excerpt":"O turismo n\u00e1utico brasileiro ganha um importante impulso com a divulga\u00e7\u00e3o de um guia especializado pelo Minist\u00e9rio do Turismo durante a 28\u00aa edi\u00e7\u00e3o do S\u00e3o Paulo Boat Show. O evento, considerado o maior do setor na Am\u00e9rica Latina, reuniu fabricantes, empres\u00e1rios, profissionais do setor e entusiastas, oferecendo uma vitrine estrat\u00e9gica\u2026","rel":"","context":"Em &quot;Dicas legais&quot;","block_context":{"text":"Dicas legais","link":"https:\/\/www.visiteobrasil.com.br\/news\/dicas-legais\/"},"img":{"alt_text":"Embarca\u00e7\u00e3o de luxo navegando em \u00e1guas brasileiras, com cen\u00e1rio tur\u00edstico e elementos n\u00e1uticos, representando o turismo n\u00e1utico","src":"https:\/\/i0.wp.com\/www.visiteobrasil.com.br\/news\/wp-content\/uploads\/2025\/09\/Embarcacao-de-luxo-navegando-em-aguas-brasileiras.jpeg?fit=900%2C600&ssl=1&resize=350%2C200","width":350,"height":200,"srcset":"https:\/\/i0.wp.com\/www.visiteobrasil.com.br\/news\/wp-content\/uploads\/2025\/09\/Embarcacao-de-luxo-navegando-em-aguas-brasileiras.jpeg?fit=900%2C600&ssl=1&resize=350%2C200 1x, https:\/\/i0.wp.com\/www.visiteobrasil.com.br\/news\/wp-content\/uploads\/2025\/09\/Embarcacao-de-luxo-navegando-em-aguas-brasileiras.jpeg?fit=900%2C600&ssl=1&resize=525%2C300 1.5x, https:\/\/i0.wp.com\/www.visiteobrasil.com.br\/news\/wp-content\/uploads\/2025\/09\/Embarcacao-de-luxo-navegando-em-aguas-brasileiras.jpeg?fit=900%2C600&ssl=1&resize=700%2C400 2x"},"classes":[]},{"id":5688,"url":"https:\/\/www.visiteobrasil.com.br\/news\/o-barco-de-fogo-e-sua-importancia-cultural-para-o-sao-joao-de-sergipe\/","url_meta":{"origin":13023,"position":2},"title":"O Barco de Fogo e sua import\u00e2ncia cultural para o S\u00e3o Jo\u00e3o de Sergipe","author":"Ramon","date":"10 de novembro de 2023","format":false,"excerpt":"A primeira tentativa na cria\u00e7\u00e3o \u00a0do 'Barco de Fogo' come\u00e7ou com a experi\u00eancia de uma espada correndo em um fio de arame r\u00edgido. Depois criou-se um barquinho de papel\u00e3o com espadas fixadas e em seguida, Chico Surdo conseguiu ornamentar o barquinho, pendurando-o num fio de arame para que fosse deslizando.\u2026","rel":"","context":"Em &quot;Mat\u00e9rias especiais&quot;","block_context":{"text":"Mat\u00e9rias especiais","link":"https:\/\/www.visiteobrasil.com.br\/news\/materias-especiais\/"},"img":{"alt_text":"Barco de fogo - Estancia-Se","src":"https:\/\/i0.wp.com\/www.visiteobrasil.com.br\/news\/wp-content\/uploads\/2023\/11\/Barco-de-fogo-Ensetur-3.jpg?fit=900%2C599&ssl=1&resize=350%2C200","width":350,"height":200,"srcset":"https:\/\/i0.wp.com\/www.visiteobrasil.com.br\/news\/wp-content\/uploads\/2023\/11\/Barco-de-fogo-Ensetur-3.jpg?fit=900%2C599&ssl=1&resize=350%2C200 1x, https:\/\/i0.wp.com\/www.visiteobrasil.com.br\/news\/wp-content\/uploads\/2023\/11\/Barco-de-fogo-Ensetur-3.jpg?fit=900%2C599&ssl=1&resize=525%2C300 1.5x, https:\/\/i0.wp.com\/www.visiteobrasil.com.br\/news\/wp-content\/uploads\/2023\/11\/Barco-de-fogo-Ensetur-3.jpg?fit=900%2C599&ssl=1&resize=700%2C400 2x"},"classes":[]},{"id":6203,"url":"https:\/\/www.visiteobrasil.com.br\/news\/cruzeiro-cancelado-as-vesperas-deixa-passageiros-desesperados\/","url_meta":{"origin":13023,"position":3},"title":"Cruzeiro cancelado \u00e0s v\u00e9speras, deixa passageiros desesperados","author":"Ramon","date":"28 de novembro de 2023","format":false,"excerpt":"Desencanto mar\u00edtimo: A companhia Life At Sea Cruises, que prometia uma experi\u00eancia de tr\u00eas anos explorando diversos destinos ao redor do mundo, surpreendeu os clientes ao cancelar o embarque repentinamente. A partida do cruzeiro cancelado, inicialmente agendada para 1\u00ba de novembro em Istambul, Turquia, foi adiada para 11 de novembro\u2026","rel":"","context":"Em &quot;Noticias&quot;","block_context":{"text":"Noticias","link":"https:\/\/www.visiteobrasil.com.br\/news\/noticias\/"},"img":{"alt_text":"Cruzeiro cancelado - Navio navegando em alto mar - Cr\u00e9dito: Life At Sea Cruises","src":"https:\/\/i0.wp.com\/www.visiteobrasil.com.br\/news\/wp-content\/uploads\/2023\/11\/Life-At-Sea-Cruises-6.jpg?fit=900%2C600&ssl=1&resize=350%2C200","width":350,"height":200,"srcset":"https:\/\/i0.wp.com\/www.visiteobrasil.com.br\/news\/wp-content\/uploads\/2023\/11\/Life-At-Sea-Cruises-6.jpg?fit=900%2C600&ssl=1&resize=350%2C200 1x, https:\/\/i0.wp.com\/www.visiteobrasil.com.br\/news\/wp-content\/uploads\/2023\/11\/Life-At-Sea-Cruises-6.jpg?fit=900%2C600&ssl=1&resize=525%2C300 1.5x, https:\/\/i0.wp.com\/www.visiteobrasil.com.br\/news\/wp-content\/uploads\/2023\/11\/Life-At-Sea-Cruises-6.jpg?fit=900%2C600&ssl=1&resize=700%2C400 2x"},"classes":[]},{"id":13470,"url":"https:\/\/www.visiteobrasil.com.br\/news\/mtur-lanca-boletim-inedito-sobre-turismo-de-pesca-no-brasil\/","url_meta":{"origin":13023,"position":4},"title":"MTur lan\u00e7a boletim in\u00e9dito sobre turismo de pesca no Brasil","author":"Ramon","date":"31 de agosto de 2025","format":false,"excerpt":"Documento apresentado na Fishing Show 2025 revela o potencial de um setor que movimenta 9 milh\u00f5es de pescadores e gera mais de 200 mil empregos S\u00e3o Paulo (SP) \u2013 Em um marco hist\u00f3rico para o setor pesqueiro nacional, o Minist\u00e9rio do Turismo lan\u00e7ou, durante a Fishing Show 2025 \u2014 uma\u2026","rel":"","context":"Em &quot;Noticias&quot;","block_context":{"text":"Noticias","link":"https:\/\/www.visiteobrasil.com.br\/news\/noticias\/"},"img":{"alt_text":"Pesca: Pescadores em um barco","src":"https:\/\/i0.wp.com\/www.visiteobrasil.com.br\/news\/wp-content\/uploads\/2025\/08\/Fotou-Karine-Araujo-Prefeitura-de-Quirinopolis.png?fit=900%2C600&ssl=1&resize=350%2C200","width":350,"height":200,"srcset":"https:\/\/i0.wp.com\/www.visiteobrasil.com.br\/news\/wp-content\/uploads\/2025\/08\/Fotou-Karine-Araujo-Prefeitura-de-Quirinopolis.png?fit=900%2C600&ssl=1&resize=350%2C200 1x, https:\/\/i0.wp.com\/www.visiteobrasil.com.br\/news\/wp-content\/uploads\/2025\/08\/Fotou-Karine-Araujo-Prefeitura-de-Quirinopolis.png?fit=900%2C600&ssl=1&resize=525%2C300 1.5x, https:\/\/i0.wp.com\/www.visiteobrasil.com.br\/news\/wp-content\/uploads\/2025\/08\/Fotou-Karine-Araujo-Prefeitura-de-Quirinopolis.png?fit=900%2C600&ssl=1&resize=700%2C400 2x"},"classes":[]},{"id":13571,"url":"https:\/\/www.visiteobrasil.com.br\/news\/gestao-de-despesas-de-viagem\/","url_meta":{"origin":13023,"position":5},"title":"Gest\u00e3o de despesas de viagem: Etapas para criar um cronograma","author":"Ramon","date":"20 de outubro de 2025","format":false,"excerpt":"Viajar pode ser uma experi\u00eancia incr\u00edvel, mas tamb\u00e9m pode ser um desafio financeiro se n\u00e3o for planejada adequadamente. A gest\u00e3o de despesas de viagem \u00e9 fundamental para garantir que voc\u00ea aproveite ao m\u00e1ximo sua viagem sem comprometer seu or\u00e7amento.\u00a0 \u00a0 Neste artigo, vamos explorar as etapas para criar um cronograma\u2026","rel":"","context":"Em &quot;Dicas legais&quot;","block_context":{"text":"Dicas legais","link":"https:\/\/www.visiteobrasil.com.br\/news\/dicas-legais\/"},"img":{"alt_text":"Gest\u00e3o de despesas de viagem - Freepick","src":"https:\/\/i0.wp.com\/www.visiteobrasil.com.br\/news\/wp-content\/uploads\/2025\/10\/gestao-de-despesas-de-viagem-Freepick.jpg?fit=900%2C600&ssl=1&resize=350%2C200","width":350,"height":200,"srcset":"https:\/\/i0.wp.com\/www.visiteobrasil.com.br\/news\/wp-content\/uploads\/2025\/10\/gestao-de-despesas-de-viagem-Freepick.jpg?fit=900%2C600&ssl=1&resize=350%2C200 1x, https:\/\/i0.wp.com\/www.visiteobrasil.com.br\/news\/wp-content\/uploads\/2025\/10\/gestao-de-despesas-de-viagem-Freepick.jpg?fit=900%2C600&ssl=1&resize=525%2C300 1.5x, https:\/\/i0.wp.com\/www.visiteobrasil.com.br\/news\/wp-content\/uploads\/2025\/10\/gestao-de-despesas-de-viagem-Freepick.jpg?fit=900%2C600&ssl=1&resize=700%2C400 2x"},"classes":[]}],"jetpack_sharing_enabled":true,"jetpack_likes_enabled":true,"_links":{"self":[{"href":"https:\/\/www.visiteobrasil.com.br\/news\/wp-json\/wp\/v2\/posts\/13023","targetHints":{"allow":["GET"]}}],"collection":[{"href":"https:\/\/www.visiteobrasil.com.br\/news\/wp-json\/wp\/v2\/posts"}],"about":[{"href":"https:\/\/www.visiteobrasil.com.br\/news\/wp-json\/wp\/v2\/types\/post"}],"author":[{"embeddable":true,"href":"https:\/\/www.visiteobrasil.com.br\/news\/wp-json\/wp\/v2\/users\/2"}],"replies":[{"embeddable":true,"href":"https:\/\/www.visiteobrasil.com.br\/news\/wp-json\/wp\/v2\/comments?post=13023"}],"version-history":[{"count":6,"href":"https:\/\/www.visiteobrasil.com.br\/news\/wp-json\/wp\/v2\/posts\/13023\/revisions"}],"predecessor-version":[{"id":13032,"href":"https:\/\/www.visiteobrasil.com.br\/news\/wp-json\/wp\/v2\/posts\/13023\/revisions\/13032"}],"wp:featuredmedia":[{"embeddable":true,"href":"https:\/\/www.visiteobrasil.com.br\/news\/wp-json\/wp\/v2\/media\/13025"}],"wp:attachment":[{"href":"https:\/\/www.visiteobrasil.com.br\/news\/wp-json\/wp\/v2\/media?parent=13023"}],"wp:term":[{"taxonomy":"category","embeddable":true,"href":"https:\/\/www.visiteobrasil.com.br\/news\/wp-json\/wp\/v2\/categories?post=13023"},{"taxonomy":"post_tag","embeddable":true,"href":"https:\/\/www.visiteobrasil.com.br\/news\/wp-json\/wp\/v2\/tags?post=13023"}],"curies":[{"name":"wp","href":"https:\/\/api.w.org\/{rel}","templated":true}]}}