{"id":13002,"date":"2024-06-16T10:06:47","date_gmt":"2024-06-16T13:06:47","guid":{"rendered":"https:\/\/www.visiteobrasil.com.br\/news\/?p=13002"},"modified":"2024-06-16T10:06:47","modified_gmt":"2024-06-16T13:06:47","slug":"cafe-e-cultura-do-cafe-em-destinos-globais","status":"publish","type":"post","link":"https:\/\/www.visiteobrasil.com.br\/news\/cafe-e-cultura-do-cafe-em-destinos-globais\/","title":{"rendered":"Caf\u00e9 e cultura do caf\u00e9 em destinos globais"},"content":{"rendered":"<p>Embora seja uma das bebidas mais consumidas no mundo, o caf\u00e9 \u00e9 ainda mais marcante na hist\u00f3ria e na cultura de alguns pa\u00edses. Confira quais s\u00e3o eles!<\/p>\n<p>O caf\u00e9 \u00e9 a bebida mais consumida no mundo, depois da \u00e1gua. A popularidade dele se explica n\u00e3o s\u00f3 pelo seu sabor marcante, mas tamb\u00e9m pela variedade de contextos e culturas nas quais \u00e9 consumido.<\/p>\n<p>Isso torna o caf\u00e9 n\u00e3o uma mera bebida, mas uma experi\u00eancia cultural que pode variar muito dependendo da regi\u00e3o do mundo em que voc\u00ea se encontra. \u00c9 com ele que uma cultura elabora rituais \u00fanicos na hist\u00f3ria de um povo. Por isso, antes de escolher a sua <a href=\"https:\/\/www.bicafebrasil.com.br\/capsulas-compativeis-para-nespresso\/capsula-de-cafe-compativel-nespresso\" target=\"_blank\" rel=\"noopener\">c\u00e1psula de caf\u00e9 <\/a><a href=\"https:\/\/www.bicafebrasil.com.br\/capsulas-compativeis-para-nespresso\/capsula-de-cafe-compativel-nespresso\" target=\"_blank\" rel=\"noopener\">compat\u00edvel<\/a><a href=\"https:\/\/www.bicafebrasil.com.br\/capsulas-compativeis-para-nespresso\/capsula-de-cafe-compativel-nespresso\" target=\"_blank\" rel=\"noopener\"> Nespresso<\/a> favorita, veja mais sobre como essa bebida \u00e9 consumida em diferentes pa\u00edses!<\/p>\n<h2>Caf\u00e9 Brasil<\/h2>\n<p>O Brasil \u00e9 nada menos que o maior produtor de caf\u00e9 do mundo, com uma produ\u00e7\u00e3o anual de 3.019.051 toneladas de volume. A cultura desse tipo de gr\u00e3o come\u00e7ou no pa\u00eds no s\u00e9culo XVIII e, no s\u00e9culo seguinte, tornou-se o principal produto de exporta\u00e7\u00e3o nacional, levando, inclusive, o Sudeste a se tornar o principal polo econ\u00f4mico do pa\u00eds.<\/p>\n<p>Os estados brasileiros que mais produzem caf\u00e9 s\u00e3o Minas Gerais, S\u00e3o Paulo e Paran\u00e1. No Brasil, o caf\u00e9 \u00e9 consumido em diferentes ocasi\u00f5es \u2014 seja na hora do caf\u00e9 da manh\u00e3 ou da tarde (sendo muitas vezes misturado ao leite), seja ap\u00f3s o almo\u00e7o. No pa\u00eds, \u00e9 comum que pessoas consumam algumas por\u00e7\u00f5es de caf\u00e9 ao longo do dia.<\/p>\n<p>Um diferencial da produ\u00e7\u00e3o cafeeira brasileira \u00e9 o desenvolvimento de um processo seco, em que os gr\u00e3os de caf\u00e9 s\u00e3o expostos ao sol para secar, em vez desses gr\u00e3os serem molhados, como ocorre em outras na\u00e7\u00f5es.<\/p>\n<h2>Eti\u00f3pia<\/h2>\n<p>O pa\u00eds \u00e9 o ber\u00e7o do gr\u00e3o do caf\u00e9 ar\u00e1bico, o mais popular do mundo, e produz grandes volumes de gr\u00e3os todos os anos, sendo o quinto maior produtor mundial hoje. O caf\u00e9 \u00e9 um produto essencial na economia et\u00edope, com destaque para a capital, Adis Abeba. Do continente africano, o caf\u00e9 ent\u00e3o se popularizou na regi\u00e3o \u00e1rabe, onde ganhou novas t\u00e9cnicas de torra\u00e7\u00e3o e preparo.<\/p>\n<p>Na Eti\u00f3pia, existe um ritual especial para servir caf\u00e9: ele deve ser servido por uma mulher em trajes especiais. Primeiro, ela leva os gr\u00e3os para a mesa, lava-os e prepara o fogo para a torra em uma panela.<\/p>\n<p>Essa mulher deve mexer os gr\u00e3os incessantemente na panela at\u00e9 que estes atinjam o grau desejado de torra. S\u00f3 ent\u00e3o o caf\u00e9 \u00e9 mo\u00eddo em um pil\u00e3o e \u00e9 misturado \u00e0 \u00e1gua quente para ser consumido. Outra caracter\u00edstica interessante \u00e9 que, nesse pa\u00eds, o caf\u00e9 \u00e9 geralmente oferecido com alguma guloseima (como pipoca) e o ritual \u00e9 acompanhado por incensos, que podem despertar ainda mais o paladar!<\/p>\n<h2>Turquia<\/h2>\n<p>A Turquia \u00e9 outro pa\u00eds instigante no que se refere ao consumo de caf\u00e9: ele \u00e9 consumido sem ser coado. Assim, com gr\u00e3os escuros bem caracter\u00edsticos, o caf\u00e9 \u00e9 muito concentrado e deixa uma borra no fundo, que, segundo a cultura local, pode revelar o futuro.<\/p>\n<p>O caf\u00e9 turco geralmente \u00e9 preparado em uma <em>cezve <\/em>(recipiente de cobre ou lat\u00e3o). Essa bebida \u00e9 lida na cultura turca como s\u00edmbolo de hospitalidade e \u00e9 comumente oferecida aos visitantes nos mais diversos contextos.<\/p>\n<h2>It\u00e1lia<\/h2>\n<p>A It\u00e1lia \u00e9 uma <a href=\"https:\/\/visiteobrasil.com.br\/news\/destinos-turisticos-da-italia\">refer\u00eancia gastron\u00f4mica<\/a> conhecida em todo o mundo. O caf\u00e9 \u00e9 um exemplo n\u00edtido disso, j\u00e1 que os italianos criaram bebidas com ele consumidas em todo o mundo, como o cappuccino, o latte e o macchiato, al\u00e9m do bom e velho espresso.<\/p>\n<p>Essas bebidas misturam caf\u00e9 com diferentes ingredientes, como o leite vaporizado e a espuma. O mais comum \u00e9 que o caf\u00e9 na It\u00e1lia seja bem forte e consumido no balc\u00e3o de forma r\u00e1pida e em pequenas por\u00e7\u00f5es ao longo do dia, devidamente acompanhado depois por um copo de \u00e1gua.<\/p>\n","protected":false},"excerpt":{"rendered":"<p>Embora seja uma das bebidas mais consumidas no mundo, o caf\u00e9 \u00e9 ainda mais marcante na hist\u00f3ria e na cultura de alguns pa\u00edses. Confira quais s\u00e3o eles! O caf\u00e9 \u00e9 a bebida mais consumida no mundo, depois da \u00e1gua. A popularidade dele se explica n\u00e3o s\u00f3 pelo seu sabor marcante, mas tamb\u00e9m pela variedade de [&hellip;]<\/p>\n","protected":false},"author":2,"featured_media":13005,"comment_status":"open","ping_status":"open","sticky":false,"template":"","format":"standard","meta":{"_jetpack_memberships_contains_paid_content":false,"footnotes":"","jetpack_publicize_message":"","jetpack_publicize_feature_enabled":true,"jetpack_social_post_already_shared":true,"jetpack_social_options":{"image_generator_settings":{"template":"highway","default_image_id":0,"font":"","enabled":false},"version":2}},"categories":[751],"tags":[],"class_list":["post-13002","post","type-post","status-publish","format-standard","has-post-thumbnail","hentry","category-curiosidades"],"jetpack_publicize_connections":[],"jetpack_featured_media_url":"https:\/\/i0.wp.com\/www.visiteobrasil.com.br\/news\/wp-content\/uploads\/2024\/06\/Cafe-Creditos-Kevin-Schmid-Unsplash.jpg?fit=900%2C600&ssl=1","jetpack-related-posts":[{"id":13210,"url":"https:\/\/www.visiteobrasil.com.br\/news\/sabores-que-surpreendem-explorando-bebidas-de-culturas-diferentes\/","url_meta":{"origin":13002,"position":0},"title":"Sabores que surpreendem: explorando bebidas de culturas diferentes","author":"Ramon","date":"15 de dezembro de 2024","format":false,"excerpt":"Confira, neste artigo, uma lista completa com bebidas ex\u00f3ticas e de diferentes culturas que voc\u00ea com certeza vai querer experimentar. As bebidas s\u00e3o uma parte muito importante em todas as culturas, refletindo tradi\u00e7\u00f5es. Ao explorar essa diversidade de sabores que as bebidas podem oferecer, conseguimos descobrir novas sensa\u00e7\u00f5es que v\u00e3o\u2026","rel":"","context":"Em &quot;Dicas legais&quot;","block_context":{"text":"Dicas legais","link":"https:\/\/www.visiteobrasil.com.br\/news\/dicas-legais\/"},"img":{"alt_text":"Bebidas ex\u00f3ticas","src":"https:\/\/i0.wp.com\/www.visiteobrasil.com.br\/news\/wp-content\/uploads\/2024\/12\/Bebidas-exoticas-2.jpg?fit=900%2C600&ssl=1&resize=350%2C200","width":350,"height":200,"srcset":"https:\/\/i0.wp.com\/www.visiteobrasil.com.br\/news\/wp-content\/uploads\/2024\/12\/Bebidas-exoticas-2.jpg?fit=900%2C600&ssl=1&resize=350%2C200 1x, https:\/\/i0.wp.com\/www.visiteobrasil.com.br\/news\/wp-content\/uploads\/2024\/12\/Bebidas-exoticas-2.jpg?fit=900%2C600&ssl=1&resize=525%2C300 1.5x, https:\/\/i0.wp.com\/www.visiteobrasil.com.br\/news\/wp-content\/uploads\/2024\/12\/Bebidas-exoticas-2.jpg?fit=900%2C600&ssl=1&resize=700%2C400 2x"},"classes":[]},{"id":13410,"url":"https:\/\/www.visiteobrasil.com.br\/news\/turismo-de-inverno-no-sul-do-brasil\/","url_meta":{"origin":13002,"position":1},"title":"Turismo de inverno no Sul do Brasil encanta com frio gostoso e bem-estar","author":"Ramon","date":"6 de julho de 2025","format":false,"excerpt":"Turismo de inverno no Sul do Brasil \u00e9 convite ao acolhimento e equil\u00edbrio emocional O turismo de inverno no Sul do Brasil tem se consolidado como uma das experi\u00eancias mais acolhedoras e transformadoras para brasileiros e estrangeiros. Al\u00e9m de oferecer paisagens encantadoras, gastronomia diferenciada e cidades com forte influ\u00eancia europeia,\u2026","rel":"","context":"Em &quot;Artigos&quot;","block_context":{"text":"Artigos","link":"https:\/\/www.visiteobrasil.com.br\/news\/artigos\/"},"img":{"alt_text":"turismo de inverno no Sul do Brasil. Um casal comemorando o frio, bebendo chocolate quente","src":"https:\/\/i0.wp.com\/www.visiteobrasil.com.br\/news\/wp-content\/uploads\/2025\/07\/turismo-de-inverno-no-sul-do-brasil.jpeg?fit=900%2C600&ssl=1&resize=350%2C200","width":350,"height":200,"srcset":"https:\/\/i0.wp.com\/www.visiteobrasil.com.br\/news\/wp-content\/uploads\/2025\/07\/turismo-de-inverno-no-sul-do-brasil.jpeg?fit=900%2C600&ssl=1&resize=350%2C200 1x, https:\/\/i0.wp.com\/www.visiteobrasil.com.br\/news\/wp-content\/uploads\/2025\/07\/turismo-de-inverno-no-sul-do-brasil.jpeg?fit=900%2C600&ssl=1&resize=525%2C300 1.5x, https:\/\/i0.wp.com\/www.visiteobrasil.com.br\/news\/wp-content\/uploads\/2025\/07\/turismo-de-inverno-no-sul-do-brasil.jpeg?fit=900%2C600&ssl=1&resize=700%2C400 2x"},"classes":[]},{"id":10764,"url":"https:\/\/www.visiteobrasil.com.br\/news\/uma-viagem-pelos-paises-onde-a-cerveja-e-tradicao\/","url_meta":{"origin":13002,"position":2},"title":"Uma viagem pelos pa\u00edses onde a cerveja \u00e9 tradi\u00e7\u00e3o","author":"Ramon","date":"11 de fevereiro de 2024","format":false,"excerpt":"A cerveja \u00e9 uma bebida extremamente popular em todo mundo, sendo produzida na maioria esmagadora dos pa\u00edses. Entretanto, apesar da bebida ser f\u00e1cil de se achar, existem alguns pa\u00edses que merecem aten\u00e7\u00e3o especial, j\u00e1 que possuem uma grande tradi\u00e7\u00e3o em produzir cervejas que s\u00e3o de muita qualidade e admiradas por\u2026","rel":"","context":"Em &quot;Artigos&quot;","block_context":{"text":"Artigos","link":"https:\/\/www.visiteobrasil.com.br\/news\/artigos\/"},"img":{"alt_text":"Uma cerveja sob a balaustrada de um lago","src":"https:\/\/i0.wp.com\/www.visiteobrasil.com.br\/news\/wp-content\/uploads\/2024\/02\/Cerveja-no-mundo-Foto-Pexels.jpg?fit=900%2C597&ssl=1&resize=350%2C200","width":350,"height":200,"srcset":"https:\/\/i0.wp.com\/www.visiteobrasil.com.br\/news\/wp-content\/uploads\/2024\/02\/Cerveja-no-mundo-Foto-Pexels.jpg?fit=900%2C597&ssl=1&resize=350%2C200 1x, https:\/\/i0.wp.com\/www.visiteobrasil.com.br\/news\/wp-content\/uploads\/2024\/02\/Cerveja-no-mundo-Foto-Pexels.jpg?fit=900%2C597&ssl=1&resize=525%2C300 1.5x, https:\/\/i0.wp.com\/www.visiteobrasil.com.br\/news\/wp-content\/uploads\/2024\/02\/Cerveja-no-mundo-Foto-Pexels.jpg?fit=900%2C597&ssl=1&resize=700%2C400 2x"},"classes":[]},{"id":13173,"url":"https:\/\/www.visiteobrasil.com.br\/news\/diferencas-de-regionalidade-na-culinaria-brasileira\/","url_meta":{"origin":13002,"position":3},"title":"Diferen\u00e7as de regionalidade na culin\u00e1ria brasileira","author":"Ramon","date":"10 de novembro de 2024","format":false,"excerpt":"A culin\u00e1ria brasileira \u00e9 t\u00e3o vasta e diversa quanto o pr\u00f3prio pa\u00eds. De norte a sul, cada regi\u00e3o tem sua pr\u00f3pria identidade gastron\u00f4mica, cheia de ingredientes t\u00edpicos e modos de preparo que refletem a cultura e as tradi\u00e7\u00f5es locais. Quem j\u00e1 experimentou um acaraj\u00e9 na Bahia ou um chimarr\u00e3o no\u2026","rel":"","context":"Em &quot;Curiosidades&quot;","block_context":{"text":"Curiosidades","link":"https:\/\/www.visiteobrasil.com.br\/news\/curiosidades\/"},"img":{"alt_text":"Culinaria-Creditos- gylmarkc- Pixabay","src":"https:\/\/i0.wp.com\/www.visiteobrasil.com.br\/news\/wp-content\/uploads\/2024\/11\/Culinaria-Creditos-gylmarkc-Pixabay.jpg?fit=900%2C600&ssl=1&resize=350%2C200","width":350,"height":200,"srcset":"https:\/\/i0.wp.com\/www.visiteobrasil.com.br\/news\/wp-content\/uploads\/2024\/11\/Culinaria-Creditos-gylmarkc-Pixabay.jpg?fit=900%2C600&ssl=1&resize=350%2C200 1x, https:\/\/i0.wp.com\/www.visiteobrasil.com.br\/news\/wp-content\/uploads\/2024\/11\/Culinaria-Creditos-gylmarkc-Pixabay.jpg?fit=900%2C600&ssl=1&resize=525%2C300 1.5x, https:\/\/i0.wp.com\/www.visiteobrasil.com.br\/news\/wp-content\/uploads\/2024\/11\/Culinaria-Creditos-gylmarkc-Pixabay.jpg?fit=900%2C600&ssl=1&resize=700%2C400 2x"},"classes":[]},{"id":13306,"url":"https:\/\/www.visiteobrasil.com.br\/news\/os-cinco-melhores-destinos-brasileiros-para-viajar-em-2025\/","url_meta":{"origin":13002,"position":4},"title":"Os cinco melhores destinos brasileiros para viajar em 2025","author":"Ramon","date":"30 de mar\u00e7o de 2025","format":false,"excerpt":"O Brasil \u00e9 um pa\u00eds de dimens\u00f5es continentais, repleto de diversidade cultural, geogr\u00e1fica e hist\u00f3rica. De norte a sul, o pa\u00eds oferece uma vasta gama de destinos que atendem a todos os gostos e or\u00e7amentos, desde praias paradis\u00edacas at\u00e9 cidades hist\u00f3ricas, passando por experi\u00eancias gastron\u00f4micas \u00fanicas e ecoturismo em ambientes\u2026","rel":"","context":"Em &quot;Artigos&quot;","block_context":{"text":"Artigos","link":"https:\/\/www.visiteobrasil.com.br\/news\/artigos\/"},"img":{"alt_text":"Destino - Praia Jericoacoara-Ce - Freepick","src":"https:\/\/i0.wp.com\/www.visiteobrasil.com.br\/news\/wp-content\/uploads\/2025\/03\/Praia-Jericoacoara-ce-Freepick.jpg?fit=900%2C600&ssl=1&resize=350%2C200","width":350,"height":200,"srcset":"https:\/\/i0.wp.com\/www.visiteobrasil.com.br\/news\/wp-content\/uploads\/2025\/03\/Praia-Jericoacoara-ce-Freepick.jpg?fit=900%2C600&ssl=1&resize=350%2C200 1x, https:\/\/i0.wp.com\/www.visiteobrasil.com.br\/news\/wp-content\/uploads\/2025\/03\/Praia-Jericoacoara-ce-Freepick.jpg?fit=900%2C600&ssl=1&resize=525%2C300 1.5x, https:\/\/i0.wp.com\/www.visiteobrasil.com.br\/news\/wp-content\/uploads\/2025\/03\/Praia-Jericoacoara-ce-Freepick.jpg?fit=900%2C600&ssl=1&resize=700%2C400 2x"},"classes":[]},{"id":13273,"url":"https:\/\/www.visiteobrasil.com.br\/news\/alimentos-de-origem-estrangeira-que-conquistaram-o-brasil\/","url_meta":{"origin":13002,"position":5},"title":"Alimentos de origem estrangeira que conquistaram o Brasil","author":"Ramon","date":"23 de fevereiro de 2025","format":false,"excerpt":"A culin\u00e1ria brasileira \u00e9 um verdadeiro reflexo da rica diversidade cultural do pa\u00eds. Ao longo de sua hist\u00f3ria, o Brasil recebeu imigrantes de diversas partes do mundo, trazendo consigo suas culin\u00e1rias e receitas tradicionais \u2014 muitas foram incorporadas ao dia a dia dos brasileiros! A seguir, veja seis alimentos de\u2026","rel":"","context":"Em &quot;Artigos&quot;","block_context":{"text":"Artigos","link":"https:\/\/www.visiteobrasil.com.br\/news\/artigos\/"},"img":{"alt_text":"Brasil - Alimentos-estrangeiros-Foto-Salvatore Monetti-Pixabay","src":"https:\/\/i0.wp.com\/www.visiteobrasil.com.br\/news\/wp-content\/uploads\/2025\/02\/Alimentos-estrangeiros-Foto-SalvatoreMonetti-Pixabay.jpg?fit=900%2C600&ssl=1&resize=350%2C200","width":350,"height":200,"srcset":"https:\/\/i0.wp.com\/www.visiteobrasil.com.br\/news\/wp-content\/uploads\/2025\/02\/Alimentos-estrangeiros-Foto-SalvatoreMonetti-Pixabay.jpg?fit=900%2C600&ssl=1&resize=350%2C200 1x, https:\/\/i0.wp.com\/www.visiteobrasil.com.br\/news\/wp-content\/uploads\/2025\/02\/Alimentos-estrangeiros-Foto-SalvatoreMonetti-Pixabay.jpg?fit=900%2C600&ssl=1&resize=525%2C300 1.5x, https:\/\/i0.wp.com\/www.visiteobrasil.com.br\/news\/wp-content\/uploads\/2025\/02\/Alimentos-estrangeiros-Foto-SalvatoreMonetti-Pixabay.jpg?fit=900%2C600&ssl=1&resize=700%2C400 2x"},"classes":[]}],"jetpack_sharing_enabled":true,"jetpack_likes_enabled":true,"_links":{"self":[{"href":"https:\/\/www.visiteobrasil.com.br\/news\/wp-json\/wp\/v2\/posts\/13002","targetHints":{"allow":["GET"]}}],"collection":[{"href":"https:\/\/www.visiteobrasil.com.br\/news\/wp-json\/wp\/v2\/posts"}],"about":[{"href":"https:\/\/www.visiteobrasil.com.br\/news\/wp-json\/wp\/v2\/types\/post"}],"author":[{"embeddable":true,"href":"https:\/\/www.visiteobrasil.com.br\/news\/wp-json\/wp\/v2\/users\/2"}],"replies":[{"embeddable":true,"href":"https:\/\/www.visiteobrasil.com.br\/news\/wp-json\/wp\/v2\/comments?post=13002"}],"version-history":[{"count":2,"href":"https:\/\/www.visiteobrasil.com.br\/news\/wp-json\/wp\/v2\/posts\/13002\/revisions"}],"predecessor-version":[{"id":13006,"href":"https:\/\/www.visiteobrasil.com.br\/news\/wp-json\/wp\/v2\/posts\/13002\/revisions\/13006"}],"wp:featuredmedia":[{"embeddable":true,"href":"https:\/\/www.visiteobrasil.com.br\/news\/wp-json\/wp\/v2\/media\/13005"}],"wp:attachment":[{"href":"https:\/\/www.visiteobrasil.com.br\/news\/wp-json\/wp\/v2\/media?parent=13002"}],"wp:term":[{"taxonomy":"category","embeddable":true,"href":"https:\/\/www.visiteobrasil.com.br\/news\/wp-json\/wp\/v2\/categories?post=13002"},{"taxonomy":"post_tag","embeddable":true,"href":"https:\/\/www.visiteobrasil.com.br\/news\/wp-json\/wp\/v2\/tags?post=13002"}],"curies":[{"name":"wp","href":"https:\/\/api.w.org\/{rel}","templated":true}]}}