{"id":12972,"date":"2024-05-19T10:02:38","date_gmt":"2024-05-19T13:02:38","guid":{"rendered":"https:\/\/www.visiteobrasil.com.br\/news\/?p=12972"},"modified":"2024-05-19T10:02:38","modified_gmt":"2024-05-19T13:02:38","slug":"veja-dicas-para-aproveitar-a-neve-nos-paises-da-america-do-sul","status":"publish","type":"post","link":"https:\/\/www.visiteobrasil.com.br\/news\/veja-dicas-para-aproveitar-a-neve-nos-paises-da-america-do-sul\/","title":{"rendered":"Veja dicas para aproveitar a neve nos pa\u00edses da Am\u00e9rica do Sul"},"content":{"rendered":"<p>No Brasil, a ocorr\u00eancia da neve \u00e9 um fen\u00f4meno mais pontual e restrito a alguns per\u00edodos e regi\u00f5es espec\u00edficas. Por\u00e9m, em outros pa\u00edses da Am\u00e9rica Latina, \u00e9 poss\u00edvel ter essa experi\u00eancia de forma mais comum.<\/p>\n<p>&nbsp;<\/p>\n<p>Isso ocorre especialmente na Argentina e no Chile, mas tamb\u00e9m no Peru. Por isso, se voc\u00ea ama neve ou tem vontade de conhec\u00ea-la, veja algumas dicas importantes de lugares a visitar e como preparar essa <a href=\"https:\/\/www.visiteobrasil.com.br\/news\/o-que-nao-pode-faltar-na-mala-de-viagem-para-qualquer-destino\/\">viagem<\/a> e, ent\u00e3o, compre suas <a href=\"https:\/\/www.passagenspromo.com.br\/passagens-aereas-internacionais\/\" target=\"_blank\" rel=\"noopener\">passagens a\u00e9reas para Santiago<\/a>!<\/p>\n<h2>Para onde ir<\/h2>\n<p>A Am\u00e9rica Latina oferece lugares impressionantes para quem ama ou deseja conhecer a neve e curtir paisagens deslumbrantes e \u00fanicas, al\u00e9m de atividades imperd\u00edveis.<\/p>\n<p>No Chile, alguns dos destinos mais famosos s\u00e3o o belo Valle Nevado, um dos maiores centros de esqui da Am\u00e9rica do Sul, capaz de acolher esquiadores de todos os n\u00edveis e tipos de experi\u00eancias. Outro destino chileno imperd\u00edvel \u00e9 Puc\u00f3n, localizado na regi\u00e3o dos lagos e vulc\u00f5es no sul do pa\u00eds, com paisagens deslumbrantes e a oportunidade de praticar esportes radicais!<\/p>\n<p>Nos arredores de Santiago est\u00e1 Caj\u00f3n del Maipo, famoso por oferecer atividades de esqui de montanha, que exigem maior n\u00edvel de experi\u00eancia. Por\u00e9m, tamb\u00e9m \u00e9 poss\u00edvel fazer esqui de passeio, mais tranquilo e igualmente inesquec\u00edvel! Para isso, \u00e9 recomendado contratar um guia especializado para aproveitar a experi\u00eancia ao m\u00e1ximo com seguran\u00e7a!<\/p>\n<p>J\u00e1 na Argentina, <a href=\"https:\/\/www.visiteobrasil.com.br\/internacional\/america-do-sul\/argentina\/bariloche\">Bariloche<\/a> \u00e9 o destino mais conhecido para amantes da neve, j\u00e1 que oferece diversas atividades al\u00e9m do esqui, como snowboard e caminhadas na neve. Contudo, existem muitos outros lugares, como Las Le\u00f1as, conhecido por suas pistas longas, e Ushuaia (Cerro Castor), localizada na emblem\u00e1tica Terra do Fogo, conhecida como a esta\u00e7\u00e3o de esqui mais austral do mundo.<\/p>\n<p>No Peru, tamb\u00e9m \u00e9 poss\u00edvel ter essa experi\u00eancia em Huascar\u00e1n, o ponto mais alto do pa\u00eds, com 6.789 metros acima do mar. Esse lugar se localiza em Ancash, nos Andes peruanos. As paisagens locais s\u00e3o de tirar o f\u00f4lego!<\/p>\n<h2>Dicas de seguran\u00e7a<\/h2>\n<p>Aventurar-se na neve demanda algumas medidas b\u00e1sicas de seguran\u00e7a. A primeira delas \u00e9 ter roupas adequadas, ou seja, imperme\u00e1veis e t\u00e9rmicas, capazes de garantir conforto t\u00e9rmico e prote\u00e7\u00e3o. Al\u00e9m disso, acess\u00f3rios como luvas, gorros e \u00f3culos de prote\u00e7\u00e3o, al\u00e9m de cal\u00e7ados pr\u00f3prios para esse tipo de clima s\u00e3o vitais.<\/p>\n<p>Lembre-se de levar filtro solar, pois lugares com neve tamb\u00e9m podem apresentar raios UV intensos, e caprichar na hidrata\u00e7\u00e3o, j\u00e1 que a altitude elevada e o frio podem desidratar o seu organismo. Ao optar por atividades e esportes na neve, busque um seguro-viagem ou verifique se o seu cobre aventuras como esqui, caminhadas, passeios de tren\u00f3 e snowmobiling.<\/p>\n<h2>Planejamento e cuidados com a natureza<\/h2>\n<p>Outro ponto essencial \u00e9 fazer um bom planejamento da viagem. A temporada de neve geralmente vai de junho a setembro. Os meses de pico s\u00e3o julho e agosto, por isso, se voc\u00ea deseja evitar multid\u00f5es e encontrar pre\u00e7os um pouco menores, considere <a href=\"https:\/\/www.visiteobrasil.com.br\/news\/mtur-lanca-boletim-inedito-sobre-turismo-de-pesca-no-brasil\/\">viajar<\/a> no in\u00edcio ou no fim da temporada.<\/p>\n<p>Al\u00e9m disso, \u00e9 preciso fazer reservas antecipadas de hot\u00e9is e esta\u00e7\u00f5es de esqui, j\u00e1 que a procura \u00e9 grande e os ingressos podem acabar rapidamente. Veja tamb\u00e9m como chegar at\u00e9 os destinos planejados e qual \u00e9 a melhor op\u00e7\u00e3o de transporte no local. Ainda, n\u00e3o deixe de aproveitar a oportunidade de conhecer a gastronomia local, provar pratos t\u00edpicos e um \u00f3timo vinho ap\u00f3s o dia na neve.<\/p>\n<p>Por fim, \u00e9 crucial estar atento \u00e0s leis e regras locais de preserva\u00e7\u00e3o ambiental. Siga as instru\u00e7\u00f5es dos guias e empresas de <a href=\"https:\/\/www.visiteobrasil.com.br\/news\/dicas-essenciais-para-viajar-com-gatos\/\">turismo<\/a> e n\u00e3o deixe lixo, a fim de respeitar o bioma e a vida selvagem. A Am\u00e9rica do Sul \u00e9 um continente incr\u00edvel e oferece lugares imperd\u00edveis para conhecer, inclusive para os amantes da neve!<\/p>\n","protected":false},"excerpt":{"rendered":"<p>No Brasil, a ocorr\u00eancia da neve \u00e9 um fen\u00f4meno mais pontual e restrito a alguns per\u00edodos e regi\u00f5es espec\u00edficas. Por\u00e9m, em outros pa\u00edses da Am\u00e9rica Latina, \u00e9 poss\u00edvel ter essa experi\u00eancia de forma mais comum. &nbsp; Isso ocorre especialmente na Argentina e no Chile, mas tamb\u00e9m no Peru. Por isso, se voc\u00ea ama neve ou [&hellip;]<\/p>\n","protected":false},"author":2,"featured_media":12973,"comment_status":"open","ping_status":"open","sticky":false,"template":"","format":"standard","meta":{"_jetpack_memberships_contains_paid_content":false,"footnotes":"","jetpack_publicize_message":"","jetpack_publicize_feature_enabled":true,"jetpack_social_post_already_shared":true,"jetpack_social_options":{"image_generator_settings":{"template":"highway","default_image_id":0,"font":"","enabled":false},"version":2}},"categories":[702],"tags":[],"class_list":["post-12972","post","type-post","status-publish","format-standard","has-post-thumbnail","hentry","category-dicas-legais"],"jetpack_publicize_connections":[],"jetpack_featured_media_url":"https:\/\/i0.wp.com\/www.visiteobrasil.com.br\/news\/wp-content\/uploads\/2024\/05\/Neve-winter-landscape-2995987_1280.jpg?fit=900%2C600&ssl=1","jetpack-related-posts":[{"id":13394,"url":"https:\/\/www.visiteobrasil.com.br\/news\/turismo-se-firma-como-pilar-de-crescimento-economico-no-brasil-e-na-america-latina\/","url_meta":{"origin":12972,"position":0},"title":"Turismo se Firma como Pilar de Crescimento Econ\u00f4mico no Brasil e na Am\u00e9rica Latina","author":"Ramon","date":"9 de junho de 2025","format":false,"excerpt":"Nos \u00faltimos anos, o turismo tem se consolidado como um dos principais pilares do crescimento econ\u00f4mico no Brasil e em toda a Am\u00e9rica Latina. Com n\u00fameros recordes de turistas internacionais, expans\u00e3o das infraestruturas e forte presen\u00e7a no ranking global de turismo de neg\u00f3cios, o setor tem demonstrado sua relev\u00e2ncia estrat\u00e9gica\u2026","rel":"","context":"Em &quot;Artigos&quot;","block_context":{"text":"Artigos","link":"https:\/\/www.visiteobrasil.com.br\/news\/artigos\/"},"img":{"alt_text":"Crescimento: stopover: Passagens a\u00e9reas - Avi\u00e3o taxiando na pista","src":"https:\/\/i0.wp.com\/www.visiteobrasil.com.br\/news\/wp-content\/uploads\/2023\/12\/rocker-sta-RSYBi_1fhfM-unsplash.jpg?fit=900%2C600&ssl=1&resize=350%2C200","width":350,"height":200,"srcset":"https:\/\/i0.wp.com\/www.visiteobrasil.com.br\/news\/wp-content\/uploads\/2023\/12\/rocker-sta-RSYBi_1fhfM-unsplash.jpg?fit=900%2C600&ssl=1&resize=350%2C200 1x, https:\/\/i0.wp.com\/www.visiteobrasil.com.br\/news\/wp-content\/uploads\/2023\/12\/rocker-sta-RSYBi_1fhfM-unsplash.jpg?fit=900%2C600&ssl=1&resize=525%2C300 1.5x, https:\/\/i0.wp.com\/www.visiteobrasil.com.br\/news\/wp-content\/uploads\/2023\/12\/rocker-sta-RSYBi_1fhfM-unsplash.jpg?fit=900%2C600&ssl=1&resize=700%2C400 2x"},"classes":[]},{"id":13152,"url":"https:\/\/www.visiteobrasil.com.br\/news\/viagem-de-cruzeiro-explore-o-mundo-a-bordo-e-descubra-destinos-inesqueciveis\/","url_meta":{"origin":12972,"position":1},"title":"Viagem de Cruzeiro: Explore o mundo a bordo e descubra destinos inesquec\u00edveis","author":"Ramon","date":"17 de outubro de 2024","format":false,"excerpt":"Fazer uma viagem de cruzeiro \u00e9, sem d\u00favida, uma das formas mais empolgantes de conhecer o mundo. A possibilidade de visitar diversas cidades, pa\u00edses e at\u00e9 continentes em uma \u00fanica jornada atrai viajantes que buscam conforto e praticidade, sem abrir m\u00e3o da aventura e da descoberta. Durante uma viagem de\u2026","rel":"","context":"Em &quot;Artigos&quot;","block_context":{"text":"Artigos","link":"https:\/\/www.visiteobrasil.com.br\/news\/artigos\/"},"img":{"alt_text":"Viagem de cruzeiro - 1-Alto-mar-fl Costa Deliziosa- Lauderdale-debut-","src":"https:\/\/i0.wp.com\/www.visiteobrasil.com.br\/news\/wp-content\/uploads\/2024\/10\/1-Alto-mar-fl-costa-deliziosa-lauderdale-debut-20150526.jpg?fit=900%2C600&ssl=1&resize=350%2C200","width":350,"height":200,"srcset":"https:\/\/i0.wp.com\/www.visiteobrasil.com.br\/news\/wp-content\/uploads\/2024\/10\/1-Alto-mar-fl-costa-deliziosa-lauderdale-debut-20150526.jpg?fit=900%2C600&ssl=1&resize=350%2C200 1x, https:\/\/i0.wp.com\/www.visiteobrasil.com.br\/news\/wp-content\/uploads\/2024\/10\/1-Alto-mar-fl-costa-deliziosa-lauderdale-debut-20150526.jpg?fit=900%2C600&ssl=1&resize=525%2C300 1.5x, https:\/\/i0.wp.com\/www.visiteobrasil.com.br\/news\/wp-content\/uploads\/2024\/10\/1-Alto-mar-fl-costa-deliziosa-lauderdale-debut-20150526.jpg?fit=900%2C600&ssl=1&resize=700%2C400 2x"},"classes":[]},{"id":13328,"url":"https:\/\/www.visiteobrasil.com.br\/news\/brasil-e-chile-reforcam-cooperacao-turistica-com-foco-em-sustentabilidade\/","url_meta":{"origin":12972,"position":2},"title":"Brasil e Chile refor\u00e7am coopera\u00e7\u00e3o tur\u00edstica com foco em sustentabilidade","author":"Ramon","date":"27 de abril de 2025","format":false,"excerpt":"A coopera\u00e7\u00e3o tur\u00edstica entre Brasil e Chile avan\u00e7ou com uma reuni\u00e3o realizada em Bras\u00edlia (DF), onde representantes dos dois pa\u00edses discutiram estrat\u00e9gias para promover um setor mais sustent\u00e1vel, inclusivo e conectado. O encontro reuniu a secret\u00e1ria nacional de Pol\u00edticas de Turismo, Cristiane Sampaio, e a subsecret\u00e1ria de Turismo do Chile,\u2026","rel":"","context":"Em &quot;Artigos&quot;","block_context":{"text":"Artigos","link":"https:\/\/www.visiteobrasil.com.br\/news\/artigos\/"},"img":{"alt_text":"Representantes do Brasil e do Chile","src":"https:\/\/i0.wp.com\/www.visiteobrasil.com.br\/news\/wp-content\/uploads\/2025\/04\/Brasil-Chile-Credito-Roberto-Castro-MTur.jpeg?fit=900%2C600&ssl=1&resize=350%2C200","width":350,"height":200,"srcset":"https:\/\/i0.wp.com\/www.visiteobrasil.com.br\/news\/wp-content\/uploads\/2025\/04\/Brasil-Chile-Credito-Roberto-Castro-MTur.jpeg?fit=900%2C600&ssl=1&resize=350%2C200 1x, https:\/\/i0.wp.com\/www.visiteobrasil.com.br\/news\/wp-content\/uploads\/2025\/04\/Brasil-Chile-Credito-Roberto-Castro-MTur.jpeg?fit=900%2C600&ssl=1&resize=525%2C300 1.5x, https:\/\/i0.wp.com\/www.visiteobrasil.com.br\/news\/wp-content\/uploads\/2025\/04\/Brasil-Chile-Credito-Roberto-Castro-MTur.jpeg?fit=900%2C600&ssl=1&resize=700%2C400 2x"},"classes":[]},{"id":13124,"url":"https:\/\/www.visiteobrasil.com.br\/news\/cidades-do-sul-qualidade-e-estilo-de-vida-em-jogo\/","url_meta":{"origin":12972,"position":3},"title":"Cidades do Sul: qualidade e estilo de vida em jogo","author":"Ramon","date":"1 de outubro de 2024","format":false,"excerpt":"Cidades do sul: Ah, o Sul do Brasil! Quem nunca sonhou em visitar ou mesmo morar nesse lugar maravilhoso? Essa regi\u00e3o \u00e9 famosa pelas suas cidades com belas paisagens, qualidade de vida e boas oportunidades de emprego. N\u00e3o \u00e0 toa, pessoas de diferentes estados e regi\u00f5es idealizam uma vida melhor\u2026","rel":"","context":"Em &quot;Dicas legais&quot;","block_context":{"text":"Dicas legais","link":"https:\/\/www.visiteobrasil.com.br\/news\/dicas-legais\/"},"img":{"alt_text":"Camboriu-SC - Cidades do Sul - Freepick","src":"https:\/\/i0.wp.com\/www.visiteobrasil.com.br\/news\/wp-content\/uploads\/2024\/10\/Camboriu-Sc-Freepick.jpg?fit=900%2C600&ssl=1&resize=350%2C200","width":350,"height":200,"srcset":"https:\/\/i0.wp.com\/www.visiteobrasil.com.br\/news\/wp-content\/uploads\/2024\/10\/Camboriu-Sc-Freepick.jpg?fit=900%2C600&ssl=1&resize=350%2C200 1x, https:\/\/i0.wp.com\/www.visiteobrasil.com.br\/news\/wp-content\/uploads\/2024\/10\/Camboriu-Sc-Freepick.jpg?fit=900%2C600&ssl=1&resize=525%2C300 1.5x, https:\/\/i0.wp.com\/www.visiteobrasil.com.br\/news\/wp-content\/uploads\/2024\/10\/Camboriu-Sc-Freepick.jpg?fit=900%2C600&ssl=1&resize=700%2C400 2x"},"classes":[]},{"id":13298,"url":"https:\/\/www.visiteobrasil.com.br\/news\/abril-esta-chegando-com-opcoes-nos-feriados-prolongados\/","url_meta":{"origin":12972,"position":4},"title":"Abril est\u00e1 chegando com op\u00e7\u00f5es nos feriados prolongados","author":"Ramon","date":"23 de mar\u00e7o de 2025","format":false,"excerpt":"O m\u00eas de abril de 2025 promete ser um per\u00edodo excelente para quem busca viajar e aproveitar momentos de descanso. Com o feriado prolongado da Sexta-feira Santa (18\/4) e o feriado de Tiradentes (21\/4), abril oferece uma \u00f3tima oportunidade para quem quer escapar da rotina e explorar novos destinos no\u2026","rel":"","context":"Em &quot;Dicas legais&quot;","block_context":{"text":"Dicas legais","link":"https:\/\/www.visiteobrasil.com.br\/news\/dicas-legais\/"},"img":{"alt_text":"Feriado - Feriados prolongados em Anril. Foto: AI-Freepick","src":"https:\/\/i0.wp.com\/www.visiteobrasil.com.br\/news\/wp-content\/uploads\/2025\/03\/freepik__criar-uma-imagem-de-turismo-de-natureza-no-brasil__83330-2.jpg?fit=900%2C600&ssl=1&resize=350%2C200","width":350,"height":200,"srcset":"https:\/\/i0.wp.com\/www.visiteobrasil.com.br\/news\/wp-content\/uploads\/2025\/03\/freepik__criar-uma-imagem-de-turismo-de-natureza-no-brasil__83330-2.jpg?fit=900%2C600&ssl=1&resize=350%2C200 1x, https:\/\/i0.wp.com\/www.visiteobrasil.com.br\/news\/wp-content\/uploads\/2025\/03\/freepik__criar-uma-imagem-de-turismo-de-natureza-no-brasil__83330-2.jpg?fit=900%2C600&ssl=1&resize=525%2C300 1.5x, https:\/\/i0.wp.com\/www.visiteobrasil.com.br\/news\/wp-content\/uploads\/2025\/03\/freepik__criar-uma-imagem-de-turismo-de-natureza-no-brasil__83330-2.jpg?fit=900%2C600&ssl=1&resize=700%2C400 2x"},"classes":[]},{"id":13191,"url":"https:\/\/www.visiteobrasil.com.br\/news\/brasil-tem-melhor-outubro-no-turismo-internacional-em-35-anos\/","url_meta":{"origin":12972,"position":5},"title":"Brasil tem melhor outubro no turismo internacional em 35 anos","author":"Ramon","date":"24 de novembro de 2024","format":false,"excerpt":"O Brasil celebrou um marco hist\u00f3rico em outubro de 2024, ao receber mais de meio milh\u00e3o de turistas internacionais, o maior n\u00famero registrado para o m\u00eas nos \u00faltimos 35 anos. Este desempenho refor\u00e7a o pa\u00eds como um destino atrativo e coloca o turismo como pe\u00e7a-chave na economia nacional. Com um\u2026","rel":"","context":"Em &quot;Noticias&quot;","block_context":{"text":"Noticias","link":"https:\/\/www.visiteobrasil.com.br\/news\/noticias\/"},"img":{"alt_text":"Onibus-Turismo - Cristo Redentor Rio- Credito: Heibe - Pixabay","src":"https:\/\/i0.wp.com\/www.visiteobrasil.com.br\/news\/wp-content\/uploads\/2024\/11\/Cristo-REdentor-Rio-Credito-Heibe-rio-1303951_1280.jpg?fit=900%2C600&ssl=1&resize=350%2C200","width":350,"height":200,"srcset":"https:\/\/i0.wp.com\/www.visiteobrasil.com.br\/news\/wp-content\/uploads\/2024\/11\/Cristo-REdentor-Rio-Credito-Heibe-rio-1303951_1280.jpg?fit=900%2C600&ssl=1&resize=350%2C200 1x, https:\/\/i0.wp.com\/www.visiteobrasil.com.br\/news\/wp-content\/uploads\/2024\/11\/Cristo-REdentor-Rio-Credito-Heibe-rio-1303951_1280.jpg?fit=900%2C600&ssl=1&resize=525%2C300 1.5x, https:\/\/i0.wp.com\/www.visiteobrasil.com.br\/news\/wp-content\/uploads\/2024\/11\/Cristo-REdentor-Rio-Credito-Heibe-rio-1303951_1280.jpg?fit=900%2C600&ssl=1&resize=700%2C400 2x"},"classes":[]}],"jetpack_sharing_enabled":true,"jetpack_likes_enabled":true,"_links":{"self":[{"href":"https:\/\/www.visiteobrasil.com.br\/news\/wp-json\/wp\/v2\/posts\/12972","targetHints":{"allow":["GET"]}}],"collection":[{"href":"https:\/\/www.visiteobrasil.com.br\/news\/wp-json\/wp\/v2\/posts"}],"about":[{"href":"https:\/\/www.visiteobrasil.com.br\/news\/wp-json\/wp\/v2\/types\/post"}],"author":[{"embeddable":true,"href":"https:\/\/www.visiteobrasil.com.br\/news\/wp-json\/wp\/v2\/users\/2"}],"replies":[{"embeddable":true,"href":"https:\/\/www.visiteobrasil.com.br\/news\/wp-json\/wp\/v2\/comments?post=12972"}],"version-history":[{"count":2,"href":"https:\/\/www.visiteobrasil.com.br\/news\/wp-json\/wp\/v2\/posts\/12972\/revisions"}],"predecessor-version":[{"id":12975,"href":"https:\/\/www.visiteobrasil.com.br\/news\/wp-json\/wp\/v2\/posts\/12972\/revisions\/12975"}],"wp:featuredmedia":[{"embeddable":true,"href":"https:\/\/www.visiteobrasil.com.br\/news\/wp-json\/wp\/v2\/media\/12973"}],"wp:attachment":[{"href":"https:\/\/www.visiteobrasil.com.br\/news\/wp-json\/wp\/v2\/media?parent=12972"}],"wp:term":[{"taxonomy":"category","embeddable":true,"href":"https:\/\/www.visiteobrasil.com.br\/news\/wp-json\/wp\/v2\/categories?post=12972"},{"taxonomy":"post_tag","embeddable":true,"href":"https:\/\/www.visiteobrasil.com.br\/news\/wp-json\/wp\/v2\/tags?post=12972"}],"curies":[{"name":"wp","href":"https:\/\/api.w.org\/{rel}","templated":true}]}}