{"id":12964,"date":"2024-05-12T11:26:13","date_gmt":"2024-05-12T14:26:13","guid":{"rendered":"https:\/\/www.visiteobrasil.com.br\/news\/?p=12964"},"modified":"2024-05-12T11:26:13","modified_gmt":"2024-05-12T14:26:13","slug":"medidas-emergenciais-para-apoio-ao-turismo-afetado-pelas-chuvas-no-rs","status":"publish","type":"post","link":"https:\/\/www.visiteobrasil.com.br\/news\/medidas-emergenciais-para-apoio-ao-turismo-afetado-pelas-chuvas-no-rs\/","title":{"rendered":"Medidas emergenciais para apoio ao turismo afetado pelas chuvas no RS"},"content":{"rendered":"<h2><strong>Medidas Emergenciais para Recupera\u00e7\u00e3o<\/strong><\/h2>\n<p>O Minist\u00e9rio do <a href=\"https:\/\/www.visiteobrasil.com.br\/news\/dicas-essenciais-para-viajar-com-gatos\/\">Turismo<\/a> (MTur) adota <a href=\"https:\/\/www.gov.br\/turismo\/pt-br\/assuntos\/noticias\/mtur-facilita-credito-para-empreendedores-turisticos-prejudicados-por-chuvas-no-rio-grande-do-sul\" target=\"_blank\" rel=\"noopener\">medidas emergenciai<\/a>s para auxiliar empreendedores do setor tur\u00edstico no Rio Grande do Sul, afetados pelos danos das recentes chuvas. Em uma a\u00e7\u00e3o r\u00e1pida, uma portaria extraordin\u00e1ria publicada no Di\u00e1rio Oficial da Uni\u00e3o abre caminho para facilitar o acesso a cr\u00e9ditos por meio do Fundo Geral de Turismo (Novo Fungetur).<\/p>\n<h3><strong>Flexibiliza\u00e7\u00e3o das Condi\u00e7\u00f5es de Financiamento<\/strong><\/h3>\n<p>Essa iniciativa visa n\u00e3o s\u00f3 fornecer apoio financeiro imediato, mas tamb\u00e9m flexibilizar as condi\u00e7\u00f5es de empr\u00e9stimos para que os empreendedores consigam reconstruir e reerguer seus empreendimentos tur\u00edsticos. Com um aporte significativo de R$ 100 milh\u00f5es destinado pelo Fungetur ao estado, as novas regras se aplicam tanto a novas opera\u00e7\u00f5es quanto \u00e0quelas j\u00e1 em andamento.<\/p>\n<h3><strong>Prazos Ampliados e Car\u00eancia Estendida<\/strong><\/h3>\n<p>As mudan\u00e7as abrangem diversos aspectos dos financiamentos. Para obras, por exemplo, o prazo de amortiza\u00e7\u00e3o foi estendido de 240 para 246 meses, enquanto o per\u00edodo de car\u00eancia aumentou de 60 para 66 meses. No caso da aquisi\u00e7\u00e3o de equipamentos, os prazos tamb\u00e9m foram ampliados, passando de 120 para 126 meses para amortiza\u00e7\u00e3o e de 48 para 54 meses para car\u00eancia. Al\u00e9m disso, o financiamento de capital de giro agora possui um prazo de pagamento e car\u00eancia estendidos para 126 meses e 30 meses, respectivamente.<\/p>\n<h3><strong>Compromisso com a Recupera\u00e7\u00e3o<\/strong><\/h3>\n<p>O ministro do Turismo, Celso Sabino, destaca que tais medidas emergenciais visam fornecer um suporte adicional \u00e0s atividades prejudicadas pelas intemp\u00e9ries. Ele ressalta que a flexibiliza\u00e7\u00e3o das regras do Fungetur proporciona condi\u00e7\u00f5es mais favor\u00e1veis para que os empreendedores possam reconstruir seus neg\u00f3cios tur\u00edsticos diante das adversidades enfrentadas. Sabino enfatiza o compromisso do governo federal em apoiar o estado do <a href=\"https:\/\/www.visiteobrasil.com.br\/sul\/rio-grande-do-sul\">Rio Grande do Sul<\/a> neste momento desafiador.<\/p>\n<h3><strong>Acesso aos Recursos do Fungetur<\/strong><\/h3>\n<p>Para acessar o Fundo, operado com recursos do Minist\u00e9rio do Turismo e priorizando micro, pequenas e m\u00e9dias empresas, \u00e9 necess\u00e1rio estar registrado no Cadastur (Cadastro de Prestadores de Servi\u00e7os Tur\u00edsticos). A gama de benefici\u00e1rios abrange uma variedade de estabelecimentos, desde meios de hospedagem at\u00e9 empresas de <a href=\"https:\/\/www.visiteobrasil.com.br\/news\/turismo-de-inverno-no-sul-do-brasil\/\">eventos<\/a> e ag\u00eancias de turismo.<\/p>\n<h3><strong>Benefici\u00e1rios Abrangentes<\/strong><\/h3>\n<p>Al\u00e9m disso, diversos tipos de empreendimentos podem se beneficiar dessas medidas emergenciais, desde restaurantes e bares at\u00e9 marinas e locadoras de ve\u00edculos para turistas. Todos os interessados devem se dirigir \u00e0s institui\u00e7\u00f5es financeiras habilitadas, como a Ag\u00eancia de Fomento do Estado (Badesul), para an\u00e1lise e libera\u00e7\u00e3o dos recursos. O Fungetur possibilita financiamentos de at\u00e9 R$ 15 milh\u00f5es, com juros competitivos e alinhados com o INPC acumulado nos \u00faltimos 12 meses.<\/p>\n<h3><strong>Incentivo \u00e0 Recupera\u00e7\u00e3o Sustent\u00e1vel<\/strong><\/h3>\n<p>Al\u00e9m das medidas emergenciais para a recupera\u00e7\u00e3o imediata, o Minist\u00e9rio do Turismo est\u00e1 comprometido em promover a recupera\u00e7\u00e3o sustent\u00e1vel do setor tur\u00edstico no Rio Grande do Sul. Isso inclui n\u00e3o apenas a restaura\u00e7\u00e3o dos empreendimentos danificados, mas tamb\u00e9m o incentivo \u00e0 ado\u00e7\u00e3o de pr\u00e1ticas sustent\u00e1veis e resilientes. Por meio do Fungetur, ser\u00e3o oferecidos recursos e orienta\u00e7\u00f5es para que os empreendedores possam reconstruir seus neg\u00f3cios de forma a minimizar os impactos de futuras adversidades, como as causadas por eventos clim\u00e1ticos extremos.<\/p>\n<h3><strong>Capacita\u00e7\u00e3o e Assist\u00eancia T\u00e9cnica<\/strong><\/h3>\n<p>Al\u00e9m do acesso ao cr\u00e9dito facilitado, as medidas emergenciais para os empreendedores tur\u00edsticos afetados pelas chuvas no Rio Grande do Sul tamb\u00e9m poder\u00e3o contar com programas de capacita\u00e7\u00e3o e assist\u00eancia t\u00e9cnica oferecidos pelo Minist\u00e9rio do Turismo. Essas iniciativas visam n\u00e3o apenas fornecer recursos financeiros, mas tamb\u00e9m promover o desenvolvimento de habilidades e conhecimentos necess\u00e1rios para a gest\u00e3o eficiente e sustent\u00e1vel de neg\u00f3cios no setor tur\u00edstico. Capacita\u00e7\u00f5es sobre gest\u00e3o financeira, marketing digital, sustentabilidade e gest\u00e3o de crises ser\u00e3o disponibilizadas para ajudar os empreendedores a enfrentar os desafios atuais e futuros.<\/p>\n<h3><strong>Promo\u00e7\u00e3o do Turismo Regional<\/strong><\/h3>\n<p>Al\u00e9m de apoiar a recupera\u00e7\u00e3o dos empreendimentos prejudicados, o Minist\u00e9rio do Turismo tamb\u00e9m est\u00e1 trabalhando em parceria com os \u00f3rg\u00e3os estaduais e municipais para promover o turismo regional no Rio Grande do Sul. Campanhas de marketing e eventos promocionais ser\u00e3o realizados para atrair visitantes e estimular a economia local. O objetivo \u00e9 n\u00e3o apenas reconstruir o que foi perdido, mas tamb\u00e9m impulsionar o desenvolvimento econ\u00f4mico e social das comunidades afetadas, tornando o turismo uma fonte sustent\u00e1vel de renda e emprego.<\/p>\n","protected":false},"excerpt":{"rendered":"<p>Medidas Emergenciais para Recupera\u00e7\u00e3o O Minist\u00e9rio do Turismo (MTur) adota medidas emergenciais para auxiliar empreendedores do setor tur\u00edstico no Rio Grande do Sul, afetados pelos danos das recentes chuvas. Em uma a\u00e7\u00e3o r\u00e1pida, uma portaria extraordin\u00e1ria publicada no Di\u00e1rio Oficial da Uni\u00e3o abre caminho para facilitar o acesso a cr\u00e9ditos por meio do Fundo Geral [&hellip;]<\/p>\n","protected":false},"author":2,"featured_media":12967,"comment_status":"open","ping_status":"open","sticky":false,"template":"","format":"standard","meta":{"_jetpack_memberships_contains_paid_content":false,"footnotes":"","jetpack_publicize_message":"","jetpack_publicize_feature_enabled":true,"jetpack_social_post_already_shared":true,"jetpack_social_options":{"image_generator_settings":{"template":"highway","default_image_id":0,"font":"","enabled":false},"version":2}},"categories":[701],"tags":[],"class_list":["post-12964","post","type-post","status-publish","format-standard","has-post-thumbnail","hentry","category-noticias"],"jetpack_publicize_connections":[],"jetpack_featured_media_url":"https:\/\/i0.wp.com\/www.visiteobrasil.com.br\/news\/wp-content\/uploads\/2024\/05\/Enchentes-no-Rio-Grande-do-Sul-Credito-Ricardo-Stuckert-PR.jpeg?fit=900%2C600&ssl=1","jetpack-related-posts":[{"id":13441,"url":"https:\/\/www.visiteobrasil.com.br\/news\/novo-fungetur\/","url_meta":{"origin":12964,"position":0},"title":"Novo Fungetur: institui\u00e7\u00f5es t\u00eam at\u00e9 6 de agosto para se credenciar","author":"Ramon","date":"3 de agosto de 2025","format":false,"excerpt":"O setor tur\u00edstico brasileiro acaba de ganhar um novo f\u00f4lego com a reestrutura\u00e7\u00e3o do Fungetur \u2014 o Fundo Geral do Turismo. Agora chamado de Novo Fungetur, o programa est\u00e1 com as portas abertas para que institui\u00e7\u00f5es financeiras se credenciem at\u00e9 o dia 6 de agosto de 2025. Essa \u00e9 uma\u2026","rel":"","context":"Em &quot;Noticias&quot;","block_context":{"text":"Noticias","link":"https:\/\/www.visiteobrasil.com.br\/news\/noticias\/"},"img":{"alt_text":"Novo fungetur: . Novo Pier em Ilha de Mar\u00e9","src":"https:\/\/i0.wp.com\/www.visiteobrasil.com.br\/news\/wp-content\/uploads\/2024\/03\/Ilha-de-Mare-1.jpg?fit=900%2C611&ssl=1&resize=350%2C200","width":350,"height":200,"srcset":"https:\/\/i0.wp.com\/www.visiteobrasil.com.br\/news\/wp-content\/uploads\/2024\/03\/Ilha-de-Mare-1.jpg?fit=900%2C611&ssl=1&resize=350%2C200 1x, https:\/\/i0.wp.com\/www.visiteobrasil.com.br\/news\/wp-content\/uploads\/2024\/03\/Ilha-de-Mare-1.jpg?fit=900%2C611&ssl=1&resize=525%2C300 1.5x, https:\/\/i0.wp.com\/www.visiteobrasil.com.br\/news\/wp-content\/uploads\/2024\/03\/Ilha-de-Mare-1.jpg?fit=900%2C611&ssl=1&resize=700%2C400 2x"},"classes":[]},{"id":13016,"url":"https:\/\/www.visiteobrasil.com.br\/news\/inovacao-e-crescimento-novo-fungetur-eleva-o-potencial-turistico-de-sergipe\/","url_meta":{"origin":12964,"position":1},"title":"Inova\u00e7\u00e3o e Crescimento: Novo Fungetur Eleva o Potencial Tur\u00edstico de Sergipe","author":"Ramon","date":"22 de junho de 2024","format":false,"excerpt":"Introdu\u00e7\u00e3o do Novo Fungetur em Sergipe O Minist\u00e9rio do Turismo est\u00e1 promovendo o Novo Fungetur em Sergipe com iniciativas significativas para fortalecer o setor tur\u00edstico local. Na capital do estado, o Secret\u00e1rio Nacional de Infraestrutura detalhou os benef\u00edcios dessa linha de cr\u00e9dito, especialmente direcionada para micro, pequenas e m\u00e9dias empresas\u2026","rel":"","context":"Em &quot;Artigos&quot;","block_context":{"text":"Artigos","link":"https:\/\/www.visiteobrasil.com.br\/news\/artigos\/"},"img":{"alt_text":"Novo Fungetur - Canind\u00e9 do S\u00e3o Francisco - Se","src":"https:\/\/i0.wp.com\/www.visiteobrasil.com.br\/news\/wp-content\/uploads\/2024\/06\/caninde-do-sao-francisco-canionsnoriosaofrancisco-foto-clefersoncomarelalicenca-cc-by-sa-30gr.jpg?fit=850%2C566&ssl=1&resize=350%2C200","width":350,"height":200,"srcset":"https:\/\/i0.wp.com\/www.visiteobrasil.com.br\/news\/wp-content\/uploads\/2024\/06\/caninde-do-sao-francisco-canionsnoriosaofrancisco-foto-clefersoncomarelalicenca-cc-by-sa-30gr.jpg?fit=850%2C566&ssl=1&resize=350%2C200 1x, https:\/\/i0.wp.com\/www.visiteobrasil.com.br\/news\/wp-content\/uploads\/2024\/06\/caninde-do-sao-francisco-canionsnoriosaofrancisco-foto-clefersoncomarelalicenca-cc-by-sa-30gr.jpg?fit=850%2C566&ssl=1&resize=525%2C300 1.5x, https:\/\/i0.wp.com\/www.visiteobrasil.com.br\/news\/wp-content\/uploads\/2024\/06\/caninde-do-sao-francisco-canionsnoriosaofrancisco-foto-clefersoncomarelalicenca-cc-by-sa-30gr.jpg?fit=850%2C566&ssl=1&resize=700%2C400 2x"},"classes":[]},{"id":12520,"url":"https:\/\/www.visiteobrasil.com.br\/news\/aperfeicoamento-da-lei-do-turismo-uma-necessidade-crucial-para-o-setor\/","url_meta":{"origin":12964,"position":2},"title":"Aperfei\u00e7oamento da Lei do Turismo: Uma necessidade crucial para o setor","author":"Ramon","date":"11 de mar\u00e7o de 2024","format":false,"excerpt":"Esfor\u00e7os Conjuntos para Atualiza\u00e7\u00e3o Legislativa O Minist\u00e9rio do Turismo tem dedicado esfor\u00e7os significativos em colabora\u00e7\u00e3o com o Legislativo Federal para a atualiza\u00e7\u00e3o da Lei do Turismo n\u00ba 11.771, de 17 de setembro de 2008, que estabelece a Pol\u00edtica Nacional do Turismo. Esta iniciativa \u00e9 crucial, pois a revis\u00e3o da lei\u2026","rel":"","context":"Em &quot;Noticias&quot;","block_context":{"text":"Noticias","link":"https:\/\/www.visiteobrasil.com.br\/news\/noticias\/"},"img":{"alt_text":"Lei do turismo - Trem de passageiros, Esta\u00e7\u00e3o ferrociaria. Foto: Liliana Drew (Pexels)","src":"https:\/\/i0.wp.com\/www.visiteobrasil.com.br\/news\/wp-content\/uploads\/2024\/01\/pexels-marcos-araujo-1824169.jpg?fit=900%2C600&ssl=1&resize=350%2C200","width":350,"height":200,"srcset":"https:\/\/i0.wp.com\/www.visiteobrasil.com.br\/news\/wp-content\/uploads\/2024\/01\/pexels-marcos-araujo-1824169.jpg?fit=900%2C600&ssl=1&resize=350%2C200 1x, https:\/\/i0.wp.com\/www.visiteobrasil.com.br\/news\/wp-content\/uploads\/2024\/01\/pexels-marcos-araujo-1824169.jpg?fit=900%2C600&ssl=1&resize=525%2C300 1.5x, https:\/\/i0.wp.com\/www.visiteobrasil.com.br\/news\/wp-content\/uploads\/2024\/01\/pexels-marcos-araujo-1824169.jpg?fit=900%2C600&ssl=1&resize=700%2C400 2x"},"classes":[]},{"id":13613,"url":"https:\/\/www.visiteobrasil.com.br\/news\/empregos-em-2025\/","url_meta":{"origin":12964,"position":3},"title":"Empregos em 2025: Turismo supera 1,5 milh\u00e3o de contrata\u00e7\u00f5es no setor","author":"Ramon","date":"14 de dezembro de 2025","format":false,"excerpt":"Em 2025, o setor de turismo no Brasil alcan\u00e7ou um marco importante: mais de 1,5 milh\u00e3o de contrata\u00e7\u00f5es formais, um n\u00famero que representa uma significativa recupera\u00e7\u00e3o e crescimento para a economia nacional. Com o aumento da demanda por servi\u00e7os de hospedagem, alimenta\u00e7\u00e3o e atra\u00e7\u00f5es tur\u00edsticas, o turismo se consolidou como\u2026","rel":"","context":"Em &quot;Gastronomia&quot;","block_context":{"text":"Gastronomia","link":"https:\/\/www.visiteobrasil.com.br\/news\/gastronomia\/"},"img":{"alt_text":"Empregos em 2025 - Funcionarias felizes","src":"https:\/\/i0.wp.com\/www.visiteobrasil.com.br\/news\/wp-content\/uploads\/2025\/12\/empregos-2025.png?fit=900%2C600&ssl=1&resize=350%2C200","width":350,"height":200,"srcset":"https:\/\/i0.wp.com\/www.visiteobrasil.com.br\/news\/wp-content\/uploads\/2025\/12\/empregos-2025.png?fit=900%2C600&ssl=1&resize=350%2C200 1x, https:\/\/i0.wp.com\/www.visiteobrasil.com.br\/news\/wp-content\/uploads\/2025\/12\/empregos-2025.png?fit=900%2C600&ssl=1&resize=525%2C300 1.5x, https:\/\/i0.wp.com\/www.visiteobrasil.com.br\/news\/wp-content\/uploads\/2025\/12\/empregos-2025.png?fit=900%2C600&ssl=1&resize=700%2C400 2x"},"classes":[]},{"id":13394,"url":"https:\/\/www.visiteobrasil.com.br\/news\/turismo-se-firma-como-pilar-de-crescimento-economico-no-brasil-e-na-america-latina\/","url_meta":{"origin":12964,"position":4},"title":"Turismo se Firma como Pilar de Crescimento Econ\u00f4mico no Brasil e na Am\u00e9rica Latina","author":"Ramon","date":"9 de junho de 2025","format":false,"excerpt":"Nos \u00faltimos anos, o turismo tem se consolidado como um dos principais pilares do crescimento econ\u00f4mico no Brasil e em toda a Am\u00e9rica Latina. Com n\u00fameros recordes de turistas internacionais, expans\u00e3o das infraestruturas e forte presen\u00e7a no ranking global de turismo de neg\u00f3cios, o setor tem demonstrado sua relev\u00e2ncia estrat\u00e9gica\u2026","rel":"","context":"Em &quot;Artigos&quot;","block_context":{"text":"Artigos","link":"https:\/\/www.visiteobrasil.com.br\/news\/artigos\/"},"img":{"alt_text":"Crescimento: stopover: Passagens a\u00e9reas - Avi\u00e3o taxiando na pista","src":"https:\/\/i0.wp.com\/www.visiteobrasil.com.br\/news\/wp-content\/uploads\/2023\/12\/rocker-sta-RSYBi_1fhfM-unsplash.jpg?fit=900%2C600&ssl=1&resize=350%2C200","width":350,"height":200,"srcset":"https:\/\/i0.wp.com\/www.visiteobrasil.com.br\/news\/wp-content\/uploads\/2023\/12\/rocker-sta-RSYBi_1fhfM-unsplash.jpg?fit=900%2C600&ssl=1&resize=350%2C200 1x, https:\/\/i0.wp.com\/www.visiteobrasil.com.br\/news\/wp-content\/uploads\/2023\/12\/rocker-sta-RSYBi_1fhfM-unsplash.jpg?fit=900%2C600&ssl=1&resize=525%2C300 1.5x, https:\/\/i0.wp.com\/www.visiteobrasil.com.br\/news\/wp-content\/uploads\/2023\/12\/rocker-sta-RSYBi_1fhfM-unsplash.jpg?fit=900%2C600&ssl=1&resize=700%2C400 2x"},"classes":[]},{"id":13540,"url":"https:\/\/www.visiteobrasil.com.br\/news\/turismo-internacional-brasil-2025\/","url_meta":{"origin":12964,"position":5},"title":"Turismo internacional movimenta R$ 29 bilh\u00f5es no Brasil em 2025","author":"Ramon","date":"28 de setembro de 2025","format":false,"excerpt":"O turismo internacional segue em ascens\u00e3o no Brasil e alcan\u00e7ou um marco hist\u00f3rico em 2025. Segundo dados divulgados pelo Minist\u00e9rio do Turismo, visitantes estrangeiros injetaram R$ 29 bilh\u00f5es na economia nacional, representando um crescimento de 11% em rela\u00e7\u00e3o ao ano anterior. O resultado confirma a retomada vigorosa do setor ap\u00f3s\u2026","rel":"","context":"Em &quot;Noticias&quot;","block_context":{"text":"Noticias","link":"https:\/\/www.visiteobrasil.com.br\/news\/noticias\/"},"img":{"alt_text":"Turismo internacional. Turistas tirando fotos - Foto: GettyImages","src":"https:\/\/i0.wp.com\/www.visiteobrasil.com.br\/news\/wp-content\/uploads\/2025\/09\/turismo-internacional-Foto-GettyImages.jpeg?fit=900%2C600&ssl=1&resize=350%2C200","width":350,"height":200,"srcset":"https:\/\/i0.wp.com\/www.visiteobrasil.com.br\/news\/wp-content\/uploads\/2025\/09\/turismo-internacional-Foto-GettyImages.jpeg?fit=900%2C600&ssl=1&resize=350%2C200 1x, https:\/\/i0.wp.com\/www.visiteobrasil.com.br\/news\/wp-content\/uploads\/2025\/09\/turismo-internacional-Foto-GettyImages.jpeg?fit=900%2C600&ssl=1&resize=525%2C300 1.5x, https:\/\/i0.wp.com\/www.visiteobrasil.com.br\/news\/wp-content\/uploads\/2025\/09\/turismo-internacional-Foto-GettyImages.jpeg?fit=900%2C600&ssl=1&resize=700%2C400 2x"},"classes":[]}],"jetpack_sharing_enabled":true,"jetpack_likes_enabled":true,"_links":{"self":[{"href":"https:\/\/www.visiteobrasil.com.br\/news\/wp-json\/wp\/v2\/posts\/12964","targetHints":{"allow":["GET"]}}],"collection":[{"href":"https:\/\/www.visiteobrasil.com.br\/news\/wp-json\/wp\/v2\/posts"}],"about":[{"href":"https:\/\/www.visiteobrasil.com.br\/news\/wp-json\/wp\/v2\/types\/post"}],"author":[{"embeddable":true,"href":"https:\/\/www.visiteobrasil.com.br\/news\/wp-json\/wp\/v2\/users\/2"}],"replies":[{"embeddable":true,"href":"https:\/\/www.visiteobrasil.com.br\/news\/wp-json\/wp\/v2\/comments?post=12964"}],"version-history":[{"count":3,"href":"https:\/\/www.visiteobrasil.com.br\/news\/wp-json\/wp\/v2\/posts\/12964\/revisions"}],"predecessor-version":[{"id":12968,"href":"https:\/\/www.visiteobrasil.com.br\/news\/wp-json\/wp\/v2\/posts\/12964\/revisions\/12968"}],"wp:featuredmedia":[{"embeddable":true,"href":"https:\/\/www.visiteobrasil.com.br\/news\/wp-json\/wp\/v2\/media\/12967"}],"wp:attachment":[{"href":"https:\/\/www.visiteobrasil.com.br\/news\/wp-json\/wp\/v2\/media?parent=12964"}],"wp:term":[{"taxonomy":"category","embeddable":true,"href":"https:\/\/www.visiteobrasil.com.br\/news\/wp-json\/wp\/v2\/categories?post=12964"},{"taxonomy":"post_tag","embeddable":true,"href":"https:\/\/www.visiteobrasil.com.br\/news\/wp-json\/wp\/v2\/tags?post=12964"}],"curies":[{"name":"wp","href":"https:\/\/api.w.org\/{rel}","templated":true}]}}