{"id":12520,"date":"2024-03-11T10:48:28","date_gmt":"2024-03-11T13:48:28","guid":{"rendered":"https:\/\/www.visiteobrasil.com.br\/news\/?p=12520"},"modified":"2024-03-11T10:48:28","modified_gmt":"2024-03-11T13:48:28","slug":"aperfeicoamento-da-lei-do-turismo-uma-necessidade-crucial-para-o-setor","status":"publish","type":"post","link":"https:\/\/www.visiteobrasil.com.br\/news\/aperfeicoamento-da-lei-do-turismo-uma-necessidade-crucial-para-o-setor\/","title":{"rendered":"Aperfei\u00e7oamento da Lei do Turismo: Uma necessidade crucial para o setor"},"content":{"rendered":"<h2><strong>Esfor\u00e7os Conjuntos para Atualiza\u00e7\u00e3o Legislativa<\/strong><\/h2>\n<p>O Minist\u00e9rio do <a href=\"https:\/\/www.visiteobrasil.com.br\/news\/o-que-levar-em-consideracao-ao-fazer-uma-viagem-de-carro-longa\/\">Turismo<\/a> tem dedicado esfor\u00e7os significativos em colabora\u00e7\u00e3o com o Legislativo Federal para a atualiza\u00e7\u00e3o da <a href=\"https:\/\/www.gov.br\/turismo\/pt-br\/assuntos\/noticias\/lei-geral-do-turismo-atualizacao-e-prioridade-para-o-setor\" target=\"_blank\" rel=\"noopener\">Lei do Turism<\/a>o n\u00ba 11.771, de 17 de setembro de 2008, que estabelece a Pol\u00edtica Nacional do Turismo. Esta iniciativa \u00e9 crucial, pois a revis\u00e3o da lei \u00e9 essencial para mant\u00ea-la alinhada com as demandas e a realidade atual do setor.<\/p>\n<h3><strong>Aprova\u00e7\u00e3o inicial e pr\u00f3ximos passos da Lei do Turismo<\/strong><\/h3>\n<div class=\"flex-1 overflow-hidden\">\n<div class=\"react-scroll-to-bottom--css-urqyr-79elbk h-full\">\n<div class=\"react-scroll-to-bottom--css-urqyr-1n7m0yu\">\n<div class=\"flex flex-col text-sm pb-9\">\n<div class=\"w-full text-token-text-primary\" data-testid=\"conversation-turn-11\">\n<div class=\"px-4 py-2 justify-center text-base md:gap-6 m-auto\">\n<div class=\"flex flex-1 text-base mx-auto gap-3 md:px-5 lg:px-1 xl:px-5 md:max-w-3xl lg:max-w-[40rem] xl:max-w-[48rem] group final-completion\">\n<div class=\"relative flex w-full flex-col agent-turn\">\n<div class=\"flex-col gap-1 md:gap-3\">\n<div class=\"flex flex-grow flex-col max-w-full\">\n<div class=\"min-h-[20px] text-message flex flex-col items-start gap-3 whitespace-pre-wrap break-words [.text-message+&amp;]:mt-5 overflow-x-auto\" data-message-author-role=\"assistant\" data-message-id=\"630ce3bb-d778-450c-a628-84ffe9768501\">\n<div class=\"markdown prose w-full break-words dark:prose-invert light\"><\/div>\n<\/div>\n<\/div>\n<div class=\"mt-1 flex justify-start gap-3 empty:hidden\">\n<div class=\"text-gray-400 flex self-end lg:self-center justify-center lg:justify-start mt-0 -ml-1 h-7 visible\">\n<div class=\"flex\">No final de 2023, o Projeto de Lei n\u00ba 1.829, de 2019, referente a lei do turismo, recebeu aprova\u00e7\u00e3o da Comiss\u00e3o de Constitui\u00e7\u00e3o e Justi\u00e7a do Senado Federal (CCJ) como resultado desses esfor\u00e7os conjuntos. Agora, o projeto ser\u00e1 encaminhado para a Comiss\u00e3o de Desenvolvimento Regional e Turismo (CDR) e, posteriormente, para aprecia\u00e7\u00e3o pelo Plen\u00e1rio do Senado Federal.<\/div>\n<\/div>\n<\/div>\n<\/div>\n<\/div>\n<\/div>\n<\/div>\n<\/div>\n<\/div>\n<\/div>\n<\/div>\n<\/div>\n<h3><strong>Principais Altera\u00e7\u00f5es Propostas<\/strong><\/h3>\n<p>Entre as principais altera\u00e7\u00f5es propostas pelos legisladores na Lei n\u00ba 11.711, de 2008, est\u00e3o: a oficializa\u00e7\u00e3o, por meio de lei do turismo, do Mapa do <a href=\"https:\/\/www.visiteobrasil.com.br\/news\/dicas-essenciais-para-viajar-com-gatos\/\">Turismo Brasileiro<\/a>; a amplia\u00e7\u00e3o do conceito de prestadores de servi\u00e7os tur\u00edsticos; a flexibiliza\u00e7\u00e3o das restri\u00e7\u00f5es sobre &#8220;circuitos fechados&#8221; para os servi\u00e7os oferecidos pelas empresas de transporte tur\u00edstico terrestre; e a reformula\u00e7\u00e3o dos crit\u00e9rios para contabiliza\u00e7\u00e3o das di\u00e1rias nos meios de hospedagem.<\/p>\n<h3><strong>Vis\u00e3o da Assessora Especial<\/strong><\/h3>\n<p>Cristiane Sampaio, Assessora Especial do Minist\u00e9rio do Turismo, ressalta a import\u00e2ncia dessa atualiza\u00e7\u00e3o para que a lei possa refletir n\u00e3o apenas as mudan\u00e7as ocorridas no setor nos \u00faltimos anos, mas tamb\u00e9m para que possa servir como um instrumento eficaz no desenvolvimento de pol\u00edticas p\u00fablicas para o turismo. &#8220;Ap\u00f3s um extenso debate com o Congresso e as partes interessadas, algumas das mudan\u00e7as propostas oferecer\u00e3o novas oportunidades e contribuir\u00e3o para <a href=\"https:\/\/www.visiteobrasil.com.br\/noticia\/museus-brasileiros-implantam-ferramentas-interativas-e-atraem-cada-vez-mais-turistas\">impulsionar<\/a> ainda mais a atividade tur\u00edstica&#8221;, avalia.<\/p>\n<h3><strong>Prioridade Ministerial e Compromisso<\/strong><\/h3>\n<p>O ministro Celso Sabino destaca que essa discuss\u00e3o \u00e9 uma prioridade. &#8220;Estamos acompanhando de perto e continuaremos a nos esfor\u00e7ar para garantir que, em colabora\u00e7\u00e3o com o Legislativo, alcancemos a melhor vers\u00e3o poss\u00edvel da lei, promovendo pol\u00edticas p\u00fablicas e atualizando a LGT para refletir a realidade atual do setor&#8221;, afirmou.<\/p>\n<h3><strong>Iniciativas de Intera\u00e7\u00e3o com o Setor<\/strong><\/h3>\n<p>Al\u00e9m do aprimoramento da legisla\u00e7\u00e3o, o Minist\u00e9rio do Turismo tem mantido um di\u00e1logo constante com o Congresso Nacional por meio do &#8220;MTur Itinerante&#8221;. Esse projeto tem proporcionado orienta\u00e7\u00f5es em todo o pa\u00eds para os profissionais do turismo sobre medidas de apoio ao setor, como acesso a cr\u00e9dito em condi\u00e7\u00f5es especiais do Fundo Geral de Turismo (Fungetur) para empreendimentos tur\u00edsticos privados e formaliza\u00e7\u00e3o das atividades tur\u00edsticas no Cadastro de Prestadores de Servi\u00e7os Tur\u00edsticos (Cadastur).<\/p>\n<h3><strong>Amplia\u00e7\u00e3o da Intera\u00e7\u00e3o com a Sociedade Civil<\/strong><\/h3>\n<p>Al\u00e9m disso, o Minist\u00e9rio do Turismo ampliou sua intera\u00e7\u00e3o com a sociedade civil, expandindo o Conselho Nacional de Turismo (CNT) de 74 para 93 membros. Este conselho agora inclui a participa\u00e7\u00e3o da C\u00e2mara de Com\u00e9rcio e Turismo LGBT do Brasil, bem como grupos dedicados ao turismo em comunidades negras e ind\u00edgenas, demonstrando um compromisso mais amplo com a diversidade e inclus\u00e3o no setor.<\/p>\n<div class=\"flex-1 overflow-hidden\">\n<div class=\"react-scroll-to-bottom--css-urqyr-79elbk h-full\">\n<div class=\"react-scroll-to-bottom--css-urqyr-1n7m0yu\">\n<div class=\"flex flex-col text-sm pb-9\">\n<div class=\"w-full text-token-text-primary\" data-testid=\"conversation-turn-11\">\n<div class=\"px-4 py-2 justify-center text-base md:gap-6 m-auto\">\n<div class=\"flex flex-1 text-base mx-auto gap-3 md:px-5 lg:px-1 xl:px-5 md:max-w-3xl lg:max-w-[40rem] xl:max-w-[48rem] group final-completion\">\n<div class=\"relative flex w-full flex-col agent-turn\">\n<div class=\"flex-col gap-1 md:gap-3\">\n<div class=\"flex flex-grow flex-col max-w-full\">\n<div class=\"min-h-[20px] text-message flex flex-col items-start gap-3 whitespace-pre-wrap break-words [.text-message+&amp;]:mt-5 overflow-x-auto\" data-message-author-role=\"assistant\" data-message-id=\"630ce3bb-d778-450c-a628-84ffe9768501\">\n<div class=\"markdown prose w-full break-words dark:prose-invert light\">\n<p><strong>Incentivo \u00e0 Participa\u00e7\u00e3o do Setor Tur\u00edstico<\/strong><\/p>\n<p>O Minist\u00e9rio do Turismo tem incentivado ativamente a participa\u00e7\u00e3o do setor tur\u00edstico no processo de atualiza\u00e7\u00e3o da Lei Geral do Turismo. Por meio de consultas p\u00fablicas, audi\u00eancias e workshops, t\u00eam-se buscado incorporar as perspectivas e necessidades dos diversos segmentos da ind\u00fastria do turismo. Essa abordagem inclusiva visa garantir que as mudan\u00e7as legislativas reflitam n\u00e3o apenas os interesses do governo, mas tamb\u00e9m as demandas e aspira\u00e7\u00f5es dos empres\u00e1rios, profissionais e comunidades envolvidas no setor.<\/p>\n<p><strong>Fomento \u00e0 Inova\u00e7\u00e3o e Sustentabilidade<\/strong><\/p>\n<p>Al\u00e9m de abordar quest\u00f5es operacionais e regulat\u00f3rias, a atualiza\u00e7\u00e3o da Lei do Turismo tamb\u00e9m busca promover a inova\u00e7\u00e3o e a sustentabilidade na ind\u00fastria do turismo. Isso inclui o incentivo a pr\u00e1ticas sustent\u00e1veis, como o turismo ecol\u00f3gico e comunit\u00e1rio, que n\u00e3o apenas preservam o meio ambiente, mas tamb\u00e9m contribuem para o desenvolvimento econ\u00f4mico local e a valoriza\u00e7\u00e3o das culturas regionais. Ao mesmo tempo, medidas para facilitar a ado\u00e7\u00e3o de tecnologias inovadoras e a integra\u00e7\u00e3o de solu\u00e7\u00f5es digitais visam tornar a experi\u00eancia tur\u00edstica mais eficiente, segura e personalizada para os visitantes.<\/p>\n<p><strong>Fortalecimento da Competitividade Internacional<\/strong><\/p>\n<p>Uma Lei do Turismo atualizada e alinhada com as melhores pr\u00e1ticas internacionais \u00e9 fundamental para fortalecer a competitividade do Brasil como destino tur\u00edstico global. Ao modernizar o arcabou\u00e7o legal e institucional, o pa\u00eds pode atrair investimentos estrangeiros, ampliar a oferta de empregos no setor e aumentar a receita proveniente do turismo internacional. Isso contribui n\u00e3o apenas para o crescimento econ\u00f4mico do pa\u00eds, mas tamb\u00e9m para a promo\u00e7\u00e3o da imagem do Brasil como um destino tur\u00edstico de classe mundial.<\/p>\n<\/div>\n<\/div>\n<\/div>\n<\/div>\n<\/div>\n<\/div>\n<\/div>\n<\/div>\n<\/div>\n<\/div>\n<\/div>\n<\/div>\n","protected":false},"excerpt":{"rendered":"<p>Esfor\u00e7os Conjuntos para Atualiza\u00e7\u00e3o Legislativa O Minist\u00e9rio do Turismo tem dedicado esfor\u00e7os significativos em colabora\u00e7\u00e3o com o Legislativo Federal para a atualiza\u00e7\u00e3o da Lei do Turismo n\u00ba 11.771, de 17 de setembro de 2008, que estabelece a Pol\u00edtica Nacional do Turismo. Esta iniciativa \u00e9 crucial, pois a revis\u00e3o da lei \u00e9 essencial para mant\u00ea-la alinhada [&hellip;]<\/p>\n","protected":false},"author":2,"featured_media":10204,"comment_status":"open","ping_status":"open","sticky":false,"template":"","format":"standard","meta":{"_jetpack_memberships_contains_paid_content":false,"footnotes":"","jetpack_publicize_message":"","jetpack_publicize_feature_enabled":true,"jetpack_social_post_already_shared":true,"jetpack_social_options":{"image_generator_settings":{"template":"highway","default_image_id":0,"font":"","enabled":false},"version":2}},"categories":[701],"tags":[],"class_list":["post-12520","post","type-post","status-publish","format-standard","has-post-thumbnail","hentry","category-noticias"],"jetpack_publicize_connections":[],"jetpack_featured_media_url":"https:\/\/i0.wp.com\/www.visiteobrasil.com.br\/news\/wp-content\/uploads\/2024\/01\/pexels-marcos-araujo-1824169.jpg?fit=900%2C600&ssl=1","jetpack-related-posts":[{"id":12979,"url":"https:\/\/www.visiteobrasil.com.br\/news\/cnt-estabelece-subcamara-para-gestao-de-crises-em-turismo\/","url_meta":{"origin":12520,"position":0},"title":"CNT estabelece subc\u00e2mara para Gest\u00e3o de Crises em Turismo","author":"Ramon","date":"26 de maio de 2024","format":false,"excerpt":"A Confedera\u00e7\u00e3o Nacional do Turismo (CNT) anunciou recentemente a cria\u00e7\u00e3o de uma subc\u00e2mara dedicada \u00e0 gest\u00e3o de crises relacionadas a desastres que impactam o setor do turismo. Esta iniciativa reflete a crescente conscientiza\u00e7\u00e3o sobre a import\u00e2ncia de se preparar e responder de forma eficaz a eventos adversos que possam afetar\u2026","rel":"","context":"Em &quot;Artigos&quot;","block_context":{"text":"Artigos","link":"https:\/\/www.visiteobrasil.com.br\/news\/artigos\/"},"img":{"alt_text":"Gest\u00e3o de Crises -Praticagem no Brasil - Navio no Porto","src":"https:\/\/i0.wp.com\/www.visiteobrasil.com.br\/news\/wp-content\/uploads\/2023\/12\/Praticagem-no-Brasil-Foto-divulgacao-Camara-dos-Deputados.jpg?fit=900%2C600&ssl=1&resize=350%2C200","width":350,"height":200,"srcset":"https:\/\/i0.wp.com\/www.visiteobrasil.com.br\/news\/wp-content\/uploads\/2023\/12\/Praticagem-no-Brasil-Foto-divulgacao-Camara-dos-Deputados.jpg?fit=900%2C600&ssl=1&resize=350%2C200 1x, https:\/\/i0.wp.com\/www.visiteobrasil.com.br\/news\/wp-content\/uploads\/2023\/12\/Praticagem-no-Brasil-Foto-divulgacao-Camara-dos-Deputados.jpg?fit=900%2C600&ssl=1&resize=525%2C300 1.5x, https:\/\/i0.wp.com\/www.visiteobrasil.com.br\/news\/wp-content\/uploads\/2023\/12\/Praticagem-no-Brasil-Foto-divulgacao-Camara-dos-Deputados.jpg?fit=900%2C600&ssl=1&resize=700%2C400 2x"},"classes":[]},{"id":13033,"url":"https:\/\/www.visiteobrasil.com.br\/news\/crescimento-solido-no-turismo-brasileiro-em-abril\/","url_meta":{"origin":12520,"position":1},"title":"Crescimento s\u00f3lido no turismo brasileiro em abril","author":"Ramon","date":"7 de julho de 2024","format":false,"excerpt":"Em abril deste ano, o setor do turismo brasileiro registrou um faturamento total de R$ 15,7 bilh\u00f5es, marcando um crescimento de 4,7% em compara\u00e7\u00e3o ao mesmo per\u00edodo do ano anterior, segundo dados divulgados pela FecomercioSP. Transporte a\u00e9reo: Lideran\u00e7a no crescimento O segmento de transporte a\u00e9reo se destacou, alcan\u00e7ando um faturamento\u2026","rel":"","context":"Em &quot;Noticias&quot;","block_context":{"text":"Noticias","link":"https:\/\/www.visiteobrasil.com.br\/news\/noticias\/"},"img":{"alt_text":"Turismo brasileiro - Trem de passageiros - Antiga Maria fuma\u00e7a em Tiradentes-MG","src":"https:\/\/i0.wp.com\/www.visiteobrasil.com.br\/news\/wp-content\/uploads\/2024\/01\/not-trem-de-minas-Mtur.jpg?fit=900%2C600&ssl=1&resize=350%2C200","width":350,"height":200,"srcset":"https:\/\/i0.wp.com\/www.visiteobrasil.com.br\/news\/wp-content\/uploads\/2024\/01\/not-trem-de-minas-Mtur.jpg?fit=900%2C600&ssl=1&resize=350%2C200 1x, https:\/\/i0.wp.com\/www.visiteobrasil.com.br\/news\/wp-content\/uploads\/2024\/01\/not-trem-de-minas-Mtur.jpg?fit=900%2C600&ssl=1&resize=525%2C300 1.5x, https:\/\/i0.wp.com\/www.visiteobrasil.com.br\/news\/wp-content\/uploads\/2024\/01\/not-trem-de-minas-Mtur.jpg?fit=900%2C600&ssl=1&resize=700%2C400 2x"},"classes":[]},{"id":10559,"url":"https:\/\/www.visiteobrasil.com.br\/news\/turistas-estrangeiros-contribuem-com-r-345-bilhoes-em-2023\/","url_meta":{"origin":12520,"position":2},"title":"Turistas estrangeiros contribuem com R$ 34,5 Bilh\u00f5es em 2023","author":"Ramon","date":"5 de fevereiro de 2024","format":false,"excerpt":"Impulso Positivo para o Turismo Brasileiro Esta semana traz uma not\u00edcia promissora divulgada pela ONU Turismo nesta segunda-feira (05\/02), colocando o Brasil como l\u00edder na Am\u00e9rica do Sul em arrecada\u00e7\u00e3o de receitas provenientes de turistas estrangeiros. Essa conquista reflete n\u00e3o apenas o potencial tur\u00edstico do pa\u00eds, mas tamb\u00e9m os esfor\u00e7os\u2026","rel":"","context":"Em &quot;Noticias&quot;","block_context":{"text":"Noticias","link":"https:\/\/www.visiteobrasil.com.br\/news\/noticias\/"},"img":{"alt_text":"Turistas estrangeiros - Passagens a\u00e9reas: Aeroporto de Viracopos-SP - Credito: Arquivo Mtur","src":"https:\/\/i0.wp.com\/www.visiteobrasil.com.br\/news\/wp-content\/uploads\/2023\/12\/Aeroporto-de-Viracopos-sp-Credito-Arquivo-MTur.jpg?fit=900%2C649&ssl=1&resize=350%2C200","width":350,"height":200,"srcset":"https:\/\/i0.wp.com\/www.visiteobrasil.com.br\/news\/wp-content\/uploads\/2023\/12\/Aeroporto-de-Viracopos-sp-Credito-Arquivo-MTur.jpg?fit=900%2C649&ssl=1&resize=350%2C200 1x, https:\/\/i0.wp.com\/www.visiteobrasil.com.br\/news\/wp-content\/uploads\/2023\/12\/Aeroporto-de-Viracopos-sp-Credito-Arquivo-MTur.jpg?fit=900%2C649&ssl=1&resize=525%2C300 1.5x, https:\/\/i0.wp.com\/www.visiteobrasil.com.br\/news\/wp-content\/uploads\/2023\/12\/Aeroporto-de-Viracopos-sp-Credito-Arquivo-MTur.jpg?fit=900%2C649&ssl=1&resize=700%2C400 2x"},"classes":[]},{"id":13584,"url":"https:\/\/www.visiteobrasil.com.br\/news\/abih-e-onu-turismo\/","url_meta":{"origin":12520,"position":3},"title":"ABIH e ONU Turismo firmam parceria hist\u00f3rica com apoio do MTur","author":"Ramon","date":"10 de novembro de 2025","format":false,"excerpt":"A hotelaria brasileira alcan\u00e7ou um novo patamar no cen\u00e1rio internacional. Neste domingo (9), durante a 26\u00aa Assembleia Geral da ONU Turismo, realizada em Riade, capital da Ar\u00e1bia Saudita, foi anunciado que a Associa\u00e7\u00e3o Brasileira da Ind\u00fastria de Hot\u00e9is (ABIH) passa a integrar oficialmente a ONU Turismo como entidade afiliada. O\u2026","rel":"","context":"Em &quot;Hospedagem&quot;","block_context":{"text":"Hospedagem","link":"https:\/\/www.visiteobrasil.com.br\/news\/hospedagem\/"},"img":{"alt_text":"Reuni\u00e3o ABIH e ONU - Foto: Livia Nascimento","src":"https:\/\/i0.wp.com\/www.visiteobrasil.com.br\/news\/wp-content\/uploads\/2025\/11\/ABIH-e-ONU-foto-Livia-Nascimento.png?fit=900%2C600&ssl=1&resize=350%2C200","width":350,"height":200,"srcset":"https:\/\/i0.wp.com\/www.visiteobrasil.com.br\/news\/wp-content\/uploads\/2025\/11\/ABIH-e-ONU-foto-Livia-Nascimento.png?fit=900%2C600&ssl=1&resize=350%2C200 1x, https:\/\/i0.wp.com\/www.visiteobrasil.com.br\/news\/wp-content\/uploads\/2025\/11\/ABIH-e-ONU-foto-Livia-Nascimento.png?fit=900%2C600&ssl=1&resize=525%2C300 1.5x, https:\/\/i0.wp.com\/www.visiteobrasil.com.br\/news\/wp-content\/uploads\/2025\/11\/ABIH-e-ONU-foto-Livia-Nascimento.png?fit=900%2C600&ssl=1&resize=700%2C400 2x"},"classes":[]},{"id":5951,"url":"https:\/\/www.visiteobrasil.com.br\/news\/impressionante-desempenho-do-setor-de-turismo-em-2023\/","url_meta":{"origin":12520,"position":4},"title":"Impressionante desempenho do setor de turismo em 2023","author":"Ramon","date":"19 de novembro de 2023","format":false,"excerpt":"Os dados recentemente sobre o turismo em 2023, divulgados pelo Instituto Brasileiro de Geografia e Estat\u00edstica (IBGE) revelam um impressionante desempenho do setor de turismo ao longo de 2023, marcando uma not\u00e1vel recupera\u00e7\u00e3o em rela\u00e7\u00e3o aos impactos da pandemia. A Pesquisa Mensal de Servi\u00e7os (PMS) destaca um crescimento significativo de\u2026","rel":"","context":"Em &quot;Noticias&quot;","block_context":{"text":"Noticias","link":"https:\/\/www.visiteobrasil.com.br\/news\/noticias\/"},"img":{"alt_text":"Turismo em 2023 - Jericoccoara -Ce ( Lagoa do Paraiso)","src":"https:\/\/i0.wp.com\/www.visiteobrasil.com.br\/news\/wp-content\/uploads\/2023\/11\/jericoacoara-lagoa-do-paraiso2-foto-idobi-licenca-cc-by-30gr.jpg?fit=900%2C599&ssl=1&resize=350%2C200","width":350,"height":200,"srcset":"https:\/\/i0.wp.com\/www.visiteobrasil.com.br\/news\/wp-content\/uploads\/2023\/11\/jericoacoara-lagoa-do-paraiso2-foto-idobi-licenca-cc-by-30gr.jpg?fit=900%2C599&ssl=1&resize=350%2C200 1x, https:\/\/i0.wp.com\/www.visiteobrasil.com.br\/news\/wp-content\/uploads\/2023\/11\/jericoacoara-lagoa-do-paraiso2-foto-idobi-licenca-cc-by-30gr.jpg?fit=900%2C599&ssl=1&resize=525%2C300 1.5x, https:\/\/i0.wp.com\/www.visiteobrasil.com.br\/news\/wp-content\/uploads\/2023\/11\/jericoacoara-lagoa-do-paraiso2-foto-idobi-licenca-cc-by-30gr.jpg?fit=900%2C599&ssl=1&resize=700%2C400 2x"},"classes":[]},{"id":13073,"url":"https:\/\/www.visiteobrasil.com.br\/news\/recorde-historico-no-turismo-brasileiro-em-2024\/","url_meta":{"origin":12520,"position":5},"title":"Recorde hist\u00f3rico no turismo brasileiro em 2024","author":"Ramon","date":"5 de agosto de 2024","format":false,"excerpt":"A maior marca j\u00e1 registrada - Novo recorde O turismo nacional alcan\u00e7ou um novo recorde hist\u00f3rico em 2024! No primeiro semestre deste ano, os visitantes internacionais deixaram US$ 3,7 bilh\u00f5es no Brasil, o que representa a maior marca j\u00e1 registrada. Este valor corresponde a aproximadamente R$ 20,9 bilh\u00f5es injetados na\u2026","rel":"","context":"Em &quot;Noticias&quot;","block_context":{"text":"Noticias","link":"https:\/\/www.visiteobrasil.com.br\/news\/noticias\/"},"img":{"alt_text":"Recorde de turistas estrangeiros","src":"https:\/\/i0.wp.com\/www.visiteobrasil.com.br\/news\/wp-content\/uploads\/2024\/08\/Credito-arquivos-Mtur.jpg?fit=900%2C600&ssl=1&resize=350%2C200","width":350,"height":200,"srcset":"https:\/\/i0.wp.com\/www.visiteobrasil.com.br\/news\/wp-content\/uploads\/2024\/08\/Credito-arquivos-Mtur.jpg?fit=900%2C600&ssl=1&resize=350%2C200 1x, https:\/\/i0.wp.com\/www.visiteobrasil.com.br\/news\/wp-content\/uploads\/2024\/08\/Credito-arquivos-Mtur.jpg?fit=900%2C600&ssl=1&resize=525%2C300 1.5x, https:\/\/i0.wp.com\/www.visiteobrasil.com.br\/news\/wp-content\/uploads\/2024\/08\/Credito-arquivos-Mtur.jpg?fit=900%2C600&ssl=1&resize=700%2C400 2x"},"classes":[]}],"jetpack_sharing_enabled":true,"jetpack_likes_enabled":true,"_links":{"self":[{"href":"https:\/\/www.visiteobrasil.com.br\/news\/wp-json\/wp\/v2\/posts\/12520","targetHints":{"allow":["GET"]}}],"collection":[{"href":"https:\/\/www.visiteobrasil.com.br\/news\/wp-json\/wp\/v2\/posts"}],"about":[{"href":"https:\/\/www.visiteobrasil.com.br\/news\/wp-json\/wp\/v2\/types\/post"}],"author":[{"embeddable":true,"href":"https:\/\/www.visiteobrasil.com.br\/news\/wp-json\/wp\/v2\/users\/2"}],"replies":[{"embeddable":true,"href":"https:\/\/www.visiteobrasil.com.br\/news\/wp-json\/wp\/v2\/comments?post=12520"}],"version-history":[{"count":1,"href":"https:\/\/www.visiteobrasil.com.br\/news\/wp-json\/wp\/v2\/posts\/12520\/revisions"}],"predecessor-version":[{"id":12521,"href":"https:\/\/www.visiteobrasil.com.br\/news\/wp-json\/wp\/v2\/posts\/12520\/revisions\/12521"}],"wp:featuredmedia":[{"embeddable":true,"href":"https:\/\/www.visiteobrasil.com.br\/news\/wp-json\/wp\/v2\/media\/10204"}],"wp:attachment":[{"href":"https:\/\/www.visiteobrasil.com.br\/news\/wp-json\/wp\/v2\/media?parent=12520"}],"wp:term":[{"taxonomy":"category","embeddable":true,"href":"https:\/\/www.visiteobrasil.com.br\/news\/wp-json\/wp\/v2\/categories?post=12520"},{"taxonomy":"post_tag","embeddable":true,"href":"https:\/\/www.visiteobrasil.com.br\/news\/wp-json\/wp\/v2\/tags?post=12520"}],"curies":[{"name":"wp","href":"https:\/\/api.w.org\/{rel}","templated":true}]}}